{"id":25251,"date":"2016-08-12T00:00:00","date_gmt":"2016-08-12T00:00:00","guid":{"rendered":"https:\/\/ayuntamiento.coriaenimagenes.com\/el-agosto-turistico-acoge-la-xxxvi-edicion-del-festival-internacional-de-folklore\/"},"modified":"2023-09-18T12:37:30","modified_gmt":"2023-09-18T10:37:30","slug":"el-agosto-turistico-acoge-la-xxxvi-edicion-del-festival-internacional-de-folklore","status":"publish","type":"post","link":"https:\/\/coria.org\/ayuntamiento\/index.php\/2016\/08\/12\/el-agosto-turistico-acoge-la-xxxvi-edicion-del-festival-internacional-de-folklore\/","title":{"rendered":"El Agosto Tur\u00edstico acoge la XXXVI Edici\u00f3n del Festival Internaciona de Folklore"},"content":{"rendered":"\n<p><b>Ciudad de Coria \u00abtoda una experiencia\u00bb<\/b><\/p>\n\n<figure class=\"wp-block-post-featured-image\"><img loading=\"lazy\" decoding=\"async\" width=\"1024\" height=\"668\" src=\"https:\/\/coria.org\/ayuntamiento\/wp-content\/uploads\/2022\/03\/image-51.jpeg\" class=\"attachment-post-thumbnail size-post-thumbnail wp-post-image\" alt=\"\" style=\"object-fit:cover;\" srcset=\"https:\/\/coria.org\/ayuntamiento\/wp-content\/uploads\/2022\/03\/image-51.jpeg 1024w, https:\/\/coria.org\/ayuntamiento\/wp-content\/uploads\/2022\/03\/image-51-300x196.jpeg 300w, https:\/\/coria.org\/ayuntamiento\/wp-content\/uploads\/2022\/03\/image-51-768x501.jpeg 768w\" sizes=\"auto, (max-width: 1024px) 100vw, 1024px\" \/><\/figure>\n\n<div>\n<p><span style=\"font-family: verdana, arial, helvetica, sans-serif;\">Coria acoge este fin de semana la<strong> XXXVI Edici\u00f3n del Festival Internacional de Folklore<\/strong>, un evento que se enmarca dentro de la programaci\u00f3n elaborada con motivo del XXII Jueves Tur\u00edstico.<\/span><\/p>\n<p>&nbsp;<\/p>\n<\/div>\n\n\n<div><span style=\"font-family: verdana, arial, helvetica, sans-serif;\">&nbsp;<\/span><\/div>\n\n\n<div><span style=\"font-family: verdana, arial, helvetica, sans-serif;\">El Festival tendr\u00e1 lugar ma\u00f1ana s\u00e1bado, a las 22.00 horas en la Barbacana del Castillo y contar\u00e1 con diferentes grupos invitados, entre ellos, el Grupo Folkl\u00f3rico \u00abSol Argentino\u00bb de Merlo (Buenos Aires) y la Asociaci\u00f3n Folkl\u00f3rica \u00abTierra Roja\u00bb de Almagro de Ciudad Real.<\/span><\/div>\n\n\n<div><span style=\"font-family: verdana, arial, helvetica, sans-serif;\">&nbsp;<\/span><\/div>\n\n\n<div><span style=\"font-family: verdana, arial, helvetica, sans-serif;\">Se trata de una actividad que organiza el Ayuntamiento cauriense junto con la Asociaci\u00f3n de Coros y Danzas Savia Viva de Coria.<\/span><\/div>\n\n\n<div><span style=\"font-family: verdana, arial, helvetica, sans-serif;\">&nbsp;<\/span><\/div>\n\n\n<div><span style=\"font-family: verdana, arial, helvetica, sans-serif;\"><strong>Otras actividades para el fin de semana<\/strong><\/span><\/div>\n\n\n<div><span style=\"font-family: verdana, arial, helvetica, sans-serif;\">&nbsp;<\/span><\/div>\n\n\n<div><span style=\"font-family: verdana, arial, helvetica, sans-serif;\">Cabe recordar que durante todo el fin de semana habr\u00e1 otras actividades para los m\u00e1s peque\u00f1os como el <strong>Aquapark Hinchable<\/strong>, hoy viernes, a las 20.00 horas en la Plaza de la Paz.<\/span><\/div>\n\n\n<div><span style=\"font-family: verdana, arial, helvetica, sans-serif;\">&nbsp;<\/span><\/div>\n\n\n<div><span style=\"font-family: verdana, arial, helvetica, sans-serif;\">El domingo, d\u00eda 14 de agosto, los vecinos y visitantes podr\u00e1n disfrutar del <strong>Musical \u00abRafael Mi Gran Noche\u00bb<\/strong>, ser\u00e1 a las 23.00 horas en la Barbacana del Castillo. El concierto tendr\u00e1 entrada libre.<\/span><\/div>\n\n\n<div><span style=\"font-family: verdana, arial, helvetica, sans-serif;\">&nbsp;<\/span><\/div>\n\n\n<div><span style=\"font-family: verdana, arial, helvetica, sans-serif;\">Finalizan las actividades del Agosto Tur\u00edstico con la <strong>III Ruta Nocturna \u00abLuna Zapatona\u00bb <\/strong>que tendr\u00e1 lugar el s\u00e1bado, 20 de agosto, siendo la concentraci\u00f3n a las 23.45 horas en el Pabell\u00f3n Municipal de Deportes. Una actividad deportiva que tiene un objetivo ben\u00e9fico, todo aquel que quiera participar, con su inscripci\u00f3n podr\u00e1 entregar comida o material escolar que se destinar\u00e1 a las familias que m\u00e1s lo necesiten. Esta ruta de senderismo tiene una distancia de 10,5 kms y organiza el Club Zapatones Running en colaboraci\u00f3n con C\u00e1ritas Interparroquial de Coria.<\/span><\/div>\n","protected":false},"excerpt":{"rendered":"<p>Ciudad de Coria \u00abtoda una experiencia\u00bb Coria acoge este fin de semana la XXXVI Edici\u00f3n del Festival Internacional de Folklore, un evento que se enmarca dentro de la programaci\u00f3n elaborada con motivo del XXII Jueves Tur\u00edstico. &nbsp; &nbsp; El Festival tendr\u00e1 lugar ma\u00f1ana s\u00e1bado, a las 22.00 horas en la Barbacana del Castillo y contar\u00e1 [&hellip;]<\/p>\n","protected":false},"author":2,"featured_media":29616,"comment_status":"closed","ping_status":"closed","sticky":false,"template":"","format":"standard","meta":{"_uag_custom_page_level_css":"","footnotes":""},"categories":[2],"tags":[3,4],"class_list":["post-25251","post","type-post","status-publish","format-standard","has-post-thumbnail","hentry","category-noticias","tag-coria","tag-extremadura"],"yoast_head":"<!-- This site is optimized with the Yoast SEO plugin v27.4 - https:\/\/yoast.com\/product\/yoast-seo-wordpress\/ -->\n<title>El Agosto Tur\u00edstico acoge la XXXVI Edici\u00f3n del Festival Internaciona de Folklore - Ayuntamiento de Coria<\/title>\n<meta name=\"robots\" content=\"index, follow, max-snippet:-1, max-image-preview:large, max-video-preview:-1\" \/>\n<link rel=\"canonical\" href=\"https:\/\/coria.org\/ayuntamiento\/index.php\/2016\/08\/12\/el-agosto-turistico-acoge-la-xxxvi-edicion-del-festival-internacional-de-folklore\/\" \/>\n<meta property=\"og:locale\" content=\"es_ES\" \/>\n<meta property=\"og:type\" content=\"article\" \/>\n<meta property=\"og:title\" content=\"El Agosto Tur\u00edstico acoge la XXXVI Edici\u00f3n del Festival Internaciona de Folklore - Ayuntamiento de Coria\" \/>\n<meta property=\"og:description\" content=\"Ciudad de Coria \u00abtoda una experiencia\u00bb Coria acoge este fin de semana la XXXVI Edici\u00f3n del Festival Internacional de Folklore, un evento que se enmarca dentro de la programaci\u00f3n elaborada con motivo del XXII Jueves Tur\u00edstico. &nbsp; &nbsp; El Festival tendr\u00e1 lugar ma\u00f1ana s\u00e1bado, a las 22.00 horas en la Barbacana del Castillo y contar\u00e1 [&hellip;]\" \/>\n<meta property=\"og:url\" content=\"https:\/\/coria.org\/ayuntamiento\/index.php\/2016\/08\/12\/el-agosto-turistico-acoge-la-xxxvi-edicion-del-festival-internacional-de-folklore\/\" \/>\n<meta property=\"og:site_name\" content=\"Ayuntamiento de Coria\" \/>\n<meta property=\"article:publisher\" content=\"https:\/\/www.facebook.com\/Ayuntamiento.de.Coria\" \/>\n<meta property=\"article:published_time\" content=\"2016-08-12T00:00:00+00:00\" \/>\n<meta property=\"article:modified_time\" content=\"2023-09-18T10:37:30+00:00\" \/>\n<meta property=\"og:image\" content=\"https:\/\/coria.org\/ayuntamiento\/wp-content\/uploads\/2022\/03\/image-51.jpeg\" \/>\n\t<meta property=\"og:image:width\" content=\"1024\" \/>\n\t<meta property=\"og:image:height\" content=\"668\" \/>\n\t<meta property=\"og:image:type\" content=\"image\/jpeg\" \/>\n<meta name=\"author\" content=\"ayuntamiento\" \/>\n<meta name=\"twitter:card\" content=\"summary_large_image\" \/>\n<meta name=\"twitter:creator\" content=\"@Ayto_de_Coria\" \/>\n<meta name=\"twitter:site\" content=\"@Ayto_de_Coria\" \/>\n<meta name=\"twitter:label1\" content=\"Escrito por\" \/>\n\t<meta name=\"twitter:data1\" content=\"ayuntamiento\" \/>\n\t<meta name=\"twitter:label2\" content=\"Tiempo de lectura\" \/>\n\t<meta name=\"twitter:data2\" content=\"1 minuto\" \/>\n<script type=\"application\/ld+json\" class=\"yoast-schema-graph\">{\"@context\":\"https:\\\/\\\/schema.org\",\"@graph\":[{\"@type\":\"Article\",\"@id\":\"https:\\\/\\\/coria.org\\\/ayuntamiento\\\/index.php\\\/2016\\\/08\\\/12\\\/el-agosto-turistico-acoge-la-xxxvi-edicion-del-festival-internacional-de-folklore\\\/#article\",\"isPartOf\":{\"@id\":\"https:\\\/\\\/coria.org\\\/ayuntamiento\\\/index.php\\\/2016\\\/08\\\/12\\\/el-agosto-turistico-acoge-la-xxxvi-edicion-del-festival-internacional-de-folklore\\\/\"},\"author\":{\"name\":\"ayuntamiento\",\"@id\":\"https:\\\/\\\/coria.org\\\/ayuntamiento\\\/#\\\/schema\\\/person\\\/8bd589f0e13e8ae5aa06def7a599d622\"},\"headline\":\"El Agosto Tur\u00edstico acoge la XXXVI Edici\u00f3n del Festival Internaciona de Folklore\",\"datePublished\":\"2016-08-12T00:00:00+00:00\",\"dateModified\":\"2023-09-18T10:37:30+00:00\",\"mainEntityOfPage\":{\"@id\":\"https:\\\/\\\/coria.org\\\/ayuntamiento\\\/index.php\\\/2016\\\/08\\\/12\\\/el-agosto-turistico-acoge-la-xxxvi-edicion-del-festival-internacional-de-folklore\\\/\"},\"wordCount\":298,\"publisher\":{\"@id\":\"https:\\\/\\\/coria.org\\\/ayuntamiento\\\/#organization\"},\"image\":{\"@id\":\"https:\\\/\\\/coria.org\\\/ayuntamiento\\\/index.php\\\/2016\\\/08\\\/12\\\/el-agosto-turistico-acoge-la-xxxvi-edicion-del-festival-internacional-de-folklore\\\/#primaryimage\"},\"thumbnailUrl\":\"https:\\\/\\\/coria.org\\\/ayuntamiento\\\/wp-content\\\/uploads\\\/2022\\\/03\\\/image-51.jpeg\",\"keywords\":[\"coria\",\"extremadura\"],\"articleSection\":[\"Noticias\"],\"inLanguage\":\"es\"},{\"@type\":\"WebPage\",\"@id\":\"https:\\\/\\\/coria.org\\\/ayuntamiento\\\/index.php\\\/2016\\\/08\\\/12\\\/el-agosto-turistico-acoge-la-xxxvi-edicion-del-festival-internacional-de-folklore\\\/\",\"url\":\"https:\\\/\\\/coria.org\\\/ayuntamiento\\\/index.php\\\/2016\\\/08\\\/12\\\/el-agosto-turistico-acoge-la-xxxvi-edicion-del-festival-internacional-de-folklore\\\/\",\"name\":\"El Agosto Tur\u00edstico acoge la XXXVI Edici\u00f3n del Festival Internaciona de Folklore - Ayuntamiento de Coria\",\"isPartOf\":{\"@id\":\"https:\\\/\\\/coria.org\\\/ayuntamiento\\\/#website\"},\"primaryImageOfPage\":{\"@id\":\"https:\\\/\\\/coria.org\\\/ayuntamiento\\\/index.php\\\/2016\\\/08\\\/12\\\/el-agosto-turistico-acoge-la-xxxvi-edicion-del-festival-internacional-de-folklore\\\/#primaryimage\"},\"image\":{\"@id\":\"https:\\\/\\\/coria.org\\\/ayuntamiento\\\/index.php\\\/2016\\\/08\\\/12\\\/el-agosto-turistico-acoge-la-xxxvi-edicion-del-festival-internacional-de-folklore\\\/#primaryimage\"},\"thumbnailUrl\":\"https:\\\/\\\/coria.org\\\/ayuntamiento\\\/wp-content\\\/uploads\\\/2022\\\/03\\\/image-51.jpeg\",\"datePublished\":\"2016-08-12T00:00:00+00:00\",\"dateModified\":\"2023-09-18T10:37:30+00:00\",\"breadcrumb\":{\"@id\":\"https:\\\/\\\/coria.org\\\/ayuntamiento\\\/index.php\\\/2016\\\/08\\\/12\\\/el-agosto-turistico-acoge-la-xxxvi-edicion-del-festival-internacional-de-folklore\\\/#breadcrumb\"},\"inLanguage\":\"es\",\"potentialAction\":[{\"@type\":\"ReadAction\",\"target\":[\"https:\\\/\\\/coria.org\\\/ayuntamiento\\\/index.php\\\/2016\\\/08\\\/12\\\/el-agosto-turistico-acoge-la-xxxvi-edicion-del-festival-internacional-de-folklore\\\/\"]}]},{\"@type\":\"ImageObject\",\"inLanguage\":\"es\",\"@id\":\"https:\\\/\\\/coria.org\\\/ayuntamiento\\\/index.php\\\/2016\\\/08\\\/12\\\/el-agosto-turistico-acoge-la-xxxvi-edicion-del-festival-internacional-de-folklore\\\/#primaryimage\",\"url\":\"https:\\\/\\\/coria.org\\\/ayuntamiento\\\/wp-content\\\/uploads\\\/2022\\\/03\\\/image-51.jpeg\",\"contentUrl\":\"https:\\\/\\\/coria.org\\\/ayuntamiento\\\/wp-content\\\/uploads\\\/2022\\\/03\\\/image-51.jpeg\",\"width\":1024,\"height\":668},{\"@type\":\"BreadcrumbList\",\"@id\":\"https:\\\/\\\/coria.org\\\/ayuntamiento\\\/index.php\\\/2016\\\/08\\\/12\\\/el-agosto-turistico-acoge-la-xxxvi-edicion-del-festival-internacional-de-folklore\\\/#breadcrumb\",\"itemListElement\":[{\"@type\":\"ListItem\",\"position\":1,\"name\":\"Inicio\",\"item\":\"https:\\\/\\\/coria.org\\\/ayuntamiento\\\/\"},{\"@type\":\"ListItem\",\"position\":2,\"name\":\"El Agosto Tur\u00edstico acoge la XXXVI Edici\u00f3n del Festival Internaciona de Folklore\"}]},{\"@type\":\"WebSite\",\"@id\":\"https:\\\/\\\/coria.org\\\/ayuntamiento\\\/#website\",\"url\":\"https:\\\/\\\/coria.org\\\/ayuntamiento\\\/\",\"name\":\"Ayuntamiento de Coria\",\"description\":\"Web oficial del Ayuntamiento de Coria\",\"publisher\":{\"@id\":\"https:\\\/\\\/coria.org\\\/ayuntamiento\\\/#organization\"},\"alternateName\":\"Web Oficial del Ayuntamiento de Coria\",\"potentialAction\":[{\"@type\":\"SearchAction\",\"target\":{\"@type\":\"EntryPoint\",\"urlTemplate\":\"https:\\\/\\\/coria.org\\\/ayuntamiento\\\/?s={search_term_string}\"},\"query-input\":{\"@type\":\"PropertyValueSpecification\",\"valueRequired\":true,\"valueName\":\"search_term_string\"}}],\"inLanguage\":\"es\"},{\"@type\":\"Organization\",\"@id\":\"https:\\\/\\\/coria.org\\\/ayuntamiento\\\/#organization\",\"name\":\"Ayuntamiento de Coria\",\"alternateName\":\"Ayto de Coria\",\"url\":\"https:\\\/\\\/coria.org\\\/ayuntamiento\\\/\",\"logo\":{\"@type\":\"ImageObject\",\"inLanguage\":\"es\",\"@id\":\"https:\\\/\\\/coria.org\\\/ayuntamiento\\\/#\\\/schema\\\/logo\\\/image\\\/\",\"url\":\"https:\\\/\\\/coria.org\\\/ayuntamiento\\\/wp-content\\\/uploads\\\/2020\\\/12\\\/escudo-ayuntamiento-coria.png\",\"contentUrl\":\"https:\\\/\\\/coria.org\\\/ayuntamiento\\\/wp-content\\\/uploads\\\/2020\\\/12\\\/escudo-ayuntamiento-coria.png\",\"width\":511,\"height\":240,\"caption\":\"Ayuntamiento de Coria\"},\"image\":{\"@id\":\"https:\\\/\\\/coria.org\\\/ayuntamiento\\\/#\\\/schema\\\/logo\\\/image\\\/\"},\"sameAs\":[\"https:\\\/\\\/www.facebook.com\\\/Ayuntamiento.de.Coria\",\"https:\\\/\\\/x.com\\\/Ayto_de_Coria\",\"https:\\\/\\\/www.instagram.com\\\/coria.ayuntamiento\\\/\",\"https:\\\/\\\/www.youtube.com\\\/user\\\/AYUNTAMIENTOCORIA\"]},{\"@type\":\"Person\",\"@id\":\"https:\\\/\\\/coria.org\\\/ayuntamiento\\\/#\\\/schema\\\/person\\\/8bd589f0e13e8ae5aa06def7a599d622\",\"name\":\"ayuntamiento\",\"image\":{\"@type\":\"ImageObject\",\"inLanguage\":\"es\",\"@id\":\"https:\\\/\\\/secure.gravatar.com\\\/avatar\\\/966e5ed73cad334adda5c87f49f2547f7082f7292c1b627cbb548744383b391c?s=96&d=mm&r=g\",\"url\":\"https:\\\/\\\/secure.gravatar.com\\\/avatar\\\/966e5ed73cad334adda5c87f49f2547f7082f7292c1b627cbb548744383b391c?s=96&d=mm&r=g\",\"contentUrl\":\"https:\\\/\\\/secure.gravatar.com\\\/avatar\\\/966e5ed73cad334adda5c87f49f2547f7082f7292c1b627cbb548744383b391c?s=96&d=mm&r=g\",\"caption\":\"ayuntamiento\"}}]}<\/script>\n<!-- \/ Yoast SEO plugin. -->","yoast_head_json":{"title":"El Agosto Tur\u00edstico acoge la XXXVI Edici\u00f3n del Festival Internaciona de Folklore - Ayuntamiento de Coria","robots":{"index":"index","follow":"follow","max-snippet":"max-snippet:-1","max-image-preview":"max-image-preview:large","max-video-preview":"max-video-preview:-1"},"canonical":"https:\/\/coria.org\/ayuntamiento\/index.php\/2016\/08\/12\/el-agosto-turistico-acoge-la-xxxvi-edicion-del-festival-internacional-de-folklore\/","og_locale":"es_ES","og_type":"article","og_title":"El Agosto Tur\u00edstico acoge la XXXVI Edici\u00f3n del Festival Internaciona de Folklore - Ayuntamiento de Coria","og_description":"Ciudad de Coria \u00abtoda una experiencia\u00bb Coria acoge este fin de semana la XXXVI Edici\u00f3n del Festival Internacional de Folklore, un evento que se enmarca dentro de la programaci\u00f3n elaborada con motivo del XXII Jueves Tur\u00edstico. &nbsp; &nbsp; El Festival tendr\u00e1 lugar ma\u00f1ana s\u00e1bado, a las 22.00 horas en la Barbacana del Castillo y contar\u00e1 [&hellip;]","og_url":"https:\/\/coria.org\/ayuntamiento\/index.php\/2016\/08\/12\/el-agosto-turistico-acoge-la-xxxvi-edicion-del-festival-internacional-de-folklore\/","og_site_name":"Ayuntamiento de Coria","article_publisher":"https:\/\/www.facebook.com\/Ayuntamiento.de.Coria","article_published_time":"2016-08-12T00:00:00+00:00","article_modified_time":"2023-09-18T10:37:30+00:00","og_image":[{"width":1024,"height":668,"url":"https:\/\/coria.org\/ayuntamiento\/wp-content\/uploads\/2022\/03\/image-51.jpeg","type":"image\/jpeg"}],"author":"ayuntamiento","twitter_card":"summary_large_image","twitter_creator":"@Ayto_de_Coria","twitter_site":"@Ayto_de_Coria","twitter_misc":{"Escrito por":"ayuntamiento","Tiempo de lectura":"1 minuto"},"schema":{"@context":"https:\/\/schema.org","@graph":[{"@type":"Article","@id":"https:\/\/coria.org\/ayuntamiento\/index.php\/2016\/08\/12\/el-agosto-turistico-acoge-la-xxxvi-edicion-del-festival-internacional-de-folklore\/#article","isPartOf":{"@id":"https:\/\/coria.org\/ayuntamiento\/index.php\/2016\/08\/12\/el-agosto-turistico-acoge-la-xxxvi-edicion-del-festival-internacional-de-folklore\/"},"author":{"name":"ayuntamiento","@id":"https:\/\/coria.org\/ayuntamiento\/#\/schema\/person\/8bd589f0e13e8ae5aa06def7a599d622"},"headline":"El Agosto Tur\u00edstico acoge la XXXVI Edici\u00f3n del Festival Internaciona de Folklore","datePublished":"2016-08-12T00:00:00+00:00","dateModified":"2023-09-18T10:37:30+00:00","mainEntityOfPage":{"@id":"https:\/\/coria.org\/ayuntamiento\/index.php\/2016\/08\/12\/el-agosto-turistico-acoge-la-xxxvi-edicion-del-festival-internacional-de-folklore\/"},"wordCount":298,"publisher":{"@id":"https:\/\/coria.org\/ayuntamiento\/#organization"},"image":{"@id":"https:\/\/coria.org\/ayuntamiento\/index.php\/2016\/08\/12\/el-agosto-turistico-acoge-la-xxxvi-edicion-del-festival-internacional-de-folklore\/#primaryimage"},"thumbnailUrl":"https:\/\/coria.org\/ayuntamiento\/wp-content\/uploads\/2022\/03\/image-51.jpeg","keywords":["coria","extremadura"],"articleSection":["Noticias"],"inLanguage":"es"},{"@type":"WebPage","@id":"https:\/\/coria.org\/ayuntamiento\/index.php\/2016\/08\/12\/el-agosto-turistico-acoge-la-xxxvi-edicion-del-festival-internacional-de-folklore\/","url":"https:\/\/coria.org\/ayuntamiento\/index.php\/2016\/08\/12\/el-agosto-turistico-acoge-la-xxxvi-edicion-del-festival-internacional-de-folklore\/","name":"El Agosto Tur\u00edstico acoge la XXXVI Edici\u00f3n del Festival Internaciona de Folklore - Ayuntamiento de Coria","isPartOf":{"@id":"https:\/\/coria.org\/ayuntamiento\/#website"},"primaryImageOfPage":{"@id":"https:\/\/coria.org\/ayuntamiento\/index.php\/2016\/08\/12\/el-agosto-turistico-acoge-la-xxxvi-edicion-del-festival-internacional-de-folklore\/#primaryimage"},"image":{"@id":"https:\/\/coria.org\/ayuntamiento\/index.php\/2016\/08\/12\/el-agosto-turistico-acoge-la-xxxvi-edicion-del-festival-internacional-de-folklore\/#primaryimage"},"thumbnailUrl":"https:\/\/coria.org\/ayuntamiento\/wp-content\/uploads\/2022\/03\/image-51.jpeg","datePublished":"2016-08-12T00:00:00+00:00","dateModified":"2023-09-18T10:37:30+00:00","breadcrumb":{"@id":"https:\/\/coria.org\/ayuntamiento\/index.php\/2016\/08\/12\/el-agosto-turistico-acoge-la-xxxvi-edicion-del-festival-internacional-de-folklore\/#breadcrumb"},"inLanguage":"es","potentialAction":[{"@type":"ReadAction","target":["https:\/\/coria.org\/ayuntamiento\/index.php\/2016\/08\/12\/el-agosto-turistico-acoge-la-xxxvi-edicion-del-festival-internacional-de-folklore\/"]}]},{"@type":"ImageObject","inLanguage":"es","@id":"https:\/\/coria.org\/ayuntamiento\/index.php\/2016\/08\/12\/el-agosto-turistico-acoge-la-xxxvi-edicion-del-festival-internacional-de-folklore\/#primaryimage","url":"https:\/\/coria.org\/ayuntamiento\/wp-content\/uploads\/2022\/03\/image-51.jpeg","contentUrl":"https:\/\/coria.org\/ayuntamiento\/wp-content\/uploads\/2022\/03\/image-51.jpeg","width":1024,"height":668},{"@type":"BreadcrumbList","@id":"https:\/\/coria.org\/ayuntamiento\/index.php\/2016\/08\/12\/el-agosto-turistico-acoge-la-xxxvi-edicion-del-festival-internacional-de-folklore\/#breadcrumb","itemListElement":[{"@type":"ListItem","position":1,"name":"Inicio","item":"https:\/\/coria.org\/ayuntamiento\/"},{"@type":"ListItem","position":2,"name":"El Agosto Tur\u00edstico acoge la XXXVI Edici\u00f3n del Festival Internaciona de Folklore"}]},{"@type":"WebSite","@id":"https:\/\/coria.org\/ayuntamiento\/#website","url":"https:\/\/coria.org\/ayuntamiento\/","name":"Ayuntamiento de Coria","description":"Web oficial del Ayuntamiento de Coria","publisher":{"@id":"https:\/\/coria.org\/ayuntamiento\/#organization"},"alternateName":"Web Oficial del Ayuntamiento de Coria","potentialAction":[{"@type":"SearchAction","target":{"@type":"EntryPoint","urlTemplate":"https:\/\/coria.org\/ayuntamiento\/?s={search_term_string}"},"query-input":{"@type":"PropertyValueSpecification","valueRequired":true,"valueName":"search_term_string"}}],"inLanguage":"es"},{"@type":"Organization","@id":"https:\/\/coria.org\/ayuntamiento\/#organization","name":"Ayuntamiento de Coria","alternateName":"Ayto de Coria","url":"https:\/\/coria.org\/ayuntamiento\/","logo":{"@type":"ImageObject","inLanguage":"es","@id":"https:\/\/coria.org\/ayuntamiento\/#\/schema\/logo\/image\/","url":"https:\/\/coria.org\/ayuntamiento\/wp-content\/uploads\/2020\/12\/escudo-ayuntamiento-coria.png","contentUrl":"https:\/\/coria.org\/ayuntamiento\/wp-content\/uploads\/2020\/12\/escudo-ayuntamiento-coria.png","width":511,"height":240,"caption":"Ayuntamiento de Coria"},"image":{"@id":"https:\/\/coria.org\/ayuntamiento\/#\/schema\/logo\/image\/"},"sameAs":["https:\/\/www.facebook.com\/Ayuntamiento.de.Coria","https:\/\/x.com\/Ayto_de_Coria","https:\/\/www.instagram.com\/coria.ayuntamiento\/","https:\/\/www.youtube.com\/user\/AYUNTAMIENTOCORIA"]},{"@type":"Person","@id":"https:\/\/coria.org\/ayuntamiento\/#\/schema\/person\/8bd589f0e13e8ae5aa06def7a599d622","name":"ayuntamiento","image":{"@type":"ImageObject","inLanguage":"es","@id":"https:\/\/secure.gravatar.com\/avatar\/966e5ed73cad334adda5c87f49f2547f7082f7292c1b627cbb548744383b391c?s=96&d=mm&r=g","url":"https:\/\/secure.gravatar.com\/avatar\/966e5ed73cad334adda5c87f49f2547f7082f7292c1b627cbb548744383b391c?s=96&d=mm&r=g","contentUrl":"https:\/\/secure.gravatar.com\/avatar\/966e5ed73cad334adda5c87f49f2547f7082f7292c1b627cbb548744383b391c?s=96&d=mm&r=g","caption":"ayuntamiento"}}]}},"uagb_featured_image_src":{"full":["https:\/\/coria.org\/ayuntamiento\/wp-content\/uploads\/2022\/03\/image-51.jpeg",1024,668,false],"thumbnail":["https:\/\/coria.org\/ayuntamiento\/wp-content\/uploads\/2022\/03\/image-51-150x150.jpeg",150,150,true],"medium":["https:\/\/coria.org\/ayuntamiento\/wp-content\/uploads\/2022\/03\/image-51-300x196.jpeg",300,196,true],"medium_large":["https:\/\/coria.org\/ayuntamiento\/wp-content\/uploads\/2022\/03\/image-51-768x501.jpeg",768,501,true],"large":["https:\/\/coria.org\/ayuntamiento\/wp-content\/uploads\/2022\/03\/image-51.jpeg",1024,668,false],"thumblist":["https:\/\/coria.org\/ayuntamiento\/wp-content\/uploads\/2022\/03\/image-51.jpeg",300,196,false],"thumbrelated":["https:\/\/coria.org\/ayuntamiento\/wp-content\/uploads\/2022\/03\/image-51.jpeg",500,326,false],"meccarouselthumb":["https:\/\/coria.org\/ayuntamiento\/wp-content\/uploads\/2022\/03\/image-51.jpeg",474,309,false],"gridsquare":["https:\/\/coria.org\/ayuntamiento\/wp-content\/uploads\/2022\/03\/image-51.jpeg",391,255,false],"tileview":["https:\/\/coria.org\/ayuntamiento\/wp-content\/uploads\/2022\/03\/image-51.jpeg",300,196,false],"1536x1536":["https:\/\/coria.org\/ayuntamiento\/wp-content\/uploads\/2022\/03\/image-51.jpeg",1024,668,false],"2048x2048":["https:\/\/coria.org\/ayuntamiento\/wp-content\/uploads\/2022\/03\/image-51.jpeg",1024,668,false]},"uagb_author_info":{"display_name":"ayuntamiento","author_link":"https:\/\/coria.org\/ayuntamiento\/index.php\/author\/ayuntamiento\/"},"uagb_comment_info":0,"uagb_excerpt":"Ciudad de Coria \u00abtoda una experiencia\u00bb Coria acoge este fin de semana la XXXVI Edici\u00f3n del Festival Internacional de Folklore, un evento que se enmarca dentro de la programaci\u00f3n elaborada con motivo del XXII Jueves Tur\u00edstico. &nbsp; &nbsp; El Festival tendr\u00e1 lugar ma\u00f1ana s\u00e1bado, a las 22.00 horas en la Barbacana del Castillo y contar\u00e1&hellip;","_links":{"self":[{"href":"https:\/\/coria.org\/ayuntamiento\/index.php\/wp-json\/wp\/v2\/posts\/25251","targetHints":{"allow":["GET"]}}],"collection":[{"href":"https:\/\/coria.org\/ayuntamiento\/index.php\/wp-json\/wp\/v2\/posts"}],"about":[{"href":"https:\/\/coria.org\/ayuntamiento\/index.php\/wp-json\/wp\/v2\/types\/post"}],"author":[{"embeddable":true,"href":"https:\/\/coria.org\/ayuntamiento\/index.php\/wp-json\/wp\/v2\/users\/2"}],"replies":[{"embeddable":true,"href":"https:\/\/coria.org\/ayuntamiento\/index.php\/wp-json\/wp\/v2\/comments?post=25251"}],"version-history":[{"count":0,"href":"https:\/\/coria.org\/ayuntamiento\/index.php\/wp-json\/wp\/v2\/posts\/25251\/revisions"}],"wp:featuredmedia":[{"embeddable":true,"href":"https:\/\/coria.org\/ayuntamiento\/index.php\/wp-json\/wp\/v2\/media\/29616"}],"wp:attachment":[{"href":"https:\/\/coria.org\/ayuntamiento\/index.php\/wp-json\/wp\/v2\/media?parent=25251"}],"wp:term":[{"taxonomy":"category","embeddable":true,"href":"https:\/\/coria.org\/ayuntamiento\/index.php\/wp-json\/wp\/v2\/categories?post=25251"},{"taxonomy":"post_tag","embeddable":true,"href":"https:\/\/coria.org\/ayuntamiento\/index.php\/wp-json\/wp\/v2\/tags?post=25251"}],"curies":[{"name":"wp","href":"https:\/\/api.w.org\/{rel}","templated":true}]}}