{"id":25248,"date":"2016-08-16T00:00:00","date_gmt":"2016-08-16T00:00:00","guid":{"rendered":"https:\/\/ayuntamiento.coriaenimagenes.com\/triduo-a-maria-santisima-de-argeme-patrona-de-coria-y-su-diocesis\/"},"modified":"2023-09-18T12:37:30","modified_gmt":"2023-09-18T10:37:30","slug":"triduo-a-maria-santisima-de-argeme-patrona-de-coria-y-su-diocesis","status":"publish","type":"post","link":"https:\/\/coria.org\/ayuntamiento\/index.php\/2016\/08\/16\/triduo-a-maria-santisima-de-argeme-patrona-de-coria-y-su-diocesis\/","title":{"rendered":"Triduo a Mar\u00eda Sant\u00edsima de Argeme, Patrona de Coria y su di\u00f3cesis"},"content":{"rendered":"\n<p><b>La Cofrad\u00eda de la Virgen de Argeme ha celebrado el pasado fin de semana el Triduo a la Patrona de la ciudad cauriense, tres d\u00edas intensos, 13, 14 y 15 de agosto, as\u00ed lo definen desde la Cofrad\u00eda, que han culminado con el acto de inauguraci\u00f3n de la Fuente de Argeme y de la Fuente del Peregrino en el d\u00eda se\u00f1alado de Nuestra Se\u00f1ora. <\/b><\/p>\n\n<figure class=\"wp-block-post-featured-image\"><img loading=\"lazy\" decoding=\"async\" width=\"960\" height=\"960\" src=\"https:\/\/coria.org\/ayuntamiento\/wp-content\/uploads\/2022\/03\/image-48.jpeg\" class=\"attachment-post-thumbnail size-post-thumbnail wp-post-image\" alt=\"\" style=\"object-fit:cover;\" srcset=\"https:\/\/coria.org\/ayuntamiento\/wp-content\/uploads\/2022\/03\/image-48.jpeg 960w, https:\/\/coria.org\/ayuntamiento\/wp-content\/uploads\/2022\/03\/image-48-300x300.jpeg 300w, https:\/\/coria.org\/ayuntamiento\/wp-content\/uploads\/2022\/03\/image-48-150x150.jpeg 150w, https:\/\/coria.org\/ayuntamiento\/wp-content\/uploads\/2022\/03\/image-48-768x768.jpeg 768w, https:\/\/coria.org\/ayuntamiento\/wp-content\/uploads\/2022\/03\/image-48-600x600.jpeg 600w\" sizes=\"auto, (max-width: 960px) 100vw, 960px\" \/><\/figure>\n\n<div><span style=\"font-family: verdana, arial, helvetica, sans-serif;\">Un triduo marcado por el numeros\u00edsimo p\u00fablico asistente, por encima de las doscientas personas diarias, fieles que han vivido con gran entrega y satisfacci\u00f3n la predicaci\u00f3n del M.I.D. Juli\u00e1n Carlos P\u00e9rez Dom\u00ednguez, de\u00e1n de la S.I. Catedral, y que ha tenido como hilo conductor el a\u00f1o de la Misericordia, adem\u00e1s de la participaci\u00f3n del Grupo Folcl\u00f3rico \u00abA Cal y Canto\u00bb de Rinc\u00f3n del Obispo.<\/span><\/div>\n\n\n<div><span style=\"font-family: verdana, arial, helvetica, sans-serif;\">&nbsp;<\/span><\/div>\n\n\n<div><span style=\"font-family: verdana, arial, helvetica, sans-serif;\">La Junta directiva hace un balance muy positivo en todos los \u00f3rdenes. Ayer lunes, 15 de agosto, d\u00eda de Nuestra Se\u00f1ora, <strong>fue el d\u00eda grande<\/strong>. Se reconoci\u00f3 el buen hacer de instituciones y personas que han hecho viable este proyecto para que pasara del \u00e1mbito de los sue\u00f1os al de la realidad. Se tuvo una menci\u00f3n o reconocimiento singular al Excmo. Ayuntamiento, a la Asociaci\u00f3n Calabacillas, a la empresa Moreno Recio y a Oscar Dom\u00ednguez.<\/span><\/div>\n\n\n<div><span style=\"font-family: verdana, arial, helvetica, sans-serif;\">&nbsp;<\/span><\/div>\n\n\n<div><span style=\"font-family: verdana, arial, helvetica, sans-serif;\">La Sagrada Imagen fue portada en sus andas por quienes fueron presidentes de la Cofrad\u00eda-<strong>Antonio Ballestero, Sebasti\u00e1n Iglesias y Francisco Mart\u00edn<\/strong>-, as\u00ed como por cofrades de honor- <strong>Carlos Pulido, Jos\u00e9 Casillas y Pura Mochol\u00ed<\/strong>-, quienes la trasladaron hasta el exterior de la ermita, bajo el arco central de su reluciente fachada.<\/span><\/div>\n\n\n<div><span style=\"font-family: verdana, arial, helvetica, sans-serif;\">El besamanto, en el exterior del templo daba paso a un <strong>desayuno de hermandad<\/strong> que la Cofrad\u00eda obsequiaba a todos los asistentes.<\/span><\/div>\n\n\n<div><span style=\"font-family: verdana, arial, helvetica, sans-serif;\">&nbsp;<\/span><\/div>\n\n\n<div><span style=\"font-family: verdana, arial, helvetica, sans-serif;\">A las 10 de la ma\u00f1ana, ya con la presencia de nuestro prelado diocesano,<strong> D. Francisco Cerro Chaves<\/strong>, daba lugar el acto institucional con la bendici\u00f3n y posterior inauguraci\u00f3n de la Fuente de Argeme; a continuaci\u00f3n, el discurso del Presidente Mayordomo, D. Jos\u00e9 Mar\u00eda Mart\u00edn Mart\u00edn, quien se dirig\u00eda en estos t\u00e9rminos: \u00abExcmo. Y Rvdmo. Sr. Obispo, Ilmo Cabildo, Ilmo Sr. Alcalde, compa\u00f1eros de la Junta Directiva, cofrades de Honor, hermanos de las Cofrad\u00edas penitenciales de esta ciudad y fieles devotos de la Stma. Virgen Mar\u00eda, bajo la advocaci\u00f3n de Argeme.<\/span><\/div>\n\n\n<div><span style=\"font-family: verdana, arial, helvetica, sans-serif;\">Hace poco m\u00e1s de un a\u00f1o decidimos ponernos en marcha para darle cuerpo a una idea. La ilusi\u00f3n, nuestros sue\u00f1os ya nos permit\u00edan imaginarnos esta realidad que hoy compartimos. M\u00e1s all\u00e1 de las piedras, est\u00e1n los s\u00edmbolos que ellas portan: una <strong>alegor\u00eda <\/strong>completa de Mar\u00eda; un regalo en este a\u00f1o de la Misericordia, para quien es maestra en Misericordia; un <strong>hito art\u00edstico<\/strong> que ennoblece este paraje; un elemento que alude a la pureza, al agua del bautismo como antesala al resto de los sacramentos que son recibidos en este precioso templo que es Morada de Argeme.<\/span><\/div>\n\n\n<div><span style=\"font-family: verdana, arial, helvetica, sans-serif;\">Es justo reconocer que este es un <strong>proyecto colectivo<\/strong>: en el terreno de las ideas, de la expresi\u00f3n art\u00edstica, del desarrollo del proyecto t\u00e9cnico y del impulso material. Todos juntos, todos convencidos de que est\u00e1bamos siendo respaldados por esas m\u00e1s de dos mil voces que nos apoyasteis en cada like, como se dice ahora y en los encuentros personales con vosotros. Un amplio espectro: desde los j\u00f3venes, hasta los adultos y ancianos, hab\u00e9is visto que era para bien y para gloria de Argeme.<\/span><\/div>\n\n\n<div><span style=\"font-family: verdana, arial, helvetica, sans-serif;\">Por todo ello, muchas gracias: a la Junta Directiva, a Tecnicauria, a Moreno Recio, a la Asociaci\u00f3n Calabacillas, a los Servicios Territoriales de Patrimonio, al Exmo. Ayuntamiento de Coria, al Cabildo y a todos los que hoy nos hemos congregado ante su presencia\u00bb.<\/span><\/div>\n\n\n<div><span style=\"font-family: verdana, arial, helvetica, sans-serif;\">&nbsp;<\/span><\/div>\n\n\n<div><span style=\"font-family: verdana, arial, helvetica, sans-serif;\">Unos trabajos para los que, seg\u00fan detall\u00f3, el Ayuntamiento de Coria ha aportado 8.000 euros, mientras que el resto ha sido costeado con fondos de la cofrad\u00eda. Respecto a la fuente, \u00e9sta tiene siete lados y que, seg\u00fan explic\u00f3 el presidente, representa el 7, \u00abun n\u00famero muy enmarcado en la tradici\u00f3n cristiana\u00bb, coment\u00f3. Asimismo detall\u00f3 que en el lugar sobre el que se ha levantado la nueva fuente exist\u00eda un antiguo pozo el cual \u00abno se pod\u00eda recuperar porque no ten\u00eda ning\u00fan tipo de consistencia\u00bb.<\/span><\/div>\n\n\n<div><span style=\"font-family: verdana, arial, helvetica, sans-serif;\">&nbsp;<\/span><\/div>\n\n\n<div><span style=\"font-family: verdana, arial, helvetica, sans-serif;\">Acto seguido, el Alcalde-Presidente del Ayuntamiento, <strong>D. Jos\u00e9 Manuel Garc\u00eda Ballestero<\/strong>, refer\u00eda la aceptaci\u00f3n de este proyecto, desde el minuto cero en que fue presentado por la Junta Directiva; destac\u00f3 el tes\u00f3n del Presidente Mayordomo y termin\u00f3 afirmando que es un orgullo para esta ciudad poder contar con este hito que tanto identifica a los corianos con su Patrona.<\/span><\/div>\n\n\n<div><span style=\"font-family: verdana, arial, helvetica, sans-serif;\">&nbsp;<\/span><\/div>\n\n\n<div><span style=\"font-family: verdana, arial, helvetica, sans-serif;\">Como colof\u00f3n final, y ahora portada nuestra Morenita por sus fieles Hijos, la procesi\u00f3n se dirigi\u00f3 hasta la <strong>Fuente del Peregrino<\/strong>&#8211; en granito amarillo que incorpora una pila o abrevadero antiguo y remata con un bajorrelieve de la Virgen en piedra arenisca-, que fue igualmente bendecida por nuestro Obispo, ante la presencia de la familia donante, <strong>Moreno Recio<\/strong>, que visiblemente emocionados, compartieron este acto con todos sus familiares y resto de fieles.<\/span><\/div>\n\n\n<div><span style=\"font-family: verdana, arial, helvetica, sans-serif;\">&nbsp;<\/span><\/div>\n\n\n<div><span style=\"font-family: verdana, arial, helvetica, sans-serif;\">Por \u00faltimo, la Virgen Sant\u00edsima volv\u00eda a su casa, tras una ma\u00f1ana maratoniana en actos, pero <strong>rica en vivencias que dejar\u00e1n su sello en la historia argemista<\/strong> y de esta ciudad que tan unida est\u00e1n.<\/span><\/div>\n\n\n<div>&nbsp;<\/div>\n","protected":false},"excerpt":{"rendered":"<p>La Cofrad\u00eda de la Virgen de Argeme ha celebrado el pasado fin de semana el Triduo a la Patrona de la ciudad cauriense, tres d\u00edas intensos, 13, 14 y 15 de agosto, as\u00ed lo definen desde la Cofrad\u00eda, que han culminado con el acto de inauguraci\u00f3n de la Fuente de Argeme y de la Fuente [&hellip;]<\/p>\n","protected":false},"author":2,"featured_media":29607,"comment_status":"closed","ping_status":"closed","sticky":false,"template":"","format":"standard","meta":{"_uag_custom_page_level_css":"","footnotes":""},"categories":[2],"tags":[3,4],"class_list":["post-25248","post","type-post","status-publish","format-standard","has-post-thumbnail","hentry","category-noticias","tag-coria","tag-extremadura"],"yoast_head":"<!-- This site is optimized with the Yoast SEO plugin v27.4 - https:\/\/yoast.com\/product\/yoast-seo-wordpress\/ -->\n<title>Triduo a Mar\u00eda Sant\u00edsima de Argeme, Patrona de Coria y su di\u00f3cesis - Ayuntamiento de Coria<\/title>\n<meta name=\"robots\" content=\"index, follow, max-snippet:-1, max-image-preview:large, max-video-preview:-1\" \/>\n<link rel=\"canonical\" href=\"https:\/\/coria.org\/ayuntamiento\/index.php\/2016\/08\/16\/triduo-a-maria-santisima-de-argeme-patrona-de-coria-y-su-diocesis\/\" \/>\n<meta property=\"og:locale\" content=\"es_ES\" \/>\n<meta property=\"og:type\" content=\"article\" \/>\n<meta property=\"og:title\" content=\"Triduo a Mar\u00eda Sant\u00edsima de Argeme, Patrona de Coria y su di\u00f3cesis - Ayuntamiento de Coria\" \/>\n<meta property=\"og:description\" content=\"La Cofrad\u00eda de la Virgen de Argeme ha celebrado el pasado fin de semana el Triduo a la Patrona de la ciudad cauriense, tres d\u00edas intensos, 13, 14 y 15 de agosto, as\u00ed lo definen desde la Cofrad\u00eda, que han culminado con el acto de inauguraci\u00f3n de la Fuente de Argeme y de la Fuente [&hellip;]\" \/>\n<meta property=\"og:url\" content=\"https:\/\/coria.org\/ayuntamiento\/index.php\/2016\/08\/16\/triduo-a-maria-santisima-de-argeme-patrona-de-coria-y-su-diocesis\/\" \/>\n<meta property=\"og:site_name\" content=\"Ayuntamiento de Coria\" \/>\n<meta property=\"article:publisher\" content=\"https:\/\/www.facebook.com\/Ayuntamiento.de.Coria\" \/>\n<meta property=\"article:published_time\" content=\"2016-08-16T00:00:00+00:00\" \/>\n<meta property=\"article:modified_time\" content=\"2023-09-18T10:37:30+00:00\" \/>\n<meta property=\"og:image\" content=\"https:\/\/coria.org\/ayuntamiento\/wp-content\/uploads\/2022\/03\/image-48.jpeg\" \/>\n\t<meta property=\"og:image:width\" content=\"960\" \/>\n\t<meta property=\"og:image:height\" content=\"960\" \/>\n\t<meta property=\"og:image:type\" content=\"image\/jpeg\" \/>\n<meta name=\"author\" content=\"ayuntamiento\" \/>\n<meta name=\"twitter:card\" content=\"summary_large_image\" \/>\n<meta name=\"twitter:creator\" content=\"@Ayto_de_Coria\" \/>\n<meta name=\"twitter:site\" content=\"@Ayto_de_Coria\" \/>\n<meta name=\"twitter:label1\" content=\"Escrito por\" \/>\n\t<meta name=\"twitter:data1\" content=\"ayuntamiento\" \/>\n\t<meta name=\"twitter:label2\" content=\"Tiempo de lectura\" \/>\n\t<meta name=\"twitter:data2\" content=\"5 minutos\" \/>\n<script type=\"application\/ld+json\" class=\"yoast-schema-graph\">{\"@context\":\"https:\\\/\\\/schema.org\",\"@graph\":[{\"@type\":\"Article\",\"@id\":\"https:\\\/\\\/coria.org\\\/ayuntamiento\\\/index.php\\\/2016\\\/08\\\/16\\\/triduo-a-maria-santisima-de-argeme-patrona-de-coria-y-su-diocesis\\\/#article\",\"isPartOf\":{\"@id\":\"https:\\\/\\\/coria.org\\\/ayuntamiento\\\/index.php\\\/2016\\\/08\\\/16\\\/triduo-a-maria-santisima-de-argeme-patrona-de-coria-y-su-diocesis\\\/\"},\"author\":{\"name\":\"ayuntamiento\",\"@id\":\"https:\\\/\\\/coria.org\\\/ayuntamiento\\\/#\\\/schema\\\/person\\\/8bd589f0e13e8ae5aa06def7a599d622\"},\"headline\":\"Triduo a Mar\u00eda Sant\u00edsima de Argeme, Patrona de Coria y su di\u00f3cesis\",\"datePublished\":\"2016-08-16T00:00:00+00:00\",\"dateModified\":\"2023-09-18T10:37:30+00:00\",\"mainEntityOfPage\":{\"@id\":\"https:\\\/\\\/coria.org\\\/ayuntamiento\\\/index.php\\\/2016\\\/08\\\/16\\\/triduo-a-maria-santisima-de-argeme-patrona-de-coria-y-su-diocesis\\\/\"},\"wordCount\":944,\"publisher\":{\"@id\":\"https:\\\/\\\/coria.org\\\/ayuntamiento\\\/#organization\"},\"image\":{\"@id\":\"https:\\\/\\\/coria.org\\\/ayuntamiento\\\/index.php\\\/2016\\\/08\\\/16\\\/triduo-a-maria-santisima-de-argeme-patrona-de-coria-y-su-diocesis\\\/#primaryimage\"},\"thumbnailUrl\":\"https:\\\/\\\/coria.org\\\/ayuntamiento\\\/wp-content\\\/uploads\\\/2022\\\/03\\\/image-48.jpeg\",\"keywords\":[\"coria\",\"extremadura\"],\"articleSection\":[\"Noticias\"],\"inLanguage\":\"es\"},{\"@type\":\"WebPage\",\"@id\":\"https:\\\/\\\/coria.org\\\/ayuntamiento\\\/index.php\\\/2016\\\/08\\\/16\\\/triduo-a-maria-santisima-de-argeme-patrona-de-coria-y-su-diocesis\\\/\",\"url\":\"https:\\\/\\\/coria.org\\\/ayuntamiento\\\/index.php\\\/2016\\\/08\\\/16\\\/triduo-a-maria-santisima-de-argeme-patrona-de-coria-y-su-diocesis\\\/\",\"name\":\"Triduo a Mar\u00eda Sant\u00edsima de Argeme, Patrona de Coria y su di\u00f3cesis - Ayuntamiento de Coria\",\"isPartOf\":{\"@id\":\"https:\\\/\\\/coria.org\\\/ayuntamiento\\\/#website\"},\"primaryImageOfPage\":{\"@id\":\"https:\\\/\\\/coria.org\\\/ayuntamiento\\\/index.php\\\/2016\\\/08\\\/16\\\/triduo-a-maria-santisima-de-argeme-patrona-de-coria-y-su-diocesis\\\/#primaryimage\"},\"image\":{\"@id\":\"https:\\\/\\\/coria.org\\\/ayuntamiento\\\/index.php\\\/2016\\\/08\\\/16\\\/triduo-a-maria-santisima-de-argeme-patrona-de-coria-y-su-diocesis\\\/#primaryimage\"},\"thumbnailUrl\":\"https:\\\/\\\/coria.org\\\/ayuntamiento\\\/wp-content\\\/uploads\\\/2022\\\/03\\\/image-48.jpeg\",\"datePublished\":\"2016-08-16T00:00:00+00:00\",\"dateModified\":\"2023-09-18T10:37:30+00:00\",\"breadcrumb\":{\"@id\":\"https:\\\/\\\/coria.org\\\/ayuntamiento\\\/index.php\\\/2016\\\/08\\\/16\\\/triduo-a-maria-santisima-de-argeme-patrona-de-coria-y-su-diocesis\\\/#breadcrumb\"},\"inLanguage\":\"es\",\"potentialAction\":[{\"@type\":\"ReadAction\",\"target\":[\"https:\\\/\\\/coria.org\\\/ayuntamiento\\\/index.php\\\/2016\\\/08\\\/16\\\/triduo-a-maria-santisima-de-argeme-patrona-de-coria-y-su-diocesis\\\/\"]}]},{\"@type\":\"ImageObject\",\"inLanguage\":\"es\",\"@id\":\"https:\\\/\\\/coria.org\\\/ayuntamiento\\\/index.php\\\/2016\\\/08\\\/16\\\/triduo-a-maria-santisima-de-argeme-patrona-de-coria-y-su-diocesis\\\/#primaryimage\",\"url\":\"https:\\\/\\\/coria.org\\\/ayuntamiento\\\/wp-content\\\/uploads\\\/2022\\\/03\\\/image-48.jpeg\",\"contentUrl\":\"https:\\\/\\\/coria.org\\\/ayuntamiento\\\/wp-content\\\/uploads\\\/2022\\\/03\\\/image-48.jpeg\",\"width\":960,\"height\":960},{\"@type\":\"BreadcrumbList\",\"@id\":\"https:\\\/\\\/coria.org\\\/ayuntamiento\\\/index.php\\\/2016\\\/08\\\/16\\\/triduo-a-maria-santisima-de-argeme-patrona-de-coria-y-su-diocesis\\\/#breadcrumb\",\"itemListElement\":[{\"@type\":\"ListItem\",\"position\":1,\"name\":\"Inicio\",\"item\":\"https:\\\/\\\/coria.org\\\/ayuntamiento\\\/\"},{\"@type\":\"ListItem\",\"position\":2,\"name\":\"Triduo a Mar\u00eda Sant\u00edsima de Argeme, Patrona de Coria y su di\u00f3cesis\"}]},{\"@type\":\"WebSite\",\"@id\":\"https:\\\/\\\/coria.org\\\/ayuntamiento\\\/#website\",\"url\":\"https:\\\/\\\/coria.org\\\/ayuntamiento\\\/\",\"name\":\"Ayuntamiento de Coria\",\"description\":\"Web oficial del Ayuntamiento de Coria\",\"publisher\":{\"@id\":\"https:\\\/\\\/coria.org\\\/ayuntamiento\\\/#organization\"},\"alternateName\":\"Web Oficial del Ayuntamiento de Coria\",\"potentialAction\":[{\"@type\":\"SearchAction\",\"target\":{\"@type\":\"EntryPoint\",\"urlTemplate\":\"https:\\\/\\\/coria.org\\\/ayuntamiento\\\/?s={search_term_string}\"},\"query-input\":{\"@type\":\"PropertyValueSpecification\",\"valueRequired\":true,\"valueName\":\"search_term_string\"}}],\"inLanguage\":\"es\"},{\"@type\":\"Organization\",\"@id\":\"https:\\\/\\\/coria.org\\\/ayuntamiento\\\/#organization\",\"name\":\"Ayuntamiento de Coria\",\"alternateName\":\"Ayto de Coria\",\"url\":\"https:\\\/\\\/coria.org\\\/ayuntamiento\\\/\",\"logo\":{\"@type\":\"ImageObject\",\"inLanguage\":\"es\",\"@id\":\"https:\\\/\\\/coria.org\\\/ayuntamiento\\\/#\\\/schema\\\/logo\\\/image\\\/\",\"url\":\"https:\\\/\\\/coria.org\\\/ayuntamiento\\\/wp-content\\\/uploads\\\/2020\\\/12\\\/escudo-ayuntamiento-coria.png\",\"contentUrl\":\"https:\\\/\\\/coria.org\\\/ayuntamiento\\\/wp-content\\\/uploads\\\/2020\\\/12\\\/escudo-ayuntamiento-coria.png\",\"width\":511,\"height\":240,\"caption\":\"Ayuntamiento de Coria\"},\"image\":{\"@id\":\"https:\\\/\\\/coria.org\\\/ayuntamiento\\\/#\\\/schema\\\/logo\\\/image\\\/\"},\"sameAs\":[\"https:\\\/\\\/www.facebook.com\\\/Ayuntamiento.de.Coria\",\"https:\\\/\\\/x.com\\\/Ayto_de_Coria\",\"https:\\\/\\\/www.instagram.com\\\/coria.ayuntamiento\\\/\",\"https:\\\/\\\/www.youtube.com\\\/user\\\/AYUNTAMIENTOCORIA\"]},{\"@type\":\"Person\",\"@id\":\"https:\\\/\\\/coria.org\\\/ayuntamiento\\\/#\\\/schema\\\/person\\\/8bd589f0e13e8ae5aa06def7a599d622\",\"name\":\"ayuntamiento\",\"image\":{\"@type\":\"ImageObject\",\"inLanguage\":\"es\",\"@id\":\"https:\\\/\\\/secure.gravatar.com\\\/avatar\\\/966e5ed73cad334adda5c87f49f2547f7082f7292c1b627cbb548744383b391c?s=96&d=mm&r=g\",\"url\":\"https:\\\/\\\/secure.gravatar.com\\\/avatar\\\/966e5ed73cad334adda5c87f49f2547f7082f7292c1b627cbb548744383b391c?s=96&d=mm&r=g\",\"contentUrl\":\"https:\\\/\\\/secure.gravatar.com\\\/avatar\\\/966e5ed73cad334adda5c87f49f2547f7082f7292c1b627cbb548744383b391c?s=96&d=mm&r=g\",\"caption\":\"ayuntamiento\"}}]}<\/script>\n<!-- \/ Yoast SEO plugin. -->","yoast_head_json":{"title":"Triduo a Mar\u00eda Sant\u00edsima de Argeme, Patrona de Coria y su di\u00f3cesis - Ayuntamiento de Coria","robots":{"index":"index","follow":"follow","max-snippet":"max-snippet:-1","max-image-preview":"max-image-preview:large","max-video-preview":"max-video-preview:-1"},"canonical":"https:\/\/coria.org\/ayuntamiento\/index.php\/2016\/08\/16\/triduo-a-maria-santisima-de-argeme-patrona-de-coria-y-su-diocesis\/","og_locale":"es_ES","og_type":"article","og_title":"Triduo a Mar\u00eda Sant\u00edsima de Argeme, Patrona de Coria y su di\u00f3cesis - Ayuntamiento de Coria","og_description":"La Cofrad\u00eda de la Virgen de Argeme ha celebrado el pasado fin de semana el Triduo a la Patrona de la ciudad cauriense, tres d\u00edas intensos, 13, 14 y 15 de agosto, as\u00ed lo definen desde la Cofrad\u00eda, que han culminado con el acto de inauguraci\u00f3n de la Fuente de Argeme y de la Fuente [&hellip;]","og_url":"https:\/\/coria.org\/ayuntamiento\/index.php\/2016\/08\/16\/triduo-a-maria-santisima-de-argeme-patrona-de-coria-y-su-diocesis\/","og_site_name":"Ayuntamiento de Coria","article_publisher":"https:\/\/www.facebook.com\/Ayuntamiento.de.Coria","article_published_time":"2016-08-16T00:00:00+00:00","article_modified_time":"2023-09-18T10:37:30+00:00","og_image":[{"width":960,"height":960,"url":"https:\/\/coria.org\/ayuntamiento\/wp-content\/uploads\/2022\/03\/image-48.jpeg","type":"image\/jpeg"}],"author":"ayuntamiento","twitter_card":"summary_large_image","twitter_creator":"@Ayto_de_Coria","twitter_site":"@Ayto_de_Coria","twitter_misc":{"Escrito por":"ayuntamiento","Tiempo de lectura":"5 minutos"},"schema":{"@context":"https:\/\/schema.org","@graph":[{"@type":"Article","@id":"https:\/\/coria.org\/ayuntamiento\/index.php\/2016\/08\/16\/triduo-a-maria-santisima-de-argeme-patrona-de-coria-y-su-diocesis\/#article","isPartOf":{"@id":"https:\/\/coria.org\/ayuntamiento\/index.php\/2016\/08\/16\/triduo-a-maria-santisima-de-argeme-patrona-de-coria-y-su-diocesis\/"},"author":{"name":"ayuntamiento","@id":"https:\/\/coria.org\/ayuntamiento\/#\/schema\/person\/8bd589f0e13e8ae5aa06def7a599d622"},"headline":"Triduo a Mar\u00eda Sant\u00edsima de Argeme, Patrona de Coria y su di\u00f3cesis","datePublished":"2016-08-16T00:00:00+00:00","dateModified":"2023-09-18T10:37:30+00:00","mainEntityOfPage":{"@id":"https:\/\/coria.org\/ayuntamiento\/index.php\/2016\/08\/16\/triduo-a-maria-santisima-de-argeme-patrona-de-coria-y-su-diocesis\/"},"wordCount":944,"publisher":{"@id":"https:\/\/coria.org\/ayuntamiento\/#organization"},"image":{"@id":"https:\/\/coria.org\/ayuntamiento\/index.php\/2016\/08\/16\/triduo-a-maria-santisima-de-argeme-patrona-de-coria-y-su-diocesis\/#primaryimage"},"thumbnailUrl":"https:\/\/coria.org\/ayuntamiento\/wp-content\/uploads\/2022\/03\/image-48.jpeg","keywords":["coria","extremadura"],"articleSection":["Noticias"],"inLanguage":"es"},{"@type":"WebPage","@id":"https:\/\/coria.org\/ayuntamiento\/index.php\/2016\/08\/16\/triduo-a-maria-santisima-de-argeme-patrona-de-coria-y-su-diocesis\/","url":"https:\/\/coria.org\/ayuntamiento\/index.php\/2016\/08\/16\/triduo-a-maria-santisima-de-argeme-patrona-de-coria-y-su-diocesis\/","name":"Triduo a Mar\u00eda Sant\u00edsima de Argeme, Patrona de Coria y su di\u00f3cesis - Ayuntamiento de Coria","isPartOf":{"@id":"https:\/\/coria.org\/ayuntamiento\/#website"},"primaryImageOfPage":{"@id":"https:\/\/coria.org\/ayuntamiento\/index.php\/2016\/08\/16\/triduo-a-maria-santisima-de-argeme-patrona-de-coria-y-su-diocesis\/#primaryimage"},"image":{"@id":"https:\/\/coria.org\/ayuntamiento\/index.php\/2016\/08\/16\/triduo-a-maria-santisima-de-argeme-patrona-de-coria-y-su-diocesis\/#primaryimage"},"thumbnailUrl":"https:\/\/coria.org\/ayuntamiento\/wp-content\/uploads\/2022\/03\/image-48.jpeg","datePublished":"2016-08-16T00:00:00+00:00","dateModified":"2023-09-18T10:37:30+00:00","breadcrumb":{"@id":"https:\/\/coria.org\/ayuntamiento\/index.php\/2016\/08\/16\/triduo-a-maria-santisima-de-argeme-patrona-de-coria-y-su-diocesis\/#breadcrumb"},"inLanguage":"es","potentialAction":[{"@type":"ReadAction","target":["https:\/\/coria.org\/ayuntamiento\/index.php\/2016\/08\/16\/triduo-a-maria-santisima-de-argeme-patrona-de-coria-y-su-diocesis\/"]}]},{"@type":"ImageObject","inLanguage":"es","@id":"https:\/\/coria.org\/ayuntamiento\/index.php\/2016\/08\/16\/triduo-a-maria-santisima-de-argeme-patrona-de-coria-y-su-diocesis\/#primaryimage","url":"https:\/\/coria.org\/ayuntamiento\/wp-content\/uploads\/2022\/03\/image-48.jpeg","contentUrl":"https:\/\/coria.org\/ayuntamiento\/wp-content\/uploads\/2022\/03\/image-48.jpeg","width":960,"height":960},{"@type":"BreadcrumbList","@id":"https:\/\/coria.org\/ayuntamiento\/index.php\/2016\/08\/16\/triduo-a-maria-santisima-de-argeme-patrona-de-coria-y-su-diocesis\/#breadcrumb","itemListElement":[{"@type":"ListItem","position":1,"name":"Inicio","item":"https:\/\/coria.org\/ayuntamiento\/"},{"@type":"ListItem","position":2,"name":"Triduo a Mar\u00eda Sant\u00edsima de Argeme, Patrona de Coria y su di\u00f3cesis"}]},{"@type":"WebSite","@id":"https:\/\/coria.org\/ayuntamiento\/#website","url":"https:\/\/coria.org\/ayuntamiento\/","name":"Ayuntamiento de Coria","description":"Web oficial del Ayuntamiento de Coria","publisher":{"@id":"https:\/\/coria.org\/ayuntamiento\/#organization"},"alternateName":"Web Oficial del Ayuntamiento de Coria","potentialAction":[{"@type":"SearchAction","target":{"@type":"EntryPoint","urlTemplate":"https:\/\/coria.org\/ayuntamiento\/?s={search_term_string}"},"query-input":{"@type":"PropertyValueSpecification","valueRequired":true,"valueName":"search_term_string"}}],"inLanguage":"es"},{"@type":"Organization","@id":"https:\/\/coria.org\/ayuntamiento\/#organization","name":"Ayuntamiento de Coria","alternateName":"Ayto de Coria","url":"https:\/\/coria.org\/ayuntamiento\/","logo":{"@type":"ImageObject","inLanguage":"es","@id":"https:\/\/coria.org\/ayuntamiento\/#\/schema\/logo\/image\/","url":"https:\/\/coria.org\/ayuntamiento\/wp-content\/uploads\/2020\/12\/escudo-ayuntamiento-coria.png","contentUrl":"https:\/\/coria.org\/ayuntamiento\/wp-content\/uploads\/2020\/12\/escudo-ayuntamiento-coria.png","width":511,"height":240,"caption":"Ayuntamiento de Coria"},"image":{"@id":"https:\/\/coria.org\/ayuntamiento\/#\/schema\/logo\/image\/"},"sameAs":["https:\/\/www.facebook.com\/Ayuntamiento.de.Coria","https:\/\/x.com\/Ayto_de_Coria","https:\/\/www.instagram.com\/coria.ayuntamiento\/","https:\/\/www.youtube.com\/user\/AYUNTAMIENTOCORIA"]},{"@type":"Person","@id":"https:\/\/coria.org\/ayuntamiento\/#\/schema\/person\/8bd589f0e13e8ae5aa06def7a599d622","name":"ayuntamiento","image":{"@type":"ImageObject","inLanguage":"es","@id":"https:\/\/secure.gravatar.com\/avatar\/966e5ed73cad334adda5c87f49f2547f7082f7292c1b627cbb548744383b391c?s=96&d=mm&r=g","url":"https:\/\/secure.gravatar.com\/avatar\/966e5ed73cad334adda5c87f49f2547f7082f7292c1b627cbb548744383b391c?s=96&d=mm&r=g","contentUrl":"https:\/\/secure.gravatar.com\/avatar\/966e5ed73cad334adda5c87f49f2547f7082f7292c1b627cbb548744383b391c?s=96&d=mm&r=g","caption":"ayuntamiento"}}]}},"uagb_featured_image_src":{"full":["https:\/\/coria.org\/ayuntamiento\/wp-content\/uploads\/2022\/03\/image-48.jpeg",960,960,false],"thumbnail":["https:\/\/coria.org\/ayuntamiento\/wp-content\/uploads\/2022\/03\/image-48-150x150.jpeg",150,150,true],"medium":["https:\/\/coria.org\/ayuntamiento\/wp-content\/uploads\/2022\/03\/image-48-300x300.jpeg",300,300,true],"medium_large":["https:\/\/coria.org\/ayuntamiento\/wp-content\/uploads\/2022\/03\/image-48-768x768.jpeg",768,768,true],"large":["https:\/\/coria.org\/ayuntamiento\/wp-content\/uploads\/2022\/03\/image-48.jpeg",960,960,false],"thumblist":["https:\/\/coria.org\/ayuntamiento\/wp-content\/uploads\/2022\/03\/image-48.jpeg",300,300,false],"thumbrelated":["https:\/\/coria.org\/ayuntamiento\/wp-content\/uploads\/2022\/03\/image-48.jpeg",500,500,false],"meccarouselthumb":["https:\/\/coria.org\/ayuntamiento\/wp-content\/uploads\/2022\/03\/image-48.jpeg",324,324,false],"gridsquare":["https:\/\/coria.org\/ayuntamiento\/wp-content\/uploads\/2022\/03\/image-48.jpeg",260,260,false],"tileview":["https:\/\/coria.org\/ayuntamiento\/wp-content\/uploads\/2022\/03\/image-48.jpeg",300,300,false],"1536x1536":["https:\/\/coria.org\/ayuntamiento\/wp-content\/uploads\/2022\/03\/image-48.jpeg",960,960,false],"2048x2048":["https:\/\/coria.org\/ayuntamiento\/wp-content\/uploads\/2022\/03\/image-48.jpeg",960,960,false]},"uagb_author_info":{"display_name":"ayuntamiento","author_link":"https:\/\/coria.org\/ayuntamiento\/index.php\/author\/ayuntamiento\/"},"uagb_comment_info":0,"uagb_excerpt":"La Cofrad\u00eda de la Virgen de Argeme ha celebrado el pasado fin de semana el Triduo a la Patrona de la ciudad cauriense, tres d\u00edas intensos, 13, 14 y 15 de agosto, as\u00ed lo definen desde la Cofrad\u00eda, que han culminado con el acto de inauguraci\u00f3n de la Fuente de Argeme y de la Fuente&hellip;","_links":{"self":[{"href":"https:\/\/coria.org\/ayuntamiento\/index.php\/wp-json\/wp\/v2\/posts\/25248","targetHints":{"allow":["GET"]}}],"collection":[{"href":"https:\/\/coria.org\/ayuntamiento\/index.php\/wp-json\/wp\/v2\/posts"}],"about":[{"href":"https:\/\/coria.org\/ayuntamiento\/index.php\/wp-json\/wp\/v2\/types\/post"}],"author":[{"embeddable":true,"href":"https:\/\/coria.org\/ayuntamiento\/index.php\/wp-json\/wp\/v2\/users\/2"}],"replies":[{"embeddable":true,"href":"https:\/\/coria.org\/ayuntamiento\/index.php\/wp-json\/wp\/v2\/comments?post=25248"}],"version-history":[{"count":0,"href":"https:\/\/coria.org\/ayuntamiento\/index.php\/wp-json\/wp\/v2\/posts\/25248\/revisions"}],"wp:featuredmedia":[{"embeddable":true,"href":"https:\/\/coria.org\/ayuntamiento\/index.php\/wp-json\/wp\/v2\/media\/29607"}],"wp:attachment":[{"href":"https:\/\/coria.org\/ayuntamiento\/index.php\/wp-json\/wp\/v2\/media?parent=25248"}],"wp:term":[{"taxonomy":"category","embeddable":true,"href":"https:\/\/coria.org\/ayuntamiento\/index.php\/wp-json\/wp\/v2\/categories?post=25248"},{"taxonomy":"post_tag","embeddable":true,"href":"https:\/\/coria.org\/ayuntamiento\/index.php\/wp-json\/wp\/v2\/tags?post=25248"}],"curies":[{"name":"wp","href":"https:\/\/api.w.org\/{rel}","templated":true}]}}