{"id":25241,"date":"2016-08-22T00:00:00","date_gmt":"2016-08-22T00:00:00","guid":{"rendered":"https:\/\/ayuntamiento.coriaenimagenes.com\/solidaridad-en-la-ruta-nocturna-luna-zapatona\/"},"modified":"2024-05-17T14:16:32","modified_gmt":"2024-05-17T12:16:32","slug":"solidaridad-en-la-ruta-nocturna-luna-zapatona","status":"publish","type":"post","link":"https:\/\/coria.org\/ayuntamiento\/index.php\/2016\/08\/22\/solidaridad-en-la-ruta-nocturna-luna-zapatona\/","title":{"rendered":"Solidaridad en la Ruta Nocturna \u00abLuna Zapatona\u00bb"},"content":{"rendered":"\n<p>Un total de cuarenta participantes se dieron cita el pasado s\u00e1bado en la III Ruta nocturna \u00abLuna Zapatona\u00bb organizada por el Club Zapatones Running de la ciudad de Coria. Una actividad deportiva, l\u00fadica y no competitiva que ten\u00eda un objetivo solidario, recaudar material y alimentos para C\u00e1ritas Interparroquial.<\/p>\n\n\n\n<figure class=\"wp-block-image alignleft size-full is-resized\"><img loading=\"lazy\" decoding=\"async\" width=\"285\" height=\"320\" src=\"https:\/\/coria.org\/ayuntamiento\/wp-content\/uploads\/2022\/03\/image-42.jpeg\" alt=\"\" class=\"wp-image-29591\" style=\"width:202px;height:auto\" srcset=\"https:\/\/coria.org\/ayuntamiento\/wp-content\/uploads\/2022\/03\/image-42.jpeg 285w, https:\/\/coria.org\/ayuntamiento\/wp-content\/uploads\/2022\/03\/image-42-267x300.jpeg 267w\" sizes=\"auto, (max-width: 285px) 100vw, 285px\" \/><\/figure>\n\n\n\n<p>Seg\u00fan el Presidente del colectivo, \u00c1ngel Mart\u00edn, \u00abse ha recaudado m\u00e1s material que otros a\u00f1os a pesar de haber habido menos participaci\u00f3n\u00bb, hemos recibido 35 kilos de comida, productos para beb\u00e9s, material escolar, productos para el aseo personal y ropa.<\/p>\n\n\n\n<p>Cabe destacar que la ruta contaba con 10,5 km y se desarroll\u00f3 en dos modalidades, senderismo y carrera a pie. 25 personas disfrutaron del deporte del senderismo bajo la luz de la luna llena de agosto y 14 lo hicieron corriendo.<\/p>\n\n\n\n<p>Desde el Club Zapatones Running agradecen la colaboraci\u00f3n de todas las personas que participaron en esta prueba deportiva que ha cumplido ya su tercera edici\u00f3n y la solidaridad mostrada un a\u00f1o m\u00e1s a favor de C\u00e1ritas Local.<\/p>\n","protected":false},"excerpt":{"rendered":"<p>Un total de cuarenta participantes se dieron cita el pasado s\u00e1bado en la III Ruta nocturna \u00abLuna Zapatona\u00bb organizada por el Club Zapatones Running de la ciudad de Coria. Una actividad deportiva, l\u00fadica y no competitiva que ten\u00eda un objetivo solidario, recaudar material y alimentos para C\u00e1ritas Interparroquial. Seg\u00fan el Presidente del colectivo, \u00c1ngel Mart\u00edn, [&hellip;]<\/p>\n","protected":false},"author":2,"featured_media":29591,"comment_status":"closed","ping_status":"closed","sticky":false,"template":"","format":"standard","meta":{"_uag_custom_page_level_css":"","footnotes":""},"categories":[2],"tags":[3,4],"class_list":["post-25241","post","type-post","status-publish","format-standard","has-post-thumbnail","hentry","category-noticias","tag-coria","tag-extremadura"],"yoast_head":"<!-- This site is optimized with the Yoast SEO plugin v27.4 - https:\/\/yoast.com\/product\/yoast-seo-wordpress\/ -->\n<title>Solidaridad en la Ruta Nocturna &quot;Luna Zapatona&quot; - Ayuntamiento de Coria<\/title>\n<meta name=\"robots\" content=\"index, follow, max-snippet:-1, max-image-preview:large, max-video-preview:-1\" \/>\n<link rel=\"canonical\" href=\"https:\/\/coria.org\/ayuntamiento\/index.php\/2016\/08\/22\/solidaridad-en-la-ruta-nocturna-luna-zapatona\/\" \/>\n<meta property=\"og:locale\" content=\"es_ES\" \/>\n<meta property=\"og:type\" content=\"article\" \/>\n<meta property=\"og:title\" content=\"Solidaridad en la Ruta Nocturna &quot;Luna Zapatona&quot; - Ayuntamiento de Coria\" \/>\n<meta property=\"og:description\" content=\"Un total de cuarenta participantes se dieron cita el pasado s\u00e1bado en la III Ruta nocturna \u00abLuna Zapatona\u00bb organizada por el Club Zapatones Running de la ciudad de Coria. Una actividad deportiva, l\u00fadica y no competitiva que ten\u00eda un objetivo solidario, recaudar material y alimentos para C\u00e1ritas Interparroquial. Seg\u00fan el Presidente del colectivo, \u00c1ngel Mart\u00edn, [&hellip;]\" \/>\n<meta property=\"og:url\" content=\"https:\/\/coria.org\/ayuntamiento\/index.php\/2016\/08\/22\/solidaridad-en-la-ruta-nocturna-luna-zapatona\/\" \/>\n<meta property=\"og:site_name\" content=\"Ayuntamiento de Coria\" \/>\n<meta property=\"article:publisher\" content=\"https:\/\/www.facebook.com\/Ayuntamiento.de.Coria\" \/>\n<meta property=\"article:published_time\" content=\"2016-08-22T00:00:00+00:00\" \/>\n<meta property=\"article:modified_time\" content=\"2024-05-17T12:16:32+00:00\" \/>\n<meta property=\"og:image\" content=\"https:\/\/coria.org\/ayuntamiento\/wp-content\/uploads\/2022\/03\/image-42.jpeg\" \/>\n\t<meta property=\"og:image:width\" content=\"285\" \/>\n\t<meta property=\"og:image:height\" content=\"320\" \/>\n\t<meta property=\"og:image:type\" content=\"image\/jpeg\" \/>\n<meta name=\"author\" content=\"ayuntamiento\" \/>\n<meta name=\"twitter:card\" content=\"summary_large_image\" \/>\n<meta name=\"twitter:creator\" content=\"@Ayto_de_Coria\" \/>\n<meta name=\"twitter:site\" content=\"@Ayto_de_Coria\" \/>\n<meta name=\"twitter:label1\" content=\"Escrito por\" \/>\n\t<meta name=\"twitter:data1\" content=\"ayuntamiento\" \/>\n\t<meta name=\"twitter:label2\" content=\"Tiempo de lectura\" \/>\n\t<meta name=\"twitter:data2\" content=\"1 minuto\" \/>\n<script type=\"application\/ld+json\" class=\"yoast-schema-graph\">{\"@context\":\"https:\\\/\\\/schema.org\",\"@graph\":[{\"@type\":\"Article\",\"@id\":\"https:\\\/\\\/coria.org\\\/ayuntamiento\\\/index.php\\\/2016\\\/08\\\/22\\\/solidaridad-en-la-ruta-nocturna-luna-zapatona\\\/#article\",\"isPartOf\":{\"@id\":\"https:\\\/\\\/coria.org\\\/ayuntamiento\\\/index.php\\\/2016\\\/08\\\/22\\\/solidaridad-en-la-ruta-nocturna-luna-zapatona\\\/\"},\"author\":{\"name\":\"ayuntamiento\",\"@id\":\"https:\\\/\\\/coria.org\\\/ayuntamiento\\\/#\\\/schema\\\/person\\\/8bd589f0e13e8ae5aa06def7a599d622\"},\"headline\":\"Solidaridad en la Ruta Nocturna \u00abLuna Zapatona\u00bb\",\"datePublished\":\"2016-08-22T00:00:00+00:00\",\"dateModified\":\"2024-05-17T12:16:32+00:00\",\"mainEntityOfPage\":{\"@id\":\"https:\\\/\\\/coria.org\\\/ayuntamiento\\\/index.php\\\/2016\\\/08\\\/22\\\/solidaridad-en-la-ruta-nocturna-luna-zapatona\\\/\"},\"wordCount\":184,\"publisher\":{\"@id\":\"https:\\\/\\\/coria.org\\\/ayuntamiento\\\/#organization\"},\"image\":{\"@id\":\"https:\\\/\\\/coria.org\\\/ayuntamiento\\\/index.php\\\/2016\\\/08\\\/22\\\/solidaridad-en-la-ruta-nocturna-luna-zapatona\\\/#primaryimage\"},\"thumbnailUrl\":\"https:\\\/\\\/coria.org\\\/ayuntamiento\\\/wp-content\\\/uploads\\\/2022\\\/03\\\/image-42.jpeg\",\"keywords\":[\"coria\",\"extremadura\"],\"articleSection\":[\"Noticias\"],\"inLanguage\":\"es\"},{\"@type\":\"WebPage\",\"@id\":\"https:\\\/\\\/coria.org\\\/ayuntamiento\\\/index.php\\\/2016\\\/08\\\/22\\\/solidaridad-en-la-ruta-nocturna-luna-zapatona\\\/\",\"url\":\"https:\\\/\\\/coria.org\\\/ayuntamiento\\\/index.php\\\/2016\\\/08\\\/22\\\/solidaridad-en-la-ruta-nocturna-luna-zapatona\\\/\",\"name\":\"Solidaridad en la Ruta Nocturna \\\"Luna Zapatona\\\" - Ayuntamiento de Coria\",\"isPartOf\":{\"@id\":\"https:\\\/\\\/coria.org\\\/ayuntamiento\\\/#website\"},\"primaryImageOfPage\":{\"@id\":\"https:\\\/\\\/coria.org\\\/ayuntamiento\\\/index.php\\\/2016\\\/08\\\/22\\\/solidaridad-en-la-ruta-nocturna-luna-zapatona\\\/#primaryimage\"},\"image\":{\"@id\":\"https:\\\/\\\/coria.org\\\/ayuntamiento\\\/index.php\\\/2016\\\/08\\\/22\\\/solidaridad-en-la-ruta-nocturna-luna-zapatona\\\/#primaryimage\"},\"thumbnailUrl\":\"https:\\\/\\\/coria.org\\\/ayuntamiento\\\/wp-content\\\/uploads\\\/2022\\\/03\\\/image-42.jpeg\",\"datePublished\":\"2016-08-22T00:00:00+00:00\",\"dateModified\":\"2024-05-17T12:16:32+00:00\",\"breadcrumb\":{\"@id\":\"https:\\\/\\\/coria.org\\\/ayuntamiento\\\/index.php\\\/2016\\\/08\\\/22\\\/solidaridad-en-la-ruta-nocturna-luna-zapatona\\\/#breadcrumb\"},\"inLanguage\":\"es\",\"potentialAction\":[{\"@type\":\"ReadAction\",\"target\":[\"https:\\\/\\\/coria.org\\\/ayuntamiento\\\/index.php\\\/2016\\\/08\\\/22\\\/solidaridad-en-la-ruta-nocturna-luna-zapatona\\\/\"]}]},{\"@type\":\"ImageObject\",\"inLanguage\":\"es\",\"@id\":\"https:\\\/\\\/coria.org\\\/ayuntamiento\\\/index.php\\\/2016\\\/08\\\/22\\\/solidaridad-en-la-ruta-nocturna-luna-zapatona\\\/#primaryimage\",\"url\":\"https:\\\/\\\/coria.org\\\/ayuntamiento\\\/wp-content\\\/uploads\\\/2022\\\/03\\\/image-42.jpeg\",\"contentUrl\":\"https:\\\/\\\/coria.org\\\/ayuntamiento\\\/wp-content\\\/uploads\\\/2022\\\/03\\\/image-42.jpeg\",\"width\":285,\"height\":320},{\"@type\":\"BreadcrumbList\",\"@id\":\"https:\\\/\\\/coria.org\\\/ayuntamiento\\\/index.php\\\/2016\\\/08\\\/22\\\/solidaridad-en-la-ruta-nocturna-luna-zapatona\\\/#breadcrumb\",\"itemListElement\":[{\"@type\":\"ListItem\",\"position\":1,\"name\":\"Inicio\",\"item\":\"https:\\\/\\\/coria.org\\\/ayuntamiento\\\/\"},{\"@type\":\"ListItem\",\"position\":2,\"name\":\"Solidaridad en la Ruta Nocturna \u00abLuna Zapatona\u00bb\"}]},{\"@type\":\"WebSite\",\"@id\":\"https:\\\/\\\/coria.org\\\/ayuntamiento\\\/#website\",\"url\":\"https:\\\/\\\/coria.org\\\/ayuntamiento\\\/\",\"name\":\"Ayuntamiento de Coria\",\"description\":\"Web oficial del Ayuntamiento de Coria\",\"publisher\":{\"@id\":\"https:\\\/\\\/coria.org\\\/ayuntamiento\\\/#organization\"},\"alternateName\":\"Web Oficial del Ayuntamiento de Coria\",\"potentialAction\":[{\"@type\":\"SearchAction\",\"target\":{\"@type\":\"EntryPoint\",\"urlTemplate\":\"https:\\\/\\\/coria.org\\\/ayuntamiento\\\/?s={search_term_string}\"},\"query-input\":{\"@type\":\"PropertyValueSpecification\",\"valueRequired\":true,\"valueName\":\"search_term_string\"}}],\"inLanguage\":\"es\"},{\"@type\":\"Organization\",\"@id\":\"https:\\\/\\\/coria.org\\\/ayuntamiento\\\/#organization\",\"name\":\"Ayuntamiento de Coria\",\"alternateName\":\"Ayto de Coria\",\"url\":\"https:\\\/\\\/coria.org\\\/ayuntamiento\\\/\",\"logo\":{\"@type\":\"ImageObject\",\"inLanguage\":\"es\",\"@id\":\"https:\\\/\\\/coria.org\\\/ayuntamiento\\\/#\\\/schema\\\/logo\\\/image\\\/\",\"url\":\"https:\\\/\\\/coria.org\\\/ayuntamiento\\\/wp-content\\\/uploads\\\/2020\\\/12\\\/escudo-ayuntamiento-coria.png\",\"contentUrl\":\"https:\\\/\\\/coria.org\\\/ayuntamiento\\\/wp-content\\\/uploads\\\/2020\\\/12\\\/escudo-ayuntamiento-coria.png\",\"width\":511,\"height\":240,\"caption\":\"Ayuntamiento de Coria\"},\"image\":{\"@id\":\"https:\\\/\\\/coria.org\\\/ayuntamiento\\\/#\\\/schema\\\/logo\\\/image\\\/\"},\"sameAs\":[\"https:\\\/\\\/www.facebook.com\\\/Ayuntamiento.de.Coria\",\"https:\\\/\\\/x.com\\\/Ayto_de_Coria\",\"https:\\\/\\\/www.instagram.com\\\/coria.ayuntamiento\\\/\",\"https:\\\/\\\/www.youtube.com\\\/user\\\/AYUNTAMIENTOCORIA\"]},{\"@type\":\"Person\",\"@id\":\"https:\\\/\\\/coria.org\\\/ayuntamiento\\\/#\\\/schema\\\/person\\\/8bd589f0e13e8ae5aa06def7a599d622\",\"name\":\"ayuntamiento\",\"image\":{\"@type\":\"ImageObject\",\"inLanguage\":\"es\",\"@id\":\"https:\\\/\\\/secure.gravatar.com\\\/avatar\\\/966e5ed73cad334adda5c87f49f2547f7082f7292c1b627cbb548744383b391c?s=96&d=mm&r=g\",\"url\":\"https:\\\/\\\/secure.gravatar.com\\\/avatar\\\/966e5ed73cad334adda5c87f49f2547f7082f7292c1b627cbb548744383b391c?s=96&d=mm&r=g\",\"contentUrl\":\"https:\\\/\\\/secure.gravatar.com\\\/avatar\\\/966e5ed73cad334adda5c87f49f2547f7082f7292c1b627cbb548744383b391c?s=96&d=mm&r=g\",\"caption\":\"ayuntamiento\"}}]}<\/script>\n<!-- \/ Yoast SEO plugin. -->","yoast_head_json":{"title":"Solidaridad en la Ruta Nocturna \"Luna Zapatona\" - Ayuntamiento de Coria","robots":{"index":"index","follow":"follow","max-snippet":"max-snippet:-1","max-image-preview":"max-image-preview:large","max-video-preview":"max-video-preview:-1"},"canonical":"https:\/\/coria.org\/ayuntamiento\/index.php\/2016\/08\/22\/solidaridad-en-la-ruta-nocturna-luna-zapatona\/","og_locale":"es_ES","og_type":"article","og_title":"Solidaridad en la Ruta Nocturna \"Luna Zapatona\" - Ayuntamiento de Coria","og_description":"Un total de cuarenta participantes se dieron cita el pasado s\u00e1bado en la III Ruta nocturna \u00abLuna Zapatona\u00bb organizada por el Club Zapatones Running de la ciudad de Coria. Una actividad deportiva, l\u00fadica y no competitiva que ten\u00eda un objetivo solidario, recaudar material y alimentos para C\u00e1ritas Interparroquial. Seg\u00fan el Presidente del colectivo, \u00c1ngel Mart\u00edn, [&hellip;]","og_url":"https:\/\/coria.org\/ayuntamiento\/index.php\/2016\/08\/22\/solidaridad-en-la-ruta-nocturna-luna-zapatona\/","og_site_name":"Ayuntamiento de Coria","article_publisher":"https:\/\/www.facebook.com\/Ayuntamiento.de.Coria","article_published_time":"2016-08-22T00:00:00+00:00","article_modified_time":"2024-05-17T12:16:32+00:00","og_image":[{"width":285,"height":320,"url":"https:\/\/coria.org\/ayuntamiento\/wp-content\/uploads\/2022\/03\/image-42.jpeg","type":"image\/jpeg"}],"author":"ayuntamiento","twitter_card":"summary_large_image","twitter_creator":"@Ayto_de_Coria","twitter_site":"@Ayto_de_Coria","twitter_misc":{"Escrito por":"ayuntamiento","Tiempo de lectura":"1 minuto"},"schema":{"@context":"https:\/\/schema.org","@graph":[{"@type":"Article","@id":"https:\/\/coria.org\/ayuntamiento\/index.php\/2016\/08\/22\/solidaridad-en-la-ruta-nocturna-luna-zapatona\/#article","isPartOf":{"@id":"https:\/\/coria.org\/ayuntamiento\/index.php\/2016\/08\/22\/solidaridad-en-la-ruta-nocturna-luna-zapatona\/"},"author":{"name":"ayuntamiento","@id":"https:\/\/coria.org\/ayuntamiento\/#\/schema\/person\/8bd589f0e13e8ae5aa06def7a599d622"},"headline":"Solidaridad en la Ruta Nocturna \u00abLuna Zapatona\u00bb","datePublished":"2016-08-22T00:00:00+00:00","dateModified":"2024-05-17T12:16:32+00:00","mainEntityOfPage":{"@id":"https:\/\/coria.org\/ayuntamiento\/index.php\/2016\/08\/22\/solidaridad-en-la-ruta-nocturna-luna-zapatona\/"},"wordCount":184,"publisher":{"@id":"https:\/\/coria.org\/ayuntamiento\/#organization"},"image":{"@id":"https:\/\/coria.org\/ayuntamiento\/index.php\/2016\/08\/22\/solidaridad-en-la-ruta-nocturna-luna-zapatona\/#primaryimage"},"thumbnailUrl":"https:\/\/coria.org\/ayuntamiento\/wp-content\/uploads\/2022\/03\/image-42.jpeg","keywords":["coria","extremadura"],"articleSection":["Noticias"],"inLanguage":"es"},{"@type":"WebPage","@id":"https:\/\/coria.org\/ayuntamiento\/index.php\/2016\/08\/22\/solidaridad-en-la-ruta-nocturna-luna-zapatona\/","url":"https:\/\/coria.org\/ayuntamiento\/index.php\/2016\/08\/22\/solidaridad-en-la-ruta-nocturna-luna-zapatona\/","name":"Solidaridad en la Ruta Nocturna \"Luna Zapatona\" - Ayuntamiento de Coria","isPartOf":{"@id":"https:\/\/coria.org\/ayuntamiento\/#website"},"primaryImageOfPage":{"@id":"https:\/\/coria.org\/ayuntamiento\/index.php\/2016\/08\/22\/solidaridad-en-la-ruta-nocturna-luna-zapatona\/#primaryimage"},"image":{"@id":"https:\/\/coria.org\/ayuntamiento\/index.php\/2016\/08\/22\/solidaridad-en-la-ruta-nocturna-luna-zapatona\/#primaryimage"},"thumbnailUrl":"https:\/\/coria.org\/ayuntamiento\/wp-content\/uploads\/2022\/03\/image-42.jpeg","datePublished":"2016-08-22T00:00:00+00:00","dateModified":"2024-05-17T12:16:32+00:00","breadcrumb":{"@id":"https:\/\/coria.org\/ayuntamiento\/index.php\/2016\/08\/22\/solidaridad-en-la-ruta-nocturna-luna-zapatona\/#breadcrumb"},"inLanguage":"es","potentialAction":[{"@type":"ReadAction","target":["https:\/\/coria.org\/ayuntamiento\/index.php\/2016\/08\/22\/solidaridad-en-la-ruta-nocturna-luna-zapatona\/"]}]},{"@type":"ImageObject","inLanguage":"es","@id":"https:\/\/coria.org\/ayuntamiento\/index.php\/2016\/08\/22\/solidaridad-en-la-ruta-nocturna-luna-zapatona\/#primaryimage","url":"https:\/\/coria.org\/ayuntamiento\/wp-content\/uploads\/2022\/03\/image-42.jpeg","contentUrl":"https:\/\/coria.org\/ayuntamiento\/wp-content\/uploads\/2022\/03\/image-42.jpeg","width":285,"height":320},{"@type":"BreadcrumbList","@id":"https:\/\/coria.org\/ayuntamiento\/index.php\/2016\/08\/22\/solidaridad-en-la-ruta-nocturna-luna-zapatona\/#breadcrumb","itemListElement":[{"@type":"ListItem","position":1,"name":"Inicio","item":"https:\/\/coria.org\/ayuntamiento\/"},{"@type":"ListItem","position":2,"name":"Solidaridad en la Ruta Nocturna \u00abLuna Zapatona\u00bb"}]},{"@type":"WebSite","@id":"https:\/\/coria.org\/ayuntamiento\/#website","url":"https:\/\/coria.org\/ayuntamiento\/","name":"Ayuntamiento de Coria","description":"Web oficial del Ayuntamiento de Coria","publisher":{"@id":"https:\/\/coria.org\/ayuntamiento\/#organization"},"alternateName":"Web Oficial del Ayuntamiento de Coria","potentialAction":[{"@type":"SearchAction","target":{"@type":"EntryPoint","urlTemplate":"https:\/\/coria.org\/ayuntamiento\/?s={search_term_string}"},"query-input":{"@type":"PropertyValueSpecification","valueRequired":true,"valueName":"search_term_string"}}],"inLanguage":"es"},{"@type":"Organization","@id":"https:\/\/coria.org\/ayuntamiento\/#organization","name":"Ayuntamiento de Coria","alternateName":"Ayto de Coria","url":"https:\/\/coria.org\/ayuntamiento\/","logo":{"@type":"ImageObject","inLanguage":"es","@id":"https:\/\/coria.org\/ayuntamiento\/#\/schema\/logo\/image\/","url":"https:\/\/coria.org\/ayuntamiento\/wp-content\/uploads\/2020\/12\/escudo-ayuntamiento-coria.png","contentUrl":"https:\/\/coria.org\/ayuntamiento\/wp-content\/uploads\/2020\/12\/escudo-ayuntamiento-coria.png","width":511,"height":240,"caption":"Ayuntamiento de Coria"},"image":{"@id":"https:\/\/coria.org\/ayuntamiento\/#\/schema\/logo\/image\/"},"sameAs":["https:\/\/www.facebook.com\/Ayuntamiento.de.Coria","https:\/\/x.com\/Ayto_de_Coria","https:\/\/www.instagram.com\/coria.ayuntamiento\/","https:\/\/www.youtube.com\/user\/AYUNTAMIENTOCORIA"]},{"@type":"Person","@id":"https:\/\/coria.org\/ayuntamiento\/#\/schema\/person\/8bd589f0e13e8ae5aa06def7a599d622","name":"ayuntamiento","image":{"@type":"ImageObject","inLanguage":"es","@id":"https:\/\/secure.gravatar.com\/avatar\/966e5ed73cad334adda5c87f49f2547f7082f7292c1b627cbb548744383b391c?s=96&d=mm&r=g","url":"https:\/\/secure.gravatar.com\/avatar\/966e5ed73cad334adda5c87f49f2547f7082f7292c1b627cbb548744383b391c?s=96&d=mm&r=g","contentUrl":"https:\/\/secure.gravatar.com\/avatar\/966e5ed73cad334adda5c87f49f2547f7082f7292c1b627cbb548744383b391c?s=96&d=mm&r=g","caption":"ayuntamiento"}}]}},"uagb_featured_image_src":{"full":["https:\/\/coria.org\/ayuntamiento\/wp-content\/uploads\/2022\/03\/image-42.jpeg",285,320,false],"thumbnail":["https:\/\/coria.org\/ayuntamiento\/wp-content\/uploads\/2022\/03\/image-42-150x150.jpeg",150,150,true],"medium":["https:\/\/coria.org\/ayuntamiento\/wp-content\/uploads\/2022\/03\/image-42-267x300.jpeg",267,300,true],"medium_large":["https:\/\/coria.org\/ayuntamiento\/wp-content\/uploads\/2022\/03\/image-42.jpeg",285,320,false],"large":["https:\/\/coria.org\/ayuntamiento\/wp-content\/uploads\/2022\/03\/image-42.jpeg",285,320,false],"thumblist":["https:\/\/coria.org\/ayuntamiento\/wp-content\/uploads\/2022\/03\/image-42.jpeg",267,300,false],"thumbrelated":["https:\/\/coria.org\/ayuntamiento\/wp-content\/uploads\/2022\/03\/image-42.jpeg",285,320,false],"meccarouselthumb":["https:\/\/coria.org\/ayuntamiento\/wp-content\/uploads\/2022\/03\/image-42.jpeg",285,320,false],"gridsquare":["https:\/\/coria.org\/ayuntamiento\/wp-content\/uploads\/2022\/03\/image-42.jpeg",232,260,false],"tileview":["https:\/\/coria.org\/ayuntamiento\/wp-content\/uploads\/2022\/03\/image-42.jpeg",285,320,false],"1536x1536":["https:\/\/coria.org\/ayuntamiento\/wp-content\/uploads\/2022\/03\/image-42.jpeg",285,320,false],"2048x2048":["https:\/\/coria.org\/ayuntamiento\/wp-content\/uploads\/2022\/03\/image-42.jpeg",285,320,false]},"uagb_author_info":{"display_name":"ayuntamiento","author_link":"https:\/\/coria.org\/ayuntamiento\/index.php\/author\/ayuntamiento\/"},"uagb_comment_info":0,"uagb_excerpt":"Un total de cuarenta participantes se dieron cita el pasado s\u00e1bado en la III Ruta nocturna \u00abLuna Zapatona\u00bb organizada por el Club Zapatones Running de la ciudad de Coria. Una actividad deportiva, l\u00fadica y no competitiva que ten\u00eda un objetivo solidario, recaudar material y alimentos para C\u00e1ritas Interparroquial. Seg\u00fan el Presidente del colectivo, \u00c1ngel Mart\u00edn,&hellip;","_links":{"self":[{"href":"https:\/\/coria.org\/ayuntamiento\/index.php\/wp-json\/wp\/v2\/posts\/25241","targetHints":{"allow":["GET"]}}],"collection":[{"href":"https:\/\/coria.org\/ayuntamiento\/index.php\/wp-json\/wp\/v2\/posts"}],"about":[{"href":"https:\/\/coria.org\/ayuntamiento\/index.php\/wp-json\/wp\/v2\/types\/post"}],"author":[{"embeddable":true,"href":"https:\/\/coria.org\/ayuntamiento\/index.php\/wp-json\/wp\/v2\/users\/2"}],"replies":[{"embeddable":true,"href":"https:\/\/coria.org\/ayuntamiento\/index.php\/wp-json\/wp\/v2\/comments?post=25241"}],"version-history":[{"count":0,"href":"https:\/\/coria.org\/ayuntamiento\/index.php\/wp-json\/wp\/v2\/posts\/25241\/revisions"}],"wp:featuredmedia":[{"embeddable":true,"href":"https:\/\/coria.org\/ayuntamiento\/index.php\/wp-json\/wp\/v2\/media\/29591"}],"wp:attachment":[{"href":"https:\/\/coria.org\/ayuntamiento\/index.php\/wp-json\/wp\/v2\/media?parent=25241"}],"wp:term":[{"taxonomy":"category","embeddable":true,"href":"https:\/\/coria.org\/ayuntamiento\/index.php\/wp-json\/wp\/v2\/categories?post=25241"},{"taxonomy":"post_tag","embeddable":true,"href":"https:\/\/coria.org\/ayuntamiento\/index.php\/wp-json\/wp\/v2\/tags?post=25241"}],"curies":[{"name":"wp","href":"https:\/\/api.w.org\/{rel}","templated":true}]}}