{"id":25230,"date":"2016-09-01T00:00:00","date_gmt":"2016-09-01T00:00:00","guid":{"rendered":"https:\/\/ayuntamiento.coriaenimagenes.com\/ballestero-no-vamos-a-consentir-que-el-dinero-del-plan-activa-se-desvie-a-obras-que-son-competencia-de-la-junta\/"},"modified":"2023-09-18T12:37:28","modified_gmt":"2023-09-18T10:37:28","slug":"ballestero-no-vamos-a-consentir-que-el-dinero-del-plan-activa-se-desvie-a-obras-que-son-competencia-de-la-junta","status":"publish","type":"post","link":"https:\/\/coria.org\/ayuntamiento\/index.php\/2016\/09\/01\/ballestero-no-vamos-a-consentir-que-el-dinero-del-plan-activa-se-desvie-a-obras-que-son-competencia-de-la-junta\/","title":{"rendered":"Ballestero: no vamos a consentir que el dinero del PlanActiva se desv\u00ede a obras que no son competencia de la Junta"},"content":{"rendered":"\n<p><b>El Plan Activa 2017\/18 que recibir\u00e1 la ciudad de Coria por parte de Diputaci\u00f3n Provincial de C\u00e1ceres, se destinar\u00e1 a inversiones que son competencia del Ayuntamiento no a competencias de la Junta de Extremadura<\/b><\/p>\n\n<figure class=\"wp-block-post-featured-image\"><img loading=\"lazy\" decoding=\"async\" width=\"800\" height=\"450\" src=\"https:\/\/coria.org\/ayuntamiento\/wp-content\/uploads\/2022\/03\/image-31.jpeg\" class=\"attachment-post-thumbnail size-post-thumbnail wp-post-image\" alt=\"\" style=\"object-fit:cover;\" srcset=\"https:\/\/coria.org\/ayuntamiento\/wp-content\/uploads\/2022\/03\/image-31.jpeg 800w, https:\/\/coria.org\/ayuntamiento\/wp-content\/uploads\/2022\/03\/image-31-300x169.jpeg 300w, https:\/\/coria.org\/ayuntamiento\/wp-content\/uploads\/2022\/03\/image-31-768x432.jpeg 768w\" sizes=\"auto, (max-width: 800px) 100vw, 800px\" \/><\/figure>\n\n<div>\n<p><span style=\"font-family: verdana, arial, helvetica, sans-serif;\">El Alcalde de Coria, Jos\u00e9 Manuel Garc\u00eda Ballestero junto al equipo de gobierno ha dado esta ma\u00f1ana una rueda de prensa en el Ayuntamiento para contestar al portavoz del Grupo Socialista cauriense en relaci\u00f3n a la iniciativa que ha presentado \u00e9ste ante el Ayuntamiento el pasado 26 de agosto en referencia al Plan Activa de la Diputaci\u00f3n Provincial de C\u00e1ceres.<\/span><\/p>\n<p>&nbsp;<\/p>\n<\/div>\n\n\n<div><span style=\"font-family: verdana, arial, helvetica, sans-serif;\">&nbsp;<\/span><\/div>\n\n\n<div><span style=\"font-family: verdana, arial, helvetica, sans-serif;\">En concreto, el grupo municipal socialista ha solicitado al equipo de gobierno local del PP que la inversi\u00f3n prevista procedente del Plan Activa 2017\/18 que se recibir\u00e1 pr\u00f3ximamente de la Diputaci\u00f3n Provincial de C\u00e1ceres se destine a finalizar las obras del futuro centro de d\u00eda, edificio que se ha levantado junto a la Residencia de Mayores y a la Estaci\u00f3n de Autobuses.<\/span><\/div>\n\n\n<div><span style=\"font-family: verdana, arial, helvetica, sans-serif;\">&nbsp;<\/span><\/div>\n\n\n<div><span style=\"font-family: verdana, arial, helvetica, sans-serif;\">Garc\u00eda Ballestero ha manifestado que dicha inversi\u00f3n asciende a 535.580 euros, los cuales ir\u00e1n destinados a infraestructuras que son competencia del Ayuntamiento, explicando que a los vecinos de Coria no se les va a privar de esas inversiones. Por otra parte, el primer edil ha afirmado que el Centro de D\u00eda es competencia la Junta de Extremadura, por ello, ha instado al Grupo Socialista y a la Junta a que este proyecto se incluya en el Plan de Infraestructuras Sanitarias que corresponde a dicha instituci\u00f3n.<\/span><\/div>\n\n\n<div><span style=\"font-family: verdana, arial, helvetica, sans-serif;\">&nbsp;<\/span><\/div>\n\n\n<div><span style=\"font-family: verdana, arial, helvetica, sans-serif;\">Por otro lado, ha a\u00f1adido que le preocupa que a los ciudadanos de Coria se les recorte en estas inversiones y afirma que el Ayuntamiento cauriense ha sufrido un recorte de m\u00e1s de 45.000 euros en esta partida correspondiente a 2017\/18.<\/span><\/div>\n\n\n<div><span style=\"font-family: verdana, arial, helvetica, sans-serif;\">&nbsp;<\/span><\/div>\n\n\n<div><span style=\"font-family: verdana, arial, helvetica, sans-serif;\">Para finalizar, Ballestero ha reiterado que no van a consentir que se desv\u00ede ese dinero, refiri\u00e9ndose al Plan Activa, a una obra que no es competencia del Ayuntamiento y que costar\u00eda miles de euros al a\u00f1o, algo que el consistorio no podr\u00eda permitirse.<\/span><\/div>\n\n\n<div><span style=\"font-family: verdana, arial, helvetica, sans-serif;\">&nbsp;<\/span><\/div>\n\n\n<div><span style=\"font-family: verdana, arial, helvetica, sans-serif;\"><strong>Proyecto del nuevo Pabell\u00f3n Municipal<\/strong><\/span><\/div>\n\n\n<div><span style=\"font-family: verdana, arial, helvetica, sans-serif;\">&nbsp;<\/span><\/div>\n\n\n<div><span style=\"font-family: verdana, arial, helvetica, sans-serif;\">El primer edil ha finalizado la intervenci\u00f3n mostrando su preocupaci\u00f3n por el proyecto del nuevo Pabell\u00f3n de Deportes. Ha dicho \u00abque la Junta de Extremadura ha cerrado ya sus presupuestos anuales en el mes de agosto, eso quiere decir que el proyecto del Pabell\u00f3n de Deportes puede correr riesgos y que no llegue la inversi\u00f3n que se necesita. Queremos una explicaci\u00f3n por parte de la Direcci\u00f3n General de Deportes de la Junta de Extremadura y para ello estamos pendientes de mantener reuniones con la Directora General de Deportes, Conchi Bellor\u00edn\u00bb, ha aseverado.<\/span><\/div>\n\n\n<p><iframe loading=\"lazy\" src=\"https:\/\/www.youtube.com\/embed\/yHW137EwHIw\" width=\"800\" height=\"450\" frameborder=\"0\" allowfullscreen=\"allowfullscreen\"><\/iframe><\/p>\n","protected":false},"excerpt":{"rendered":"<p>El Plan Activa 2017\/18 que recibir\u00e1 la ciudad de Coria por parte de Diputaci\u00f3n Provincial de C\u00e1ceres, se destinar\u00e1 a inversiones que son competencia del Ayuntamiento no a competencias de la Junta de Extremadura El Alcalde de Coria, Jos\u00e9 Manuel Garc\u00eda Ballestero junto al equipo de gobierno ha dado esta ma\u00f1ana una rueda de prensa [&hellip;]<\/p>\n","protected":false},"author":2,"featured_media":29558,"comment_status":"closed","ping_status":"closed","sticky":false,"template":"","format":"standard","meta":{"_uag_custom_page_level_css":"","footnotes":""},"categories":[2],"tags":[3,4],"class_list":["post-25230","post","type-post","status-publish","format-standard","has-post-thumbnail","hentry","category-noticias","tag-coria","tag-extremadura"],"yoast_head":"<!-- This site is optimized with the Yoast SEO plugin v27.4 - https:\/\/yoast.com\/product\/yoast-seo-wordpress\/ -->\n<title>Ballestero: no vamos a consentir que el dinero del PlanActiva se desv\u00ede a obras que no son competencia de la Junta - Ayuntamiento de Coria<\/title>\n<meta name=\"robots\" content=\"index, follow, max-snippet:-1, max-image-preview:large, max-video-preview:-1\" \/>\n<link rel=\"canonical\" href=\"https:\/\/coria.org\/ayuntamiento\/index.php\/2016\/09\/01\/ballestero-no-vamos-a-consentir-que-el-dinero-del-plan-activa-se-desvie-a-obras-que-son-competencia-de-la-junta\/\" \/>\n<meta property=\"og:locale\" content=\"es_ES\" \/>\n<meta property=\"og:type\" content=\"article\" \/>\n<meta property=\"og:title\" content=\"Ballestero: no vamos a consentir que el dinero del PlanActiva se desv\u00ede a obras que no son competencia de la Junta - Ayuntamiento de Coria\" \/>\n<meta property=\"og:description\" content=\"El Plan Activa 2017\/18 que recibir\u00e1 la ciudad de Coria por parte de Diputaci\u00f3n Provincial de C\u00e1ceres, se destinar\u00e1 a inversiones que son competencia del Ayuntamiento no a competencias de la Junta de Extremadura El Alcalde de Coria, Jos\u00e9 Manuel Garc\u00eda Ballestero junto al equipo de gobierno ha dado esta ma\u00f1ana una rueda de prensa [&hellip;]\" \/>\n<meta property=\"og:url\" content=\"https:\/\/coria.org\/ayuntamiento\/index.php\/2016\/09\/01\/ballestero-no-vamos-a-consentir-que-el-dinero-del-plan-activa-se-desvie-a-obras-que-son-competencia-de-la-junta\/\" \/>\n<meta property=\"og:site_name\" content=\"Ayuntamiento de Coria\" \/>\n<meta property=\"article:publisher\" content=\"https:\/\/www.facebook.com\/Ayuntamiento.de.Coria\" \/>\n<meta property=\"article:published_time\" content=\"2016-09-01T00:00:00+00:00\" \/>\n<meta property=\"article:modified_time\" content=\"2023-09-18T10:37:28+00:00\" \/>\n<meta property=\"og:image\" content=\"https:\/\/coria.org\/ayuntamiento\/wp-content\/uploads\/2022\/03\/image-31.jpeg\" \/>\n\t<meta property=\"og:image:width\" content=\"800\" \/>\n\t<meta property=\"og:image:height\" content=\"450\" \/>\n\t<meta property=\"og:image:type\" content=\"image\/jpeg\" \/>\n<meta name=\"author\" content=\"ayuntamiento\" \/>\n<meta name=\"twitter:card\" content=\"summary_large_image\" \/>\n<meta name=\"twitter:creator\" content=\"@Ayto_de_Coria\" \/>\n<meta name=\"twitter:site\" content=\"@Ayto_de_Coria\" \/>\n<meta name=\"twitter:label1\" content=\"Escrito por\" \/>\n\t<meta name=\"twitter:data1\" content=\"ayuntamiento\" \/>\n\t<meta name=\"twitter:label2\" content=\"Tiempo de lectura\" \/>\n\t<meta name=\"twitter:data2\" content=\"2 minutos\" \/>\n<script type=\"application\/ld+json\" class=\"yoast-schema-graph\">{\"@context\":\"https:\\\/\\\/schema.org\",\"@graph\":[{\"@type\":\"Article\",\"@id\":\"https:\\\/\\\/coria.org\\\/ayuntamiento\\\/index.php\\\/2016\\\/09\\\/01\\\/ballestero-no-vamos-a-consentir-que-el-dinero-del-plan-activa-se-desvie-a-obras-que-son-competencia-de-la-junta\\\/#article\",\"isPartOf\":{\"@id\":\"https:\\\/\\\/coria.org\\\/ayuntamiento\\\/index.php\\\/2016\\\/09\\\/01\\\/ballestero-no-vamos-a-consentir-que-el-dinero-del-plan-activa-se-desvie-a-obras-que-son-competencia-de-la-junta\\\/\"},\"author\":{\"name\":\"ayuntamiento\",\"@id\":\"https:\\\/\\\/coria.org\\\/ayuntamiento\\\/#\\\/schema\\\/person\\\/8bd589f0e13e8ae5aa06def7a599d622\"},\"headline\":\"Ballestero: no vamos a consentir que el dinero del PlanActiva se desv\u00ede a obras que no son competencia de la Junta\",\"datePublished\":\"2016-09-01T00:00:00+00:00\",\"dateModified\":\"2023-09-18T10:37:28+00:00\",\"mainEntityOfPage\":{\"@id\":\"https:\\\/\\\/coria.org\\\/ayuntamiento\\\/index.php\\\/2016\\\/09\\\/01\\\/ballestero-no-vamos-a-consentir-que-el-dinero-del-plan-activa-se-desvie-a-obras-que-son-competencia-de-la-junta\\\/\"},\"wordCount\":479,\"publisher\":{\"@id\":\"https:\\\/\\\/coria.org\\\/ayuntamiento\\\/#organization\"},\"image\":{\"@id\":\"https:\\\/\\\/coria.org\\\/ayuntamiento\\\/index.php\\\/2016\\\/09\\\/01\\\/ballestero-no-vamos-a-consentir-que-el-dinero-del-plan-activa-se-desvie-a-obras-que-son-competencia-de-la-junta\\\/#primaryimage\"},\"thumbnailUrl\":\"https:\\\/\\\/coria.org\\\/ayuntamiento\\\/wp-content\\\/uploads\\\/2022\\\/03\\\/image-31.jpeg\",\"keywords\":[\"coria\",\"extremadura\"],\"articleSection\":[\"Noticias\"],\"inLanguage\":\"es\"},{\"@type\":\"WebPage\",\"@id\":\"https:\\\/\\\/coria.org\\\/ayuntamiento\\\/index.php\\\/2016\\\/09\\\/01\\\/ballestero-no-vamos-a-consentir-que-el-dinero-del-plan-activa-se-desvie-a-obras-que-son-competencia-de-la-junta\\\/\",\"url\":\"https:\\\/\\\/coria.org\\\/ayuntamiento\\\/index.php\\\/2016\\\/09\\\/01\\\/ballestero-no-vamos-a-consentir-que-el-dinero-del-plan-activa-se-desvie-a-obras-que-son-competencia-de-la-junta\\\/\",\"name\":\"Ballestero: no vamos a consentir que el dinero del PlanActiva se desv\u00ede a obras que no son competencia de la Junta - Ayuntamiento de Coria\",\"isPartOf\":{\"@id\":\"https:\\\/\\\/coria.org\\\/ayuntamiento\\\/#website\"},\"primaryImageOfPage\":{\"@id\":\"https:\\\/\\\/coria.org\\\/ayuntamiento\\\/index.php\\\/2016\\\/09\\\/01\\\/ballestero-no-vamos-a-consentir-que-el-dinero-del-plan-activa-se-desvie-a-obras-que-son-competencia-de-la-junta\\\/#primaryimage\"},\"image\":{\"@id\":\"https:\\\/\\\/coria.org\\\/ayuntamiento\\\/index.php\\\/2016\\\/09\\\/01\\\/ballestero-no-vamos-a-consentir-que-el-dinero-del-plan-activa-se-desvie-a-obras-que-son-competencia-de-la-junta\\\/#primaryimage\"},\"thumbnailUrl\":\"https:\\\/\\\/coria.org\\\/ayuntamiento\\\/wp-content\\\/uploads\\\/2022\\\/03\\\/image-31.jpeg\",\"datePublished\":\"2016-09-01T00:00:00+00:00\",\"dateModified\":\"2023-09-18T10:37:28+00:00\",\"breadcrumb\":{\"@id\":\"https:\\\/\\\/coria.org\\\/ayuntamiento\\\/index.php\\\/2016\\\/09\\\/01\\\/ballestero-no-vamos-a-consentir-que-el-dinero-del-plan-activa-se-desvie-a-obras-que-son-competencia-de-la-junta\\\/#breadcrumb\"},\"inLanguage\":\"es\",\"potentialAction\":[{\"@type\":\"ReadAction\",\"target\":[\"https:\\\/\\\/coria.org\\\/ayuntamiento\\\/index.php\\\/2016\\\/09\\\/01\\\/ballestero-no-vamos-a-consentir-que-el-dinero-del-plan-activa-se-desvie-a-obras-que-son-competencia-de-la-junta\\\/\"]}]},{\"@type\":\"ImageObject\",\"inLanguage\":\"es\",\"@id\":\"https:\\\/\\\/coria.org\\\/ayuntamiento\\\/index.php\\\/2016\\\/09\\\/01\\\/ballestero-no-vamos-a-consentir-que-el-dinero-del-plan-activa-se-desvie-a-obras-que-son-competencia-de-la-junta\\\/#primaryimage\",\"url\":\"https:\\\/\\\/coria.org\\\/ayuntamiento\\\/wp-content\\\/uploads\\\/2022\\\/03\\\/image-31.jpeg\",\"contentUrl\":\"https:\\\/\\\/coria.org\\\/ayuntamiento\\\/wp-content\\\/uploads\\\/2022\\\/03\\\/image-31.jpeg\",\"width\":800,\"height\":450},{\"@type\":\"BreadcrumbList\",\"@id\":\"https:\\\/\\\/coria.org\\\/ayuntamiento\\\/index.php\\\/2016\\\/09\\\/01\\\/ballestero-no-vamos-a-consentir-que-el-dinero-del-plan-activa-se-desvie-a-obras-que-son-competencia-de-la-junta\\\/#breadcrumb\",\"itemListElement\":[{\"@type\":\"ListItem\",\"position\":1,\"name\":\"Inicio\",\"item\":\"https:\\\/\\\/coria.org\\\/ayuntamiento\\\/\"},{\"@type\":\"ListItem\",\"position\":2,\"name\":\"Ballestero: no vamos a consentir que el dinero del PlanActiva se desv\u00ede a obras que no son competencia de la Junta\"}]},{\"@type\":\"WebSite\",\"@id\":\"https:\\\/\\\/coria.org\\\/ayuntamiento\\\/#website\",\"url\":\"https:\\\/\\\/coria.org\\\/ayuntamiento\\\/\",\"name\":\"Ayuntamiento de Coria\",\"description\":\"Web oficial del Ayuntamiento de Coria\",\"publisher\":{\"@id\":\"https:\\\/\\\/coria.org\\\/ayuntamiento\\\/#organization\"},\"alternateName\":\"Web Oficial del Ayuntamiento de Coria\",\"potentialAction\":[{\"@type\":\"SearchAction\",\"target\":{\"@type\":\"EntryPoint\",\"urlTemplate\":\"https:\\\/\\\/coria.org\\\/ayuntamiento\\\/?s={search_term_string}\"},\"query-input\":{\"@type\":\"PropertyValueSpecification\",\"valueRequired\":true,\"valueName\":\"search_term_string\"}}],\"inLanguage\":\"es\"},{\"@type\":\"Organization\",\"@id\":\"https:\\\/\\\/coria.org\\\/ayuntamiento\\\/#organization\",\"name\":\"Ayuntamiento de Coria\",\"alternateName\":\"Ayto de Coria\",\"url\":\"https:\\\/\\\/coria.org\\\/ayuntamiento\\\/\",\"logo\":{\"@type\":\"ImageObject\",\"inLanguage\":\"es\",\"@id\":\"https:\\\/\\\/coria.org\\\/ayuntamiento\\\/#\\\/schema\\\/logo\\\/image\\\/\",\"url\":\"https:\\\/\\\/coria.org\\\/ayuntamiento\\\/wp-content\\\/uploads\\\/2020\\\/12\\\/escudo-ayuntamiento-coria.png\",\"contentUrl\":\"https:\\\/\\\/coria.org\\\/ayuntamiento\\\/wp-content\\\/uploads\\\/2020\\\/12\\\/escudo-ayuntamiento-coria.png\",\"width\":511,\"height\":240,\"caption\":\"Ayuntamiento de Coria\"},\"image\":{\"@id\":\"https:\\\/\\\/coria.org\\\/ayuntamiento\\\/#\\\/schema\\\/logo\\\/image\\\/\"},\"sameAs\":[\"https:\\\/\\\/www.facebook.com\\\/Ayuntamiento.de.Coria\",\"https:\\\/\\\/x.com\\\/Ayto_de_Coria\",\"https:\\\/\\\/www.instagram.com\\\/coria.ayuntamiento\\\/\",\"https:\\\/\\\/www.youtube.com\\\/user\\\/AYUNTAMIENTOCORIA\"]},{\"@type\":\"Person\",\"@id\":\"https:\\\/\\\/coria.org\\\/ayuntamiento\\\/#\\\/schema\\\/person\\\/8bd589f0e13e8ae5aa06def7a599d622\",\"name\":\"ayuntamiento\",\"image\":{\"@type\":\"ImageObject\",\"inLanguage\":\"es\",\"@id\":\"https:\\\/\\\/secure.gravatar.com\\\/avatar\\\/966e5ed73cad334adda5c87f49f2547f7082f7292c1b627cbb548744383b391c?s=96&d=mm&r=g\",\"url\":\"https:\\\/\\\/secure.gravatar.com\\\/avatar\\\/966e5ed73cad334adda5c87f49f2547f7082f7292c1b627cbb548744383b391c?s=96&d=mm&r=g\",\"contentUrl\":\"https:\\\/\\\/secure.gravatar.com\\\/avatar\\\/966e5ed73cad334adda5c87f49f2547f7082f7292c1b627cbb548744383b391c?s=96&d=mm&r=g\",\"caption\":\"ayuntamiento\"}}]}<\/script>\n<!-- \/ Yoast SEO plugin. -->","yoast_head_json":{"title":"Ballestero: no vamos a consentir que el dinero del PlanActiva se desv\u00ede a obras que no son competencia de la Junta - Ayuntamiento de Coria","robots":{"index":"index","follow":"follow","max-snippet":"max-snippet:-1","max-image-preview":"max-image-preview:large","max-video-preview":"max-video-preview:-1"},"canonical":"https:\/\/coria.org\/ayuntamiento\/index.php\/2016\/09\/01\/ballestero-no-vamos-a-consentir-que-el-dinero-del-plan-activa-se-desvie-a-obras-que-son-competencia-de-la-junta\/","og_locale":"es_ES","og_type":"article","og_title":"Ballestero: no vamos a consentir que el dinero del PlanActiva se desv\u00ede a obras que no son competencia de la Junta - Ayuntamiento de Coria","og_description":"El Plan Activa 2017\/18 que recibir\u00e1 la ciudad de Coria por parte de Diputaci\u00f3n Provincial de C\u00e1ceres, se destinar\u00e1 a inversiones que son competencia del Ayuntamiento no a competencias de la Junta de Extremadura El Alcalde de Coria, Jos\u00e9 Manuel Garc\u00eda Ballestero junto al equipo de gobierno ha dado esta ma\u00f1ana una rueda de prensa [&hellip;]","og_url":"https:\/\/coria.org\/ayuntamiento\/index.php\/2016\/09\/01\/ballestero-no-vamos-a-consentir-que-el-dinero-del-plan-activa-se-desvie-a-obras-que-son-competencia-de-la-junta\/","og_site_name":"Ayuntamiento de Coria","article_publisher":"https:\/\/www.facebook.com\/Ayuntamiento.de.Coria","article_published_time":"2016-09-01T00:00:00+00:00","article_modified_time":"2023-09-18T10:37:28+00:00","og_image":[{"width":800,"height":450,"url":"https:\/\/coria.org\/ayuntamiento\/wp-content\/uploads\/2022\/03\/image-31.jpeg","type":"image\/jpeg"}],"author":"ayuntamiento","twitter_card":"summary_large_image","twitter_creator":"@Ayto_de_Coria","twitter_site":"@Ayto_de_Coria","twitter_misc":{"Escrito por":"ayuntamiento","Tiempo de lectura":"2 minutos"},"schema":{"@context":"https:\/\/schema.org","@graph":[{"@type":"Article","@id":"https:\/\/coria.org\/ayuntamiento\/index.php\/2016\/09\/01\/ballestero-no-vamos-a-consentir-que-el-dinero-del-plan-activa-se-desvie-a-obras-que-son-competencia-de-la-junta\/#article","isPartOf":{"@id":"https:\/\/coria.org\/ayuntamiento\/index.php\/2016\/09\/01\/ballestero-no-vamos-a-consentir-que-el-dinero-del-plan-activa-se-desvie-a-obras-que-son-competencia-de-la-junta\/"},"author":{"name":"ayuntamiento","@id":"https:\/\/coria.org\/ayuntamiento\/#\/schema\/person\/8bd589f0e13e8ae5aa06def7a599d622"},"headline":"Ballestero: no vamos a consentir que el dinero del PlanActiva se desv\u00ede a obras que no son competencia de la Junta","datePublished":"2016-09-01T00:00:00+00:00","dateModified":"2023-09-18T10:37:28+00:00","mainEntityOfPage":{"@id":"https:\/\/coria.org\/ayuntamiento\/index.php\/2016\/09\/01\/ballestero-no-vamos-a-consentir-que-el-dinero-del-plan-activa-se-desvie-a-obras-que-son-competencia-de-la-junta\/"},"wordCount":479,"publisher":{"@id":"https:\/\/coria.org\/ayuntamiento\/#organization"},"image":{"@id":"https:\/\/coria.org\/ayuntamiento\/index.php\/2016\/09\/01\/ballestero-no-vamos-a-consentir-que-el-dinero-del-plan-activa-se-desvie-a-obras-que-son-competencia-de-la-junta\/#primaryimage"},"thumbnailUrl":"https:\/\/coria.org\/ayuntamiento\/wp-content\/uploads\/2022\/03\/image-31.jpeg","keywords":["coria","extremadura"],"articleSection":["Noticias"],"inLanguage":"es"},{"@type":"WebPage","@id":"https:\/\/coria.org\/ayuntamiento\/index.php\/2016\/09\/01\/ballestero-no-vamos-a-consentir-que-el-dinero-del-plan-activa-se-desvie-a-obras-que-son-competencia-de-la-junta\/","url":"https:\/\/coria.org\/ayuntamiento\/index.php\/2016\/09\/01\/ballestero-no-vamos-a-consentir-que-el-dinero-del-plan-activa-se-desvie-a-obras-que-son-competencia-de-la-junta\/","name":"Ballestero: no vamos a consentir que el dinero del PlanActiva se desv\u00ede a obras que no son competencia de la Junta - Ayuntamiento de Coria","isPartOf":{"@id":"https:\/\/coria.org\/ayuntamiento\/#website"},"primaryImageOfPage":{"@id":"https:\/\/coria.org\/ayuntamiento\/index.php\/2016\/09\/01\/ballestero-no-vamos-a-consentir-que-el-dinero-del-plan-activa-se-desvie-a-obras-que-son-competencia-de-la-junta\/#primaryimage"},"image":{"@id":"https:\/\/coria.org\/ayuntamiento\/index.php\/2016\/09\/01\/ballestero-no-vamos-a-consentir-que-el-dinero-del-plan-activa-se-desvie-a-obras-que-son-competencia-de-la-junta\/#primaryimage"},"thumbnailUrl":"https:\/\/coria.org\/ayuntamiento\/wp-content\/uploads\/2022\/03\/image-31.jpeg","datePublished":"2016-09-01T00:00:00+00:00","dateModified":"2023-09-18T10:37:28+00:00","breadcrumb":{"@id":"https:\/\/coria.org\/ayuntamiento\/index.php\/2016\/09\/01\/ballestero-no-vamos-a-consentir-que-el-dinero-del-plan-activa-se-desvie-a-obras-que-son-competencia-de-la-junta\/#breadcrumb"},"inLanguage":"es","potentialAction":[{"@type":"ReadAction","target":["https:\/\/coria.org\/ayuntamiento\/index.php\/2016\/09\/01\/ballestero-no-vamos-a-consentir-que-el-dinero-del-plan-activa-se-desvie-a-obras-que-son-competencia-de-la-junta\/"]}]},{"@type":"ImageObject","inLanguage":"es","@id":"https:\/\/coria.org\/ayuntamiento\/index.php\/2016\/09\/01\/ballestero-no-vamos-a-consentir-que-el-dinero-del-plan-activa-se-desvie-a-obras-que-son-competencia-de-la-junta\/#primaryimage","url":"https:\/\/coria.org\/ayuntamiento\/wp-content\/uploads\/2022\/03\/image-31.jpeg","contentUrl":"https:\/\/coria.org\/ayuntamiento\/wp-content\/uploads\/2022\/03\/image-31.jpeg","width":800,"height":450},{"@type":"BreadcrumbList","@id":"https:\/\/coria.org\/ayuntamiento\/index.php\/2016\/09\/01\/ballestero-no-vamos-a-consentir-que-el-dinero-del-plan-activa-se-desvie-a-obras-que-son-competencia-de-la-junta\/#breadcrumb","itemListElement":[{"@type":"ListItem","position":1,"name":"Inicio","item":"https:\/\/coria.org\/ayuntamiento\/"},{"@type":"ListItem","position":2,"name":"Ballestero: no vamos a consentir que el dinero del PlanActiva se desv\u00ede a obras que no son competencia de la Junta"}]},{"@type":"WebSite","@id":"https:\/\/coria.org\/ayuntamiento\/#website","url":"https:\/\/coria.org\/ayuntamiento\/","name":"Ayuntamiento de Coria","description":"Web oficial del Ayuntamiento de Coria","publisher":{"@id":"https:\/\/coria.org\/ayuntamiento\/#organization"},"alternateName":"Web Oficial del Ayuntamiento de Coria","potentialAction":[{"@type":"SearchAction","target":{"@type":"EntryPoint","urlTemplate":"https:\/\/coria.org\/ayuntamiento\/?s={search_term_string}"},"query-input":{"@type":"PropertyValueSpecification","valueRequired":true,"valueName":"search_term_string"}}],"inLanguage":"es"},{"@type":"Organization","@id":"https:\/\/coria.org\/ayuntamiento\/#organization","name":"Ayuntamiento de Coria","alternateName":"Ayto de Coria","url":"https:\/\/coria.org\/ayuntamiento\/","logo":{"@type":"ImageObject","inLanguage":"es","@id":"https:\/\/coria.org\/ayuntamiento\/#\/schema\/logo\/image\/","url":"https:\/\/coria.org\/ayuntamiento\/wp-content\/uploads\/2020\/12\/escudo-ayuntamiento-coria.png","contentUrl":"https:\/\/coria.org\/ayuntamiento\/wp-content\/uploads\/2020\/12\/escudo-ayuntamiento-coria.png","width":511,"height":240,"caption":"Ayuntamiento de Coria"},"image":{"@id":"https:\/\/coria.org\/ayuntamiento\/#\/schema\/logo\/image\/"},"sameAs":["https:\/\/www.facebook.com\/Ayuntamiento.de.Coria","https:\/\/x.com\/Ayto_de_Coria","https:\/\/www.instagram.com\/coria.ayuntamiento\/","https:\/\/www.youtube.com\/user\/AYUNTAMIENTOCORIA"]},{"@type":"Person","@id":"https:\/\/coria.org\/ayuntamiento\/#\/schema\/person\/8bd589f0e13e8ae5aa06def7a599d622","name":"ayuntamiento","image":{"@type":"ImageObject","inLanguage":"es","@id":"https:\/\/secure.gravatar.com\/avatar\/966e5ed73cad334adda5c87f49f2547f7082f7292c1b627cbb548744383b391c?s=96&d=mm&r=g","url":"https:\/\/secure.gravatar.com\/avatar\/966e5ed73cad334adda5c87f49f2547f7082f7292c1b627cbb548744383b391c?s=96&d=mm&r=g","contentUrl":"https:\/\/secure.gravatar.com\/avatar\/966e5ed73cad334adda5c87f49f2547f7082f7292c1b627cbb548744383b391c?s=96&d=mm&r=g","caption":"ayuntamiento"}}]}},"uagb_featured_image_src":{"full":["https:\/\/coria.org\/ayuntamiento\/wp-content\/uploads\/2022\/03\/image-31.jpeg",800,450,false],"thumbnail":["https:\/\/coria.org\/ayuntamiento\/wp-content\/uploads\/2022\/03\/image-31-150x150.jpeg",150,150,true],"medium":["https:\/\/coria.org\/ayuntamiento\/wp-content\/uploads\/2022\/03\/image-31-300x169.jpeg",300,169,true],"medium_large":["https:\/\/coria.org\/ayuntamiento\/wp-content\/uploads\/2022\/03\/image-31-768x432.jpeg",768,432,true],"large":["https:\/\/coria.org\/ayuntamiento\/wp-content\/uploads\/2022\/03\/image-31.jpeg",800,450,false],"thumblist":["https:\/\/coria.org\/ayuntamiento\/wp-content\/uploads\/2022\/03\/image-31.jpeg",300,169,false],"thumbrelated":["https:\/\/coria.org\/ayuntamiento\/wp-content\/uploads\/2022\/03\/image-31.jpeg",500,281,false],"meccarouselthumb":["https:\/\/coria.org\/ayuntamiento\/wp-content\/uploads\/2022\/03\/image-31.jpeg",474,267,false],"gridsquare":["https:\/\/coria.org\/ayuntamiento\/wp-content\/uploads\/2022\/03\/image-31.jpeg",391,220,false],"tileview":["https:\/\/coria.org\/ayuntamiento\/wp-content\/uploads\/2022\/03\/image-31.jpeg",300,169,false],"1536x1536":["https:\/\/coria.org\/ayuntamiento\/wp-content\/uploads\/2022\/03\/image-31.jpeg",800,450,false],"2048x2048":["https:\/\/coria.org\/ayuntamiento\/wp-content\/uploads\/2022\/03\/image-31.jpeg",800,450,false]},"uagb_author_info":{"display_name":"ayuntamiento","author_link":"https:\/\/coria.org\/ayuntamiento\/index.php\/author\/ayuntamiento\/"},"uagb_comment_info":0,"uagb_excerpt":"El Plan Activa 2017\/18 que recibir\u00e1 la ciudad de Coria por parte de Diputaci\u00f3n Provincial de C\u00e1ceres, se destinar\u00e1 a inversiones que son competencia del Ayuntamiento no a competencias de la Junta de Extremadura El Alcalde de Coria, Jos\u00e9 Manuel Garc\u00eda Ballestero junto al equipo de gobierno ha dado esta ma\u00f1ana una rueda de prensa&hellip;","_links":{"self":[{"href":"https:\/\/coria.org\/ayuntamiento\/index.php\/wp-json\/wp\/v2\/posts\/25230","targetHints":{"allow":["GET"]}}],"collection":[{"href":"https:\/\/coria.org\/ayuntamiento\/index.php\/wp-json\/wp\/v2\/posts"}],"about":[{"href":"https:\/\/coria.org\/ayuntamiento\/index.php\/wp-json\/wp\/v2\/types\/post"}],"author":[{"embeddable":true,"href":"https:\/\/coria.org\/ayuntamiento\/index.php\/wp-json\/wp\/v2\/users\/2"}],"replies":[{"embeddable":true,"href":"https:\/\/coria.org\/ayuntamiento\/index.php\/wp-json\/wp\/v2\/comments?post=25230"}],"version-history":[{"count":0,"href":"https:\/\/coria.org\/ayuntamiento\/index.php\/wp-json\/wp\/v2\/posts\/25230\/revisions"}],"wp:featuredmedia":[{"embeddable":true,"href":"https:\/\/coria.org\/ayuntamiento\/index.php\/wp-json\/wp\/v2\/media\/29558"}],"wp:attachment":[{"href":"https:\/\/coria.org\/ayuntamiento\/index.php\/wp-json\/wp\/v2\/media?parent=25230"}],"wp:term":[{"taxonomy":"category","embeddable":true,"href":"https:\/\/coria.org\/ayuntamiento\/index.php\/wp-json\/wp\/v2\/categories?post=25230"},{"taxonomy":"post_tag","embeddable":true,"href":"https:\/\/coria.org\/ayuntamiento\/index.php\/wp-json\/wp\/v2\/tags?post=25230"}],"curies":[{"name":"wp","href":"https:\/\/api.w.org\/{rel}","templated":true}]}}