{"id":25228,"date":"2016-09-02T00:00:00","date_gmt":"2016-09-02T00:00:00","guid":{"rendered":"https:\/\/ayuntamiento.coriaenimagenes.com\/la-pedania-de-rincon-del-obispo-celebra-el-dia-de-extremadura-con-diversas-actividades\/"},"modified":"2024-05-17T12:45:38","modified_gmt":"2024-05-17T10:45:38","slug":"la-pedania-de-rincon-del-obispo-celebra-el-dia-de-extremadura-con-diversas-actividades","status":"publish","type":"post","link":"https:\/\/coria.org\/ayuntamiento\/index.php\/2016\/09\/02\/la-pedania-de-rincon-del-obispo-celebra-el-dia-de-extremadura-con-diversas-actividades\/","title":{"rendered":"La pedan\u00eda de Rinc\u00f3n del Obispo celebra el d\u00eda de Extremadura con diversas actividades"},"content":{"rendered":"\n<p>La pedan\u00eda cauriense de Rinc\u00f3n del Obispo celebra el d\u00eda de Extremadura con diversas actividades para todos los vecinos y para aquellas personas que quieran acercarse.<\/p>\n\n\n\n<figure data-wp-context=\"{&quot;imageId&quot;:&quot;69ec5b5b2d1c0&quot;}\" data-wp-interactive=\"core\/image\" data-wp-key=\"69ec5b5b2d1c0\" class=\"wp-block-image alignleft size-full is-resized wp-lightbox-container\"><img loading=\"lazy\" decoding=\"async\" width=\"371\" height=\"500\" data-wp-class--hide=\"state.isContentHidden\" data-wp-class--show=\"state.isContentVisible\" data-wp-init=\"callbacks.setButtonStyles\" data-wp-on--click=\"actions.showLightbox\" data-wp-on--load=\"callbacks.setButtonStyles\" data-wp-on-window--resize=\"callbacks.setButtonStyles\" src=\"https:\/\/coria.org\/ayuntamiento\/wp-content\/uploads\/2022\/03\/image-30.jpeg\" alt=\"\" class=\"wp-image-29555\" style=\"width:267px;height:auto\" srcset=\"https:\/\/coria.org\/ayuntamiento\/wp-content\/uploads\/2022\/03\/image-30.jpeg 371w, https:\/\/coria.org\/ayuntamiento\/wp-content\/uploads\/2022\/03\/image-30-223x300.jpeg 223w\" sizes=\"auto, (max-width: 371px) 100vw, 371px\" \/><button\n\t\t\tclass=\"lightbox-trigger\"\n\t\t\ttype=\"button\"\n\t\t\taria-haspopup=\"dialog\"\n\t\t\taria-label=\"Agrandar\"\n\t\t\tdata-wp-init=\"callbacks.initTriggerButton\"\n\t\t\tdata-wp-on--click=\"actions.showLightbox\"\n\t\t\tdata-wp-style--right=\"state.imageButtonRight\"\n\t\t\tdata-wp-style--top=\"state.imageButtonTop\"\n\t\t>\n\t\t\t<svg xmlns=\"http:\/\/www.w3.org\/2000\/svg\" width=\"12\" height=\"12\" fill=\"none\" viewBox=\"0 0 12 12\">\n\t\t\t\t<path fill=\"#fff\" d=\"M2 0a2 2 0 0 0-2 2v2h1.5V2a.5.5 0 0 1 .5-.5h2V0H2Zm2 10.5H2a.5.5 0 0 1-.5-.5V8H0v2a2 2 0 0 0 2 2h2v-1.5ZM8 12v-1.5h2a.5.5 0 0 0 .5-.5V8H12v2a2 2 0 0 1-2 2H8Zm2-12a2 2 0 0 1 2 2v2h-1.5V2a.5.5 0 0 0-.5-.5H8V0h2Z\" \/>\n\t\t\t<\/svg>\n\t\t<\/button><\/figure>\n\n\n\n<p>\nEl d\u00eda comenzar\u00e1 con la celebraci\u00f3n de una Misa Extreme\u00f1a a las 12:00 horas en la Iglesia y seguidamente, al finalizar \u00e9sta alrededor de las 13:00 horas habr\u00e1 juegos populares y actividades acu\u00e1ticas para los m\u00e1s peque\u00f1os de la casa en la Plaza de Espa\u00f1a.\n<\/p>\n\n\n\n<p>\n&nbsp;\n<\/p>\n\n\n\n<p>\nPara finalizar la ma\u00f1ana, alrededor de las 14:30 horas habr\u00e1 una paella popular para los asistentes por un precio de 3 euros. Adem\u00e1s, se realizar\u00e1 un concurso de postres caseros abierto a todas las personas que deseen participar.\n<\/p>\n\n\n\n<p>\n&nbsp;\n<\/p>\n\n\n\n<p>\nEl Ayuntamiento de Coria y en particular el Alcalde Ped\u00e1neo de Rinc\u00f3n del Obispo, \u00c1lvaro Fern\u00e1ndez Blanco, invitan a todos los vecinos de la pedan\u00eda y visitantes a pasar un d\u00eda divertido y entretenido y as\u00ed conmemorar el D\u00eda de la comunidad.\n<\/p>\n\n\n\n<p>\n&nbsp;\n<\/p>\n\n\n\n<p>\nUna actividad que organiza el Excelent\u00edsimo Ayuntamiento de Coria con la colaboraci\u00f3n de las Asociaciones de Rinc\u00f3n del Obispo.\n<\/p>\n","protected":false},"excerpt":{"rendered":"<p>La pedan\u00eda cauriense de Rinc\u00f3n del Obispo celebra el d\u00eda de Extremadura con diversas actividades para todos los vecinos y para aquellas personas que quieran acercarse. El d\u00eda comenzar\u00e1 con la celebraci\u00f3n de una Misa Extreme\u00f1a a las 12:00 horas en la Iglesia y seguidamente, al finalizar \u00e9sta alrededor de las 13:00 horas habr\u00e1 juegos [&hellip;]<\/p>\n","protected":false},"author":2,"featured_media":29555,"comment_status":"closed","ping_status":"closed","sticky":false,"template":"","format":"standard","meta":{"_uag_custom_page_level_css":"","footnotes":""},"categories":[2],"tags":[3,4],"class_list":["post-25228","post","type-post","status-publish","format-standard","has-post-thumbnail","hentry","category-noticias","tag-coria","tag-extremadura"],"yoast_head":"<!-- This site is optimized with the Yoast SEO plugin v27.4 - https:\/\/yoast.com\/product\/yoast-seo-wordpress\/ -->\n<title>La pedan\u00eda de Rinc\u00f3n del Obispo celebra el d\u00eda de Extremadura con diversas actividades - Ayuntamiento de Coria<\/title>\n<meta name=\"robots\" content=\"index, follow, max-snippet:-1, max-image-preview:large, max-video-preview:-1\" \/>\n<link rel=\"canonical\" href=\"https:\/\/coria.org\/ayuntamiento\/index.php\/2016\/09\/02\/la-pedania-de-rincon-del-obispo-celebra-el-dia-de-extremadura-con-diversas-actividades\/\" \/>\n<meta property=\"og:locale\" content=\"es_ES\" \/>\n<meta property=\"og:type\" content=\"article\" \/>\n<meta property=\"og:title\" content=\"La pedan\u00eda de Rinc\u00f3n del Obispo celebra el d\u00eda de Extremadura con diversas actividades - Ayuntamiento de Coria\" \/>\n<meta property=\"og:description\" content=\"La pedan\u00eda cauriense de Rinc\u00f3n del Obispo celebra el d\u00eda de Extremadura con diversas actividades para todos los vecinos y para aquellas personas que quieran acercarse. El d\u00eda comenzar\u00e1 con la celebraci\u00f3n de una Misa Extreme\u00f1a a las 12:00 horas en la Iglesia y seguidamente, al finalizar \u00e9sta alrededor de las 13:00 horas habr\u00e1 juegos [&hellip;]\" \/>\n<meta property=\"og:url\" content=\"https:\/\/coria.org\/ayuntamiento\/index.php\/2016\/09\/02\/la-pedania-de-rincon-del-obispo-celebra-el-dia-de-extremadura-con-diversas-actividades\/\" \/>\n<meta property=\"og:site_name\" content=\"Ayuntamiento de Coria\" \/>\n<meta property=\"article:publisher\" content=\"https:\/\/www.facebook.com\/Ayuntamiento.de.Coria\" \/>\n<meta property=\"article:published_time\" content=\"2016-09-02T00:00:00+00:00\" \/>\n<meta property=\"article:modified_time\" content=\"2024-05-17T10:45:38+00:00\" \/>\n<meta property=\"og:image\" content=\"https:\/\/coria.org\/ayuntamiento\/wp-content\/uploads\/2022\/03\/image-30.jpeg\" \/>\n\t<meta property=\"og:image:width\" content=\"371\" \/>\n\t<meta property=\"og:image:height\" content=\"500\" \/>\n\t<meta property=\"og:image:type\" content=\"image\/jpeg\" \/>\n<meta name=\"author\" content=\"ayuntamiento\" \/>\n<meta name=\"twitter:card\" content=\"summary_large_image\" \/>\n<meta name=\"twitter:creator\" content=\"@Ayto_de_Coria\" \/>\n<meta name=\"twitter:site\" content=\"@Ayto_de_Coria\" \/>\n<meta name=\"twitter:label1\" content=\"Escrito por\" \/>\n\t<meta name=\"twitter:data1\" content=\"ayuntamiento\" \/>\n\t<meta name=\"twitter:label2\" content=\"Tiempo de lectura\" \/>\n\t<meta name=\"twitter:data2\" content=\"1 minuto\" \/>\n<script type=\"application\/ld+json\" class=\"yoast-schema-graph\">{\"@context\":\"https:\\\/\\\/schema.org\",\"@graph\":[{\"@type\":\"Article\",\"@id\":\"https:\\\/\\\/coria.org\\\/ayuntamiento\\\/index.php\\\/2016\\\/09\\\/02\\\/la-pedania-de-rincon-del-obispo-celebra-el-dia-de-extremadura-con-diversas-actividades\\\/#article\",\"isPartOf\":{\"@id\":\"https:\\\/\\\/coria.org\\\/ayuntamiento\\\/index.php\\\/2016\\\/09\\\/02\\\/la-pedania-de-rincon-del-obispo-celebra-el-dia-de-extremadura-con-diversas-actividades\\\/\"},\"author\":{\"name\":\"ayuntamiento\",\"@id\":\"https:\\\/\\\/coria.org\\\/ayuntamiento\\\/#\\\/schema\\\/person\\\/8bd589f0e13e8ae5aa06def7a599d622\"},\"headline\":\"La pedan\u00eda de Rinc\u00f3n del Obispo celebra el d\u00eda de Extremadura con diversas actividades\",\"datePublished\":\"2016-09-02T00:00:00+00:00\",\"dateModified\":\"2024-05-17T10:45:38+00:00\",\"mainEntityOfPage\":{\"@id\":\"https:\\\/\\\/coria.org\\\/ayuntamiento\\\/index.php\\\/2016\\\/09\\\/02\\\/la-pedania-de-rincon-del-obispo-celebra-el-dia-de-extremadura-con-diversas-actividades\\\/\"},\"wordCount\":207,\"publisher\":{\"@id\":\"https:\\\/\\\/coria.org\\\/ayuntamiento\\\/#organization\"},\"image\":{\"@id\":\"https:\\\/\\\/coria.org\\\/ayuntamiento\\\/index.php\\\/2016\\\/09\\\/02\\\/la-pedania-de-rincon-del-obispo-celebra-el-dia-de-extremadura-con-diversas-actividades\\\/#primaryimage\"},\"thumbnailUrl\":\"https:\\\/\\\/coria.org\\\/ayuntamiento\\\/wp-content\\\/uploads\\\/2022\\\/03\\\/image-30.jpeg\",\"keywords\":[\"coria\",\"extremadura\"],\"articleSection\":[\"Noticias\"],\"inLanguage\":\"es\"},{\"@type\":\"WebPage\",\"@id\":\"https:\\\/\\\/coria.org\\\/ayuntamiento\\\/index.php\\\/2016\\\/09\\\/02\\\/la-pedania-de-rincon-del-obispo-celebra-el-dia-de-extremadura-con-diversas-actividades\\\/\",\"url\":\"https:\\\/\\\/coria.org\\\/ayuntamiento\\\/index.php\\\/2016\\\/09\\\/02\\\/la-pedania-de-rincon-del-obispo-celebra-el-dia-de-extremadura-con-diversas-actividades\\\/\",\"name\":\"La pedan\u00eda de Rinc\u00f3n del Obispo celebra el d\u00eda de Extremadura con diversas actividades - Ayuntamiento de Coria\",\"isPartOf\":{\"@id\":\"https:\\\/\\\/coria.org\\\/ayuntamiento\\\/#website\"},\"primaryImageOfPage\":{\"@id\":\"https:\\\/\\\/coria.org\\\/ayuntamiento\\\/index.php\\\/2016\\\/09\\\/02\\\/la-pedania-de-rincon-del-obispo-celebra-el-dia-de-extremadura-con-diversas-actividades\\\/#primaryimage\"},\"image\":{\"@id\":\"https:\\\/\\\/coria.org\\\/ayuntamiento\\\/index.php\\\/2016\\\/09\\\/02\\\/la-pedania-de-rincon-del-obispo-celebra-el-dia-de-extremadura-con-diversas-actividades\\\/#primaryimage\"},\"thumbnailUrl\":\"https:\\\/\\\/coria.org\\\/ayuntamiento\\\/wp-content\\\/uploads\\\/2022\\\/03\\\/image-30.jpeg\",\"datePublished\":\"2016-09-02T00:00:00+00:00\",\"dateModified\":\"2024-05-17T10:45:38+00:00\",\"breadcrumb\":{\"@id\":\"https:\\\/\\\/coria.org\\\/ayuntamiento\\\/index.php\\\/2016\\\/09\\\/02\\\/la-pedania-de-rincon-del-obispo-celebra-el-dia-de-extremadura-con-diversas-actividades\\\/#breadcrumb\"},\"inLanguage\":\"es\",\"potentialAction\":[{\"@type\":\"ReadAction\",\"target\":[\"https:\\\/\\\/coria.org\\\/ayuntamiento\\\/index.php\\\/2016\\\/09\\\/02\\\/la-pedania-de-rincon-del-obispo-celebra-el-dia-de-extremadura-con-diversas-actividades\\\/\"]}]},{\"@type\":\"ImageObject\",\"inLanguage\":\"es\",\"@id\":\"https:\\\/\\\/coria.org\\\/ayuntamiento\\\/index.php\\\/2016\\\/09\\\/02\\\/la-pedania-de-rincon-del-obispo-celebra-el-dia-de-extremadura-con-diversas-actividades\\\/#primaryimage\",\"url\":\"https:\\\/\\\/coria.org\\\/ayuntamiento\\\/wp-content\\\/uploads\\\/2022\\\/03\\\/image-30.jpeg\",\"contentUrl\":\"https:\\\/\\\/coria.org\\\/ayuntamiento\\\/wp-content\\\/uploads\\\/2022\\\/03\\\/image-30.jpeg\",\"width\":371,\"height\":500},{\"@type\":\"BreadcrumbList\",\"@id\":\"https:\\\/\\\/coria.org\\\/ayuntamiento\\\/index.php\\\/2016\\\/09\\\/02\\\/la-pedania-de-rincon-del-obispo-celebra-el-dia-de-extremadura-con-diversas-actividades\\\/#breadcrumb\",\"itemListElement\":[{\"@type\":\"ListItem\",\"position\":1,\"name\":\"Inicio\",\"item\":\"https:\\\/\\\/coria.org\\\/ayuntamiento\\\/\"},{\"@type\":\"ListItem\",\"position\":2,\"name\":\"La pedan\u00eda de Rinc\u00f3n del Obispo celebra el d\u00eda de Extremadura con diversas actividades\"}]},{\"@type\":\"WebSite\",\"@id\":\"https:\\\/\\\/coria.org\\\/ayuntamiento\\\/#website\",\"url\":\"https:\\\/\\\/coria.org\\\/ayuntamiento\\\/\",\"name\":\"Ayuntamiento de Coria\",\"description\":\"Web oficial del Ayuntamiento de Coria\",\"publisher\":{\"@id\":\"https:\\\/\\\/coria.org\\\/ayuntamiento\\\/#organization\"},\"alternateName\":\"Web Oficial del Ayuntamiento de Coria\",\"potentialAction\":[{\"@type\":\"SearchAction\",\"target\":{\"@type\":\"EntryPoint\",\"urlTemplate\":\"https:\\\/\\\/coria.org\\\/ayuntamiento\\\/?s={search_term_string}\"},\"query-input\":{\"@type\":\"PropertyValueSpecification\",\"valueRequired\":true,\"valueName\":\"search_term_string\"}}],\"inLanguage\":\"es\"},{\"@type\":\"Organization\",\"@id\":\"https:\\\/\\\/coria.org\\\/ayuntamiento\\\/#organization\",\"name\":\"Ayuntamiento de Coria\",\"alternateName\":\"Ayto de Coria\",\"url\":\"https:\\\/\\\/coria.org\\\/ayuntamiento\\\/\",\"logo\":{\"@type\":\"ImageObject\",\"inLanguage\":\"es\",\"@id\":\"https:\\\/\\\/coria.org\\\/ayuntamiento\\\/#\\\/schema\\\/logo\\\/image\\\/\",\"url\":\"https:\\\/\\\/coria.org\\\/ayuntamiento\\\/wp-content\\\/uploads\\\/2020\\\/12\\\/escudo-ayuntamiento-coria.png\",\"contentUrl\":\"https:\\\/\\\/coria.org\\\/ayuntamiento\\\/wp-content\\\/uploads\\\/2020\\\/12\\\/escudo-ayuntamiento-coria.png\",\"width\":511,\"height\":240,\"caption\":\"Ayuntamiento de Coria\"},\"image\":{\"@id\":\"https:\\\/\\\/coria.org\\\/ayuntamiento\\\/#\\\/schema\\\/logo\\\/image\\\/\"},\"sameAs\":[\"https:\\\/\\\/www.facebook.com\\\/Ayuntamiento.de.Coria\",\"https:\\\/\\\/x.com\\\/Ayto_de_Coria\",\"https:\\\/\\\/www.instagram.com\\\/coria.ayuntamiento\\\/\",\"https:\\\/\\\/www.youtube.com\\\/user\\\/AYUNTAMIENTOCORIA\"]},{\"@type\":\"Person\",\"@id\":\"https:\\\/\\\/coria.org\\\/ayuntamiento\\\/#\\\/schema\\\/person\\\/8bd589f0e13e8ae5aa06def7a599d622\",\"name\":\"ayuntamiento\",\"image\":{\"@type\":\"ImageObject\",\"inLanguage\":\"es\",\"@id\":\"https:\\\/\\\/secure.gravatar.com\\\/avatar\\\/966e5ed73cad334adda5c87f49f2547f7082f7292c1b627cbb548744383b391c?s=96&d=mm&r=g\",\"url\":\"https:\\\/\\\/secure.gravatar.com\\\/avatar\\\/966e5ed73cad334adda5c87f49f2547f7082f7292c1b627cbb548744383b391c?s=96&d=mm&r=g\",\"contentUrl\":\"https:\\\/\\\/secure.gravatar.com\\\/avatar\\\/966e5ed73cad334adda5c87f49f2547f7082f7292c1b627cbb548744383b391c?s=96&d=mm&r=g\",\"caption\":\"ayuntamiento\"}}]}<\/script>\n<!-- \/ Yoast SEO plugin. -->","yoast_head_json":{"title":"La pedan\u00eda de Rinc\u00f3n del Obispo celebra el d\u00eda de Extremadura con diversas actividades - Ayuntamiento de Coria","robots":{"index":"index","follow":"follow","max-snippet":"max-snippet:-1","max-image-preview":"max-image-preview:large","max-video-preview":"max-video-preview:-1"},"canonical":"https:\/\/coria.org\/ayuntamiento\/index.php\/2016\/09\/02\/la-pedania-de-rincon-del-obispo-celebra-el-dia-de-extremadura-con-diversas-actividades\/","og_locale":"es_ES","og_type":"article","og_title":"La pedan\u00eda de Rinc\u00f3n del Obispo celebra el d\u00eda de Extremadura con diversas actividades - Ayuntamiento de Coria","og_description":"La pedan\u00eda cauriense de Rinc\u00f3n del Obispo celebra el d\u00eda de Extremadura con diversas actividades para todos los vecinos y para aquellas personas que quieran acercarse. El d\u00eda comenzar\u00e1 con la celebraci\u00f3n de una Misa Extreme\u00f1a a las 12:00 horas en la Iglesia y seguidamente, al finalizar \u00e9sta alrededor de las 13:00 horas habr\u00e1 juegos [&hellip;]","og_url":"https:\/\/coria.org\/ayuntamiento\/index.php\/2016\/09\/02\/la-pedania-de-rincon-del-obispo-celebra-el-dia-de-extremadura-con-diversas-actividades\/","og_site_name":"Ayuntamiento de Coria","article_publisher":"https:\/\/www.facebook.com\/Ayuntamiento.de.Coria","article_published_time":"2016-09-02T00:00:00+00:00","article_modified_time":"2024-05-17T10:45:38+00:00","og_image":[{"width":371,"height":500,"url":"https:\/\/coria.org\/ayuntamiento\/wp-content\/uploads\/2022\/03\/image-30.jpeg","type":"image\/jpeg"}],"author":"ayuntamiento","twitter_card":"summary_large_image","twitter_creator":"@Ayto_de_Coria","twitter_site":"@Ayto_de_Coria","twitter_misc":{"Escrito por":"ayuntamiento","Tiempo de lectura":"1 minuto"},"schema":{"@context":"https:\/\/schema.org","@graph":[{"@type":"Article","@id":"https:\/\/coria.org\/ayuntamiento\/index.php\/2016\/09\/02\/la-pedania-de-rincon-del-obispo-celebra-el-dia-de-extremadura-con-diversas-actividades\/#article","isPartOf":{"@id":"https:\/\/coria.org\/ayuntamiento\/index.php\/2016\/09\/02\/la-pedania-de-rincon-del-obispo-celebra-el-dia-de-extremadura-con-diversas-actividades\/"},"author":{"name":"ayuntamiento","@id":"https:\/\/coria.org\/ayuntamiento\/#\/schema\/person\/8bd589f0e13e8ae5aa06def7a599d622"},"headline":"La pedan\u00eda de Rinc\u00f3n del Obispo celebra el d\u00eda de Extremadura con diversas actividades","datePublished":"2016-09-02T00:00:00+00:00","dateModified":"2024-05-17T10:45:38+00:00","mainEntityOfPage":{"@id":"https:\/\/coria.org\/ayuntamiento\/index.php\/2016\/09\/02\/la-pedania-de-rincon-del-obispo-celebra-el-dia-de-extremadura-con-diversas-actividades\/"},"wordCount":207,"publisher":{"@id":"https:\/\/coria.org\/ayuntamiento\/#organization"},"image":{"@id":"https:\/\/coria.org\/ayuntamiento\/index.php\/2016\/09\/02\/la-pedania-de-rincon-del-obispo-celebra-el-dia-de-extremadura-con-diversas-actividades\/#primaryimage"},"thumbnailUrl":"https:\/\/coria.org\/ayuntamiento\/wp-content\/uploads\/2022\/03\/image-30.jpeg","keywords":["coria","extremadura"],"articleSection":["Noticias"],"inLanguage":"es"},{"@type":"WebPage","@id":"https:\/\/coria.org\/ayuntamiento\/index.php\/2016\/09\/02\/la-pedania-de-rincon-del-obispo-celebra-el-dia-de-extremadura-con-diversas-actividades\/","url":"https:\/\/coria.org\/ayuntamiento\/index.php\/2016\/09\/02\/la-pedania-de-rincon-del-obispo-celebra-el-dia-de-extremadura-con-diversas-actividades\/","name":"La pedan\u00eda de Rinc\u00f3n del Obispo celebra el d\u00eda de Extremadura con diversas actividades - Ayuntamiento de Coria","isPartOf":{"@id":"https:\/\/coria.org\/ayuntamiento\/#website"},"primaryImageOfPage":{"@id":"https:\/\/coria.org\/ayuntamiento\/index.php\/2016\/09\/02\/la-pedania-de-rincon-del-obispo-celebra-el-dia-de-extremadura-con-diversas-actividades\/#primaryimage"},"image":{"@id":"https:\/\/coria.org\/ayuntamiento\/index.php\/2016\/09\/02\/la-pedania-de-rincon-del-obispo-celebra-el-dia-de-extremadura-con-diversas-actividades\/#primaryimage"},"thumbnailUrl":"https:\/\/coria.org\/ayuntamiento\/wp-content\/uploads\/2022\/03\/image-30.jpeg","datePublished":"2016-09-02T00:00:00+00:00","dateModified":"2024-05-17T10:45:38+00:00","breadcrumb":{"@id":"https:\/\/coria.org\/ayuntamiento\/index.php\/2016\/09\/02\/la-pedania-de-rincon-del-obispo-celebra-el-dia-de-extremadura-con-diversas-actividades\/#breadcrumb"},"inLanguage":"es","potentialAction":[{"@type":"ReadAction","target":["https:\/\/coria.org\/ayuntamiento\/index.php\/2016\/09\/02\/la-pedania-de-rincon-del-obispo-celebra-el-dia-de-extremadura-con-diversas-actividades\/"]}]},{"@type":"ImageObject","inLanguage":"es","@id":"https:\/\/coria.org\/ayuntamiento\/index.php\/2016\/09\/02\/la-pedania-de-rincon-del-obispo-celebra-el-dia-de-extremadura-con-diversas-actividades\/#primaryimage","url":"https:\/\/coria.org\/ayuntamiento\/wp-content\/uploads\/2022\/03\/image-30.jpeg","contentUrl":"https:\/\/coria.org\/ayuntamiento\/wp-content\/uploads\/2022\/03\/image-30.jpeg","width":371,"height":500},{"@type":"BreadcrumbList","@id":"https:\/\/coria.org\/ayuntamiento\/index.php\/2016\/09\/02\/la-pedania-de-rincon-del-obispo-celebra-el-dia-de-extremadura-con-diversas-actividades\/#breadcrumb","itemListElement":[{"@type":"ListItem","position":1,"name":"Inicio","item":"https:\/\/coria.org\/ayuntamiento\/"},{"@type":"ListItem","position":2,"name":"La pedan\u00eda de Rinc\u00f3n del Obispo celebra el d\u00eda de Extremadura con diversas actividades"}]},{"@type":"WebSite","@id":"https:\/\/coria.org\/ayuntamiento\/#website","url":"https:\/\/coria.org\/ayuntamiento\/","name":"Ayuntamiento de Coria","description":"Web oficial del Ayuntamiento de Coria","publisher":{"@id":"https:\/\/coria.org\/ayuntamiento\/#organization"},"alternateName":"Web Oficial del Ayuntamiento de Coria","potentialAction":[{"@type":"SearchAction","target":{"@type":"EntryPoint","urlTemplate":"https:\/\/coria.org\/ayuntamiento\/?s={search_term_string}"},"query-input":{"@type":"PropertyValueSpecification","valueRequired":true,"valueName":"search_term_string"}}],"inLanguage":"es"},{"@type":"Organization","@id":"https:\/\/coria.org\/ayuntamiento\/#organization","name":"Ayuntamiento de Coria","alternateName":"Ayto de Coria","url":"https:\/\/coria.org\/ayuntamiento\/","logo":{"@type":"ImageObject","inLanguage":"es","@id":"https:\/\/coria.org\/ayuntamiento\/#\/schema\/logo\/image\/","url":"https:\/\/coria.org\/ayuntamiento\/wp-content\/uploads\/2020\/12\/escudo-ayuntamiento-coria.png","contentUrl":"https:\/\/coria.org\/ayuntamiento\/wp-content\/uploads\/2020\/12\/escudo-ayuntamiento-coria.png","width":511,"height":240,"caption":"Ayuntamiento de Coria"},"image":{"@id":"https:\/\/coria.org\/ayuntamiento\/#\/schema\/logo\/image\/"},"sameAs":["https:\/\/www.facebook.com\/Ayuntamiento.de.Coria","https:\/\/x.com\/Ayto_de_Coria","https:\/\/www.instagram.com\/coria.ayuntamiento\/","https:\/\/www.youtube.com\/user\/AYUNTAMIENTOCORIA"]},{"@type":"Person","@id":"https:\/\/coria.org\/ayuntamiento\/#\/schema\/person\/8bd589f0e13e8ae5aa06def7a599d622","name":"ayuntamiento","image":{"@type":"ImageObject","inLanguage":"es","@id":"https:\/\/secure.gravatar.com\/avatar\/966e5ed73cad334adda5c87f49f2547f7082f7292c1b627cbb548744383b391c?s=96&d=mm&r=g","url":"https:\/\/secure.gravatar.com\/avatar\/966e5ed73cad334adda5c87f49f2547f7082f7292c1b627cbb548744383b391c?s=96&d=mm&r=g","contentUrl":"https:\/\/secure.gravatar.com\/avatar\/966e5ed73cad334adda5c87f49f2547f7082f7292c1b627cbb548744383b391c?s=96&d=mm&r=g","caption":"ayuntamiento"}}]}},"uagb_featured_image_src":{"full":["https:\/\/coria.org\/ayuntamiento\/wp-content\/uploads\/2022\/03\/image-30.jpeg",371,500,false],"thumbnail":["https:\/\/coria.org\/ayuntamiento\/wp-content\/uploads\/2022\/03\/image-30-150x150.jpeg",150,150,true],"medium":["https:\/\/coria.org\/ayuntamiento\/wp-content\/uploads\/2022\/03\/image-30-223x300.jpeg",223,300,true],"medium_large":["https:\/\/coria.org\/ayuntamiento\/wp-content\/uploads\/2022\/03\/image-30.jpeg",371,500,false],"large":["https:\/\/coria.org\/ayuntamiento\/wp-content\/uploads\/2022\/03\/image-30.jpeg",371,500,false],"thumblist":["https:\/\/coria.org\/ayuntamiento\/wp-content\/uploads\/2022\/03\/image-30.jpeg",223,300,false],"thumbrelated":["https:\/\/coria.org\/ayuntamiento\/wp-content\/uploads\/2022\/03\/image-30.jpeg",371,500,false],"meccarouselthumb":["https:\/\/coria.org\/ayuntamiento\/wp-content\/uploads\/2022\/03\/image-30.jpeg",240,324,false],"gridsquare":["https:\/\/coria.org\/ayuntamiento\/wp-content\/uploads\/2022\/03\/image-30.jpeg",193,260,false],"tileview":["https:\/\/coria.org\/ayuntamiento\/wp-content\/uploads\/2022\/03\/image-30.jpeg",297,400,false],"1536x1536":["https:\/\/coria.org\/ayuntamiento\/wp-content\/uploads\/2022\/03\/image-30.jpeg",371,500,false],"2048x2048":["https:\/\/coria.org\/ayuntamiento\/wp-content\/uploads\/2022\/03\/image-30.jpeg",371,500,false]},"uagb_author_info":{"display_name":"ayuntamiento","author_link":"https:\/\/coria.org\/ayuntamiento\/index.php\/author\/ayuntamiento\/"},"uagb_comment_info":0,"uagb_excerpt":"La pedan\u00eda cauriense de Rinc\u00f3n del Obispo celebra el d\u00eda de Extremadura con diversas actividades para todos los vecinos y para aquellas personas que quieran acercarse. El d\u00eda comenzar\u00e1 con la celebraci\u00f3n de una Misa Extreme\u00f1a a las 12:00 horas en la Iglesia y seguidamente, al finalizar \u00e9sta alrededor de las 13:00 horas habr\u00e1 juegos&hellip;","_links":{"self":[{"href":"https:\/\/coria.org\/ayuntamiento\/index.php\/wp-json\/wp\/v2\/posts\/25228","targetHints":{"allow":["GET"]}}],"collection":[{"href":"https:\/\/coria.org\/ayuntamiento\/index.php\/wp-json\/wp\/v2\/posts"}],"about":[{"href":"https:\/\/coria.org\/ayuntamiento\/index.php\/wp-json\/wp\/v2\/types\/post"}],"author":[{"embeddable":true,"href":"https:\/\/coria.org\/ayuntamiento\/index.php\/wp-json\/wp\/v2\/users\/2"}],"replies":[{"embeddable":true,"href":"https:\/\/coria.org\/ayuntamiento\/index.php\/wp-json\/wp\/v2\/comments?post=25228"}],"version-history":[{"count":0,"href":"https:\/\/coria.org\/ayuntamiento\/index.php\/wp-json\/wp\/v2\/posts\/25228\/revisions"}],"wp:featuredmedia":[{"embeddable":true,"href":"https:\/\/coria.org\/ayuntamiento\/index.php\/wp-json\/wp\/v2\/media\/29555"}],"wp:attachment":[{"href":"https:\/\/coria.org\/ayuntamiento\/index.php\/wp-json\/wp\/v2\/media?parent=25228"}],"wp:term":[{"taxonomy":"category","embeddable":true,"href":"https:\/\/coria.org\/ayuntamiento\/index.php\/wp-json\/wp\/v2\/categories?post=25228"},{"taxonomy":"post_tag","embeddable":true,"href":"https:\/\/coria.org\/ayuntamiento\/index.php\/wp-json\/wp\/v2\/tags?post=25228"}],"curies":[{"name":"wp","href":"https:\/\/api.w.org\/{rel}","templated":true}]}}