{"id":24630,"date":"2018-02-19T00:00:00","date_gmt":"2018-02-19T00:00:00","guid":{"rendered":"https:\/\/ayuntamiento.coriaenimagenes.com\/el-alcalde-desmiente-las-declaraciones-vertidas-por-el-psoe-con-respecto-al-proyecto-de-las-entradas-a-la-ciudad-y-lo-califica-de-atraco-a-los-intereses-generales\/"},"modified":"2025-06-17T12:33:07","modified_gmt":"2025-06-17T10:33:07","slug":"el-alcalde-desmiente-las-declaraciones-vertidas-por-el-psoe-con-respecto-al-proyecto-de-las-entradas-a-la-ciudad-y-lo-califica-de-atraco-a-los-intereses-generales","status":"publish","type":"post","link":"https:\/\/coria.org\/ayuntamiento\/index.php\/2018\/02\/19\/el-alcalde-desmiente-las-declaraciones-vertidas-por-el-psoe-con-respecto-al-proyecto-de-las-entradas-a-la-ciudad-y-lo-califica-de-atraco-a-los-intereses-generales\/","title":{"rendered":"El Alcalde desmiente las declaraciones vertidas por el PSOE con respecto al proyecto de las entradas a la ciudad y lo califica de atraco a los intereses generales"},"content":{"rendered":"\n<p><b>El Alcalde de Coria ha comparecido ante los medios de comunicaci\u00f3n para demostrar las falsedades y mentiras del Vicepresidente de Diputaci\u00f3n Provincial y la oposici\u00f3n local, respecto al proyecto de entradas a la ciudad y el atraco a los intereses generales sufrido por parte del PSOE en unas infraestructuras que son competencia de Diputaci\u00f3n. Ha dicho que toda la documentaci\u00f3n y el expediente completo est\u00e1 a disposici\u00f3n de todos los ciudadanos que est\u00e9n interesados en verlo.<\/b><\/p>\n\n<figure class=\"wp-block-post-featured-image\"><img loading=\"lazy\" decoding=\"async\" width=\"1024\" height=\"768\" src=\"https:\/\/coria.org\/ayuntamiento\/wp-content\/uploads\/2018\/02\/39460928485_64560f3b2b_o.jpg\" class=\"attachment-post-thumbnail size-post-thumbnail wp-post-image\" alt=\"\" style=\"object-fit:cover;\" srcset=\"https:\/\/coria.org\/ayuntamiento\/wp-content\/uploads\/2018\/02\/39460928485_64560f3b2b_o.jpg 1024w, https:\/\/coria.org\/ayuntamiento\/wp-content\/uploads\/2018\/02\/39460928485_64560f3b2b_o-300x225.jpg 300w, https:\/\/coria.org\/ayuntamiento\/wp-content\/uploads\/2018\/02\/39460928485_64560f3b2b_o-768x576.jpg 768w\" sizes=\"auto, (max-width: 1024px) 100vw, 1024px\" \/><\/figure>\n\n<p>De esta manera, el primer edil ha querido demostrar las falsedades y mentiras&nbsp; vertidas, recientemente en rueda de prensa por parte del Vicepresidente de Diputaci\u00f3n Provincial de C\u00e1ceres y el PSOE Municipal, respecto al proyecto de las entradas a Coria.<\/p>\n\n\n<p>Garc\u00eda Ballestero ha calificado dichas declaraciones como un \u00abatraco partidista y bochornoso a los intereses generales que hemos sufrido por parte del PSOE Provincial y Local en unas infraestructuras que son competencia de Diputaci\u00f3n\u00bb.<\/p>\n\n\n<p>El Alcalde ha demostrado p\u00fablicamente con documentos expuestos en la rueda de prensa que no ha habido ning\u00fan problema en el proyecto de las entradas a Coria desde el punto de vista judicial. \u00abEl expediente est\u00e1 redactado y lo vamos a poner a disposici\u00f3n de los ciudadanos que quieran verlo\u00bb. Adem\u00e1s, ha recalcado que se ha hecho todo el trabajo a tiempo y se ha hecho bien, adem\u00e1s de contar con otras administraciones.<\/p>\n\n\n<p>Tambi\u00e9n, ha explicado \u00abque la Ciudad de Coria no ha perdido ning\u00fan proyecto, el ayuntamiento ha hecho todo lo que ten\u00eda que hacer, no lo ha perdido Ballestero ni Coria, si este proyecto no sale adelante nos lo est\u00e1n robando\u00bb.<\/p>\n\n\n<p>El Alcalde sigue diciendo que esta inversi\u00f3n a\u00fan puede incluirse en este presupuesto y ha instado a la Presidenta de Diputaci\u00f3n, Rosario Cordero, a que lo haga en el Pleno Extraordinario que se celebrar\u00e1 el d\u00eda 5 de marzo para debatir los remanentes de la instituci\u00f3n Provincial.<\/p>\n\n\n<p>El regidor ha finalizado diciendo que \u00abvamos a seguir luchando y peleando para que este proyecto siga adelante y se incluya la cantidad econ\u00f3mica de un mill\u00f3n de euros en el Pleno Extraordinario del 5 de marzo de 2018\u00bb.<br \/><br \/>El Alcalde ha definido como lamentable y peligroso el estado de dichas entradas a la ciudad de Coria que \u00abson una demanda de los corianos, no una ocurrencia y una necesidad desde hace d\u00e9cadas que no han sido atendidas por los gobiernos anteriores del PSOE. Estas carreteras son de Diputaci\u00f3n quien tiene el deber de mantenerlas, conservarlas y mejorarlas y las tiene de pena y tercermundistas\u00bb.<\/p>\n\n\n<p>Ballestero ha explicado que no han tenido ninguna comunicaci\u00f3n con Diputaci\u00f3n. Ha desmentido que haya una paralizaci\u00f3n y ha dicho que no deja de ser parad\u00f3jico que salgan en prensa (el PSOE), diciendo que se ha perdido el mill\u00f3n de euros, cuando tenemos aprobada la ocupaci\u00f3n de los terrenos. Adem\u00e1s, \u00abhemos solicitado una cita hace 15 d\u00edas y no hemos obtenido respuesta por parte de la presidenta , un desprop\u00f3sito, se mire por donde se mire que le hace un da\u00f1o irreparable a la ciudad\u00bb.<\/p>\n\n\n<p>\u00abAqu\u00ed hay mucha gente y profesionales trabajando para que vengan y se r\u00edan de ellos, de su trabajo, de su esfuerzo. Un trabajo, ha dicho, realizado con unas normas urban\u00edsticas obsoletas, retr\u00f3gradas que ha causado un perjuicio descomunal a la ciudad, donde no se puede hacer nada, y tambi\u00e9n se oponen a ellas y al Plan General que tiene su aprobaci\u00f3n provisional para ver si nos estrangulan del todo\u00bb, ha sentenciado.<\/p>\n\n\n<p>Garc\u00eda Ballestero ha finalizado diciendo: \u00abvamos a seguir reclamando esos arreglos, de una infraestructura de Diputaci\u00f3n que tiene en un estado lamentable, que demandan los ciudadanos de Coria y donde nos han quitado una inversi\u00f3n leg\u00edtima, para mejorar y dar mayor seguridad a unos accesos peligrosos y tercermundistas, adem\u00e1s de ser vital para el desarrollo y crecimiento de la ciudad. Es una infraestructura de vital importancia para nuestro municipio. No vamos a dejar que nos pisen\u00bb.<\/p>\n\n\n<p><strong>Cabe recordar que el expediente completo est\u00e1 a disposici\u00f3n de todos los ciudadanos.<\/strong><\/p>\n\n\n<p><u><strong>Proceso del proyecto y aprobaci\u00f3n (paso a paso)<\/strong><\/u><\/p>\n\n\n<p>El Alcalde ha explicado el proceso del proyecto:<\/p>\n\n\n<p>1.- La pasada legislatura consciente de ello, se presupuesta 1.000.000 de euros en <u><strong>julio de 2014<\/strong><\/u> para su arreglo por parte de diputaci\u00f3n <em><strong>con el voto en contra de los diputados del PSOE<\/strong><\/em>. Con la denominaci\u00f3n \u00abUrbanizaciones en Coria\u00bb. Y nos ponemos en marcha.<\/p>\n\n\n<p>2.- Mientras se redacta el proyecto, comienzan los tramites para la obtenci\u00f3n del suelo. Que si bien lo ten\u00eda que haber hecho Diputaci\u00f3n al tratarse de una infraestructura suya, la expropiaci\u00f3n de terrenos la realiza el Ayuntamiento.<\/p>\n\n\n<p>El proyecto se entrega en Diputaci\u00f3n el <u><strong>11 de junio de 2015<\/strong><\/u>.<\/p>\n\n\n<p>3.- Se cambia de gobierno y la inversi\u00f3n desaparece de los presupuestos y se paraliza.<\/p>\n\n\n<p>4.- En <u><strong>Octubre de 2015<\/strong><\/u> y tras hablar con la presidenta se reanuda el proyecto pero sin estar presupuestado. El actual Equipo de Gobierno de la Diputaci\u00f3n no lo han presupuestado nunca. Pero yo siempre cre\u00ed el compromiso de la Presidenta de que cuando estuviese toda la documentaci\u00f3n se har\u00eda.<\/p>\n\n\n<p>5.- Se encarga la valoraci\u00f3n de los terrenos a una empresa especializada, mientras se habla directamente con todos los propietarios. Valoraci\u00f3n que se entrega en el ayuntamiento en <u><strong>mayo de 2016<\/strong><\/u>. Se habla con todos los propietarios&nbsp; personalmente.<\/p>\n\n\n<p>6.- El proyecto llega al ayuntamiento el<u><strong> 21 de septiembre de 2016<\/strong><\/u>.<\/p>\n\n\n<p>7.- Se llevan a pleno el proyecto de las entradas a Coria y las expropiaciones el <u><strong>17 de octubre de 2016<\/strong><\/u> que una vez mas el PSOE de Coria vota en contra.<\/p>\n\n\n<p>8.- Por lo tanto seguimos y se realizan todos los tr\u00e1mites de valoraci\u00f3n y&nbsp; expropiaci\u00f3n de los terrenos que comenzamos el <u><strong>19 de octubre de 2016<\/strong><\/u>.<\/p>\n\n\n<p>9.- Uno de los propietarios de los terrenos, dentro de sus derechos, impugna el acuerdo plenario que se desestima. Recurre ante el juzgado para paralizar la ocupaci\u00f3n. A lo que no accede el juzgado.<\/p>\n\n\n<p>8.- Se solicita, como paso previo a la licitaci\u00f3n, la ocupaci\u00f3n urgente de los terrenos el <u><strong>28 de noviembre de 2016<\/strong><\/u>.<\/p>\n\n\n<p>9.- Se declara la ocupaci\u00f3n urgente de los terrenos por parte de la Junta de Extremadura el <u><strong>6 de febrero de 2018<\/strong><\/u>.<\/p>\n\n\n<p>10.- Ese mismo d\u00eda se solicita una reuni\u00f3n con la Presidenta de la Diputaci\u00f3n, Rosario Cordero.<\/p>\n\n\n<p><span style=\"font-family: verdana,arial,helvetica,sans-serif; font-size: medium;\">Y despu\u00e9s de todo este gran trabajo realizado, el pasado jueves se vienen a re\u00edr del equipo de gobierno, de los t\u00e9cnicos, y de los ciudadanos de Coria en general. <\/span><br \/><iframe loading=\"lazy\" src=\"https:\/\/www.youtube.com\/embed\/1saYDRG6gv4\" width=\"800\" height=\"600\" frameborder=\"0\" allowfullscreen=\"allowfullscreen\"><\/iframe><\/p>\n","protected":false},"excerpt":{"rendered":"<p>El Alcalde de Coria ha comparecido ante los medios de comunicaci\u00f3n para demostrar las falsedades y mentiras del Vicepresidente de Diputaci\u00f3n Provincial y la oposici\u00f3n local, respecto al proyecto de entradas a la ciudad y el atraco a los intereses generales sufrido por parte del PSOE en unas infraestructuras que son competencia de Diputaci\u00f3n. Ha [&hellip;]<\/p>\n","protected":false},"author":2,"featured_media":28273,"comment_status":"closed","ping_status":"closed","sticky":false,"template":"","format":"standard","meta":{"_uag_custom_page_level_css":"","footnotes":""},"categories":[2],"tags":[498],"class_list":["post-24630","post","type-post","status-publish","format-standard","has-post-thumbnail","hentry","category-noticias","tag-entradas"],"yoast_head":"<!-- This site is optimized with the Yoast SEO plugin v27.4 - https:\/\/yoast.com\/product\/yoast-seo-wordpress\/ -->\n<title>El Alcalde desmiente las declaraciones vertidas por el PSOE con respecto al proyecto de las entradas a la ciudad y lo califica de atraco a los intereses generales - Ayuntamiento de Coria<\/title>\n<meta name=\"robots\" content=\"index, follow, max-snippet:-1, max-image-preview:large, max-video-preview:-1\" \/>\n<link rel=\"canonical\" href=\"https:\/\/coria.org\/ayuntamiento\/index.php\/2018\/02\/19\/el-alcalde-desmiente-las-declaraciones-vertidas-por-el-psoe-con-respecto-al-proyecto-de-las-entradas-a-la-ciudad-y-lo-califica-de-atraco-a-los-intereses-generales\/\" \/>\n<meta property=\"og:locale\" content=\"es_ES\" \/>\n<meta property=\"og:type\" content=\"article\" \/>\n<meta property=\"og:title\" content=\"El Alcalde desmiente las declaraciones vertidas por el PSOE con respecto al proyecto de las entradas a la ciudad y lo califica de atraco a los intereses generales - Ayuntamiento de Coria\" \/>\n<meta property=\"og:description\" content=\"El Alcalde de Coria ha comparecido ante los medios de comunicaci\u00f3n para demostrar las falsedades y mentiras del Vicepresidente de Diputaci\u00f3n Provincial y la oposici\u00f3n local, respecto al proyecto de entradas a la ciudad y el atraco a los intereses generales sufrido por parte del PSOE en unas infraestructuras que son competencia de Diputaci\u00f3n. Ha [&hellip;]\" \/>\n<meta property=\"og:url\" content=\"https:\/\/coria.org\/ayuntamiento\/index.php\/2018\/02\/19\/el-alcalde-desmiente-las-declaraciones-vertidas-por-el-psoe-con-respecto-al-proyecto-de-las-entradas-a-la-ciudad-y-lo-califica-de-atraco-a-los-intereses-generales\/\" \/>\n<meta property=\"og:site_name\" content=\"Ayuntamiento de Coria\" \/>\n<meta property=\"article:publisher\" content=\"https:\/\/www.facebook.com\/Ayuntamiento.de.Coria\" \/>\n<meta property=\"article:published_time\" content=\"2018-02-19T00:00:00+00:00\" \/>\n<meta property=\"article:modified_time\" content=\"2025-06-17T10:33:07+00:00\" \/>\n<meta property=\"og:image\" content=\"https:\/\/coria.org\/ayuntamiento\/wp-content\/uploads\/2018\/02\/39460928485_64560f3b2b_o.jpg\" \/>\n\t<meta property=\"og:image:width\" content=\"1024\" \/>\n\t<meta property=\"og:image:height\" content=\"768\" \/>\n\t<meta property=\"og:image:type\" content=\"image\/jpeg\" \/>\n<meta name=\"author\" content=\"ayuntamiento\" \/>\n<meta name=\"twitter:card\" content=\"summary_large_image\" \/>\n<meta name=\"twitter:creator\" content=\"@Ayto_de_Coria\" \/>\n<meta name=\"twitter:site\" content=\"@Ayto_de_Coria\" \/>\n<meta name=\"twitter:label1\" content=\"Escrito por\" \/>\n\t<meta name=\"twitter:data1\" content=\"ayuntamiento\" \/>\n\t<meta name=\"twitter:label2\" content=\"Tiempo de lectura\" \/>\n\t<meta name=\"twitter:data2\" content=\"6 minutos\" \/>\n<script type=\"application\/ld+json\" class=\"yoast-schema-graph\">{\"@context\":\"https:\\\/\\\/schema.org\",\"@graph\":[{\"@type\":\"Article\",\"@id\":\"https:\\\/\\\/coria.org\\\/ayuntamiento\\\/index.php\\\/2018\\\/02\\\/19\\\/el-alcalde-desmiente-las-declaraciones-vertidas-por-el-psoe-con-respecto-al-proyecto-de-las-entradas-a-la-ciudad-y-lo-califica-de-atraco-a-los-intereses-generales\\\/#article\",\"isPartOf\":{\"@id\":\"https:\\\/\\\/coria.org\\\/ayuntamiento\\\/index.php\\\/2018\\\/02\\\/19\\\/el-alcalde-desmiente-las-declaraciones-vertidas-por-el-psoe-con-respecto-al-proyecto-de-las-entradas-a-la-ciudad-y-lo-califica-de-atraco-a-los-intereses-generales\\\/\"},\"author\":{\"name\":\"ayuntamiento\",\"@id\":\"https:\\\/\\\/coria.org\\\/ayuntamiento\\\/#\\\/schema\\\/person\\\/8bd589f0e13e8ae5aa06def7a599d622\"},\"headline\":\"El Alcalde desmiente las declaraciones vertidas por el PSOE con respecto al proyecto de las entradas a la ciudad y lo califica de atraco a los intereses generales\",\"datePublished\":\"2018-02-19T00:00:00+00:00\",\"dateModified\":\"2025-06-17T10:33:07+00:00\",\"mainEntityOfPage\":{\"@id\":\"https:\\\/\\\/coria.org\\\/ayuntamiento\\\/index.php\\\/2018\\\/02\\\/19\\\/el-alcalde-desmiente-las-declaraciones-vertidas-por-el-psoe-con-respecto-al-proyecto-de-las-entradas-a-la-ciudad-y-lo-califica-de-atraco-a-los-intereses-generales\\\/\"},\"wordCount\":1152,\"publisher\":{\"@id\":\"https:\\\/\\\/coria.org\\\/ayuntamiento\\\/#organization\"},\"image\":{\"@id\":\"https:\\\/\\\/coria.org\\\/ayuntamiento\\\/index.php\\\/2018\\\/02\\\/19\\\/el-alcalde-desmiente-las-declaraciones-vertidas-por-el-psoe-con-respecto-al-proyecto-de-las-entradas-a-la-ciudad-y-lo-califica-de-atraco-a-los-intereses-generales\\\/#primaryimage\"},\"thumbnailUrl\":\"https:\\\/\\\/coria.org\\\/ayuntamiento\\\/wp-content\\\/uploads\\\/2018\\\/02\\\/39460928485_64560f3b2b_o.jpg\",\"keywords\":[\"entradas\"],\"articleSection\":[\"Noticias\"],\"inLanguage\":\"es\"},{\"@type\":\"WebPage\",\"@id\":\"https:\\\/\\\/coria.org\\\/ayuntamiento\\\/index.php\\\/2018\\\/02\\\/19\\\/el-alcalde-desmiente-las-declaraciones-vertidas-por-el-psoe-con-respecto-al-proyecto-de-las-entradas-a-la-ciudad-y-lo-califica-de-atraco-a-los-intereses-generales\\\/\",\"url\":\"https:\\\/\\\/coria.org\\\/ayuntamiento\\\/index.php\\\/2018\\\/02\\\/19\\\/el-alcalde-desmiente-las-declaraciones-vertidas-por-el-psoe-con-respecto-al-proyecto-de-las-entradas-a-la-ciudad-y-lo-califica-de-atraco-a-los-intereses-generales\\\/\",\"name\":\"El Alcalde desmiente las declaraciones vertidas por el PSOE con respecto al proyecto de las entradas a la ciudad y lo califica de atraco a los intereses generales - Ayuntamiento de Coria\",\"isPartOf\":{\"@id\":\"https:\\\/\\\/coria.org\\\/ayuntamiento\\\/#website\"},\"primaryImageOfPage\":{\"@id\":\"https:\\\/\\\/coria.org\\\/ayuntamiento\\\/index.php\\\/2018\\\/02\\\/19\\\/el-alcalde-desmiente-las-declaraciones-vertidas-por-el-psoe-con-respecto-al-proyecto-de-las-entradas-a-la-ciudad-y-lo-califica-de-atraco-a-los-intereses-generales\\\/#primaryimage\"},\"image\":{\"@id\":\"https:\\\/\\\/coria.org\\\/ayuntamiento\\\/index.php\\\/2018\\\/02\\\/19\\\/el-alcalde-desmiente-las-declaraciones-vertidas-por-el-psoe-con-respecto-al-proyecto-de-las-entradas-a-la-ciudad-y-lo-califica-de-atraco-a-los-intereses-generales\\\/#primaryimage\"},\"thumbnailUrl\":\"https:\\\/\\\/coria.org\\\/ayuntamiento\\\/wp-content\\\/uploads\\\/2018\\\/02\\\/39460928485_64560f3b2b_o.jpg\",\"datePublished\":\"2018-02-19T00:00:00+00:00\",\"dateModified\":\"2025-06-17T10:33:07+00:00\",\"breadcrumb\":{\"@id\":\"https:\\\/\\\/coria.org\\\/ayuntamiento\\\/index.php\\\/2018\\\/02\\\/19\\\/el-alcalde-desmiente-las-declaraciones-vertidas-por-el-psoe-con-respecto-al-proyecto-de-las-entradas-a-la-ciudad-y-lo-califica-de-atraco-a-los-intereses-generales\\\/#breadcrumb\"},\"inLanguage\":\"es\",\"potentialAction\":[{\"@type\":\"ReadAction\",\"target\":[\"https:\\\/\\\/coria.org\\\/ayuntamiento\\\/index.php\\\/2018\\\/02\\\/19\\\/el-alcalde-desmiente-las-declaraciones-vertidas-por-el-psoe-con-respecto-al-proyecto-de-las-entradas-a-la-ciudad-y-lo-califica-de-atraco-a-los-intereses-generales\\\/\"]}]},{\"@type\":\"ImageObject\",\"inLanguage\":\"es\",\"@id\":\"https:\\\/\\\/coria.org\\\/ayuntamiento\\\/index.php\\\/2018\\\/02\\\/19\\\/el-alcalde-desmiente-las-declaraciones-vertidas-por-el-psoe-con-respecto-al-proyecto-de-las-entradas-a-la-ciudad-y-lo-califica-de-atraco-a-los-intereses-generales\\\/#primaryimage\",\"url\":\"https:\\\/\\\/coria.org\\\/ayuntamiento\\\/wp-content\\\/uploads\\\/2018\\\/02\\\/39460928485_64560f3b2b_o.jpg\",\"contentUrl\":\"https:\\\/\\\/coria.org\\\/ayuntamiento\\\/wp-content\\\/uploads\\\/2018\\\/02\\\/39460928485_64560f3b2b_o.jpg\",\"width\":1024,\"height\":768},{\"@type\":\"BreadcrumbList\",\"@id\":\"https:\\\/\\\/coria.org\\\/ayuntamiento\\\/index.php\\\/2018\\\/02\\\/19\\\/el-alcalde-desmiente-las-declaraciones-vertidas-por-el-psoe-con-respecto-al-proyecto-de-las-entradas-a-la-ciudad-y-lo-califica-de-atraco-a-los-intereses-generales\\\/#breadcrumb\",\"itemListElement\":[{\"@type\":\"ListItem\",\"position\":1,\"name\":\"Inicio\",\"item\":\"https:\\\/\\\/coria.org\\\/ayuntamiento\\\/\"},{\"@type\":\"ListItem\",\"position\":2,\"name\":\"El Alcalde desmiente las declaraciones vertidas por el PSOE con respecto al proyecto de las entradas a la ciudad y lo califica de atraco a los intereses generales\"}]},{\"@type\":\"WebSite\",\"@id\":\"https:\\\/\\\/coria.org\\\/ayuntamiento\\\/#website\",\"url\":\"https:\\\/\\\/coria.org\\\/ayuntamiento\\\/\",\"name\":\"Ayuntamiento de Coria\",\"description\":\"Web oficial del Ayuntamiento de Coria\",\"publisher\":{\"@id\":\"https:\\\/\\\/coria.org\\\/ayuntamiento\\\/#organization\"},\"alternateName\":\"Web Oficial del Ayuntamiento de Coria\",\"potentialAction\":[{\"@type\":\"SearchAction\",\"target\":{\"@type\":\"EntryPoint\",\"urlTemplate\":\"https:\\\/\\\/coria.org\\\/ayuntamiento\\\/?s={search_term_string}\"},\"query-input\":{\"@type\":\"PropertyValueSpecification\",\"valueRequired\":true,\"valueName\":\"search_term_string\"}}],\"inLanguage\":\"es\"},{\"@type\":\"Organization\",\"@id\":\"https:\\\/\\\/coria.org\\\/ayuntamiento\\\/#organization\",\"name\":\"Ayuntamiento de Coria\",\"alternateName\":\"Ayto de Coria\",\"url\":\"https:\\\/\\\/coria.org\\\/ayuntamiento\\\/\",\"logo\":{\"@type\":\"ImageObject\",\"inLanguage\":\"es\",\"@id\":\"https:\\\/\\\/coria.org\\\/ayuntamiento\\\/#\\\/schema\\\/logo\\\/image\\\/\",\"url\":\"https:\\\/\\\/coria.org\\\/ayuntamiento\\\/wp-content\\\/uploads\\\/2020\\\/12\\\/escudo-ayuntamiento-coria.png\",\"contentUrl\":\"https:\\\/\\\/coria.org\\\/ayuntamiento\\\/wp-content\\\/uploads\\\/2020\\\/12\\\/escudo-ayuntamiento-coria.png\",\"width\":511,\"height\":240,\"caption\":\"Ayuntamiento de Coria\"},\"image\":{\"@id\":\"https:\\\/\\\/coria.org\\\/ayuntamiento\\\/#\\\/schema\\\/logo\\\/image\\\/\"},\"sameAs\":[\"https:\\\/\\\/www.facebook.com\\\/Ayuntamiento.de.Coria\",\"https:\\\/\\\/x.com\\\/Ayto_de_Coria\",\"https:\\\/\\\/www.instagram.com\\\/coria.ayuntamiento\\\/\",\"https:\\\/\\\/www.youtube.com\\\/user\\\/AYUNTAMIENTOCORIA\"]},{\"@type\":\"Person\",\"@id\":\"https:\\\/\\\/coria.org\\\/ayuntamiento\\\/#\\\/schema\\\/person\\\/8bd589f0e13e8ae5aa06def7a599d622\",\"name\":\"ayuntamiento\",\"image\":{\"@type\":\"ImageObject\",\"inLanguage\":\"es\",\"@id\":\"https:\\\/\\\/secure.gravatar.com\\\/avatar\\\/966e5ed73cad334adda5c87f49f2547f7082f7292c1b627cbb548744383b391c?s=96&d=mm&r=g\",\"url\":\"https:\\\/\\\/secure.gravatar.com\\\/avatar\\\/966e5ed73cad334adda5c87f49f2547f7082f7292c1b627cbb548744383b391c?s=96&d=mm&r=g\",\"contentUrl\":\"https:\\\/\\\/secure.gravatar.com\\\/avatar\\\/966e5ed73cad334adda5c87f49f2547f7082f7292c1b627cbb548744383b391c?s=96&d=mm&r=g\",\"caption\":\"ayuntamiento\"}}]}<\/script>\n<!-- \/ Yoast SEO plugin. -->","yoast_head_json":{"title":"El Alcalde desmiente las declaraciones vertidas por el PSOE con respecto al proyecto de las entradas a la ciudad y lo califica de atraco a los intereses generales - Ayuntamiento de Coria","robots":{"index":"index","follow":"follow","max-snippet":"max-snippet:-1","max-image-preview":"max-image-preview:large","max-video-preview":"max-video-preview:-1"},"canonical":"https:\/\/coria.org\/ayuntamiento\/index.php\/2018\/02\/19\/el-alcalde-desmiente-las-declaraciones-vertidas-por-el-psoe-con-respecto-al-proyecto-de-las-entradas-a-la-ciudad-y-lo-califica-de-atraco-a-los-intereses-generales\/","og_locale":"es_ES","og_type":"article","og_title":"El Alcalde desmiente las declaraciones vertidas por el PSOE con respecto al proyecto de las entradas a la ciudad y lo califica de atraco a los intereses generales - Ayuntamiento de Coria","og_description":"El Alcalde de Coria ha comparecido ante los medios de comunicaci\u00f3n para demostrar las falsedades y mentiras del Vicepresidente de Diputaci\u00f3n Provincial y la oposici\u00f3n local, respecto al proyecto de entradas a la ciudad y el atraco a los intereses generales sufrido por parte del PSOE en unas infraestructuras que son competencia de Diputaci\u00f3n. Ha [&hellip;]","og_url":"https:\/\/coria.org\/ayuntamiento\/index.php\/2018\/02\/19\/el-alcalde-desmiente-las-declaraciones-vertidas-por-el-psoe-con-respecto-al-proyecto-de-las-entradas-a-la-ciudad-y-lo-califica-de-atraco-a-los-intereses-generales\/","og_site_name":"Ayuntamiento de Coria","article_publisher":"https:\/\/www.facebook.com\/Ayuntamiento.de.Coria","article_published_time":"2018-02-19T00:00:00+00:00","article_modified_time":"2025-06-17T10:33:07+00:00","og_image":[{"width":1024,"height":768,"url":"https:\/\/coria.org\/ayuntamiento\/wp-content\/uploads\/2018\/02\/39460928485_64560f3b2b_o.jpg","type":"image\/jpeg"}],"author":"ayuntamiento","twitter_card":"summary_large_image","twitter_creator":"@Ayto_de_Coria","twitter_site":"@Ayto_de_Coria","twitter_misc":{"Escrito por":"ayuntamiento","Tiempo de lectura":"6 minutos"},"schema":{"@context":"https:\/\/schema.org","@graph":[{"@type":"Article","@id":"https:\/\/coria.org\/ayuntamiento\/index.php\/2018\/02\/19\/el-alcalde-desmiente-las-declaraciones-vertidas-por-el-psoe-con-respecto-al-proyecto-de-las-entradas-a-la-ciudad-y-lo-califica-de-atraco-a-los-intereses-generales\/#article","isPartOf":{"@id":"https:\/\/coria.org\/ayuntamiento\/index.php\/2018\/02\/19\/el-alcalde-desmiente-las-declaraciones-vertidas-por-el-psoe-con-respecto-al-proyecto-de-las-entradas-a-la-ciudad-y-lo-califica-de-atraco-a-los-intereses-generales\/"},"author":{"name":"ayuntamiento","@id":"https:\/\/coria.org\/ayuntamiento\/#\/schema\/person\/8bd589f0e13e8ae5aa06def7a599d622"},"headline":"El Alcalde desmiente las declaraciones vertidas por el PSOE con respecto al proyecto de las entradas a la ciudad y lo califica de atraco a los intereses generales","datePublished":"2018-02-19T00:00:00+00:00","dateModified":"2025-06-17T10:33:07+00:00","mainEntityOfPage":{"@id":"https:\/\/coria.org\/ayuntamiento\/index.php\/2018\/02\/19\/el-alcalde-desmiente-las-declaraciones-vertidas-por-el-psoe-con-respecto-al-proyecto-de-las-entradas-a-la-ciudad-y-lo-califica-de-atraco-a-los-intereses-generales\/"},"wordCount":1152,"publisher":{"@id":"https:\/\/coria.org\/ayuntamiento\/#organization"},"image":{"@id":"https:\/\/coria.org\/ayuntamiento\/index.php\/2018\/02\/19\/el-alcalde-desmiente-las-declaraciones-vertidas-por-el-psoe-con-respecto-al-proyecto-de-las-entradas-a-la-ciudad-y-lo-califica-de-atraco-a-los-intereses-generales\/#primaryimage"},"thumbnailUrl":"https:\/\/coria.org\/ayuntamiento\/wp-content\/uploads\/2018\/02\/39460928485_64560f3b2b_o.jpg","keywords":["entradas"],"articleSection":["Noticias"],"inLanguage":"es"},{"@type":"WebPage","@id":"https:\/\/coria.org\/ayuntamiento\/index.php\/2018\/02\/19\/el-alcalde-desmiente-las-declaraciones-vertidas-por-el-psoe-con-respecto-al-proyecto-de-las-entradas-a-la-ciudad-y-lo-califica-de-atraco-a-los-intereses-generales\/","url":"https:\/\/coria.org\/ayuntamiento\/index.php\/2018\/02\/19\/el-alcalde-desmiente-las-declaraciones-vertidas-por-el-psoe-con-respecto-al-proyecto-de-las-entradas-a-la-ciudad-y-lo-califica-de-atraco-a-los-intereses-generales\/","name":"El Alcalde desmiente las declaraciones vertidas por el PSOE con respecto al proyecto de las entradas a la ciudad y lo califica de atraco a los intereses generales - Ayuntamiento de Coria","isPartOf":{"@id":"https:\/\/coria.org\/ayuntamiento\/#website"},"primaryImageOfPage":{"@id":"https:\/\/coria.org\/ayuntamiento\/index.php\/2018\/02\/19\/el-alcalde-desmiente-las-declaraciones-vertidas-por-el-psoe-con-respecto-al-proyecto-de-las-entradas-a-la-ciudad-y-lo-califica-de-atraco-a-los-intereses-generales\/#primaryimage"},"image":{"@id":"https:\/\/coria.org\/ayuntamiento\/index.php\/2018\/02\/19\/el-alcalde-desmiente-las-declaraciones-vertidas-por-el-psoe-con-respecto-al-proyecto-de-las-entradas-a-la-ciudad-y-lo-califica-de-atraco-a-los-intereses-generales\/#primaryimage"},"thumbnailUrl":"https:\/\/coria.org\/ayuntamiento\/wp-content\/uploads\/2018\/02\/39460928485_64560f3b2b_o.jpg","datePublished":"2018-02-19T00:00:00+00:00","dateModified":"2025-06-17T10:33:07+00:00","breadcrumb":{"@id":"https:\/\/coria.org\/ayuntamiento\/index.php\/2018\/02\/19\/el-alcalde-desmiente-las-declaraciones-vertidas-por-el-psoe-con-respecto-al-proyecto-de-las-entradas-a-la-ciudad-y-lo-califica-de-atraco-a-los-intereses-generales\/#breadcrumb"},"inLanguage":"es","potentialAction":[{"@type":"ReadAction","target":["https:\/\/coria.org\/ayuntamiento\/index.php\/2018\/02\/19\/el-alcalde-desmiente-las-declaraciones-vertidas-por-el-psoe-con-respecto-al-proyecto-de-las-entradas-a-la-ciudad-y-lo-califica-de-atraco-a-los-intereses-generales\/"]}]},{"@type":"ImageObject","inLanguage":"es","@id":"https:\/\/coria.org\/ayuntamiento\/index.php\/2018\/02\/19\/el-alcalde-desmiente-las-declaraciones-vertidas-por-el-psoe-con-respecto-al-proyecto-de-las-entradas-a-la-ciudad-y-lo-califica-de-atraco-a-los-intereses-generales\/#primaryimage","url":"https:\/\/coria.org\/ayuntamiento\/wp-content\/uploads\/2018\/02\/39460928485_64560f3b2b_o.jpg","contentUrl":"https:\/\/coria.org\/ayuntamiento\/wp-content\/uploads\/2018\/02\/39460928485_64560f3b2b_o.jpg","width":1024,"height":768},{"@type":"BreadcrumbList","@id":"https:\/\/coria.org\/ayuntamiento\/index.php\/2018\/02\/19\/el-alcalde-desmiente-las-declaraciones-vertidas-por-el-psoe-con-respecto-al-proyecto-de-las-entradas-a-la-ciudad-y-lo-califica-de-atraco-a-los-intereses-generales\/#breadcrumb","itemListElement":[{"@type":"ListItem","position":1,"name":"Inicio","item":"https:\/\/coria.org\/ayuntamiento\/"},{"@type":"ListItem","position":2,"name":"El Alcalde desmiente las declaraciones vertidas por el PSOE con respecto al proyecto de las entradas a la ciudad y lo califica de atraco a los intereses generales"}]},{"@type":"WebSite","@id":"https:\/\/coria.org\/ayuntamiento\/#website","url":"https:\/\/coria.org\/ayuntamiento\/","name":"Ayuntamiento de Coria","description":"Web oficial del Ayuntamiento de Coria","publisher":{"@id":"https:\/\/coria.org\/ayuntamiento\/#organization"},"alternateName":"Web Oficial del Ayuntamiento de Coria","potentialAction":[{"@type":"SearchAction","target":{"@type":"EntryPoint","urlTemplate":"https:\/\/coria.org\/ayuntamiento\/?s={search_term_string}"},"query-input":{"@type":"PropertyValueSpecification","valueRequired":true,"valueName":"search_term_string"}}],"inLanguage":"es"},{"@type":"Organization","@id":"https:\/\/coria.org\/ayuntamiento\/#organization","name":"Ayuntamiento de Coria","alternateName":"Ayto de Coria","url":"https:\/\/coria.org\/ayuntamiento\/","logo":{"@type":"ImageObject","inLanguage":"es","@id":"https:\/\/coria.org\/ayuntamiento\/#\/schema\/logo\/image\/","url":"https:\/\/coria.org\/ayuntamiento\/wp-content\/uploads\/2020\/12\/escudo-ayuntamiento-coria.png","contentUrl":"https:\/\/coria.org\/ayuntamiento\/wp-content\/uploads\/2020\/12\/escudo-ayuntamiento-coria.png","width":511,"height":240,"caption":"Ayuntamiento de Coria"},"image":{"@id":"https:\/\/coria.org\/ayuntamiento\/#\/schema\/logo\/image\/"},"sameAs":["https:\/\/www.facebook.com\/Ayuntamiento.de.Coria","https:\/\/x.com\/Ayto_de_Coria","https:\/\/www.instagram.com\/coria.ayuntamiento\/","https:\/\/www.youtube.com\/user\/AYUNTAMIENTOCORIA"]},{"@type":"Person","@id":"https:\/\/coria.org\/ayuntamiento\/#\/schema\/person\/8bd589f0e13e8ae5aa06def7a599d622","name":"ayuntamiento","image":{"@type":"ImageObject","inLanguage":"es","@id":"https:\/\/secure.gravatar.com\/avatar\/966e5ed73cad334adda5c87f49f2547f7082f7292c1b627cbb548744383b391c?s=96&d=mm&r=g","url":"https:\/\/secure.gravatar.com\/avatar\/966e5ed73cad334adda5c87f49f2547f7082f7292c1b627cbb548744383b391c?s=96&d=mm&r=g","contentUrl":"https:\/\/secure.gravatar.com\/avatar\/966e5ed73cad334adda5c87f49f2547f7082f7292c1b627cbb548744383b391c?s=96&d=mm&r=g","caption":"ayuntamiento"}}]}},"uagb_featured_image_src":{"full":["https:\/\/coria.org\/ayuntamiento\/wp-content\/uploads\/2018\/02\/39460928485_64560f3b2b_o.jpg",1024,768,false],"thumbnail":["https:\/\/coria.org\/ayuntamiento\/wp-content\/uploads\/2018\/02\/39460928485_64560f3b2b_o-150x150.jpg",150,150,true],"medium":["https:\/\/coria.org\/ayuntamiento\/wp-content\/uploads\/2018\/02\/39460928485_64560f3b2b_o-300x225.jpg",300,225,true],"medium_large":["https:\/\/coria.org\/ayuntamiento\/wp-content\/uploads\/2018\/02\/39460928485_64560f3b2b_o-768x576.jpg",768,576,true],"large":["https:\/\/coria.org\/ayuntamiento\/wp-content\/uploads\/2018\/02\/39460928485_64560f3b2b_o.jpg",1024,768,false],"thumblist":["https:\/\/coria.org\/ayuntamiento\/wp-content\/uploads\/2018\/02\/39460928485_64560f3b2b_o.jpg",300,225,false],"thumbrelated":["https:\/\/coria.org\/ayuntamiento\/wp-content\/uploads\/2018\/02\/39460928485_64560f3b2b_o.jpg",500,375,false],"meccarouselthumb":["https:\/\/coria.org\/ayuntamiento\/wp-content\/uploads\/2018\/02\/39460928485_64560f3b2b_o.jpg",432,324,false],"gridsquare":["https:\/\/coria.org\/ayuntamiento\/wp-content\/uploads\/2018\/02\/39460928485_64560f3b2b_o.jpg",347,260,false],"tileview":["https:\/\/coria.org\/ayuntamiento\/wp-content\/uploads\/2018\/02\/39460928485_64560f3b2b_o.jpg",300,225,false],"1536x1536":["https:\/\/coria.org\/ayuntamiento\/wp-content\/uploads\/2018\/02\/39460928485_64560f3b2b_o.jpg",1024,768,false],"2048x2048":["https:\/\/coria.org\/ayuntamiento\/wp-content\/uploads\/2018\/02\/39460928485_64560f3b2b_o.jpg",1024,768,false]},"uagb_author_info":{"display_name":"ayuntamiento","author_link":"https:\/\/coria.org\/ayuntamiento\/index.php\/author\/ayuntamiento\/"},"uagb_comment_info":0,"uagb_excerpt":"El Alcalde de Coria ha comparecido ante los medios de comunicaci\u00f3n para demostrar las falsedades y mentiras del Vicepresidente de Diputaci\u00f3n Provincial y la oposici\u00f3n local, respecto al proyecto de entradas a la ciudad y el atraco a los intereses generales sufrido por parte del PSOE en unas infraestructuras que son competencia de Diputaci\u00f3n. Ha&hellip;","_links":{"self":[{"href":"https:\/\/coria.org\/ayuntamiento\/index.php\/wp-json\/wp\/v2\/posts\/24630","targetHints":{"allow":["GET"]}}],"collection":[{"href":"https:\/\/coria.org\/ayuntamiento\/index.php\/wp-json\/wp\/v2\/posts"}],"about":[{"href":"https:\/\/coria.org\/ayuntamiento\/index.php\/wp-json\/wp\/v2\/types\/post"}],"author":[{"embeddable":true,"href":"https:\/\/coria.org\/ayuntamiento\/index.php\/wp-json\/wp\/v2\/users\/2"}],"replies":[{"embeddable":true,"href":"https:\/\/coria.org\/ayuntamiento\/index.php\/wp-json\/wp\/v2\/comments?post=24630"}],"version-history":[{"count":0,"href":"https:\/\/coria.org\/ayuntamiento\/index.php\/wp-json\/wp\/v2\/posts\/24630\/revisions"}],"wp:featuredmedia":[{"embeddable":true,"href":"https:\/\/coria.org\/ayuntamiento\/index.php\/wp-json\/wp\/v2\/media\/28273"}],"wp:attachment":[{"href":"https:\/\/coria.org\/ayuntamiento\/index.php\/wp-json\/wp\/v2\/media?parent=24630"}],"wp:term":[{"taxonomy":"category","embeddable":true,"href":"https:\/\/coria.org\/ayuntamiento\/index.php\/wp-json\/wp\/v2\/categories?post=24630"},{"taxonomy":"post_tag","embeddable":true,"href":"https:\/\/coria.org\/ayuntamiento\/index.php\/wp-json\/wp\/v2\/tags?post=24630"}],"curies":[{"name":"wp","href":"https:\/\/api.w.org\/{rel}","templated":true}]}}