{"id":24629,"date":"2018-02-20T00:00:00","date_gmt":"2018-02-20T00:00:00","guid":{"rendered":"https:\/\/ayuntamiento.coriaenimagenes.com\/la-ciudad-de-coria-acogera-la-organizacion-del-campeonato-de-extremadura-de-triatlon-sprint\/"},"modified":"2023-09-18T12:34:47","modified_gmt":"2023-09-18T10:34:47","slug":"la-ciudad-de-coria-acogera-la-organizacion-del-campeonato-de-extremadura-de-triatlon-sprint","status":"publish","type":"post","link":"https:\/\/coria.org\/ayuntamiento\/index.php\/2018\/02\/20\/la-ciudad-de-coria-acogera-la-organizacion-del-campeonato-de-extremadura-de-triatlon-sprint\/","title":{"rendered":"La Ciudad de Coria acoger\u00e1 la organizaci\u00f3n del Campeonato de Extremadura de Triatl\u00f3n Sprint"},"content":{"rendered":"\n<p><b>La ciudad de Coria volver\u00e1 a ser sede de una importante prueba dentro de la presente edici\u00f3n XVII del Triatl\u00f3n \u00abCiudad de Coria\u00bb, donde la Federaci\u00f3n Extreme\u00f1a de Triatl\u00f3n ha concedido la organizaci\u00f3n del Campeonato de Extremadura de Triatl\u00f3n Sprint, adem\u00e1s de ser valedera para el Ranking de la Liga FEXTRI AUSTRAL 2018.<\/b><\/p>\n\n<figure class=\"wp-block-post-featured-image\"><img loading=\"lazy\" decoding=\"async\" width=\"720\" height=\"405\" src=\"https:\/\/coria.org\/ayuntamiento\/wp-content\/uploads\/2022\/02\/image-267.jpeg\" class=\"attachment-post-thumbnail size-post-thumbnail wp-post-image\" alt=\"\" style=\"object-fit:cover;\" srcset=\"https:\/\/coria.org\/ayuntamiento\/wp-content\/uploads\/2022\/02\/image-267.jpeg 720w, https:\/\/coria.org\/ayuntamiento\/wp-content\/uploads\/2022\/02\/image-267-300x169.jpeg 300w\" sizes=\"auto, (max-width: 720px) 100vw, 720px\" \/><\/figure>\n\n<p>De igual forma, se ha solicitado por parte de la Federaci\u00f3n, la organizaci\u00f3n en paralelo del Campeonato Ib\u00e9rico de Triatl\u00f3n Sprint, lo que supondr\u00e1 un mayor incentivo para atraer a los mejores triatletas de \u00edndole nacional como internacional, al igual que ocurri\u00f3 en la edici\u00f3n celebrada en el a\u00f1o 1999.<\/p>\n\n\n<p>Ambas pruebas, est\u00e1n prevista para el domingo 15 de julio de 2018.<\/p>\n","protected":false},"excerpt":{"rendered":"<p>La ciudad de Coria volver\u00e1 a ser sede de una importante prueba dentro de la presente edici\u00f3n XVII del Triatl\u00f3n \u00abCiudad de Coria\u00bb, donde la Federaci\u00f3n Extreme\u00f1a de Triatl\u00f3n ha concedido la organizaci\u00f3n del Campeonato de Extremadura de Triatl\u00f3n Sprint, adem\u00e1s de ser valedera para el Ranking de la Liga FEXTRI AUSTRAL 2018. De igual [&hellip;]<\/p>\n","protected":false},"author":2,"featured_media":28270,"comment_status":"closed","ping_status":"closed","sticky":false,"template":"","format":"standard","meta":{"_uag_custom_page_level_css":"","footnotes":""},"categories":[2],"tags":[3,4],"class_list":["post-24629","post","type-post","status-publish","format-standard","has-post-thumbnail","hentry","category-noticias","tag-coria","tag-extremadura"],"yoast_head":"<!-- This site is optimized with the Yoast SEO plugin v27.4 - https:\/\/yoast.com\/product\/yoast-seo-wordpress\/ -->\n<title>La Ciudad de Coria acoger\u00e1 la organizaci\u00f3n del Campeonato de Extremadura de Triatl\u00f3n Sprint - Ayuntamiento de Coria<\/title>\n<meta name=\"robots\" content=\"index, follow, max-snippet:-1, max-image-preview:large, max-video-preview:-1\" \/>\n<link rel=\"canonical\" href=\"https:\/\/coria.org\/ayuntamiento\/index.php\/2018\/02\/20\/la-ciudad-de-coria-acogera-la-organizacion-del-campeonato-de-extremadura-de-triatlon-sprint\/\" \/>\n<meta property=\"og:locale\" content=\"es_ES\" \/>\n<meta property=\"og:type\" content=\"article\" \/>\n<meta property=\"og:title\" content=\"La Ciudad de Coria acoger\u00e1 la organizaci\u00f3n del Campeonato de Extremadura de Triatl\u00f3n Sprint - Ayuntamiento de Coria\" \/>\n<meta property=\"og:description\" content=\"La ciudad de Coria volver\u00e1 a ser sede de una importante prueba dentro de la presente edici\u00f3n XVII del Triatl\u00f3n \u00abCiudad de Coria\u00bb, donde la Federaci\u00f3n Extreme\u00f1a de Triatl\u00f3n ha concedido la organizaci\u00f3n del Campeonato de Extremadura de Triatl\u00f3n Sprint, adem\u00e1s de ser valedera para el Ranking de la Liga FEXTRI AUSTRAL 2018. De igual [&hellip;]\" \/>\n<meta property=\"og:url\" content=\"https:\/\/coria.org\/ayuntamiento\/index.php\/2018\/02\/20\/la-ciudad-de-coria-acogera-la-organizacion-del-campeonato-de-extremadura-de-triatlon-sprint\/\" \/>\n<meta property=\"og:site_name\" content=\"Ayuntamiento de Coria\" \/>\n<meta property=\"article:publisher\" content=\"https:\/\/www.facebook.com\/Ayuntamiento.de.Coria\" \/>\n<meta property=\"article:published_time\" content=\"2018-02-20T00:00:00+00:00\" \/>\n<meta property=\"article:modified_time\" content=\"2023-09-18T10:34:47+00:00\" \/>\n<meta property=\"og:image\" content=\"https:\/\/coria.org\/ayuntamiento\/wp-content\/uploads\/2022\/02\/image-267.jpeg\" \/>\n\t<meta property=\"og:image:width\" content=\"720\" \/>\n\t<meta property=\"og:image:height\" content=\"405\" \/>\n\t<meta property=\"og:image:type\" content=\"image\/jpeg\" \/>\n<meta name=\"author\" content=\"ayuntamiento\" \/>\n<meta name=\"twitter:card\" content=\"summary_large_image\" \/>\n<meta name=\"twitter:creator\" content=\"@Ayto_de_Coria\" \/>\n<meta name=\"twitter:site\" content=\"@Ayto_de_Coria\" \/>\n<meta name=\"twitter:label1\" content=\"Escrito por\" \/>\n\t<meta name=\"twitter:data1\" content=\"ayuntamiento\" \/>\n\t<meta name=\"twitter:label2\" content=\"Tiempo de lectura\" \/>\n\t<meta name=\"twitter:data2\" content=\"1 minuto\" \/>\n<script type=\"application\/ld+json\" class=\"yoast-schema-graph\">{\"@context\":\"https:\\\/\\\/schema.org\",\"@graph\":[{\"@type\":\"Article\",\"@id\":\"https:\\\/\\\/coria.org\\\/ayuntamiento\\\/index.php\\\/2018\\\/02\\\/20\\\/la-ciudad-de-coria-acogera-la-organizacion-del-campeonato-de-extremadura-de-triatlon-sprint\\\/#article\",\"isPartOf\":{\"@id\":\"https:\\\/\\\/coria.org\\\/ayuntamiento\\\/index.php\\\/2018\\\/02\\\/20\\\/la-ciudad-de-coria-acogera-la-organizacion-del-campeonato-de-extremadura-de-triatlon-sprint\\\/\"},\"author\":{\"name\":\"ayuntamiento\",\"@id\":\"https:\\\/\\\/coria.org\\\/ayuntamiento\\\/#\\\/schema\\\/person\\\/8bd589f0e13e8ae5aa06def7a599d622\"},\"headline\":\"La Ciudad de Coria acoger\u00e1 la organizaci\u00f3n del Campeonato de Extremadura de Triatl\u00f3n Sprint\",\"datePublished\":\"2018-02-20T00:00:00+00:00\",\"dateModified\":\"2023-09-18T10:34:47+00:00\",\"mainEntityOfPage\":{\"@id\":\"https:\\\/\\\/coria.org\\\/ayuntamiento\\\/index.php\\\/2018\\\/02\\\/20\\\/la-ciudad-de-coria-acogera-la-organizacion-del-campeonato-de-extremadura-de-triatlon-sprint\\\/\"},\"wordCount\":142,\"publisher\":{\"@id\":\"https:\\\/\\\/coria.org\\\/ayuntamiento\\\/#organization\"},\"image\":{\"@id\":\"https:\\\/\\\/coria.org\\\/ayuntamiento\\\/index.php\\\/2018\\\/02\\\/20\\\/la-ciudad-de-coria-acogera-la-organizacion-del-campeonato-de-extremadura-de-triatlon-sprint\\\/#primaryimage\"},\"thumbnailUrl\":\"https:\\\/\\\/coria.org\\\/ayuntamiento\\\/wp-content\\\/uploads\\\/2022\\\/02\\\/image-267.jpeg\",\"keywords\":[\"coria\",\"extremadura\"],\"articleSection\":[\"Noticias\"],\"inLanguage\":\"es\"},{\"@type\":\"WebPage\",\"@id\":\"https:\\\/\\\/coria.org\\\/ayuntamiento\\\/index.php\\\/2018\\\/02\\\/20\\\/la-ciudad-de-coria-acogera-la-organizacion-del-campeonato-de-extremadura-de-triatlon-sprint\\\/\",\"url\":\"https:\\\/\\\/coria.org\\\/ayuntamiento\\\/index.php\\\/2018\\\/02\\\/20\\\/la-ciudad-de-coria-acogera-la-organizacion-del-campeonato-de-extremadura-de-triatlon-sprint\\\/\",\"name\":\"La Ciudad de Coria acoger\u00e1 la organizaci\u00f3n del Campeonato de Extremadura de Triatl\u00f3n Sprint - Ayuntamiento de Coria\",\"isPartOf\":{\"@id\":\"https:\\\/\\\/coria.org\\\/ayuntamiento\\\/#website\"},\"primaryImageOfPage\":{\"@id\":\"https:\\\/\\\/coria.org\\\/ayuntamiento\\\/index.php\\\/2018\\\/02\\\/20\\\/la-ciudad-de-coria-acogera-la-organizacion-del-campeonato-de-extremadura-de-triatlon-sprint\\\/#primaryimage\"},\"image\":{\"@id\":\"https:\\\/\\\/coria.org\\\/ayuntamiento\\\/index.php\\\/2018\\\/02\\\/20\\\/la-ciudad-de-coria-acogera-la-organizacion-del-campeonato-de-extremadura-de-triatlon-sprint\\\/#primaryimage\"},\"thumbnailUrl\":\"https:\\\/\\\/coria.org\\\/ayuntamiento\\\/wp-content\\\/uploads\\\/2022\\\/02\\\/image-267.jpeg\",\"datePublished\":\"2018-02-20T00:00:00+00:00\",\"dateModified\":\"2023-09-18T10:34:47+00:00\",\"breadcrumb\":{\"@id\":\"https:\\\/\\\/coria.org\\\/ayuntamiento\\\/index.php\\\/2018\\\/02\\\/20\\\/la-ciudad-de-coria-acogera-la-organizacion-del-campeonato-de-extremadura-de-triatlon-sprint\\\/#breadcrumb\"},\"inLanguage\":\"es\",\"potentialAction\":[{\"@type\":\"ReadAction\",\"target\":[\"https:\\\/\\\/coria.org\\\/ayuntamiento\\\/index.php\\\/2018\\\/02\\\/20\\\/la-ciudad-de-coria-acogera-la-organizacion-del-campeonato-de-extremadura-de-triatlon-sprint\\\/\"]}]},{\"@type\":\"ImageObject\",\"inLanguage\":\"es\",\"@id\":\"https:\\\/\\\/coria.org\\\/ayuntamiento\\\/index.php\\\/2018\\\/02\\\/20\\\/la-ciudad-de-coria-acogera-la-organizacion-del-campeonato-de-extremadura-de-triatlon-sprint\\\/#primaryimage\",\"url\":\"https:\\\/\\\/coria.org\\\/ayuntamiento\\\/wp-content\\\/uploads\\\/2022\\\/02\\\/image-267.jpeg\",\"contentUrl\":\"https:\\\/\\\/coria.org\\\/ayuntamiento\\\/wp-content\\\/uploads\\\/2022\\\/02\\\/image-267.jpeg\",\"width\":720,\"height\":405},{\"@type\":\"BreadcrumbList\",\"@id\":\"https:\\\/\\\/coria.org\\\/ayuntamiento\\\/index.php\\\/2018\\\/02\\\/20\\\/la-ciudad-de-coria-acogera-la-organizacion-del-campeonato-de-extremadura-de-triatlon-sprint\\\/#breadcrumb\",\"itemListElement\":[{\"@type\":\"ListItem\",\"position\":1,\"name\":\"Inicio\",\"item\":\"https:\\\/\\\/coria.org\\\/ayuntamiento\\\/\"},{\"@type\":\"ListItem\",\"position\":2,\"name\":\"La Ciudad de Coria acoger\u00e1 la organizaci\u00f3n del Campeonato de Extremadura de Triatl\u00f3n Sprint\"}]},{\"@type\":\"WebSite\",\"@id\":\"https:\\\/\\\/coria.org\\\/ayuntamiento\\\/#website\",\"url\":\"https:\\\/\\\/coria.org\\\/ayuntamiento\\\/\",\"name\":\"Ayuntamiento de Coria\",\"description\":\"Web oficial del Ayuntamiento de Coria\",\"publisher\":{\"@id\":\"https:\\\/\\\/coria.org\\\/ayuntamiento\\\/#organization\"},\"alternateName\":\"Web Oficial del Ayuntamiento de Coria\",\"potentialAction\":[{\"@type\":\"SearchAction\",\"target\":{\"@type\":\"EntryPoint\",\"urlTemplate\":\"https:\\\/\\\/coria.org\\\/ayuntamiento\\\/?s={search_term_string}\"},\"query-input\":{\"@type\":\"PropertyValueSpecification\",\"valueRequired\":true,\"valueName\":\"search_term_string\"}}],\"inLanguage\":\"es\"},{\"@type\":\"Organization\",\"@id\":\"https:\\\/\\\/coria.org\\\/ayuntamiento\\\/#organization\",\"name\":\"Ayuntamiento de Coria\",\"alternateName\":\"Ayto de Coria\",\"url\":\"https:\\\/\\\/coria.org\\\/ayuntamiento\\\/\",\"logo\":{\"@type\":\"ImageObject\",\"inLanguage\":\"es\",\"@id\":\"https:\\\/\\\/coria.org\\\/ayuntamiento\\\/#\\\/schema\\\/logo\\\/image\\\/\",\"url\":\"https:\\\/\\\/coria.org\\\/ayuntamiento\\\/wp-content\\\/uploads\\\/2020\\\/12\\\/escudo-ayuntamiento-coria.png\",\"contentUrl\":\"https:\\\/\\\/coria.org\\\/ayuntamiento\\\/wp-content\\\/uploads\\\/2020\\\/12\\\/escudo-ayuntamiento-coria.png\",\"width\":511,\"height\":240,\"caption\":\"Ayuntamiento de Coria\"},\"image\":{\"@id\":\"https:\\\/\\\/coria.org\\\/ayuntamiento\\\/#\\\/schema\\\/logo\\\/image\\\/\"},\"sameAs\":[\"https:\\\/\\\/www.facebook.com\\\/Ayuntamiento.de.Coria\",\"https:\\\/\\\/x.com\\\/Ayto_de_Coria\",\"https:\\\/\\\/www.instagram.com\\\/coria.ayuntamiento\\\/\",\"https:\\\/\\\/www.youtube.com\\\/user\\\/AYUNTAMIENTOCORIA\"]},{\"@type\":\"Person\",\"@id\":\"https:\\\/\\\/coria.org\\\/ayuntamiento\\\/#\\\/schema\\\/person\\\/8bd589f0e13e8ae5aa06def7a599d622\",\"name\":\"ayuntamiento\",\"image\":{\"@type\":\"ImageObject\",\"inLanguage\":\"es\",\"@id\":\"https:\\\/\\\/secure.gravatar.com\\\/avatar\\\/966e5ed73cad334adda5c87f49f2547f7082f7292c1b627cbb548744383b391c?s=96&d=mm&r=g\",\"url\":\"https:\\\/\\\/secure.gravatar.com\\\/avatar\\\/966e5ed73cad334adda5c87f49f2547f7082f7292c1b627cbb548744383b391c?s=96&d=mm&r=g\",\"contentUrl\":\"https:\\\/\\\/secure.gravatar.com\\\/avatar\\\/966e5ed73cad334adda5c87f49f2547f7082f7292c1b627cbb548744383b391c?s=96&d=mm&r=g\",\"caption\":\"ayuntamiento\"}}]}<\/script>\n<!-- \/ Yoast SEO plugin. -->","yoast_head_json":{"title":"La Ciudad de Coria acoger\u00e1 la organizaci\u00f3n del Campeonato de Extremadura de Triatl\u00f3n Sprint - Ayuntamiento de Coria","robots":{"index":"index","follow":"follow","max-snippet":"max-snippet:-1","max-image-preview":"max-image-preview:large","max-video-preview":"max-video-preview:-1"},"canonical":"https:\/\/coria.org\/ayuntamiento\/index.php\/2018\/02\/20\/la-ciudad-de-coria-acogera-la-organizacion-del-campeonato-de-extremadura-de-triatlon-sprint\/","og_locale":"es_ES","og_type":"article","og_title":"La Ciudad de Coria acoger\u00e1 la organizaci\u00f3n del Campeonato de Extremadura de Triatl\u00f3n Sprint - Ayuntamiento de Coria","og_description":"La ciudad de Coria volver\u00e1 a ser sede de una importante prueba dentro de la presente edici\u00f3n XVII del Triatl\u00f3n \u00abCiudad de Coria\u00bb, donde la Federaci\u00f3n Extreme\u00f1a de Triatl\u00f3n ha concedido la organizaci\u00f3n del Campeonato de Extremadura de Triatl\u00f3n Sprint, adem\u00e1s de ser valedera para el Ranking de la Liga FEXTRI AUSTRAL 2018. De igual [&hellip;]","og_url":"https:\/\/coria.org\/ayuntamiento\/index.php\/2018\/02\/20\/la-ciudad-de-coria-acogera-la-organizacion-del-campeonato-de-extremadura-de-triatlon-sprint\/","og_site_name":"Ayuntamiento de Coria","article_publisher":"https:\/\/www.facebook.com\/Ayuntamiento.de.Coria","article_published_time":"2018-02-20T00:00:00+00:00","article_modified_time":"2023-09-18T10:34:47+00:00","og_image":[{"width":720,"height":405,"url":"https:\/\/coria.org\/ayuntamiento\/wp-content\/uploads\/2022\/02\/image-267.jpeg","type":"image\/jpeg"}],"author":"ayuntamiento","twitter_card":"summary_large_image","twitter_creator":"@Ayto_de_Coria","twitter_site":"@Ayto_de_Coria","twitter_misc":{"Escrito por":"ayuntamiento","Tiempo de lectura":"1 minuto"},"schema":{"@context":"https:\/\/schema.org","@graph":[{"@type":"Article","@id":"https:\/\/coria.org\/ayuntamiento\/index.php\/2018\/02\/20\/la-ciudad-de-coria-acogera-la-organizacion-del-campeonato-de-extremadura-de-triatlon-sprint\/#article","isPartOf":{"@id":"https:\/\/coria.org\/ayuntamiento\/index.php\/2018\/02\/20\/la-ciudad-de-coria-acogera-la-organizacion-del-campeonato-de-extremadura-de-triatlon-sprint\/"},"author":{"name":"ayuntamiento","@id":"https:\/\/coria.org\/ayuntamiento\/#\/schema\/person\/8bd589f0e13e8ae5aa06def7a599d622"},"headline":"La Ciudad de Coria acoger\u00e1 la organizaci\u00f3n del Campeonato de Extremadura de Triatl\u00f3n Sprint","datePublished":"2018-02-20T00:00:00+00:00","dateModified":"2023-09-18T10:34:47+00:00","mainEntityOfPage":{"@id":"https:\/\/coria.org\/ayuntamiento\/index.php\/2018\/02\/20\/la-ciudad-de-coria-acogera-la-organizacion-del-campeonato-de-extremadura-de-triatlon-sprint\/"},"wordCount":142,"publisher":{"@id":"https:\/\/coria.org\/ayuntamiento\/#organization"},"image":{"@id":"https:\/\/coria.org\/ayuntamiento\/index.php\/2018\/02\/20\/la-ciudad-de-coria-acogera-la-organizacion-del-campeonato-de-extremadura-de-triatlon-sprint\/#primaryimage"},"thumbnailUrl":"https:\/\/coria.org\/ayuntamiento\/wp-content\/uploads\/2022\/02\/image-267.jpeg","keywords":["coria","extremadura"],"articleSection":["Noticias"],"inLanguage":"es"},{"@type":"WebPage","@id":"https:\/\/coria.org\/ayuntamiento\/index.php\/2018\/02\/20\/la-ciudad-de-coria-acogera-la-organizacion-del-campeonato-de-extremadura-de-triatlon-sprint\/","url":"https:\/\/coria.org\/ayuntamiento\/index.php\/2018\/02\/20\/la-ciudad-de-coria-acogera-la-organizacion-del-campeonato-de-extremadura-de-triatlon-sprint\/","name":"La Ciudad de Coria acoger\u00e1 la organizaci\u00f3n del Campeonato de Extremadura de Triatl\u00f3n Sprint - Ayuntamiento de Coria","isPartOf":{"@id":"https:\/\/coria.org\/ayuntamiento\/#website"},"primaryImageOfPage":{"@id":"https:\/\/coria.org\/ayuntamiento\/index.php\/2018\/02\/20\/la-ciudad-de-coria-acogera-la-organizacion-del-campeonato-de-extremadura-de-triatlon-sprint\/#primaryimage"},"image":{"@id":"https:\/\/coria.org\/ayuntamiento\/index.php\/2018\/02\/20\/la-ciudad-de-coria-acogera-la-organizacion-del-campeonato-de-extremadura-de-triatlon-sprint\/#primaryimage"},"thumbnailUrl":"https:\/\/coria.org\/ayuntamiento\/wp-content\/uploads\/2022\/02\/image-267.jpeg","datePublished":"2018-02-20T00:00:00+00:00","dateModified":"2023-09-18T10:34:47+00:00","breadcrumb":{"@id":"https:\/\/coria.org\/ayuntamiento\/index.php\/2018\/02\/20\/la-ciudad-de-coria-acogera-la-organizacion-del-campeonato-de-extremadura-de-triatlon-sprint\/#breadcrumb"},"inLanguage":"es","potentialAction":[{"@type":"ReadAction","target":["https:\/\/coria.org\/ayuntamiento\/index.php\/2018\/02\/20\/la-ciudad-de-coria-acogera-la-organizacion-del-campeonato-de-extremadura-de-triatlon-sprint\/"]}]},{"@type":"ImageObject","inLanguage":"es","@id":"https:\/\/coria.org\/ayuntamiento\/index.php\/2018\/02\/20\/la-ciudad-de-coria-acogera-la-organizacion-del-campeonato-de-extremadura-de-triatlon-sprint\/#primaryimage","url":"https:\/\/coria.org\/ayuntamiento\/wp-content\/uploads\/2022\/02\/image-267.jpeg","contentUrl":"https:\/\/coria.org\/ayuntamiento\/wp-content\/uploads\/2022\/02\/image-267.jpeg","width":720,"height":405},{"@type":"BreadcrumbList","@id":"https:\/\/coria.org\/ayuntamiento\/index.php\/2018\/02\/20\/la-ciudad-de-coria-acogera-la-organizacion-del-campeonato-de-extremadura-de-triatlon-sprint\/#breadcrumb","itemListElement":[{"@type":"ListItem","position":1,"name":"Inicio","item":"https:\/\/coria.org\/ayuntamiento\/"},{"@type":"ListItem","position":2,"name":"La Ciudad de Coria acoger\u00e1 la organizaci\u00f3n del Campeonato de Extremadura de Triatl\u00f3n Sprint"}]},{"@type":"WebSite","@id":"https:\/\/coria.org\/ayuntamiento\/#website","url":"https:\/\/coria.org\/ayuntamiento\/","name":"Ayuntamiento de Coria","description":"Web oficial del Ayuntamiento de Coria","publisher":{"@id":"https:\/\/coria.org\/ayuntamiento\/#organization"},"alternateName":"Web Oficial del Ayuntamiento de Coria","potentialAction":[{"@type":"SearchAction","target":{"@type":"EntryPoint","urlTemplate":"https:\/\/coria.org\/ayuntamiento\/?s={search_term_string}"},"query-input":{"@type":"PropertyValueSpecification","valueRequired":true,"valueName":"search_term_string"}}],"inLanguage":"es"},{"@type":"Organization","@id":"https:\/\/coria.org\/ayuntamiento\/#organization","name":"Ayuntamiento de Coria","alternateName":"Ayto de Coria","url":"https:\/\/coria.org\/ayuntamiento\/","logo":{"@type":"ImageObject","inLanguage":"es","@id":"https:\/\/coria.org\/ayuntamiento\/#\/schema\/logo\/image\/","url":"https:\/\/coria.org\/ayuntamiento\/wp-content\/uploads\/2020\/12\/escudo-ayuntamiento-coria.png","contentUrl":"https:\/\/coria.org\/ayuntamiento\/wp-content\/uploads\/2020\/12\/escudo-ayuntamiento-coria.png","width":511,"height":240,"caption":"Ayuntamiento de Coria"},"image":{"@id":"https:\/\/coria.org\/ayuntamiento\/#\/schema\/logo\/image\/"},"sameAs":["https:\/\/www.facebook.com\/Ayuntamiento.de.Coria","https:\/\/x.com\/Ayto_de_Coria","https:\/\/www.instagram.com\/coria.ayuntamiento\/","https:\/\/www.youtube.com\/user\/AYUNTAMIENTOCORIA"]},{"@type":"Person","@id":"https:\/\/coria.org\/ayuntamiento\/#\/schema\/person\/8bd589f0e13e8ae5aa06def7a599d622","name":"ayuntamiento","image":{"@type":"ImageObject","inLanguage":"es","@id":"https:\/\/secure.gravatar.com\/avatar\/966e5ed73cad334adda5c87f49f2547f7082f7292c1b627cbb548744383b391c?s=96&d=mm&r=g","url":"https:\/\/secure.gravatar.com\/avatar\/966e5ed73cad334adda5c87f49f2547f7082f7292c1b627cbb548744383b391c?s=96&d=mm&r=g","contentUrl":"https:\/\/secure.gravatar.com\/avatar\/966e5ed73cad334adda5c87f49f2547f7082f7292c1b627cbb548744383b391c?s=96&d=mm&r=g","caption":"ayuntamiento"}}]}},"uagb_featured_image_src":{"full":["https:\/\/coria.org\/ayuntamiento\/wp-content\/uploads\/2022\/02\/image-267.jpeg",720,405,false],"thumbnail":["https:\/\/coria.org\/ayuntamiento\/wp-content\/uploads\/2022\/02\/image-267-150x150.jpeg",150,150,true],"medium":["https:\/\/coria.org\/ayuntamiento\/wp-content\/uploads\/2022\/02\/image-267-300x169.jpeg",300,169,true],"medium_large":["https:\/\/coria.org\/ayuntamiento\/wp-content\/uploads\/2022\/02\/image-267.jpeg",720,405,false],"large":["https:\/\/coria.org\/ayuntamiento\/wp-content\/uploads\/2022\/02\/image-267.jpeg",720,405,false],"thumblist":["https:\/\/coria.org\/ayuntamiento\/wp-content\/uploads\/2022\/02\/image-267.jpeg",300,169,false],"thumbrelated":["https:\/\/coria.org\/ayuntamiento\/wp-content\/uploads\/2022\/02\/image-267.jpeg",500,281,false],"meccarouselthumb":["https:\/\/coria.org\/ayuntamiento\/wp-content\/uploads\/2022\/02\/image-267.jpeg",474,267,false],"gridsquare":["https:\/\/coria.org\/ayuntamiento\/wp-content\/uploads\/2022\/02\/image-267.jpeg",391,220,false],"tileview":["https:\/\/coria.org\/ayuntamiento\/wp-content\/uploads\/2022\/02\/image-267.jpeg",300,169,false],"1536x1536":["https:\/\/coria.org\/ayuntamiento\/wp-content\/uploads\/2022\/02\/image-267.jpeg",720,405,false],"2048x2048":["https:\/\/coria.org\/ayuntamiento\/wp-content\/uploads\/2022\/02\/image-267.jpeg",720,405,false]},"uagb_author_info":{"display_name":"ayuntamiento","author_link":"https:\/\/coria.org\/ayuntamiento\/index.php\/author\/ayuntamiento\/"},"uagb_comment_info":0,"uagb_excerpt":"La ciudad de Coria volver\u00e1 a ser sede de una importante prueba dentro de la presente edici\u00f3n XVII del Triatl\u00f3n \u00abCiudad de Coria\u00bb, donde la Federaci\u00f3n Extreme\u00f1a de Triatl\u00f3n ha concedido la organizaci\u00f3n del Campeonato de Extremadura de Triatl\u00f3n Sprint, adem\u00e1s de ser valedera para el Ranking de la Liga FEXTRI AUSTRAL 2018. De igual&hellip;","_links":{"self":[{"href":"https:\/\/coria.org\/ayuntamiento\/index.php\/wp-json\/wp\/v2\/posts\/24629","targetHints":{"allow":["GET"]}}],"collection":[{"href":"https:\/\/coria.org\/ayuntamiento\/index.php\/wp-json\/wp\/v2\/posts"}],"about":[{"href":"https:\/\/coria.org\/ayuntamiento\/index.php\/wp-json\/wp\/v2\/types\/post"}],"author":[{"embeddable":true,"href":"https:\/\/coria.org\/ayuntamiento\/index.php\/wp-json\/wp\/v2\/users\/2"}],"replies":[{"embeddable":true,"href":"https:\/\/coria.org\/ayuntamiento\/index.php\/wp-json\/wp\/v2\/comments?post=24629"}],"version-history":[{"count":0,"href":"https:\/\/coria.org\/ayuntamiento\/index.php\/wp-json\/wp\/v2\/posts\/24629\/revisions"}],"wp:featuredmedia":[{"embeddable":true,"href":"https:\/\/coria.org\/ayuntamiento\/index.php\/wp-json\/wp\/v2\/media\/28270"}],"wp:attachment":[{"href":"https:\/\/coria.org\/ayuntamiento\/index.php\/wp-json\/wp\/v2\/media?parent=24629"}],"wp:term":[{"taxonomy":"category","embeddable":true,"href":"https:\/\/coria.org\/ayuntamiento\/index.php\/wp-json\/wp\/v2\/categories?post=24629"},{"taxonomy":"post_tag","embeddable":true,"href":"https:\/\/coria.org\/ayuntamiento\/index.php\/wp-json\/wp\/v2\/tags?post=24629"}],"curies":[{"name":"wp","href":"https:\/\/api.w.org\/{rel}","templated":true}]}}