{"id":24239,"date":"2019-04-15T00:00:00","date_gmt":"2019-04-15T00:00:00","guid":{"rendered":"https:\/\/ayuntamiento.coriaenimagenes.com\/carlos-canalo-de-miguel-un-cauriense-en-las-ventas\/"},"modified":"2024-03-14T10:51:30","modified_gmt":"2024-03-14T09:51:30","slug":"carlos-canalo-de-miguel-un-cauriense-en-las-ventas","status":"publish","type":"post","link":"https:\/\/coria.org\/ayuntamiento\/index.php\/2019\/04\/15\/carlos-canalo-de-miguel-un-cauriense-en-las-ventas\/","title":{"rendered":"Carlos Canalo de Miguel, un cauriense en Las Ventas"},"content":{"rendered":"\n<p>&gt;El artista cauriense, Carlos Canalo de Miguel, estar\u00e1 presente estos d\u00edas con su exposici\u00f3n titulada \u00abEl Toro, Retrato de una vida\u00bb, en una de las plazas m\u00e1s importantes del mundo, Las Ventas, en Madrid.<\/p>\n\n\n\n<figure class=\"wp-block-image alignleft size-full\"><img loading=\"lazy\" decoding=\"async\" width=\"720\" height=\"628\" src=\"https:\/\/coria.org\/ayuntamiento\/wp-content\/uploads\/2019\/04\/carlos-canalo-19.jpg.jpg\" alt=\"\" class=\"wp-image-60419\" srcset=\"https:\/\/coria.org\/ayuntamiento\/wp-content\/uploads\/2019\/04\/carlos-canalo-19.jpg.jpg 720w, https:\/\/coria.org\/ayuntamiento\/wp-content\/uploads\/2019\/04\/carlos-canalo-19.jpg-300x262.jpg 300w\" sizes=\"auto, (max-width: 720px) 100vw, 720px\" \/><\/figure>\n\n\n\n<p>Desde este domingo, 14 de abril y hasta final de mes, las personas que se acerquen a Las Ventas, podr\u00e1n disfrutar de una maravillosa colecci\u00f3n de fotograf\u00edas de toros de diferentes tama\u00f1os dedicadas a la vida del toro desde que nace hasta que llega a la plaza.<\/p>\n\n\n\n<p>La exposici\u00f3n est\u00e1 compuesta por un total de 27 fotos que versan sobre todas las etapas del toro bravo, desde que nace hasta que muere. Adem\u00e1s tambi\u00e9n muestra fotograf\u00edas de las personas m\u00e1s cercanas al toro bravo como son los mayorales y los ganaderos y su relaci\u00f3n con el animal.<\/p>\n\n\n\n<p>Canalo ha manifestado sentirse muy contento ya que \u00abes un orgullo poder mostrar mis trabajos en Las Ventas, en el Templo del mundo del toreo, por ello es una satisfacci\u00f3n muy grande estar all\u00ed y que todos puedan ver las fotos y disfrutar de ellas\u00bb, ha dicho.<\/p>\n\n\n\n<p>El Alcalde de Coria, Jos\u00e9 Manuel Garc\u00eda Ballestero, acompa\u00f1\u00f3 al artista cauriense en la inauguraci\u00f3n de la exposici\u00f3n ayer domingo, d\u00eda 14 de abril, a quien le ha deseado mucha suerte y todo tipo de \u00e9xitos en esta nueva andadura.<\/p>\n\n\n\n<p>Carlos Canalo es un joven que nace en Coria en noviembre de 1984 aunque desde muy temprana edad se interesa por el mundo de la Tauromaquia, especialmente en lo referido al orbe fotogr\u00e1fico. Es en el a\u00f1o 2007 cuando comienza con lo que a d\u00eda de hoy no es s\u00f3lo su gran pasi\u00f3n sino una manera de vivir desde el otro lado del objetivo: la fotograf\u00eda y m\u00e1s en concreto lo que se refiere al toro en su h\u00e1bitat natural, el campo bravo. <\/p>\n\n\n\n<p>Tras alg\u00fan que otro premio y desde una \u00f3ptica muy personal y atractiva, Carlos Canalo ha expuesto en tan variopintos lugares como lo es nuestra hermosa piel de toro desde El Museo de la C\u00e1rcel Real de su ciudad natal, Coria, hasta localidades como Zamora, Valladolid, Guadalajara o Pamplona, en un crecimiento que desde el a\u00f1o 2012 resulta imparable e imborrable y del que esperamos contin\u00fae en esa tesitura de mostrar las transparencias y verdades de ese m\u00e1gico mundo que comparte junto a una visi\u00f3n tan intimista con el toro bravo.<\/p>\n","protected":false},"excerpt":{"rendered":"<p>&gt;El artista cauriense, Carlos Canalo de Miguel, estar\u00e1 presente estos d\u00edas con su exposici\u00f3n titulada \u00abEl Toro, Retrato de una vida\u00bb, en una de las plazas m\u00e1s importantes del mundo, Las Ventas, en Madrid. Desde este domingo, 14 de abril y hasta final de mes, las personas que se acerquen a Las Ventas, podr\u00e1n disfrutar [&hellip;]<\/p>\n","protected":false},"author":2,"featured_media":60419,"comment_status":"closed","ping_status":"closed","sticky":false,"template":"","format":"standard","meta":{"_uag_custom_page_level_css":"","footnotes":""},"categories":[2],"tags":[3,4],"class_list":["post-24239","post","type-post","status-publish","format-standard","has-post-thumbnail","hentry","category-noticias","tag-coria","tag-extremadura"],"yoast_head":"<!-- This site is optimized with the Yoast SEO plugin v27.5 - https:\/\/yoast.com\/product\/yoast-seo-wordpress\/ -->\n<title>Carlos Canalo de Miguel, un cauriense en Las Ventas - Ayuntamiento de Coria<\/title>\n<meta name=\"robots\" content=\"index, follow, max-snippet:-1, max-image-preview:large, max-video-preview:-1\" \/>\n<link rel=\"canonical\" href=\"https:\/\/coria.org\/ayuntamiento\/index.php\/2019\/04\/15\/carlos-canalo-de-miguel-un-cauriense-en-las-ventas\/\" \/>\n<meta property=\"og:locale\" content=\"es_ES\" \/>\n<meta property=\"og:type\" content=\"article\" \/>\n<meta property=\"og:title\" content=\"Carlos Canalo de Miguel, un cauriense en Las Ventas - Ayuntamiento de Coria\" \/>\n<meta property=\"og:description\" content=\"&gt;El artista cauriense, Carlos Canalo de Miguel, estar\u00e1 presente estos d\u00edas con su exposici\u00f3n titulada \u00abEl Toro, Retrato de una vida\u00bb, en una de las plazas m\u00e1s importantes del mundo, Las Ventas, en Madrid. Desde este domingo, 14 de abril y hasta final de mes, las personas que se acerquen a Las Ventas, podr\u00e1n disfrutar [&hellip;]\" \/>\n<meta property=\"og:url\" content=\"https:\/\/coria.org\/ayuntamiento\/index.php\/2019\/04\/15\/carlos-canalo-de-miguel-un-cauriense-en-las-ventas\/\" \/>\n<meta property=\"og:site_name\" content=\"Ayuntamiento de Coria\" \/>\n<meta property=\"article:publisher\" content=\"https:\/\/www.facebook.com\/Ayuntamiento.de.Coria\" \/>\n<meta property=\"article:published_time\" content=\"2019-04-15T00:00:00+00:00\" \/>\n<meta property=\"article:modified_time\" content=\"2024-03-14T09:51:30+00:00\" \/>\n<meta property=\"og:image\" content=\"https:\/\/coria.org\/ayuntamiento\/wp-content\/uploads\/2019\/04\/carlos-canalo-19.jpg.jpg\" \/>\n\t<meta property=\"og:image:width\" content=\"720\" \/>\n\t<meta property=\"og:image:height\" content=\"628\" \/>\n\t<meta property=\"og:image:type\" content=\"image\/jpeg\" \/>\n<meta name=\"author\" content=\"ayuntamiento\" \/>\n<meta name=\"twitter:card\" content=\"summary_large_image\" \/>\n<meta name=\"twitter:creator\" content=\"@Ayto_de_Coria\" \/>\n<meta name=\"twitter:site\" content=\"@Ayto_de_Coria\" \/>\n<meta name=\"twitter:label1\" content=\"Escrito por\" \/>\n\t<meta name=\"twitter:data1\" content=\"ayuntamiento\" \/>\n\t<meta name=\"twitter:label2\" content=\"Tiempo de lectura\" \/>\n\t<meta name=\"twitter:data2\" content=\"2 minutos\" \/>\n<script type=\"application\/ld+json\" class=\"yoast-schema-graph\">{\"@context\":\"https:\\\/\\\/schema.org\",\"@graph\":[{\"@type\":\"Article\",\"@id\":\"https:\\\/\\\/coria.org\\\/ayuntamiento\\\/index.php\\\/2019\\\/04\\\/15\\\/carlos-canalo-de-miguel-un-cauriense-en-las-ventas\\\/#article\",\"isPartOf\":{\"@id\":\"https:\\\/\\\/coria.org\\\/ayuntamiento\\\/index.php\\\/2019\\\/04\\\/15\\\/carlos-canalo-de-miguel-un-cauriense-en-las-ventas\\\/\"},\"author\":{\"name\":\"ayuntamiento\",\"@id\":\"https:\\\/\\\/coria.org\\\/ayuntamiento\\\/#\\\/schema\\\/person\\\/8bd589f0e13e8ae5aa06def7a599d622\"},\"headline\":\"Carlos Canalo de Miguel, un cauriense en Las Ventas\",\"datePublished\":\"2019-04-15T00:00:00+00:00\",\"dateModified\":\"2024-03-14T09:51:30+00:00\",\"mainEntityOfPage\":{\"@id\":\"https:\\\/\\\/coria.org\\\/ayuntamiento\\\/index.php\\\/2019\\\/04\\\/15\\\/carlos-canalo-de-miguel-un-cauriense-en-las-ventas\\\/\"},\"wordCount\":428,\"publisher\":{\"@id\":\"https:\\\/\\\/coria.org\\\/ayuntamiento\\\/#organization\"},\"image\":{\"@id\":\"https:\\\/\\\/coria.org\\\/ayuntamiento\\\/index.php\\\/2019\\\/04\\\/15\\\/carlos-canalo-de-miguel-un-cauriense-en-las-ventas\\\/#primaryimage\"},\"thumbnailUrl\":\"https:\\\/\\\/coria.org\\\/ayuntamiento\\\/wp-content\\\/uploads\\\/2019\\\/04\\\/carlos-canalo-19.jpg.jpg\",\"keywords\":[\"coria\",\"extremadura\"],\"articleSection\":[\"Noticias\"],\"inLanguage\":\"es\"},{\"@type\":\"WebPage\",\"@id\":\"https:\\\/\\\/coria.org\\\/ayuntamiento\\\/index.php\\\/2019\\\/04\\\/15\\\/carlos-canalo-de-miguel-un-cauriense-en-las-ventas\\\/\",\"url\":\"https:\\\/\\\/coria.org\\\/ayuntamiento\\\/index.php\\\/2019\\\/04\\\/15\\\/carlos-canalo-de-miguel-un-cauriense-en-las-ventas\\\/\",\"name\":\"Carlos Canalo de Miguel, un cauriense en Las Ventas - Ayuntamiento de Coria\",\"isPartOf\":{\"@id\":\"https:\\\/\\\/coria.org\\\/ayuntamiento\\\/#website\"},\"primaryImageOfPage\":{\"@id\":\"https:\\\/\\\/coria.org\\\/ayuntamiento\\\/index.php\\\/2019\\\/04\\\/15\\\/carlos-canalo-de-miguel-un-cauriense-en-las-ventas\\\/#primaryimage\"},\"image\":{\"@id\":\"https:\\\/\\\/coria.org\\\/ayuntamiento\\\/index.php\\\/2019\\\/04\\\/15\\\/carlos-canalo-de-miguel-un-cauriense-en-las-ventas\\\/#primaryimage\"},\"thumbnailUrl\":\"https:\\\/\\\/coria.org\\\/ayuntamiento\\\/wp-content\\\/uploads\\\/2019\\\/04\\\/carlos-canalo-19.jpg.jpg\",\"datePublished\":\"2019-04-15T00:00:00+00:00\",\"dateModified\":\"2024-03-14T09:51:30+00:00\",\"breadcrumb\":{\"@id\":\"https:\\\/\\\/coria.org\\\/ayuntamiento\\\/index.php\\\/2019\\\/04\\\/15\\\/carlos-canalo-de-miguel-un-cauriense-en-las-ventas\\\/#breadcrumb\"},\"inLanguage\":\"es\",\"potentialAction\":[{\"@type\":\"ReadAction\",\"target\":[\"https:\\\/\\\/coria.org\\\/ayuntamiento\\\/index.php\\\/2019\\\/04\\\/15\\\/carlos-canalo-de-miguel-un-cauriense-en-las-ventas\\\/\"]}]},{\"@type\":\"ImageObject\",\"inLanguage\":\"es\",\"@id\":\"https:\\\/\\\/coria.org\\\/ayuntamiento\\\/index.php\\\/2019\\\/04\\\/15\\\/carlos-canalo-de-miguel-un-cauriense-en-las-ventas\\\/#primaryimage\",\"url\":\"https:\\\/\\\/coria.org\\\/ayuntamiento\\\/wp-content\\\/uploads\\\/2019\\\/04\\\/carlos-canalo-19.jpg.jpg\",\"contentUrl\":\"https:\\\/\\\/coria.org\\\/ayuntamiento\\\/wp-content\\\/uploads\\\/2019\\\/04\\\/carlos-canalo-19.jpg.jpg\",\"width\":720,\"height\":628},{\"@type\":\"BreadcrumbList\",\"@id\":\"https:\\\/\\\/coria.org\\\/ayuntamiento\\\/index.php\\\/2019\\\/04\\\/15\\\/carlos-canalo-de-miguel-un-cauriense-en-las-ventas\\\/#breadcrumb\",\"itemListElement\":[{\"@type\":\"ListItem\",\"position\":1,\"name\":\"Inicio\",\"item\":\"https:\\\/\\\/coria.org\\\/ayuntamiento\\\/\"},{\"@type\":\"ListItem\",\"position\":2,\"name\":\"Carlos Canalo de Miguel, un cauriense en Las Ventas\"}]},{\"@type\":\"WebSite\",\"@id\":\"https:\\\/\\\/coria.org\\\/ayuntamiento\\\/#website\",\"url\":\"https:\\\/\\\/coria.org\\\/ayuntamiento\\\/\",\"name\":\"Ayuntamiento de Coria\",\"description\":\"Web oficial del Ayuntamiento de Coria\",\"publisher\":{\"@id\":\"https:\\\/\\\/coria.org\\\/ayuntamiento\\\/#organization\"},\"alternateName\":\"Web Oficial del Ayuntamiento de Coria\",\"potentialAction\":[{\"@type\":\"SearchAction\",\"target\":{\"@type\":\"EntryPoint\",\"urlTemplate\":\"https:\\\/\\\/coria.org\\\/ayuntamiento\\\/?s={search_term_string}\"},\"query-input\":{\"@type\":\"PropertyValueSpecification\",\"valueRequired\":true,\"valueName\":\"search_term_string\"}}],\"inLanguage\":\"es\"},{\"@type\":\"Organization\",\"@id\":\"https:\\\/\\\/coria.org\\\/ayuntamiento\\\/#organization\",\"name\":\"Ayuntamiento de Coria\",\"alternateName\":\"Ayto de Coria\",\"url\":\"https:\\\/\\\/coria.org\\\/ayuntamiento\\\/\",\"logo\":{\"@type\":\"ImageObject\",\"inLanguage\":\"es\",\"@id\":\"https:\\\/\\\/coria.org\\\/ayuntamiento\\\/#\\\/schema\\\/logo\\\/image\\\/\",\"url\":\"https:\\\/\\\/coria.org\\\/ayuntamiento\\\/wp-content\\\/uploads\\\/2020\\\/12\\\/escudo-ayuntamiento-coria.png\",\"contentUrl\":\"https:\\\/\\\/coria.org\\\/ayuntamiento\\\/wp-content\\\/uploads\\\/2020\\\/12\\\/escudo-ayuntamiento-coria.png\",\"width\":511,\"height\":240,\"caption\":\"Ayuntamiento de Coria\"},\"image\":{\"@id\":\"https:\\\/\\\/coria.org\\\/ayuntamiento\\\/#\\\/schema\\\/logo\\\/image\\\/\"},\"sameAs\":[\"https:\\\/\\\/www.facebook.com\\\/Ayuntamiento.de.Coria\",\"https:\\\/\\\/x.com\\\/Ayto_de_Coria\",\"https:\\\/\\\/www.instagram.com\\\/coria.ayuntamiento\\\/\",\"https:\\\/\\\/www.youtube.com\\\/user\\\/AYUNTAMIENTOCORIA\"]},{\"@type\":\"Person\",\"@id\":\"https:\\\/\\\/coria.org\\\/ayuntamiento\\\/#\\\/schema\\\/person\\\/8bd589f0e13e8ae5aa06def7a599d622\",\"name\":\"ayuntamiento\",\"image\":{\"@type\":\"ImageObject\",\"inLanguage\":\"es\",\"@id\":\"https:\\\/\\\/secure.gravatar.com\\\/avatar\\\/966e5ed73cad334adda5c87f49f2547f7082f7292c1b627cbb548744383b391c?s=96&d=mm&r=g\",\"url\":\"https:\\\/\\\/secure.gravatar.com\\\/avatar\\\/966e5ed73cad334adda5c87f49f2547f7082f7292c1b627cbb548744383b391c?s=96&d=mm&r=g\",\"contentUrl\":\"https:\\\/\\\/secure.gravatar.com\\\/avatar\\\/966e5ed73cad334adda5c87f49f2547f7082f7292c1b627cbb548744383b391c?s=96&d=mm&r=g\",\"caption\":\"ayuntamiento\"}}]}<\/script>\n<!-- \/ Yoast SEO plugin. -->","yoast_head_json":{"title":"Carlos Canalo de Miguel, un cauriense en Las Ventas - Ayuntamiento de Coria","robots":{"index":"index","follow":"follow","max-snippet":"max-snippet:-1","max-image-preview":"max-image-preview:large","max-video-preview":"max-video-preview:-1"},"canonical":"https:\/\/coria.org\/ayuntamiento\/index.php\/2019\/04\/15\/carlos-canalo-de-miguel-un-cauriense-en-las-ventas\/","og_locale":"es_ES","og_type":"article","og_title":"Carlos Canalo de Miguel, un cauriense en Las Ventas - Ayuntamiento de Coria","og_description":"&gt;El artista cauriense, Carlos Canalo de Miguel, estar\u00e1 presente estos d\u00edas con su exposici\u00f3n titulada \u00abEl Toro, Retrato de una vida\u00bb, en una de las plazas m\u00e1s importantes del mundo, Las Ventas, en Madrid. Desde este domingo, 14 de abril y hasta final de mes, las personas que se acerquen a Las Ventas, podr\u00e1n disfrutar [&hellip;]","og_url":"https:\/\/coria.org\/ayuntamiento\/index.php\/2019\/04\/15\/carlos-canalo-de-miguel-un-cauriense-en-las-ventas\/","og_site_name":"Ayuntamiento de Coria","article_publisher":"https:\/\/www.facebook.com\/Ayuntamiento.de.Coria","article_published_time":"2019-04-15T00:00:00+00:00","article_modified_time":"2024-03-14T09:51:30+00:00","og_image":[{"width":720,"height":628,"url":"https:\/\/coria.org\/ayuntamiento\/wp-content\/uploads\/2019\/04\/carlos-canalo-19.jpg.jpg","type":"image\/jpeg"}],"author":"ayuntamiento","twitter_card":"summary_large_image","twitter_creator":"@Ayto_de_Coria","twitter_site":"@Ayto_de_Coria","twitter_misc":{"Escrito por":"ayuntamiento","Tiempo de lectura":"2 minutos"},"schema":{"@context":"https:\/\/schema.org","@graph":[{"@type":"Article","@id":"https:\/\/coria.org\/ayuntamiento\/index.php\/2019\/04\/15\/carlos-canalo-de-miguel-un-cauriense-en-las-ventas\/#article","isPartOf":{"@id":"https:\/\/coria.org\/ayuntamiento\/index.php\/2019\/04\/15\/carlos-canalo-de-miguel-un-cauriense-en-las-ventas\/"},"author":{"name":"ayuntamiento","@id":"https:\/\/coria.org\/ayuntamiento\/#\/schema\/person\/8bd589f0e13e8ae5aa06def7a599d622"},"headline":"Carlos Canalo de Miguel, un cauriense en Las Ventas","datePublished":"2019-04-15T00:00:00+00:00","dateModified":"2024-03-14T09:51:30+00:00","mainEntityOfPage":{"@id":"https:\/\/coria.org\/ayuntamiento\/index.php\/2019\/04\/15\/carlos-canalo-de-miguel-un-cauriense-en-las-ventas\/"},"wordCount":428,"publisher":{"@id":"https:\/\/coria.org\/ayuntamiento\/#organization"},"image":{"@id":"https:\/\/coria.org\/ayuntamiento\/index.php\/2019\/04\/15\/carlos-canalo-de-miguel-un-cauriense-en-las-ventas\/#primaryimage"},"thumbnailUrl":"https:\/\/coria.org\/ayuntamiento\/wp-content\/uploads\/2019\/04\/carlos-canalo-19.jpg.jpg","keywords":["coria","extremadura"],"articleSection":["Noticias"],"inLanguage":"es"},{"@type":"WebPage","@id":"https:\/\/coria.org\/ayuntamiento\/index.php\/2019\/04\/15\/carlos-canalo-de-miguel-un-cauriense-en-las-ventas\/","url":"https:\/\/coria.org\/ayuntamiento\/index.php\/2019\/04\/15\/carlos-canalo-de-miguel-un-cauriense-en-las-ventas\/","name":"Carlos Canalo de Miguel, un cauriense en Las Ventas - Ayuntamiento de Coria","isPartOf":{"@id":"https:\/\/coria.org\/ayuntamiento\/#website"},"primaryImageOfPage":{"@id":"https:\/\/coria.org\/ayuntamiento\/index.php\/2019\/04\/15\/carlos-canalo-de-miguel-un-cauriense-en-las-ventas\/#primaryimage"},"image":{"@id":"https:\/\/coria.org\/ayuntamiento\/index.php\/2019\/04\/15\/carlos-canalo-de-miguel-un-cauriense-en-las-ventas\/#primaryimage"},"thumbnailUrl":"https:\/\/coria.org\/ayuntamiento\/wp-content\/uploads\/2019\/04\/carlos-canalo-19.jpg.jpg","datePublished":"2019-04-15T00:00:00+00:00","dateModified":"2024-03-14T09:51:30+00:00","breadcrumb":{"@id":"https:\/\/coria.org\/ayuntamiento\/index.php\/2019\/04\/15\/carlos-canalo-de-miguel-un-cauriense-en-las-ventas\/#breadcrumb"},"inLanguage":"es","potentialAction":[{"@type":"ReadAction","target":["https:\/\/coria.org\/ayuntamiento\/index.php\/2019\/04\/15\/carlos-canalo-de-miguel-un-cauriense-en-las-ventas\/"]}]},{"@type":"ImageObject","inLanguage":"es","@id":"https:\/\/coria.org\/ayuntamiento\/index.php\/2019\/04\/15\/carlos-canalo-de-miguel-un-cauriense-en-las-ventas\/#primaryimage","url":"https:\/\/coria.org\/ayuntamiento\/wp-content\/uploads\/2019\/04\/carlos-canalo-19.jpg.jpg","contentUrl":"https:\/\/coria.org\/ayuntamiento\/wp-content\/uploads\/2019\/04\/carlos-canalo-19.jpg.jpg","width":720,"height":628},{"@type":"BreadcrumbList","@id":"https:\/\/coria.org\/ayuntamiento\/index.php\/2019\/04\/15\/carlos-canalo-de-miguel-un-cauriense-en-las-ventas\/#breadcrumb","itemListElement":[{"@type":"ListItem","position":1,"name":"Inicio","item":"https:\/\/coria.org\/ayuntamiento\/"},{"@type":"ListItem","position":2,"name":"Carlos Canalo de Miguel, un cauriense en Las Ventas"}]},{"@type":"WebSite","@id":"https:\/\/coria.org\/ayuntamiento\/#website","url":"https:\/\/coria.org\/ayuntamiento\/","name":"Ayuntamiento de Coria","description":"Web oficial del Ayuntamiento de Coria","publisher":{"@id":"https:\/\/coria.org\/ayuntamiento\/#organization"},"alternateName":"Web Oficial del Ayuntamiento de Coria","potentialAction":[{"@type":"SearchAction","target":{"@type":"EntryPoint","urlTemplate":"https:\/\/coria.org\/ayuntamiento\/?s={search_term_string}"},"query-input":{"@type":"PropertyValueSpecification","valueRequired":true,"valueName":"search_term_string"}}],"inLanguage":"es"},{"@type":"Organization","@id":"https:\/\/coria.org\/ayuntamiento\/#organization","name":"Ayuntamiento de Coria","alternateName":"Ayto de Coria","url":"https:\/\/coria.org\/ayuntamiento\/","logo":{"@type":"ImageObject","inLanguage":"es","@id":"https:\/\/coria.org\/ayuntamiento\/#\/schema\/logo\/image\/","url":"https:\/\/coria.org\/ayuntamiento\/wp-content\/uploads\/2020\/12\/escudo-ayuntamiento-coria.png","contentUrl":"https:\/\/coria.org\/ayuntamiento\/wp-content\/uploads\/2020\/12\/escudo-ayuntamiento-coria.png","width":511,"height":240,"caption":"Ayuntamiento de Coria"},"image":{"@id":"https:\/\/coria.org\/ayuntamiento\/#\/schema\/logo\/image\/"},"sameAs":["https:\/\/www.facebook.com\/Ayuntamiento.de.Coria","https:\/\/x.com\/Ayto_de_Coria","https:\/\/www.instagram.com\/coria.ayuntamiento\/","https:\/\/www.youtube.com\/user\/AYUNTAMIENTOCORIA"]},{"@type":"Person","@id":"https:\/\/coria.org\/ayuntamiento\/#\/schema\/person\/8bd589f0e13e8ae5aa06def7a599d622","name":"ayuntamiento","image":{"@type":"ImageObject","inLanguage":"es","@id":"https:\/\/secure.gravatar.com\/avatar\/966e5ed73cad334adda5c87f49f2547f7082f7292c1b627cbb548744383b391c?s=96&d=mm&r=g","url":"https:\/\/secure.gravatar.com\/avatar\/966e5ed73cad334adda5c87f49f2547f7082f7292c1b627cbb548744383b391c?s=96&d=mm&r=g","contentUrl":"https:\/\/secure.gravatar.com\/avatar\/966e5ed73cad334adda5c87f49f2547f7082f7292c1b627cbb548744383b391c?s=96&d=mm&r=g","caption":"ayuntamiento"}}]}},"uagb_featured_image_src":{"full":["https:\/\/coria.org\/ayuntamiento\/wp-content\/uploads\/2019\/04\/carlos-canalo-19.jpg.jpg",720,628,false],"thumbnail":["https:\/\/coria.org\/ayuntamiento\/wp-content\/uploads\/2019\/04\/carlos-canalo-19.jpg-150x150.jpg",150,150,true],"medium":["https:\/\/coria.org\/ayuntamiento\/wp-content\/uploads\/2019\/04\/carlos-canalo-19.jpg-300x262.jpg",300,262,true],"medium_large":["https:\/\/coria.org\/ayuntamiento\/wp-content\/uploads\/2019\/04\/carlos-canalo-19.jpg.jpg",720,628,false],"large":["https:\/\/coria.org\/ayuntamiento\/wp-content\/uploads\/2019\/04\/carlos-canalo-19.jpg.jpg",720,628,false],"thumblist":["https:\/\/coria.org\/ayuntamiento\/wp-content\/uploads\/2019\/04\/carlos-canalo-19.jpg-300x300.jpg",300,300,true],"thumbrelated":["https:\/\/coria.org\/ayuntamiento\/wp-content\/uploads\/2019\/04\/carlos-canalo-19.jpg-500x500.jpg",500,500,true],"meccarouselthumb":["https:\/\/coria.org\/ayuntamiento\/wp-content\/uploads\/2019\/04\/carlos-canalo-19.jpg-474x324.jpg",474,324,true],"gridsquare":["https:\/\/coria.org\/ayuntamiento\/wp-content\/uploads\/2019\/04\/carlos-canalo-19.jpg-391x260.jpg",391,260,true],"tileview":["https:\/\/coria.org\/ayuntamiento\/wp-content\/uploads\/2019\/04\/carlos-canalo-19.jpg-300x400.jpg",300,400,true],"1536x1536":["https:\/\/coria.org\/ayuntamiento\/wp-content\/uploads\/2019\/04\/carlos-canalo-19.jpg.jpg",720,628,false],"2048x2048":["https:\/\/coria.org\/ayuntamiento\/wp-content\/uploads\/2019\/04\/carlos-canalo-19.jpg.jpg",720,628,false]},"uagb_author_info":{"display_name":"ayuntamiento","author_link":"https:\/\/coria.org\/ayuntamiento\/index.php\/author\/ayuntamiento\/"},"uagb_comment_info":0,"uagb_excerpt":"&gt;El artista cauriense, Carlos Canalo de Miguel, estar\u00e1 presente estos d\u00edas con su exposici\u00f3n titulada \u00abEl Toro, Retrato de una vida\u00bb, en una de las plazas m\u00e1s importantes del mundo, Las Ventas, en Madrid. Desde este domingo, 14 de abril y hasta final de mes, las personas que se acerquen a Las Ventas, podr\u00e1n disfrutar&hellip;","_links":{"self":[{"href":"https:\/\/coria.org\/ayuntamiento\/index.php\/wp-json\/wp\/v2\/posts\/24239","targetHints":{"allow":["GET"]}}],"collection":[{"href":"https:\/\/coria.org\/ayuntamiento\/index.php\/wp-json\/wp\/v2\/posts"}],"about":[{"href":"https:\/\/coria.org\/ayuntamiento\/index.php\/wp-json\/wp\/v2\/types\/post"}],"author":[{"embeddable":true,"href":"https:\/\/coria.org\/ayuntamiento\/index.php\/wp-json\/wp\/v2\/users\/2"}],"replies":[{"embeddable":true,"href":"https:\/\/coria.org\/ayuntamiento\/index.php\/wp-json\/wp\/v2\/comments?post=24239"}],"version-history":[{"count":0,"href":"https:\/\/coria.org\/ayuntamiento\/index.php\/wp-json\/wp\/v2\/posts\/24239\/revisions"}],"wp:featuredmedia":[{"embeddable":true,"href":"https:\/\/coria.org\/ayuntamiento\/index.php\/wp-json\/wp\/v2\/media\/60419"}],"wp:attachment":[{"href":"https:\/\/coria.org\/ayuntamiento\/index.php\/wp-json\/wp\/v2\/media?parent=24239"}],"wp:term":[{"taxonomy":"category","embeddable":true,"href":"https:\/\/coria.org\/ayuntamiento\/index.php\/wp-json\/wp\/v2\/categories?post=24239"},{"taxonomy":"post_tag","embeddable":true,"href":"https:\/\/coria.org\/ayuntamiento\/index.php\/wp-json\/wp\/v2\/tags?post=24239"}],"curies":[{"name":"wp","href":"https:\/\/api.w.org\/{rel}","templated":true}]}}