{"id":24164,"date":"2019-07-03T00:00:00","date_gmt":"2019-07-03T00:00:00","guid":{"rendered":"https:\/\/ayuntamiento.coriaenimagenes.com\/ballestero-traslada-sus-condolencias-a-la-familia-del-hombre-fallecido-a-consecuencia-de-una-cogida-por-el-ultimo-toro-de-las-fiestas\/"},"modified":"2024-03-14T11:19:19","modified_gmt":"2024-03-14T10:19:19","slug":"ballestero-traslada-sus-condolencias-a-la-familia-del-hombre-fallecido-a-consecuencia-de-una-cogida-por-el-ultimo-toro-de-las-fiestas","status":"publish","type":"post","link":"https:\/\/coria.org\/ayuntamiento\/index.php\/2019\/07\/03\/ballestero-traslada-sus-condolencias-a-la-familia-del-hombre-fallecido-a-consecuencia-de-una-cogida-por-el-ultimo-toro-de-las-fiestas\/","title":{"rendered":"Ballestero traslada sus condolencias a la familia del hombre fallecido a consecuencia de una cogida por el \u00faltimo toro de las Fiestas"},"content":{"rendered":"\n<p>El Alcalde y Abanderado de las Fiestas de San Juan 2019, Jos\u00e9 Manuel Garc\u00eda Ballestero, ha comparecido esta ma\u00f1ana ante los medios de comunicaci\u00f3n para trasladar el p\u00e9same a los familiares del hombre fallecido a consecuencia de la cogida del \u00faltimo toro de San Juan.<\/p>\n\n\n<figure class=\"wp-block-post-featured-image\"><img loading=\"lazy\" decoding=\"async\" width=\"1920\" height=\"1280\" src=\"https:\/\/coria.org\/ayuntamiento\/wp-content\/uploads\/2019\/07\/rdp-condolencias-19.jpg\" class=\"attachment-post-thumbnail size-post-thumbnail wp-post-image\" alt=\"\" style=\"object-fit:cover;\" srcset=\"https:\/\/coria.org\/ayuntamiento\/wp-content\/uploads\/2019\/07\/rdp-condolencias-19.jpg 1920w, https:\/\/coria.org\/ayuntamiento\/wp-content\/uploads\/2019\/07\/rdp-condolencias-19-300x200.jpg 300w, https:\/\/coria.org\/ayuntamiento\/wp-content\/uploads\/2019\/07\/rdp-condolencias-19-1024x683.jpg 1024w, https:\/\/coria.org\/ayuntamiento\/wp-content\/uploads\/2019\/07\/rdp-condolencias-19-768x512.jpg 768w, https:\/\/coria.org\/ayuntamiento\/wp-content\/uploads\/2019\/07\/rdp-condolencias-19-391x260.jpg 391w, https:\/\/coria.org\/ayuntamiento\/wp-content\/uploads\/2019\/07\/rdp-condolencias-19-1536x1024.jpg 1536w\" sizes=\"auto, (max-width: 1920px) 100vw, 1920px\" \/><\/figure>\n\n\n<p>\u00abHa sido un triste desenlace que lamentamos desde el Ayuntamiento y de aqu\u00ed le trasladamos nuestro respeto, pesar y dolor a la familia\u00bb, as\u00ed ha comenzado la rueda de prensa el primer edil.<\/p>\n\n\n\n<p>Ballestero ha afirmado que en la tarde de este martes d\u00eda 2 de julio recibi\u00f3 una llamada sobre las 19.20 horas por parte del Jefe de los Servicios M\u00e9dicos de las Fiestas de San Juan, Ricardo Iglesias, en la que le comunicaba el fallecimiento del hombre de 71 a\u00f1os herido en la plaza por el \u00faltimo toro de las fiestas.<\/p>\n\n\n\n<p>Jos\u00e9 Manuel ha explicado que el var\u00f3n tuvo tres cornadas, una de ellas en el cuello, otra en el abdomen y una tercera en la pierna izquierda. Fue llevado a la enfermer\u00eda del ayuntamiento con parada respiratoria en situaci\u00f3n cr\u00edtica y en estado pre-ag\u00f3nico.<\/p>\n\n\n\n<p>El jefe-cirujano practic\u00f3 una cirug\u00eda emergente, trasladando al herido al Hospital Ciudad de Coria para su posterior traslado en UVI hasta el Hospital Universitario de C\u00e1ceres e ingresar en la Unidad de Cuidados Intensivos.<\/p>\n\n\n\n<p>Garc\u00eda Ballestero ha recalcado la rapidez en la que se traslad\u00f3 el herido desde la plaza hasta el quir\u00f3fano del ayuntamiento, insistiendo que los servicios m\u00e9dicos de las fiestas hicieron todo lo posible por salvar la vida, pero la situaci\u00f3n del enfermo era muy cr\u00edtica.<br>El regidor ha dicho que la cogida fue muy grave y que lamentablemente ha tenido un triste desenlace.<br>Seg\u00fan ha explicado, el hombre era de Coria aunque resid\u00eda en Bilbao donde ser\u00e1 trasladado el cuerpo donde recibir\u00e1 sepultura.<br>Para finalizar, el Alcalde ha trasladado sus condolencias a la familia en su nombre y en nombre de la ciudad de Coria. Adem\u00e1s, ha manifestado que \u00abel ayuntamiento se pone a disposici\u00f3n de la familia para todo lo necesario\u00bb.\n<\/p>\n\n\n\n<p>  <iframe loading=\"lazy\" frameborder=\"0\" height=\"600\" width=\"800\" allowfullscreen=\"\" allow=\"accelerometer; autoplay; encrypted-media; gyroscope; picture-in-picture\" src=\"https:\/\/www.youtube-nocookie.com\/embed\/ksANeHHGjpA\"><\/iframe><\/p>\n","protected":false},"excerpt":{"rendered":"<p>El Alcalde y Abanderado de las Fiestas de San Juan 2019, Jos\u00e9 Manuel Garc\u00eda Ballestero, ha comparecido esta ma\u00f1ana ante los medios de comunicaci\u00f3n para trasladar el p\u00e9same a los familiares del hombre fallecido a consecuencia de la cogida del \u00faltimo toro de San Juan. \u00abHa sido un triste desenlace que lamentamos desde el Ayuntamiento [&hellip;]<\/p>\n","protected":false},"author":2,"featured_media":60444,"comment_status":"closed","ping_status":"closed","sticky":false,"template":"","format":"standard","meta":{"_uag_custom_page_level_css":"","footnotes":""},"categories":[2],"tags":[3,4],"class_list":["post-24164","post","type-post","status-publish","format-standard","has-post-thumbnail","hentry","category-noticias","tag-coria","tag-extremadura"],"yoast_head":"<!-- This site is optimized with the Yoast SEO plugin v27.5 - https:\/\/yoast.com\/product\/yoast-seo-wordpress\/ -->\n<title>Ballestero traslada sus condolencias a la familia del hombre fallecido a consecuencia de una cogida por el \u00faltimo toro de las Fiestas - Ayuntamiento de Coria<\/title>\n<meta name=\"robots\" content=\"index, follow, max-snippet:-1, max-image-preview:large, max-video-preview:-1\" \/>\n<link rel=\"canonical\" href=\"https:\/\/coria.org\/ayuntamiento\/index.php\/2019\/07\/03\/ballestero-traslada-sus-condolencias-a-la-familia-del-hombre-fallecido-a-consecuencia-de-una-cogida-por-el-ultimo-toro-de-las-fiestas\/\" \/>\n<meta property=\"og:locale\" content=\"es_ES\" \/>\n<meta property=\"og:type\" content=\"article\" \/>\n<meta property=\"og:title\" content=\"Ballestero traslada sus condolencias a la familia del hombre fallecido a consecuencia de una cogida por el \u00faltimo toro de las Fiestas - Ayuntamiento de Coria\" \/>\n<meta property=\"og:description\" content=\"El Alcalde y Abanderado de las Fiestas de San Juan 2019, Jos\u00e9 Manuel Garc\u00eda Ballestero, ha comparecido esta ma\u00f1ana ante los medios de comunicaci\u00f3n para trasladar el p\u00e9same a los familiares del hombre fallecido a consecuencia de la cogida del \u00faltimo toro de San Juan. \u00abHa sido un triste desenlace que lamentamos desde el Ayuntamiento [&hellip;]\" \/>\n<meta property=\"og:url\" content=\"https:\/\/coria.org\/ayuntamiento\/index.php\/2019\/07\/03\/ballestero-traslada-sus-condolencias-a-la-familia-del-hombre-fallecido-a-consecuencia-de-una-cogida-por-el-ultimo-toro-de-las-fiestas\/\" \/>\n<meta property=\"og:site_name\" content=\"Ayuntamiento de Coria\" \/>\n<meta property=\"article:publisher\" content=\"https:\/\/www.facebook.com\/Ayuntamiento.de.Coria\" \/>\n<meta property=\"article:published_time\" content=\"2019-07-03T00:00:00+00:00\" \/>\n<meta property=\"article:modified_time\" content=\"2024-03-14T10:19:19+00:00\" \/>\n<meta property=\"og:image\" content=\"https:\/\/coria.org\/ayuntamiento\/wp-content\/uploads\/2019\/07\/rdp-condolencias-19.jpg\" \/>\n\t<meta property=\"og:image:width\" content=\"1920\" \/>\n\t<meta property=\"og:image:height\" content=\"1280\" \/>\n\t<meta property=\"og:image:type\" content=\"image\/jpeg\" \/>\n<meta name=\"author\" content=\"ayuntamiento\" \/>\n<meta name=\"twitter:card\" content=\"summary_large_image\" \/>\n<meta name=\"twitter:creator\" content=\"@Ayto_de_Coria\" \/>\n<meta name=\"twitter:site\" content=\"@Ayto_de_Coria\" \/>\n<meta name=\"twitter:label1\" content=\"Escrito por\" \/>\n\t<meta name=\"twitter:data1\" content=\"ayuntamiento\" \/>\n\t<meta name=\"twitter:label2\" content=\"Tiempo de lectura\" \/>\n\t<meta name=\"twitter:data2\" content=\"2 minutos\" \/>\n<script type=\"application\/ld+json\" class=\"yoast-schema-graph\">{\"@context\":\"https:\\\/\\\/schema.org\",\"@graph\":[{\"@type\":\"Article\",\"@id\":\"https:\\\/\\\/coria.org\\\/ayuntamiento\\\/index.php\\\/2019\\\/07\\\/03\\\/ballestero-traslada-sus-condolencias-a-la-familia-del-hombre-fallecido-a-consecuencia-de-una-cogida-por-el-ultimo-toro-de-las-fiestas\\\/#article\",\"isPartOf\":{\"@id\":\"https:\\\/\\\/coria.org\\\/ayuntamiento\\\/index.php\\\/2019\\\/07\\\/03\\\/ballestero-traslada-sus-condolencias-a-la-familia-del-hombre-fallecido-a-consecuencia-de-una-cogida-por-el-ultimo-toro-de-las-fiestas\\\/\"},\"author\":{\"name\":\"ayuntamiento\",\"@id\":\"https:\\\/\\\/coria.org\\\/ayuntamiento\\\/#\\\/schema\\\/person\\\/8bd589f0e13e8ae5aa06def7a599d622\"},\"headline\":\"Ballestero traslada sus condolencias a la familia del hombre fallecido a consecuencia de una cogida por el \u00faltimo toro de las Fiestas\",\"datePublished\":\"2019-07-03T00:00:00+00:00\",\"dateModified\":\"2024-03-14T10:19:19+00:00\",\"mainEntityOfPage\":{\"@id\":\"https:\\\/\\\/coria.org\\\/ayuntamiento\\\/index.php\\\/2019\\\/07\\\/03\\\/ballestero-traslada-sus-condolencias-a-la-familia-del-hombre-fallecido-a-consecuencia-de-una-cogida-por-el-ultimo-toro-de-las-fiestas\\\/\"},\"wordCount\":379,\"publisher\":{\"@id\":\"https:\\\/\\\/coria.org\\\/ayuntamiento\\\/#organization\"},\"image\":{\"@id\":\"https:\\\/\\\/coria.org\\\/ayuntamiento\\\/index.php\\\/2019\\\/07\\\/03\\\/ballestero-traslada-sus-condolencias-a-la-familia-del-hombre-fallecido-a-consecuencia-de-una-cogida-por-el-ultimo-toro-de-las-fiestas\\\/#primaryimage\"},\"thumbnailUrl\":\"https:\\\/\\\/coria.org\\\/ayuntamiento\\\/wp-content\\\/uploads\\\/2019\\\/07\\\/rdp-condolencias-19.jpg\",\"keywords\":[\"coria\",\"extremadura\"],\"articleSection\":[\"Noticias\"],\"inLanguage\":\"es\"},{\"@type\":\"WebPage\",\"@id\":\"https:\\\/\\\/coria.org\\\/ayuntamiento\\\/index.php\\\/2019\\\/07\\\/03\\\/ballestero-traslada-sus-condolencias-a-la-familia-del-hombre-fallecido-a-consecuencia-de-una-cogida-por-el-ultimo-toro-de-las-fiestas\\\/\",\"url\":\"https:\\\/\\\/coria.org\\\/ayuntamiento\\\/index.php\\\/2019\\\/07\\\/03\\\/ballestero-traslada-sus-condolencias-a-la-familia-del-hombre-fallecido-a-consecuencia-de-una-cogida-por-el-ultimo-toro-de-las-fiestas\\\/\",\"name\":\"Ballestero traslada sus condolencias a la familia del hombre fallecido a consecuencia de una cogida por el \u00faltimo toro de las Fiestas - Ayuntamiento de Coria\",\"isPartOf\":{\"@id\":\"https:\\\/\\\/coria.org\\\/ayuntamiento\\\/#website\"},\"primaryImageOfPage\":{\"@id\":\"https:\\\/\\\/coria.org\\\/ayuntamiento\\\/index.php\\\/2019\\\/07\\\/03\\\/ballestero-traslada-sus-condolencias-a-la-familia-del-hombre-fallecido-a-consecuencia-de-una-cogida-por-el-ultimo-toro-de-las-fiestas\\\/#primaryimage\"},\"image\":{\"@id\":\"https:\\\/\\\/coria.org\\\/ayuntamiento\\\/index.php\\\/2019\\\/07\\\/03\\\/ballestero-traslada-sus-condolencias-a-la-familia-del-hombre-fallecido-a-consecuencia-de-una-cogida-por-el-ultimo-toro-de-las-fiestas\\\/#primaryimage\"},\"thumbnailUrl\":\"https:\\\/\\\/coria.org\\\/ayuntamiento\\\/wp-content\\\/uploads\\\/2019\\\/07\\\/rdp-condolencias-19.jpg\",\"datePublished\":\"2019-07-03T00:00:00+00:00\",\"dateModified\":\"2024-03-14T10:19:19+00:00\",\"breadcrumb\":{\"@id\":\"https:\\\/\\\/coria.org\\\/ayuntamiento\\\/index.php\\\/2019\\\/07\\\/03\\\/ballestero-traslada-sus-condolencias-a-la-familia-del-hombre-fallecido-a-consecuencia-de-una-cogida-por-el-ultimo-toro-de-las-fiestas\\\/#breadcrumb\"},\"inLanguage\":\"es\",\"potentialAction\":[{\"@type\":\"ReadAction\",\"target\":[\"https:\\\/\\\/coria.org\\\/ayuntamiento\\\/index.php\\\/2019\\\/07\\\/03\\\/ballestero-traslada-sus-condolencias-a-la-familia-del-hombre-fallecido-a-consecuencia-de-una-cogida-por-el-ultimo-toro-de-las-fiestas\\\/\"]}]},{\"@type\":\"ImageObject\",\"inLanguage\":\"es\",\"@id\":\"https:\\\/\\\/coria.org\\\/ayuntamiento\\\/index.php\\\/2019\\\/07\\\/03\\\/ballestero-traslada-sus-condolencias-a-la-familia-del-hombre-fallecido-a-consecuencia-de-una-cogida-por-el-ultimo-toro-de-las-fiestas\\\/#primaryimage\",\"url\":\"https:\\\/\\\/coria.org\\\/ayuntamiento\\\/wp-content\\\/uploads\\\/2019\\\/07\\\/rdp-condolencias-19.jpg\",\"contentUrl\":\"https:\\\/\\\/coria.org\\\/ayuntamiento\\\/wp-content\\\/uploads\\\/2019\\\/07\\\/rdp-condolencias-19.jpg\",\"width\":1920,\"height\":1280},{\"@type\":\"BreadcrumbList\",\"@id\":\"https:\\\/\\\/coria.org\\\/ayuntamiento\\\/index.php\\\/2019\\\/07\\\/03\\\/ballestero-traslada-sus-condolencias-a-la-familia-del-hombre-fallecido-a-consecuencia-de-una-cogida-por-el-ultimo-toro-de-las-fiestas\\\/#breadcrumb\",\"itemListElement\":[{\"@type\":\"ListItem\",\"position\":1,\"name\":\"Inicio\",\"item\":\"https:\\\/\\\/coria.org\\\/ayuntamiento\\\/\"},{\"@type\":\"ListItem\",\"position\":2,\"name\":\"Ballestero traslada sus condolencias a la familia del hombre fallecido a consecuencia de una cogida por el \u00faltimo toro de las Fiestas\"}]},{\"@type\":\"WebSite\",\"@id\":\"https:\\\/\\\/coria.org\\\/ayuntamiento\\\/#website\",\"url\":\"https:\\\/\\\/coria.org\\\/ayuntamiento\\\/\",\"name\":\"Ayuntamiento de Coria\",\"description\":\"Web oficial del Ayuntamiento de Coria\",\"publisher\":{\"@id\":\"https:\\\/\\\/coria.org\\\/ayuntamiento\\\/#organization\"},\"alternateName\":\"Web Oficial del Ayuntamiento de Coria\",\"potentialAction\":[{\"@type\":\"SearchAction\",\"target\":{\"@type\":\"EntryPoint\",\"urlTemplate\":\"https:\\\/\\\/coria.org\\\/ayuntamiento\\\/?s={search_term_string}\"},\"query-input\":{\"@type\":\"PropertyValueSpecification\",\"valueRequired\":true,\"valueName\":\"search_term_string\"}}],\"inLanguage\":\"es\"},{\"@type\":\"Organization\",\"@id\":\"https:\\\/\\\/coria.org\\\/ayuntamiento\\\/#organization\",\"name\":\"Ayuntamiento de Coria\",\"alternateName\":\"Ayto de Coria\",\"url\":\"https:\\\/\\\/coria.org\\\/ayuntamiento\\\/\",\"logo\":{\"@type\":\"ImageObject\",\"inLanguage\":\"es\",\"@id\":\"https:\\\/\\\/coria.org\\\/ayuntamiento\\\/#\\\/schema\\\/logo\\\/image\\\/\",\"url\":\"https:\\\/\\\/coria.org\\\/ayuntamiento\\\/wp-content\\\/uploads\\\/2020\\\/12\\\/escudo-ayuntamiento-coria.png\",\"contentUrl\":\"https:\\\/\\\/coria.org\\\/ayuntamiento\\\/wp-content\\\/uploads\\\/2020\\\/12\\\/escudo-ayuntamiento-coria.png\",\"width\":511,\"height\":240,\"caption\":\"Ayuntamiento de Coria\"},\"image\":{\"@id\":\"https:\\\/\\\/coria.org\\\/ayuntamiento\\\/#\\\/schema\\\/logo\\\/image\\\/\"},\"sameAs\":[\"https:\\\/\\\/www.facebook.com\\\/Ayuntamiento.de.Coria\",\"https:\\\/\\\/x.com\\\/Ayto_de_Coria\",\"https:\\\/\\\/www.instagram.com\\\/coria.ayuntamiento\\\/\",\"https:\\\/\\\/www.youtube.com\\\/user\\\/AYUNTAMIENTOCORIA\"]},{\"@type\":\"Person\",\"@id\":\"https:\\\/\\\/coria.org\\\/ayuntamiento\\\/#\\\/schema\\\/person\\\/8bd589f0e13e8ae5aa06def7a599d622\",\"name\":\"ayuntamiento\",\"image\":{\"@type\":\"ImageObject\",\"inLanguage\":\"es\",\"@id\":\"https:\\\/\\\/secure.gravatar.com\\\/avatar\\\/966e5ed73cad334adda5c87f49f2547f7082f7292c1b627cbb548744383b391c?s=96&d=mm&r=g\",\"url\":\"https:\\\/\\\/secure.gravatar.com\\\/avatar\\\/966e5ed73cad334adda5c87f49f2547f7082f7292c1b627cbb548744383b391c?s=96&d=mm&r=g\",\"contentUrl\":\"https:\\\/\\\/secure.gravatar.com\\\/avatar\\\/966e5ed73cad334adda5c87f49f2547f7082f7292c1b627cbb548744383b391c?s=96&d=mm&r=g\",\"caption\":\"ayuntamiento\"}}]}<\/script>\n<!-- \/ Yoast SEO plugin. -->","yoast_head_json":{"title":"Ballestero traslada sus condolencias a la familia del hombre fallecido a consecuencia de una cogida por el \u00faltimo toro de las Fiestas - Ayuntamiento de Coria","robots":{"index":"index","follow":"follow","max-snippet":"max-snippet:-1","max-image-preview":"max-image-preview:large","max-video-preview":"max-video-preview:-1"},"canonical":"https:\/\/coria.org\/ayuntamiento\/index.php\/2019\/07\/03\/ballestero-traslada-sus-condolencias-a-la-familia-del-hombre-fallecido-a-consecuencia-de-una-cogida-por-el-ultimo-toro-de-las-fiestas\/","og_locale":"es_ES","og_type":"article","og_title":"Ballestero traslada sus condolencias a la familia del hombre fallecido a consecuencia de una cogida por el \u00faltimo toro de las Fiestas - Ayuntamiento de Coria","og_description":"El Alcalde y Abanderado de las Fiestas de San Juan 2019, Jos\u00e9 Manuel Garc\u00eda Ballestero, ha comparecido esta ma\u00f1ana ante los medios de comunicaci\u00f3n para trasladar el p\u00e9same a los familiares del hombre fallecido a consecuencia de la cogida del \u00faltimo toro de San Juan. \u00abHa sido un triste desenlace que lamentamos desde el Ayuntamiento [&hellip;]","og_url":"https:\/\/coria.org\/ayuntamiento\/index.php\/2019\/07\/03\/ballestero-traslada-sus-condolencias-a-la-familia-del-hombre-fallecido-a-consecuencia-de-una-cogida-por-el-ultimo-toro-de-las-fiestas\/","og_site_name":"Ayuntamiento de Coria","article_publisher":"https:\/\/www.facebook.com\/Ayuntamiento.de.Coria","article_published_time":"2019-07-03T00:00:00+00:00","article_modified_time":"2024-03-14T10:19:19+00:00","og_image":[{"width":1920,"height":1280,"url":"https:\/\/coria.org\/ayuntamiento\/wp-content\/uploads\/2019\/07\/rdp-condolencias-19.jpg","type":"image\/jpeg"}],"author":"ayuntamiento","twitter_card":"summary_large_image","twitter_creator":"@Ayto_de_Coria","twitter_site":"@Ayto_de_Coria","twitter_misc":{"Escrito por":"ayuntamiento","Tiempo de lectura":"2 minutos"},"schema":{"@context":"https:\/\/schema.org","@graph":[{"@type":"Article","@id":"https:\/\/coria.org\/ayuntamiento\/index.php\/2019\/07\/03\/ballestero-traslada-sus-condolencias-a-la-familia-del-hombre-fallecido-a-consecuencia-de-una-cogida-por-el-ultimo-toro-de-las-fiestas\/#article","isPartOf":{"@id":"https:\/\/coria.org\/ayuntamiento\/index.php\/2019\/07\/03\/ballestero-traslada-sus-condolencias-a-la-familia-del-hombre-fallecido-a-consecuencia-de-una-cogida-por-el-ultimo-toro-de-las-fiestas\/"},"author":{"name":"ayuntamiento","@id":"https:\/\/coria.org\/ayuntamiento\/#\/schema\/person\/8bd589f0e13e8ae5aa06def7a599d622"},"headline":"Ballestero traslada sus condolencias a la familia del hombre fallecido a consecuencia de una cogida por el \u00faltimo toro de las Fiestas","datePublished":"2019-07-03T00:00:00+00:00","dateModified":"2024-03-14T10:19:19+00:00","mainEntityOfPage":{"@id":"https:\/\/coria.org\/ayuntamiento\/index.php\/2019\/07\/03\/ballestero-traslada-sus-condolencias-a-la-familia-del-hombre-fallecido-a-consecuencia-de-una-cogida-por-el-ultimo-toro-de-las-fiestas\/"},"wordCount":379,"publisher":{"@id":"https:\/\/coria.org\/ayuntamiento\/#organization"},"image":{"@id":"https:\/\/coria.org\/ayuntamiento\/index.php\/2019\/07\/03\/ballestero-traslada-sus-condolencias-a-la-familia-del-hombre-fallecido-a-consecuencia-de-una-cogida-por-el-ultimo-toro-de-las-fiestas\/#primaryimage"},"thumbnailUrl":"https:\/\/coria.org\/ayuntamiento\/wp-content\/uploads\/2019\/07\/rdp-condolencias-19.jpg","keywords":["coria","extremadura"],"articleSection":["Noticias"],"inLanguage":"es"},{"@type":"WebPage","@id":"https:\/\/coria.org\/ayuntamiento\/index.php\/2019\/07\/03\/ballestero-traslada-sus-condolencias-a-la-familia-del-hombre-fallecido-a-consecuencia-de-una-cogida-por-el-ultimo-toro-de-las-fiestas\/","url":"https:\/\/coria.org\/ayuntamiento\/index.php\/2019\/07\/03\/ballestero-traslada-sus-condolencias-a-la-familia-del-hombre-fallecido-a-consecuencia-de-una-cogida-por-el-ultimo-toro-de-las-fiestas\/","name":"Ballestero traslada sus condolencias a la familia del hombre fallecido a consecuencia de una cogida por el \u00faltimo toro de las Fiestas - Ayuntamiento de Coria","isPartOf":{"@id":"https:\/\/coria.org\/ayuntamiento\/#website"},"primaryImageOfPage":{"@id":"https:\/\/coria.org\/ayuntamiento\/index.php\/2019\/07\/03\/ballestero-traslada-sus-condolencias-a-la-familia-del-hombre-fallecido-a-consecuencia-de-una-cogida-por-el-ultimo-toro-de-las-fiestas\/#primaryimage"},"image":{"@id":"https:\/\/coria.org\/ayuntamiento\/index.php\/2019\/07\/03\/ballestero-traslada-sus-condolencias-a-la-familia-del-hombre-fallecido-a-consecuencia-de-una-cogida-por-el-ultimo-toro-de-las-fiestas\/#primaryimage"},"thumbnailUrl":"https:\/\/coria.org\/ayuntamiento\/wp-content\/uploads\/2019\/07\/rdp-condolencias-19.jpg","datePublished":"2019-07-03T00:00:00+00:00","dateModified":"2024-03-14T10:19:19+00:00","breadcrumb":{"@id":"https:\/\/coria.org\/ayuntamiento\/index.php\/2019\/07\/03\/ballestero-traslada-sus-condolencias-a-la-familia-del-hombre-fallecido-a-consecuencia-de-una-cogida-por-el-ultimo-toro-de-las-fiestas\/#breadcrumb"},"inLanguage":"es","potentialAction":[{"@type":"ReadAction","target":["https:\/\/coria.org\/ayuntamiento\/index.php\/2019\/07\/03\/ballestero-traslada-sus-condolencias-a-la-familia-del-hombre-fallecido-a-consecuencia-de-una-cogida-por-el-ultimo-toro-de-las-fiestas\/"]}]},{"@type":"ImageObject","inLanguage":"es","@id":"https:\/\/coria.org\/ayuntamiento\/index.php\/2019\/07\/03\/ballestero-traslada-sus-condolencias-a-la-familia-del-hombre-fallecido-a-consecuencia-de-una-cogida-por-el-ultimo-toro-de-las-fiestas\/#primaryimage","url":"https:\/\/coria.org\/ayuntamiento\/wp-content\/uploads\/2019\/07\/rdp-condolencias-19.jpg","contentUrl":"https:\/\/coria.org\/ayuntamiento\/wp-content\/uploads\/2019\/07\/rdp-condolencias-19.jpg","width":1920,"height":1280},{"@type":"BreadcrumbList","@id":"https:\/\/coria.org\/ayuntamiento\/index.php\/2019\/07\/03\/ballestero-traslada-sus-condolencias-a-la-familia-del-hombre-fallecido-a-consecuencia-de-una-cogida-por-el-ultimo-toro-de-las-fiestas\/#breadcrumb","itemListElement":[{"@type":"ListItem","position":1,"name":"Inicio","item":"https:\/\/coria.org\/ayuntamiento\/"},{"@type":"ListItem","position":2,"name":"Ballestero traslada sus condolencias a la familia del hombre fallecido a consecuencia de una cogida por el \u00faltimo toro de las Fiestas"}]},{"@type":"WebSite","@id":"https:\/\/coria.org\/ayuntamiento\/#website","url":"https:\/\/coria.org\/ayuntamiento\/","name":"Ayuntamiento de Coria","description":"Web oficial del Ayuntamiento de Coria","publisher":{"@id":"https:\/\/coria.org\/ayuntamiento\/#organization"},"alternateName":"Web Oficial del Ayuntamiento de Coria","potentialAction":[{"@type":"SearchAction","target":{"@type":"EntryPoint","urlTemplate":"https:\/\/coria.org\/ayuntamiento\/?s={search_term_string}"},"query-input":{"@type":"PropertyValueSpecification","valueRequired":true,"valueName":"search_term_string"}}],"inLanguage":"es"},{"@type":"Organization","@id":"https:\/\/coria.org\/ayuntamiento\/#organization","name":"Ayuntamiento de Coria","alternateName":"Ayto de Coria","url":"https:\/\/coria.org\/ayuntamiento\/","logo":{"@type":"ImageObject","inLanguage":"es","@id":"https:\/\/coria.org\/ayuntamiento\/#\/schema\/logo\/image\/","url":"https:\/\/coria.org\/ayuntamiento\/wp-content\/uploads\/2020\/12\/escudo-ayuntamiento-coria.png","contentUrl":"https:\/\/coria.org\/ayuntamiento\/wp-content\/uploads\/2020\/12\/escudo-ayuntamiento-coria.png","width":511,"height":240,"caption":"Ayuntamiento de Coria"},"image":{"@id":"https:\/\/coria.org\/ayuntamiento\/#\/schema\/logo\/image\/"},"sameAs":["https:\/\/www.facebook.com\/Ayuntamiento.de.Coria","https:\/\/x.com\/Ayto_de_Coria","https:\/\/www.instagram.com\/coria.ayuntamiento\/","https:\/\/www.youtube.com\/user\/AYUNTAMIENTOCORIA"]},{"@type":"Person","@id":"https:\/\/coria.org\/ayuntamiento\/#\/schema\/person\/8bd589f0e13e8ae5aa06def7a599d622","name":"ayuntamiento","image":{"@type":"ImageObject","inLanguage":"es","@id":"https:\/\/secure.gravatar.com\/avatar\/966e5ed73cad334adda5c87f49f2547f7082f7292c1b627cbb548744383b391c?s=96&d=mm&r=g","url":"https:\/\/secure.gravatar.com\/avatar\/966e5ed73cad334adda5c87f49f2547f7082f7292c1b627cbb548744383b391c?s=96&d=mm&r=g","contentUrl":"https:\/\/secure.gravatar.com\/avatar\/966e5ed73cad334adda5c87f49f2547f7082f7292c1b627cbb548744383b391c?s=96&d=mm&r=g","caption":"ayuntamiento"}}]}},"uagb_featured_image_src":{"full":["https:\/\/coria.org\/ayuntamiento\/wp-content\/uploads\/2019\/07\/rdp-condolencias-19.jpg",1920,1280,false],"thumbnail":["https:\/\/coria.org\/ayuntamiento\/wp-content\/uploads\/2019\/07\/rdp-condolencias-19-150x150.jpg",150,150,true],"medium":["https:\/\/coria.org\/ayuntamiento\/wp-content\/uploads\/2019\/07\/rdp-condolencias-19-300x200.jpg",300,200,true],"medium_large":["https:\/\/coria.org\/ayuntamiento\/wp-content\/uploads\/2019\/07\/rdp-condolencias-19-768x512.jpg",768,512,true],"large":["https:\/\/coria.org\/ayuntamiento\/wp-content\/uploads\/2019\/07\/rdp-condolencias-19-1024x683.jpg",1024,683,true],"thumblist":["https:\/\/coria.org\/ayuntamiento\/wp-content\/uploads\/2019\/07\/rdp-condolencias-19-300x300.jpg",300,300,true],"thumbrelated":["https:\/\/coria.org\/ayuntamiento\/wp-content\/uploads\/2019\/07\/rdp-condolencias-19-500x500.jpg",500,500,true],"meccarouselthumb":["https:\/\/coria.org\/ayuntamiento\/wp-content\/uploads\/2019\/07\/rdp-condolencias-19-474x324.jpg",474,324,true],"gridsquare":["https:\/\/coria.org\/ayuntamiento\/wp-content\/uploads\/2019\/07\/rdp-condolencias-19-391x260.jpg",391,260,true],"tileview":["https:\/\/coria.org\/ayuntamiento\/wp-content\/uploads\/2019\/07\/rdp-condolencias-19-300x400.jpg",300,400,true],"1536x1536":["https:\/\/coria.org\/ayuntamiento\/wp-content\/uploads\/2019\/07\/rdp-condolencias-19-1536x1024.jpg",1536,1024,true],"2048x2048":["https:\/\/coria.org\/ayuntamiento\/wp-content\/uploads\/2019\/07\/rdp-condolencias-19.jpg",1920,1280,false]},"uagb_author_info":{"display_name":"ayuntamiento","author_link":"https:\/\/coria.org\/ayuntamiento\/index.php\/author\/ayuntamiento\/"},"uagb_comment_info":0,"uagb_excerpt":"El Alcalde y Abanderado de las Fiestas de San Juan 2019, Jos\u00e9 Manuel Garc\u00eda Ballestero, ha comparecido esta ma\u00f1ana ante los medios de comunicaci\u00f3n para trasladar el p\u00e9same a los familiares del hombre fallecido a consecuencia de la cogida del \u00faltimo toro de San Juan. \u00abHa sido un triste desenlace que lamentamos desde el Ayuntamiento&hellip;","_links":{"self":[{"href":"https:\/\/coria.org\/ayuntamiento\/index.php\/wp-json\/wp\/v2\/posts\/24164","targetHints":{"allow":["GET"]}}],"collection":[{"href":"https:\/\/coria.org\/ayuntamiento\/index.php\/wp-json\/wp\/v2\/posts"}],"about":[{"href":"https:\/\/coria.org\/ayuntamiento\/index.php\/wp-json\/wp\/v2\/types\/post"}],"author":[{"embeddable":true,"href":"https:\/\/coria.org\/ayuntamiento\/index.php\/wp-json\/wp\/v2\/users\/2"}],"replies":[{"embeddable":true,"href":"https:\/\/coria.org\/ayuntamiento\/index.php\/wp-json\/wp\/v2\/comments?post=24164"}],"version-history":[{"count":0,"href":"https:\/\/coria.org\/ayuntamiento\/index.php\/wp-json\/wp\/v2\/posts\/24164\/revisions"}],"wp:featuredmedia":[{"embeddable":true,"href":"https:\/\/coria.org\/ayuntamiento\/index.php\/wp-json\/wp\/v2\/media\/60444"}],"wp:attachment":[{"href":"https:\/\/coria.org\/ayuntamiento\/index.php\/wp-json\/wp\/v2\/media?parent=24164"}],"wp:term":[{"taxonomy":"category","embeddable":true,"href":"https:\/\/coria.org\/ayuntamiento\/index.php\/wp-json\/wp\/v2\/categories?post=24164"},{"taxonomy":"post_tag","embeddable":true,"href":"https:\/\/coria.org\/ayuntamiento\/index.php\/wp-json\/wp\/v2\/tags?post=24164"}],"curies":[{"name":"wp","href":"https:\/\/api.w.org\/{rel}","templated":true}]}}