{"id":24163,"date":"2019-07-04T00:00:00","date_gmt":"2019-07-04T00:00:00","guid":{"rendered":"https:\/\/ayuntamiento.coriaenimagenes.com\/se-amplia-el-plazo-para-la-presentacion-de-ofertas-y-la-adjudicacion-de-las-plazas-de-garaje-del-parking-del-dr-viera\/"},"modified":"2024-03-13T08:43:04","modified_gmt":"2024-03-13T07:43:04","slug":"se-amplia-el-plazo-para-la-presentacion-de-ofertas-y-la-adjudicacion-de-las-plazas-de-garaje-del-parking-del-dr-viera","status":"publish","type":"post","link":"https:\/\/coria.org\/ayuntamiento\/index.php\/2019\/07\/04\/se-amplia-el-plazo-para-la-presentacion-de-ofertas-y-la-adjudicacion-de-las-plazas-de-garaje-del-parking-del-dr-viera\/","title":{"rendered":"Se amplia el plazo para la presentaci\u00f3n de ofertas y la adjudicaci\u00f3n de las plazas de garaje del parking del Dr. Viera"},"content":{"rendered":"\n<p>El Ayuntamiento de Coria informa que se ha ampliado el plazo para optar a una de las plazas de garaje en el subsuelo de la plaza del Dr. Viera.<\/p>\n\n\n\n<figure class=\"wp-block-image alignleft size-full\"><img loading=\"lazy\" decoding=\"async\" width=\"720\" height=\"404\" src=\"https:\/\/coria.org\/ayuntamiento\/wp-content\/uploads\/2019\/07\/parking-viera-19.jpg\" alt=\"\" class=\"wp-image-60265\" srcset=\"https:\/\/coria.org\/ayuntamiento\/wp-content\/uploads\/2019\/07\/parking-viera-19.jpg 720w, https:\/\/coria.org\/ayuntamiento\/wp-content\/uploads\/2019\/07\/parking-viera-19-300x168.jpg 300w\" sizes=\"auto, (max-width: 720px) 100vw, 720px\" \/><\/figure>\n\n\n\n<p>Las personas interesadas podr\u00e1n obtener toda la informaci\u00f3n en el portal web del ayuntamiento donde se encuentra publicado el Pliego de Condiciones T\u00e9cnicas y Econ\u00f3mico-Administrativas que rigen la concesi\u00f3n demanial de dichas plazas. <\/p>\n\n\n\n<p>Cabe destacar que el n\u00famero de plazas de garaje que componen actualmente la promoci\u00f3n es de 28 y los interesados deber\u00e1n presentar la instancia normalizada, seg\u00fan el modelo de proposici\u00f3n que figura como Anexo III del Pliego, debidamente cumplimentada.<\/p>\n\n\n\n<p>La persona podr\u00e1 optar a 1 o 2 categor\u00edas, indicando la preferencia entre ellas: Vecinos: Categor\u00edas 1 y\/o Categor\u00eda 2 o Empresas, Comerciantes e Instituciones: Categor\u00eda 3 y\/o Categor\u00edas 4 y 5.<\/p>\n\n\n\n<p>Las proposiciones se presentar\u00e1n en el Registro del Ayuntamiento, con domicilio en Plaza de San Pedro, n\u00fam. 1, en horario de 9:00 a 14:00 horas.<\/p>\n\n\n\n<p><strong>En cuanto a la categor\u00eda de los garajes: <\/strong><\/p>\n\n\n\n<p>Teniendo en cuenta las caracter\u00edsticas de los garajes objeto de la adjudicaci\u00f3n, se distribuir\u00e1n en las siguientes categor\u00edas:<\/p>\n\n\n\n<p>\u0095 CATEGOR\u00cdA 1: Se compone de 14 plazas de garaje de entre 12 m\u00b2 y 13 m\u00b2. Plazas n\u00fameros 2, 4, 5, 6, 7, 8, 9, 20, 21, 22, 23, 24, 25 y 27.<\/p>\n\n\n\n<p>\u0095CATEGOR\u00cdA 2: Se compone de 7 plazas de garaje de entre 13 m\u00b2 y 14 m\u00b2. Plazas n\u00fameros 1, 12, 13, 14, 15, 16 y 17.<\/p>\n\n\n\n<p>\u0095CATEGOR\u00cdA 3: Se compone de 2 plazas de garaje de m\u00e1s de 16 m\u00b2. Plazas n\u00fameros 3 y 26.<\/p>\n\n\n\n<p>\u0095CATEGOR\u00cdA 4: Se compone de 1 plaza de garaje de m\u00e1s de 19 m\u00b2. Plaza n\u00famero 28.<\/p>\n\n\n\n<p>\u0095CATEGOR\u00cdA 5: Se compone de 4 plazas de garaje de m\u00e1s de 14 m\u00b2 con trastero de unos 12,35m\u00b2. Plazas n\u00fameros 10, 11, 18 y 19.<\/p>\n\n\n\n<p><strong>El precio inicial de las plazas ser\u00e1: <\/strong><\/p>\n\n\n\n<p>Categor\u00eda 1 (Plazas de 12\/13 m2) 55.00 \u20ac<\/p>\n\n\n\n<p>Categor\u00eda 2 (Plazas de 13\/14 m2) 60.00 \u20ac<\/p>\n\n\n\n<p>Categor\u00eda 3 (Plazas de 16 m2) 70.00 \u20ac<\/p>\n\n\n\n<p>Categor\u00eda 4 (Plazas de 19 m2) 75.00 \u20ac<\/p>\n\n\n\n<p>Categor\u00eda 5 (Plazas de 14\/15 m\u00b2 con trastero) 90.00 \u20ac<\/p>\n\n\n\n<p>Las plazas comprendidas en las categor\u00edas 1 y 2 quedar\u00e1n reservadas, en principio, a vecinos de Coria, con domicilio pr\u00f3ximo al aparcamiento subterr\u00e1neo objeto de esta concesi\u00f3n. Las categor\u00edas 3, 4 y 5 se reservan, en principio, para comerciantes, entidades e instituciones con sede o establecimiento abierto en la zona.<\/p>\n\n\n\n<p>Para m\u00e1s informaci\u00f3n, los interesados tienen m\u00e1s informaci\u00f3n en el enlace: <a title=\"\" target=\"_blank\" href=\"https:\/\/contrataciondelestado.es\/wps\/portal\/!ut\/p\/b0\/DcqxCoAgEADQr2k-58DBoKUhKoLyljhU4vAyBxE_v8YHDxBOwESVbyr8JpLf1oeQhVPsfSgkEi5hx4XcH-AABGQ_VgHbtnHoVJzq0nK1aY_rrDqFRmvIz2M-jkRHJA!!\/\" rel=\"noopener\">https:\/\/contrataciondelestado.es\/wps\/portal\/!ut\/p\/b0\/DcqxCoAgEADQr2k-58DBoKUhKoLyljhU4vAyBxE_v8YHDxBOwESVbyr8JpLf1oeQhVPsfSgkEi5hx4XcH-AABGQ_VgHbtnHoVJzq0nK1aY_rrDqFRmvIz2M-jkRHJA!!\/<\/a> <\/p>\n","protected":false},"excerpt":{"rendered":"<p>El Ayuntamiento de Coria informa que se ha ampliado el plazo para optar a una de las plazas de garaje en el subsuelo de la plaza del Dr. Viera. Las personas interesadas podr\u00e1n obtener toda la informaci\u00f3n en el portal web del ayuntamiento donde se encuentra publicado el Pliego de Condiciones T\u00e9cnicas y Econ\u00f3mico-Administrativas que [&hellip;]<\/p>\n","protected":false},"author":2,"featured_media":60265,"comment_status":"closed","ping_status":"closed","sticky":false,"template":"","format":"standard","meta":{"_uag_custom_page_level_css":"","footnotes":""},"categories":[2],"tags":[3,4],"class_list":["post-24163","post","type-post","status-publish","format-standard","has-post-thumbnail","hentry","category-noticias","tag-coria","tag-extremadura"],"yoast_head":"<!-- This site is optimized with the Yoast SEO plugin v27.5 - https:\/\/yoast.com\/product\/yoast-seo-wordpress\/ -->\n<title>Se amplia el plazo para la presentaci\u00f3n de ofertas y la adjudicaci\u00f3n de las plazas de garaje del parking del Dr. Viera - Ayuntamiento de Coria<\/title>\n<meta name=\"robots\" content=\"index, follow, max-snippet:-1, max-image-preview:large, max-video-preview:-1\" \/>\n<link rel=\"canonical\" href=\"https:\/\/coria.org\/ayuntamiento\/index.php\/2019\/07\/04\/se-amplia-el-plazo-para-la-presentacion-de-ofertas-y-la-adjudicacion-de-las-plazas-de-garaje-del-parking-del-dr-viera\/\" \/>\n<meta property=\"og:locale\" content=\"es_ES\" \/>\n<meta property=\"og:type\" content=\"article\" \/>\n<meta property=\"og:title\" content=\"Se amplia el plazo para la presentaci\u00f3n de ofertas y la adjudicaci\u00f3n de las plazas de garaje del parking del Dr. Viera - Ayuntamiento de Coria\" \/>\n<meta property=\"og:description\" content=\"El Ayuntamiento de Coria informa que se ha ampliado el plazo para optar a una de las plazas de garaje en el subsuelo de la plaza del Dr. Viera. Las personas interesadas podr\u00e1n obtener toda la informaci\u00f3n en el portal web del ayuntamiento donde se encuentra publicado el Pliego de Condiciones T\u00e9cnicas y Econ\u00f3mico-Administrativas que [&hellip;]\" \/>\n<meta property=\"og:url\" content=\"https:\/\/coria.org\/ayuntamiento\/index.php\/2019\/07\/04\/se-amplia-el-plazo-para-la-presentacion-de-ofertas-y-la-adjudicacion-de-las-plazas-de-garaje-del-parking-del-dr-viera\/\" \/>\n<meta property=\"og:site_name\" content=\"Ayuntamiento de Coria\" \/>\n<meta property=\"article:publisher\" content=\"https:\/\/www.facebook.com\/Ayuntamiento.de.Coria\" \/>\n<meta property=\"article:published_time\" content=\"2019-07-04T00:00:00+00:00\" \/>\n<meta property=\"article:modified_time\" content=\"2024-03-13T07:43:04+00:00\" \/>\n<meta property=\"og:image\" content=\"https:\/\/coria.org\/ayuntamiento\/wp-content\/uploads\/2019\/07\/parking-viera-19.jpg\" \/>\n\t<meta property=\"og:image:width\" content=\"720\" \/>\n\t<meta property=\"og:image:height\" content=\"404\" \/>\n\t<meta property=\"og:image:type\" content=\"image\/jpeg\" \/>\n<meta name=\"author\" content=\"ayuntamiento\" \/>\n<meta name=\"twitter:card\" content=\"summary_large_image\" \/>\n<meta name=\"twitter:creator\" content=\"@Ayto_de_Coria\" \/>\n<meta name=\"twitter:site\" content=\"@Ayto_de_Coria\" \/>\n<meta name=\"twitter:label1\" content=\"Escrito por\" \/>\n\t<meta name=\"twitter:data1\" content=\"ayuntamiento\" \/>\n\t<meta name=\"twitter:label2\" content=\"Tiempo de lectura\" \/>\n\t<meta name=\"twitter:data2\" content=\"2 minutos\" \/>\n<script type=\"application\/ld+json\" class=\"yoast-schema-graph\">{\"@context\":\"https:\\\/\\\/schema.org\",\"@graph\":[{\"@type\":\"Article\",\"@id\":\"https:\\\/\\\/coria.org\\\/ayuntamiento\\\/index.php\\\/2019\\\/07\\\/04\\\/se-amplia-el-plazo-para-la-presentacion-de-ofertas-y-la-adjudicacion-de-las-plazas-de-garaje-del-parking-del-dr-viera\\\/#article\",\"isPartOf\":{\"@id\":\"https:\\\/\\\/coria.org\\\/ayuntamiento\\\/index.php\\\/2019\\\/07\\\/04\\\/se-amplia-el-plazo-para-la-presentacion-de-ofertas-y-la-adjudicacion-de-las-plazas-de-garaje-del-parking-del-dr-viera\\\/\"},\"author\":{\"name\":\"ayuntamiento\",\"@id\":\"https:\\\/\\\/coria.org\\\/ayuntamiento\\\/#\\\/schema\\\/person\\\/8bd589f0e13e8ae5aa06def7a599d622\"},\"headline\":\"Se amplia el plazo para la presentaci\u00f3n de ofertas y la adjudicaci\u00f3n de las plazas de garaje del parking del Dr. Viera\",\"datePublished\":\"2019-07-04T00:00:00+00:00\",\"dateModified\":\"2024-03-13T07:43:04+00:00\",\"mainEntityOfPage\":{\"@id\":\"https:\\\/\\\/coria.org\\\/ayuntamiento\\\/index.php\\\/2019\\\/07\\\/04\\\/se-amplia-el-plazo-para-la-presentacion-de-ofertas-y-la-adjudicacion-de-las-plazas-de-garaje-del-parking-del-dr-viera\\\/\"},\"wordCount\":433,\"publisher\":{\"@id\":\"https:\\\/\\\/coria.org\\\/ayuntamiento\\\/#organization\"},\"image\":{\"@id\":\"https:\\\/\\\/coria.org\\\/ayuntamiento\\\/index.php\\\/2019\\\/07\\\/04\\\/se-amplia-el-plazo-para-la-presentacion-de-ofertas-y-la-adjudicacion-de-las-plazas-de-garaje-del-parking-del-dr-viera\\\/#primaryimage\"},\"thumbnailUrl\":\"https:\\\/\\\/coria.org\\\/ayuntamiento\\\/wp-content\\\/uploads\\\/2019\\\/07\\\/parking-viera-19.jpg\",\"keywords\":[\"coria\",\"extremadura\"],\"articleSection\":[\"Noticias\"],\"inLanguage\":\"es\"},{\"@type\":\"WebPage\",\"@id\":\"https:\\\/\\\/coria.org\\\/ayuntamiento\\\/index.php\\\/2019\\\/07\\\/04\\\/se-amplia-el-plazo-para-la-presentacion-de-ofertas-y-la-adjudicacion-de-las-plazas-de-garaje-del-parking-del-dr-viera\\\/\",\"url\":\"https:\\\/\\\/coria.org\\\/ayuntamiento\\\/index.php\\\/2019\\\/07\\\/04\\\/se-amplia-el-plazo-para-la-presentacion-de-ofertas-y-la-adjudicacion-de-las-plazas-de-garaje-del-parking-del-dr-viera\\\/\",\"name\":\"Se amplia el plazo para la presentaci\u00f3n de ofertas y la adjudicaci\u00f3n de las plazas de garaje del parking del Dr. Viera - Ayuntamiento de Coria\",\"isPartOf\":{\"@id\":\"https:\\\/\\\/coria.org\\\/ayuntamiento\\\/#website\"},\"primaryImageOfPage\":{\"@id\":\"https:\\\/\\\/coria.org\\\/ayuntamiento\\\/index.php\\\/2019\\\/07\\\/04\\\/se-amplia-el-plazo-para-la-presentacion-de-ofertas-y-la-adjudicacion-de-las-plazas-de-garaje-del-parking-del-dr-viera\\\/#primaryimage\"},\"image\":{\"@id\":\"https:\\\/\\\/coria.org\\\/ayuntamiento\\\/index.php\\\/2019\\\/07\\\/04\\\/se-amplia-el-plazo-para-la-presentacion-de-ofertas-y-la-adjudicacion-de-las-plazas-de-garaje-del-parking-del-dr-viera\\\/#primaryimage\"},\"thumbnailUrl\":\"https:\\\/\\\/coria.org\\\/ayuntamiento\\\/wp-content\\\/uploads\\\/2019\\\/07\\\/parking-viera-19.jpg\",\"datePublished\":\"2019-07-04T00:00:00+00:00\",\"dateModified\":\"2024-03-13T07:43:04+00:00\",\"breadcrumb\":{\"@id\":\"https:\\\/\\\/coria.org\\\/ayuntamiento\\\/index.php\\\/2019\\\/07\\\/04\\\/se-amplia-el-plazo-para-la-presentacion-de-ofertas-y-la-adjudicacion-de-las-plazas-de-garaje-del-parking-del-dr-viera\\\/#breadcrumb\"},\"inLanguage\":\"es\",\"potentialAction\":[{\"@type\":\"ReadAction\",\"target\":[\"https:\\\/\\\/coria.org\\\/ayuntamiento\\\/index.php\\\/2019\\\/07\\\/04\\\/se-amplia-el-plazo-para-la-presentacion-de-ofertas-y-la-adjudicacion-de-las-plazas-de-garaje-del-parking-del-dr-viera\\\/\"]}]},{\"@type\":\"ImageObject\",\"inLanguage\":\"es\",\"@id\":\"https:\\\/\\\/coria.org\\\/ayuntamiento\\\/index.php\\\/2019\\\/07\\\/04\\\/se-amplia-el-plazo-para-la-presentacion-de-ofertas-y-la-adjudicacion-de-las-plazas-de-garaje-del-parking-del-dr-viera\\\/#primaryimage\",\"url\":\"https:\\\/\\\/coria.org\\\/ayuntamiento\\\/wp-content\\\/uploads\\\/2019\\\/07\\\/parking-viera-19.jpg\",\"contentUrl\":\"https:\\\/\\\/coria.org\\\/ayuntamiento\\\/wp-content\\\/uploads\\\/2019\\\/07\\\/parking-viera-19.jpg\",\"width\":720,\"height\":404},{\"@type\":\"BreadcrumbList\",\"@id\":\"https:\\\/\\\/coria.org\\\/ayuntamiento\\\/index.php\\\/2019\\\/07\\\/04\\\/se-amplia-el-plazo-para-la-presentacion-de-ofertas-y-la-adjudicacion-de-las-plazas-de-garaje-del-parking-del-dr-viera\\\/#breadcrumb\",\"itemListElement\":[{\"@type\":\"ListItem\",\"position\":1,\"name\":\"Inicio\",\"item\":\"https:\\\/\\\/coria.org\\\/ayuntamiento\\\/\"},{\"@type\":\"ListItem\",\"position\":2,\"name\":\"Se amplia el plazo para la presentaci\u00f3n de ofertas y la adjudicaci\u00f3n de las plazas de garaje del parking del Dr. Viera\"}]},{\"@type\":\"WebSite\",\"@id\":\"https:\\\/\\\/coria.org\\\/ayuntamiento\\\/#website\",\"url\":\"https:\\\/\\\/coria.org\\\/ayuntamiento\\\/\",\"name\":\"Ayuntamiento de Coria\",\"description\":\"Web oficial del Ayuntamiento de Coria\",\"publisher\":{\"@id\":\"https:\\\/\\\/coria.org\\\/ayuntamiento\\\/#organization\"},\"alternateName\":\"Web Oficial del Ayuntamiento de Coria\",\"potentialAction\":[{\"@type\":\"SearchAction\",\"target\":{\"@type\":\"EntryPoint\",\"urlTemplate\":\"https:\\\/\\\/coria.org\\\/ayuntamiento\\\/?s={search_term_string}\"},\"query-input\":{\"@type\":\"PropertyValueSpecification\",\"valueRequired\":true,\"valueName\":\"search_term_string\"}}],\"inLanguage\":\"es\"},{\"@type\":\"Organization\",\"@id\":\"https:\\\/\\\/coria.org\\\/ayuntamiento\\\/#organization\",\"name\":\"Ayuntamiento de Coria\",\"alternateName\":\"Ayto de Coria\",\"url\":\"https:\\\/\\\/coria.org\\\/ayuntamiento\\\/\",\"logo\":{\"@type\":\"ImageObject\",\"inLanguage\":\"es\",\"@id\":\"https:\\\/\\\/coria.org\\\/ayuntamiento\\\/#\\\/schema\\\/logo\\\/image\\\/\",\"url\":\"https:\\\/\\\/coria.org\\\/ayuntamiento\\\/wp-content\\\/uploads\\\/2020\\\/12\\\/escudo-ayuntamiento-coria.png\",\"contentUrl\":\"https:\\\/\\\/coria.org\\\/ayuntamiento\\\/wp-content\\\/uploads\\\/2020\\\/12\\\/escudo-ayuntamiento-coria.png\",\"width\":511,\"height\":240,\"caption\":\"Ayuntamiento de Coria\"},\"image\":{\"@id\":\"https:\\\/\\\/coria.org\\\/ayuntamiento\\\/#\\\/schema\\\/logo\\\/image\\\/\"},\"sameAs\":[\"https:\\\/\\\/www.facebook.com\\\/Ayuntamiento.de.Coria\",\"https:\\\/\\\/x.com\\\/Ayto_de_Coria\",\"https:\\\/\\\/www.instagram.com\\\/coria.ayuntamiento\\\/\",\"https:\\\/\\\/www.youtube.com\\\/user\\\/AYUNTAMIENTOCORIA\"]},{\"@type\":\"Person\",\"@id\":\"https:\\\/\\\/coria.org\\\/ayuntamiento\\\/#\\\/schema\\\/person\\\/8bd589f0e13e8ae5aa06def7a599d622\",\"name\":\"ayuntamiento\",\"image\":{\"@type\":\"ImageObject\",\"inLanguage\":\"es\",\"@id\":\"https:\\\/\\\/secure.gravatar.com\\\/avatar\\\/966e5ed73cad334adda5c87f49f2547f7082f7292c1b627cbb548744383b391c?s=96&d=mm&r=g\",\"url\":\"https:\\\/\\\/secure.gravatar.com\\\/avatar\\\/966e5ed73cad334adda5c87f49f2547f7082f7292c1b627cbb548744383b391c?s=96&d=mm&r=g\",\"contentUrl\":\"https:\\\/\\\/secure.gravatar.com\\\/avatar\\\/966e5ed73cad334adda5c87f49f2547f7082f7292c1b627cbb548744383b391c?s=96&d=mm&r=g\",\"caption\":\"ayuntamiento\"}}]}<\/script>\n<!-- \/ Yoast SEO plugin. -->","yoast_head_json":{"title":"Se amplia el plazo para la presentaci\u00f3n de ofertas y la adjudicaci\u00f3n de las plazas de garaje del parking del Dr. Viera - Ayuntamiento de Coria","robots":{"index":"index","follow":"follow","max-snippet":"max-snippet:-1","max-image-preview":"max-image-preview:large","max-video-preview":"max-video-preview:-1"},"canonical":"https:\/\/coria.org\/ayuntamiento\/index.php\/2019\/07\/04\/se-amplia-el-plazo-para-la-presentacion-de-ofertas-y-la-adjudicacion-de-las-plazas-de-garaje-del-parking-del-dr-viera\/","og_locale":"es_ES","og_type":"article","og_title":"Se amplia el plazo para la presentaci\u00f3n de ofertas y la adjudicaci\u00f3n de las plazas de garaje del parking del Dr. Viera - Ayuntamiento de Coria","og_description":"El Ayuntamiento de Coria informa que se ha ampliado el plazo para optar a una de las plazas de garaje en el subsuelo de la plaza del Dr. Viera. Las personas interesadas podr\u00e1n obtener toda la informaci\u00f3n en el portal web del ayuntamiento donde se encuentra publicado el Pliego de Condiciones T\u00e9cnicas y Econ\u00f3mico-Administrativas que [&hellip;]","og_url":"https:\/\/coria.org\/ayuntamiento\/index.php\/2019\/07\/04\/se-amplia-el-plazo-para-la-presentacion-de-ofertas-y-la-adjudicacion-de-las-plazas-de-garaje-del-parking-del-dr-viera\/","og_site_name":"Ayuntamiento de Coria","article_publisher":"https:\/\/www.facebook.com\/Ayuntamiento.de.Coria","article_published_time":"2019-07-04T00:00:00+00:00","article_modified_time":"2024-03-13T07:43:04+00:00","og_image":[{"width":720,"height":404,"url":"https:\/\/coria.org\/ayuntamiento\/wp-content\/uploads\/2019\/07\/parking-viera-19.jpg","type":"image\/jpeg"}],"author":"ayuntamiento","twitter_card":"summary_large_image","twitter_creator":"@Ayto_de_Coria","twitter_site":"@Ayto_de_Coria","twitter_misc":{"Escrito por":"ayuntamiento","Tiempo de lectura":"2 minutos"},"schema":{"@context":"https:\/\/schema.org","@graph":[{"@type":"Article","@id":"https:\/\/coria.org\/ayuntamiento\/index.php\/2019\/07\/04\/se-amplia-el-plazo-para-la-presentacion-de-ofertas-y-la-adjudicacion-de-las-plazas-de-garaje-del-parking-del-dr-viera\/#article","isPartOf":{"@id":"https:\/\/coria.org\/ayuntamiento\/index.php\/2019\/07\/04\/se-amplia-el-plazo-para-la-presentacion-de-ofertas-y-la-adjudicacion-de-las-plazas-de-garaje-del-parking-del-dr-viera\/"},"author":{"name":"ayuntamiento","@id":"https:\/\/coria.org\/ayuntamiento\/#\/schema\/person\/8bd589f0e13e8ae5aa06def7a599d622"},"headline":"Se amplia el plazo para la presentaci\u00f3n de ofertas y la adjudicaci\u00f3n de las plazas de garaje del parking del Dr. Viera","datePublished":"2019-07-04T00:00:00+00:00","dateModified":"2024-03-13T07:43:04+00:00","mainEntityOfPage":{"@id":"https:\/\/coria.org\/ayuntamiento\/index.php\/2019\/07\/04\/se-amplia-el-plazo-para-la-presentacion-de-ofertas-y-la-adjudicacion-de-las-plazas-de-garaje-del-parking-del-dr-viera\/"},"wordCount":433,"publisher":{"@id":"https:\/\/coria.org\/ayuntamiento\/#organization"},"image":{"@id":"https:\/\/coria.org\/ayuntamiento\/index.php\/2019\/07\/04\/se-amplia-el-plazo-para-la-presentacion-de-ofertas-y-la-adjudicacion-de-las-plazas-de-garaje-del-parking-del-dr-viera\/#primaryimage"},"thumbnailUrl":"https:\/\/coria.org\/ayuntamiento\/wp-content\/uploads\/2019\/07\/parking-viera-19.jpg","keywords":["coria","extremadura"],"articleSection":["Noticias"],"inLanguage":"es"},{"@type":"WebPage","@id":"https:\/\/coria.org\/ayuntamiento\/index.php\/2019\/07\/04\/se-amplia-el-plazo-para-la-presentacion-de-ofertas-y-la-adjudicacion-de-las-plazas-de-garaje-del-parking-del-dr-viera\/","url":"https:\/\/coria.org\/ayuntamiento\/index.php\/2019\/07\/04\/se-amplia-el-plazo-para-la-presentacion-de-ofertas-y-la-adjudicacion-de-las-plazas-de-garaje-del-parking-del-dr-viera\/","name":"Se amplia el plazo para la presentaci\u00f3n de ofertas y la adjudicaci\u00f3n de las plazas de garaje del parking del Dr. Viera - Ayuntamiento de Coria","isPartOf":{"@id":"https:\/\/coria.org\/ayuntamiento\/#website"},"primaryImageOfPage":{"@id":"https:\/\/coria.org\/ayuntamiento\/index.php\/2019\/07\/04\/se-amplia-el-plazo-para-la-presentacion-de-ofertas-y-la-adjudicacion-de-las-plazas-de-garaje-del-parking-del-dr-viera\/#primaryimage"},"image":{"@id":"https:\/\/coria.org\/ayuntamiento\/index.php\/2019\/07\/04\/se-amplia-el-plazo-para-la-presentacion-de-ofertas-y-la-adjudicacion-de-las-plazas-de-garaje-del-parking-del-dr-viera\/#primaryimage"},"thumbnailUrl":"https:\/\/coria.org\/ayuntamiento\/wp-content\/uploads\/2019\/07\/parking-viera-19.jpg","datePublished":"2019-07-04T00:00:00+00:00","dateModified":"2024-03-13T07:43:04+00:00","breadcrumb":{"@id":"https:\/\/coria.org\/ayuntamiento\/index.php\/2019\/07\/04\/se-amplia-el-plazo-para-la-presentacion-de-ofertas-y-la-adjudicacion-de-las-plazas-de-garaje-del-parking-del-dr-viera\/#breadcrumb"},"inLanguage":"es","potentialAction":[{"@type":"ReadAction","target":["https:\/\/coria.org\/ayuntamiento\/index.php\/2019\/07\/04\/se-amplia-el-plazo-para-la-presentacion-de-ofertas-y-la-adjudicacion-de-las-plazas-de-garaje-del-parking-del-dr-viera\/"]}]},{"@type":"ImageObject","inLanguage":"es","@id":"https:\/\/coria.org\/ayuntamiento\/index.php\/2019\/07\/04\/se-amplia-el-plazo-para-la-presentacion-de-ofertas-y-la-adjudicacion-de-las-plazas-de-garaje-del-parking-del-dr-viera\/#primaryimage","url":"https:\/\/coria.org\/ayuntamiento\/wp-content\/uploads\/2019\/07\/parking-viera-19.jpg","contentUrl":"https:\/\/coria.org\/ayuntamiento\/wp-content\/uploads\/2019\/07\/parking-viera-19.jpg","width":720,"height":404},{"@type":"BreadcrumbList","@id":"https:\/\/coria.org\/ayuntamiento\/index.php\/2019\/07\/04\/se-amplia-el-plazo-para-la-presentacion-de-ofertas-y-la-adjudicacion-de-las-plazas-de-garaje-del-parking-del-dr-viera\/#breadcrumb","itemListElement":[{"@type":"ListItem","position":1,"name":"Inicio","item":"https:\/\/coria.org\/ayuntamiento\/"},{"@type":"ListItem","position":2,"name":"Se amplia el plazo para la presentaci\u00f3n de ofertas y la adjudicaci\u00f3n de las plazas de garaje del parking del Dr. Viera"}]},{"@type":"WebSite","@id":"https:\/\/coria.org\/ayuntamiento\/#website","url":"https:\/\/coria.org\/ayuntamiento\/","name":"Ayuntamiento de Coria","description":"Web oficial del Ayuntamiento de Coria","publisher":{"@id":"https:\/\/coria.org\/ayuntamiento\/#organization"},"alternateName":"Web Oficial del Ayuntamiento de Coria","potentialAction":[{"@type":"SearchAction","target":{"@type":"EntryPoint","urlTemplate":"https:\/\/coria.org\/ayuntamiento\/?s={search_term_string}"},"query-input":{"@type":"PropertyValueSpecification","valueRequired":true,"valueName":"search_term_string"}}],"inLanguage":"es"},{"@type":"Organization","@id":"https:\/\/coria.org\/ayuntamiento\/#organization","name":"Ayuntamiento de Coria","alternateName":"Ayto de Coria","url":"https:\/\/coria.org\/ayuntamiento\/","logo":{"@type":"ImageObject","inLanguage":"es","@id":"https:\/\/coria.org\/ayuntamiento\/#\/schema\/logo\/image\/","url":"https:\/\/coria.org\/ayuntamiento\/wp-content\/uploads\/2020\/12\/escudo-ayuntamiento-coria.png","contentUrl":"https:\/\/coria.org\/ayuntamiento\/wp-content\/uploads\/2020\/12\/escudo-ayuntamiento-coria.png","width":511,"height":240,"caption":"Ayuntamiento de Coria"},"image":{"@id":"https:\/\/coria.org\/ayuntamiento\/#\/schema\/logo\/image\/"},"sameAs":["https:\/\/www.facebook.com\/Ayuntamiento.de.Coria","https:\/\/x.com\/Ayto_de_Coria","https:\/\/www.instagram.com\/coria.ayuntamiento\/","https:\/\/www.youtube.com\/user\/AYUNTAMIENTOCORIA"]},{"@type":"Person","@id":"https:\/\/coria.org\/ayuntamiento\/#\/schema\/person\/8bd589f0e13e8ae5aa06def7a599d622","name":"ayuntamiento","image":{"@type":"ImageObject","inLanguage":"es","@id":"https:\/\/secure.gravatar.com\/avatar\/966e5ed73cad334adda5c87f49f2547f7082f7292c1b627cbb548744383b391c?s=96&d=mm&r=g","url":"https:\/\/secure.gravatar.com\/avatar\/966e5ed73cad334adda5c87f49f2547f7082f7292c1b627cbb548744383b391c?s=96&d=mm&r=g","contentUrl":"https:\/\/secure.gravatar.com\/avatar\/966e5ed73cad334adda5c87f49f2547f7082f7292c1b627cbb548744383b391c?s=96&d=mm&r=g","caption":"ayuntamiento"}}]}},"uagb_featured_image_src":{"full":["https:\/\/coria.org\/ayuntamiento\/wp-content\/uploads\/2019\/07\/parking-viera-19.jpg",720,404,false],"thumbnail":["https:\/\/coria.org\/ayuntamiento\/wp-content\/uploads\/2019\/07\/parking-viera-19-150x150.jpg",150,150,true],"medium":["https:\/\/coria.org\/ayuntamiento\/wp-content\/uploads\/2019\/07\/parking-viera-19-300x168.jpg",300,168,true],"medium_large":["https:\/\/coria.org\/ayuntamiento\/wp-content\/uploads\/2019\/07\/parking-viera-19.jpg",720,404,false],"large":["https:\/\/coria.org\/ayuntamiento\/wp-content\/uploads\/2019\/07\/parking-viera-19.jpg",720,404,false],"thumblist":["https:\/\/coria.org\/ayuntamiento\/wp-content\/uploads\/2019\/07\/parking-viera-19-300x300.jpg",300,300,true],"thumbrelated":["https:\/\/coria.org\/ayuntamiento\/wp-content\/uploads\/2019\/07\/parking-viera-19-500x404.jpg",500,404,true],"meccarouselthumb":["https:\/\/coria.org\/ayuntamiento\/wp-content\/uploads\/2019\/07\/parking-viera-19-474x324.jpg",474,324,true],"gridsquare":["https:\/\/coria.org\/ayuntamiento\/wp-content\/uploads\/2019\/07\/parking-viera-19-391x260.jpg",391,260,true],"tileview":["https:\/\/coria.org\/ayuntamiento\/wp-content\/uploads\/2019\/07\/parking-viera-19-300x400.jpg",300,400,true],"1536x1536":["https:\/\/coria.org\/ayuntamiento\/wp-content\/uploads\/2019\/07\/parking-viera-19.jpg",720,404,false],"2048x2048":["https:\/\/coria.org\/ayuntamiento\/wp-content\/uploads\/2019\/07\/parking-viera-19.jpg",720,404,false]},"uagb_author_info":{"display_name":"ayuntamiento","author_link":"https:\/\/coria.org\/ayuntamiento\/index.php\/author\/ayuntamiento\/"},"uagb_comment_info":0,"uagb_excerpt":"El Ayuntamiento de Coria informa que se ha ampliado el plazo para optar a una de las plazas de garaje en el subsuelo de la plaza del Dr. Viera. Las personas interesadas podr\u00e1n obtener toda la informaci\u00f3n en el portal web del ayuntamiento donde se encuentra publicado el Pliego de Condiciones T\u00e9cnicas y Econ\u00f3mico-Administrativas que&hellip;","_links":{"self":[{"href":"https:\/\/coria.org\/ayuntamiento\/index.php\/wp-json\/wp\/v2\/posts\/24163","targetHints":{"allow":["GET"]}}],"collection":[{"href":"https:\/\/coria.org\/ayuntamiento\/index.php\/wp-json\/wp\/v2\/posts"}],"about":[{"href":"https:\/\/coria.org\/ayuntamiento\/index.php\/wp-json\/wp\/v2\/types\/post"}],"author":[{"embeddable":true,"href":"https:\/\/coria.org\/ayuntamiento\/index.php\/wp-json\/wp\/v2\/users\/2"}],"replies":[{"embeddable":true,"href":"https:\/\/coria.org\/ayuntamiento\/index.php\/wp-json\/wp\/v2\/comments?post=24163"}],"version-history":[{"count":0,"href":"https:\/\/coria.org\/ayuntamiento\/index.php\/wp-json\/wp\/v2\/posts\/24163\/revisions"}],"wp:featuredmedia":[{"embeddable":true,"href":"https:\/\/coria.org\/ayuntamiento\/index.php\/wp-json\/wp\/v2\/media\/60265"}],"wp:attachment":[{"href":"https:\/\/coria.org\/ayuntamiento\/index.php\/wp-json\/wp\/v2\/media?parent=24163"}],"wp:term":[{"taxonomy":"category","embeddable":true,"href":"https:\/\/coria.org\/ayuntamiento\/index.php\/wp-json\/wp\/v2\/categories?post=24163"},{"taxonomy":"post_tag","embeddable":true,"href":"https:\/\/coria.org\/ayuntamiento\/index.php\/wp-json\/wp\/v2\/tags?post=24163"}],"curies":[{"name":"wp","href":"https:\/\/api.w.org\/{rel}","templated":true}]}}