{"id":24161,"date":"2019-07-08T00:00:00","date_gmt":"2019-07-08T00:00:00","guid":{"rendered":"https:\/\/ayuntamiento.coriaenimagenes.com\/convivencia-entre-asociaciones-de-futbol-en-aveiro-portugal\/"},"modified":"2024-03-13T08:38:20","modified_gmt":"2024-03-13T07:38:20","slug":"convivencia-entre-asociaciones-de-futbol-en-aveiro-portugal","status":"publish","type":"post","link":"https:\/\/coria.org\/ayuntamiento\/index.php\/2019\/07\/08\/convivencia-entre-asociaciones-de-futbol-en-aveiro-portugal\/","title":{"rendered":"Convivencia entre Asociaciones de F\u00fatbol en Aveiro (Portugal)"},"content":{"rendered":"\n<p>El pasado 6 de julio de 2019 tuvo lugar, en el Campus Universitario de Aveiro (Portugal), la segunda convivencia deportiva de f\u00fatbol entre las Asociaciones de Antiguos Alumnos y Amigos de la Universidad Aveirense y de Veteranos Caurienses, cuya delegaci\u00f3n fue recibida por el Vicerrector para el Deporte en la Rector\u00eda de la Universidad Aut\u00f3noma, junto a miembros directivos de la citada asociaci\u00f3n, en un protocolario acto de bienvenida, que tuvo su arranque en la Ciudad de Coria durante la celebraci\u00f3n del XXVII Trofeo Virgen de Argeme.<\/p>\n\n\n\n<figure class=\"wp-block-image alignleft size-full\"><img loading=\"lazy\" decoding=\"async\" width=\"800\" height=\"449\" src=\"https:\/\/coria.org\/ayuntamiento\/wp-content\/uploads\/2019\/07\/aveiro-futbol-19.jpg\" alt=\"\" class=\"wp-image-60259\" srcset=\"https:\/\/coria.org\/ayuntamiento\/wp-content\/uploads\/2019\/07\/aveiro-futbol-19.jpg 800w, https:\/\/coria.org\/ayuntamiento\/wp-content\/uploads\/2019\/07\/aveiro-futbol-19-300x168.jpg 300w, https:\/\/coria.org\/ayuntamiento\/wp-content\/uploads\/2019\/07\/aveiro-futbol-19-768x431.jpg 768w\" sizes=\"auto, (max-width: 800px) 100vw, 800px\" \/><\/figure>\n\n\n\n<p>Unas jornadas de convivencias, cuyo objetivo no ha sido otro que el de confraternizar los valores de relaci\u00f3n y de fomento de sendas asociaciones a trav\u00e9s de la pr\u00e1ctica deportiva del f\u00fatbol a uno y otro lado de esta ficticia raya divisoria que une, m\u00e1s que divide, a estos dos pa\u00edses transfronterizos. Un fomento de la solidaridad y de la colaboraci\u00f3n entre ambas instituciones de estas dos ciudades ib\u00e9ricas, que ha implicado un marcado desarrollo humano, social, econ\u00f3mico, cultural, tur\u00edstico y deportivo, por cuya ciudad de los canales, conocida como la \u00abVenecia portuguesa\u00bb, la expedici\u00f3n cauriense pudo disfrutar de un estupendo fin de semana dej\u00e1ndose seducir por los encantos y la historia que albergan sus callejuelas y canales surcados por los coloridos \u00abmouliceiros\u00bb e inundados por el olor a la sal y el mar, junto al atractivo de sus playas y el buen ambiente universitario que se respira nocturnamente en las terrazas hosteleras, adem\u00e1s de la deliciosa cocina gastron\u00f3mica.<\/p>\n\n\n\n<p>En este sentido, y como muestra de esta amistad y confraternizaci\u00f3n entre dichas instituciones, la Asociaci\u00f3n de Veteranos Caurienses hizo entrega al Vicerrector de la Universidad de un obsequio en forma de regalo al objeto de sellar dichos lazos de afecto y hermanamiento, consistente en una escultura que, simb\u00f3licamente, representa a ambas ciudades ib\u00e9ricas a trav\u00e9s de las im\u00e1genes escult\u00f3ricas fusionadas mediante un toro y un delf\u00edn.<\/p>\n\n\n\n<p>El primero, el \u00abToro\u00bb, como emblema de la Ciudad de Coria, s\u00edmbolo de poder, de fuerza, de virilidad, de fertilidad y de bravura, convertidos en due\u00f1os, amos y se\u00f1ores por las calles y plazas de esta villa y del reino de la dehesa; y, el segundo, el \u00abDelf\u00edn\u00bb, como atributo de la Ciudad de Aveiro ligado a las aguas, a la regeneraci\u00f3n y a los dioses del mar, caso del griego \u00abPoseid\u00f3n\u00bb o del romano \u00abNeptuno\u00bb, relacionados con la realeza, el dominio, la libertad, la inteligencia y la protecci\u00f3n sobre el reino del mar.<\/p>\n","protected":false},"excerpt":{"rendered":"<p>El pasado 6 de julio de 2019 tuvo lugar, en el Campus Universitario de Aveiro (Portugal), la segunda convivencia deportiva de f\u00fatbol entre las Asociaciones de Antiguos Alumnos y Amigos de la Universidad Aveirense y de Veteranos Caurienses, cuya delegaci\u00f3n fue recibida por el Vicerrector para el Deporte en la Rector\u00eda de la Universidad Aut\u00f3noma, [&hellip;]<\/p>\n","protected":false},"author":2,"featured_media":60259,"comment_status":"closed","ping_status":"closed","sticky":false,"template":"","format":"standard","meta":{"_uag_custom_page_level_css":"","footnotes":""},"categories":[2],"tags":[3,4],"class_list":["post-24161","post","type-post","status-publish","format-standard","has-post-thumbnail","hentry","category-noticias","tag-coria","tag-extremadura"],"yoast_head":"<!-- This site is optimized with the Yoast SEO plugin v27.5 - https:\/\/yoast.com\/product\/yoast-seo-wordpress\/ -->\n<title>Convivencia entre Asociaciones de F\u00fatbol en Aveiro (Portugal) - Ayuntamiento de Coria<\/title>\n<meta name=\"robots\" content=\"index, follow, max-snippet:-1, max-image-preview:large, max-video-preview:-1\" \/>\n<link rel=\"canonical\" href=\"https:\/\/coria.org\/ayuntamiento\/index.php\/2019\/07\/08\/convivencia-entre-asociaciones-de-futbol-en-aveiro-portugal\/\" \/>\n<meta property=\"og:locale\" content=\"es_ES\" \/>\n<meta property=\"og:type\" content=\"article\" \/>\n<meta property=\"og:title\" content=\"Convivencia entre Asociaciones de F\u00fatbol en Aveiro (Portugal) - Ayuntamiento de Coria\" \/>\n<meta property=\"og:description\" content=\"El pasado 6 de julio de 2019 tuvo lugar, en el Campus Universitario de Aveiro (Portugal), la segunda convivencia deportiva de f\u00fatbol entre las Asociaciones de Antiguos Alumnos y Amigos de la Universidad Aveirense y de Veteranos Caurienses, cuya delegaci\u00f3n fue recibida por el Vicerrector para el Deporte en la Rector\u00eda de la Universidad Aut\u00f3noma, [&hellip;]\" \/>\n<meta property=\"og:url\" content=\"https:\/\/coria.org\/ayuntamiento\/index.php\/2019\/07\/08\/convivencia-entre-asociaciones-de-futbol-en-aveiro-portugal\/\" \/>\n<meta property=\"og:site_name\" content=\"Ayuntamiento de Coria\" \/>\n<meta property=\"article:publisher\" content=\"https:\/\/www.facebook.com\/Ayuntamiento.de.Coria\" \/>\n<meta property=\"article:published_time\" content=\"2019-07-08T00:00:00+00:00\" \/>\n<meta property=\"article:modified_time\" content=\"2024-03-13T07:38:20+00:00\" \/>\n<meta property=\"og:image\" content=\"https:\/\/coria.org\/ayuntamiento\/wp-content\/uploads\/2019\/07\/aveiro-futbol-19.jpg\" \/>\n\t<meta property=\"og:image:width\" content=\"800\" \/>\n\t<meta property=\"og:image:height\" content=\"449\" \/>\n\t<meta property=\"og:image:type\" content=\"image\/jpeg\" \/>\n<meta name=\"author\" content=\"ayuntamiento\" \/>\n<meta name=\"twitter:card\" content=\"summary_large_image\" \/>\n<meta name=\"twitter:creator\" content=\"@Ayto_de_Coria\" \/>\n<meta name=\"twitter:site\" content=\"@Ayto_de_Coria\" \/>\n<meta name=\"twitter:label1\" content=\"Escrito por\" \/>\n\t<meta name=\"twitter:data1\" content=\"ayuntamiento\" \/>\n\t<meta name=\"twitter:label2\" content=\"Tiempo de lectura\" \/>\n\t<meta name=\"twitter:data2\" content=\"2 minutos\" \/>\n<script type=\"application\/ld+json\" class=\"yoast-schema-graph\">{\"@context\":\"https:\\\/\\\/schema.org\",\"@graph\":[{\"@type\":\"Article\",\"@id\":\"https:\\\/\\\/coria.org\\\/ayuntamiento\\\/index.php\\\/2019\\\/07\\\/08\\\/convivencia-entre-asociaciones-de-futbol-en-aveiro-portugal\\\/#article\",\"isPartOf\":{\"@id\":\"https:\\\/\\\/coria.org\\\/ayuntamiento\\\/index.php\\\/2019\\\/07\\\/08\\\/convivencia-entre-asociaciones-de-futbol-en-aveiro-portugal\\\/\"},\"author\":{\"name\":\"ayuntamiento\",\"@id\":\"https:\\\/\\\/coria.org\\\/ayuntamiento\\\/#\\\/schema\\\/person\\\/8bd589f0e13e8ae5aa06def7a599d622\"},\"headline\":\"Convivencia entre Asociaciones de F\u00fatbol en Aveiro (Portugal)\",\"datePublished\":\"2019-07-08T00:00:00+00:00\",\"dateModified\":\"2024-03-13T07:38:20+00:00\",\"mainEntityOfPage\":{\"@id\":\"https:\\\/\\\/coria.org\\\/ayuntamiento\\\/index.php\\\/2019\\\/07\\\/08\\\/convivencia-entre-asociaciones-de-futbol-en-aveiro-portugal\\\/\"},\"wordCount\":449,\"publisher\":{\"@id\":\"https:\\\/\\\/coria.org\\\/ayuntamiento\\\/#organization\"},\"image\":{\"@id\":\"https:\\\/\\\/coria.org\\\/ayuntamiento\\\/index.php\\\/2019\\\/07\\\/08\\\/convivencia-entre-asociaciones-de-futbol-en-aveiro-portugal\\\/#primaryimage\"},\"thumbnailUrl\":\"https:\\\/\\\/coria.org\\\/ayuntamiento\\\/wp-content\\\/uploads\\\/2019\\\/07\\\/aveiro-futbol-19.jpg\",\"keywords\":[\"coria\",\"extremadura\"],\"articleSection\":[\"Noticias\"],\"inLanguage\":\"es\"},{\"@type\":\"WebPage\",\"@id\":\"https:\\\/\\\/coria.org\\\/ayuntamiento\\\/index.php\\\/2019\\\/07\\\/08\\\/convivencia-entre-asociaciones-de-futbol-en-aveiro-portugal\\\/\",\"url\":\"https:\\\/\\\/coria.org\\\/ayuntamiento\\\/index.php\\\/2019\\\/07\\\/08\\\/convivencia-entre-asociaciones-de-futbol-en-aveiro-portugal\\\/\",\"name\":\"Convivencia entre Asociaciones de F\u00fatbol en Aveiro (Portugal) - Ayuntamiento de Coria\",\"isPartOf\":{\"@id\":\"https:\\\/\\\/coria.org\\\/ayuntamiento\\\/#website\"},\"primaryImageOfPage\":{\"@id\":\"https:\\\/\\\/coria.org\\\/ayuntamiento\\\/index.php\\\/2019\\\/07\\\/08\\\/convivencia-entre-asociaciones-de-futbol-en-aveiro-portugal\\\/#primaryimage\"},\"image\":{\"@id\":\"https:\\\/\\\/coria.org\\\/ayuntamiento\\\/index.php\\\/2019\\\/07\\\/08\\\/convivencia-entre-asociaciones-de-futbol-en-aveiro-portugal\\\/#primaryimage\"},\"thumbnailUrl\":\"https:\\\/\\\/coria.org\\\/ayuntamiento\\\/wp-content\\\/uploads\\\/2019\\\/07\\\/aveiro-futbol-19.jpg\",\"datePublished\":\"2019-07-08T00:00:00+00:00\",\"dateModified\":\"2024-03-13T07:38:20+00:00\",\"breadcrumb\":{\"@id\":\"https:\\\/\\\/coria.org\\\/ayuntamiento\\\/index.php\\\/2019\\\/07\\\/08\\\/convivencia-entre-asociaciones-de-futbol-en-aveiro-portugal\\\/#breadcrumb\"},\"inLanguage\":\"es\",\"potentialAction\":[{\"@type\":\"ReadAction\",\"target\":[\"https:\\\/\\\/coria.org\\\/ayuntamiento\\\/index.php\\\/2019\\\/07\\\/08\\\/convivencia-entre-asociaciones-de-futbol-en-aveiro-portugal\\\/\"]}]},{\"@type\":\"ImageObject\",\"inLanguage\":\"es\",\"@id\":\"https:\\\/\\\/coria.org\\\/ayuntamiento\\\/index.php\\\/2019\\\/07\\\/08\\\/convivencia-entre-asociaciones-de-futbol-en-aveiro-portugal\\\/#primaryimage\",\"url\":\"https:\\\/\\\/coria.org\\\/ayuntamiento\\\/wp-content\\\/uploads\\\/2019\\\/07\\\/aveiro-futbol-19.jpg\",\"contentUrl\":\"https:\\\/\\\/coria.org\\\/ayuntamiento\\\/wp-content\\\/uploads\\\/2019\\\/07\\\/aveiro-futbol-19.jpg\",\"width\":800,\"height\":449},{\"@type\":\"BreadcrumbList\",\"@id\":\"https:\\\/\\\/coria.org\\\/ayuntamiento\\\/index.php\\\/2019\\\/07\\\/08\\\/convivencia-entre-asociaciones-de-futbol-en-aveiro-portugal\\\/#breadcrumb\",\"itemListElement\":[{\"@type\":\"ListItem\",\"position\":1,\"name\":\"Inicio\",\"item\":\"https:\\\/\\\/coria.org\\\/ayuntamiento\\\/\"},{\"@type\":\"ListItem\",\"position\":2,\"name\":\"Convivencia entre Asociaciones de F\u00fatbol en Aveiro (Portugal)\"}]},{\"@type\":\"WebSite\",\"@id\":\"https:\\\/\\\/coria.org\\\/ayuntamiento\\\/#website\",\"url\":\"https:\\\/\\\/coria.org\\\/ayuntamiento\\\/\",\"name\":\"Ayuntamiento de Coria\",\"description\":\"Web oficial del Ayuntamiento de Coria\",\"publisher\":{\"@id\":\"https:\\\/\\\/coria.org\\\/ayuntamiento\\\/#organization\"},\"alternateName\":\"Web Oficial del Ayuntamiento de Coria\",\"potentialAction\":[{\"@type\":\"SearchAction\",\"target\":{\"@type\":\"EntryPoint\",\"urlTemplate\":\"https:\\\/\\\/coria.org\\\/ayuntamiento\\\/?s={search_term_string}\"},\"query-input\":{\"@type\":\"PropertyValueSpecification\",\"valueRequired\":true,\"valueName\":\"search_term_string\"}}],\"inLanguage\":\"es\"},{\"@type\":\"Organization\",\"@id\":\"https:\\\/\\\/coria.org\\\/ayuntamiento\\\/#organization\",\"name\":\"Ayuntamiento de Coria\",\"alternateName\":\"Ayto de Coria\",\"url\":\"https:\\\/\\\/coria.org\\\/ayuntamiento\\\/\",\"logo\":{\"@type\":\"ImageObject\",\"inLanguage\":\"es\",\"@id\":\"https:\\\/\\\/coria.org\\\/ayuntamiento\\\/#\\\/schema\\\/logo\\\/image\\\/\",\"url\":\"https:\\\/\\\/coria.org\\\/ayuntamiento\\\/wp-content\\\/uploads\\\/2020\\\/12\\\/escudo-ayuntamiento-coria.png\",\"contentUrl\":\"https:\\\/\\\/coria.org\\\/ayuntamiento\\\/wp-content\\\/uploads\\\/2020\\\/12\\\/escudo-ayuntamiento-coria.png\",\"width\":511,\"height\":240,\"caption\":\"Ayuntamiento de Coria\"},\"image\":{\"@id\":\"https:\\\/\\\/coria.org\\\/ayuntamiento\\\/#\\\/schema\\\/logo\\\/image\\\/\"},\"sameAs\":[\"https:\\\/\\\/www.facebook.com\\\/Ayuntamiento.de.Coria\",\"https:\\\/\\\/x.com\\\/Ayto_de_Coria\",\"https:\\\/\\\/www.instagram.com\\\/coria.ayuntamiento\\\/\",\"https:\\\/\\\/www.youtube.com\\\/user\\\/AYUNTAMIENTOCORIA\"]},{\"@type\":\"Person\",\"@id\":\"https:\\\/\\\/coria.org\\\/ayuntamiento\\\/#\\\/schema\\\/person\\\/8bd589f0e13e8ae5aa06def7a599d622\",\"name\":\"ayuntamiento\",\"image\":{\"@type\":\"ImageObject\",\"inLanguage\":\"es\",\"@id\":\"https:\\\/\\\/secure.gravatar.com\\\/avatar\\\/966e5ed73cad334adda5c87f49f2547f7082f7292c1b627cbb548744383b391c?s=96&d=mm&r=g\",\"url\":\"https:\\\/\\\/secure.gravatar.com\\\/avatar\\\/966e5ed73cad334adda5c87f49f2547f7082f7292c1b627cbb548744383b391c?s=96&d=mm&r=g\",\"contentUrl\":\"https:\\\/\\\/secure.gravatar.com\\\/avatar\\\/966e5ed73cad334adda5c87f49f2547f7082f7292c1b627cbb548744383b391c?s=96&d=mm&r=g\",\"caption\":\"ayuntamiento\"}}]}<\/script>\n<!-- \/ Yoast SEO plugin. -->","yoast_head_json":{"title":"Convivencia entre Asociaciones de F\u00fatbol en Aveiro (Portugal) - Ayuntamiento de Coria","robots":{"index":"index","follow":"follow","max-snippet":"max-snippet:-1","max-image-preview":"max-image-preview:large","max-video-preview":"max-video-preview:-1"},"canonical":"https:\/\/coria.org\/ayuntamiento\/index.php\/2019\/07\/08\/convivencia-entre-asociaciones-de-futbol-en-aveiro-portugal\/","og_locale":"es_ES","og_type":"article","og_title":"Convivencia entre Asociaciones de F\u00fatbol en Aveiro (Portugal) - Ayuntamiento de Coria","og_description":"El pasado 6 de julio de 2019 tuvo lugar, en el Campus Universitario de Aveiro (Portugal), la segunda convivencia deportiva de f\u00fatbol entre las Asociaciones de Antiguos Alumnos y Amigos de la Universidad Aveirense y de Veteranos Caurienses, cuya delegaci\u00f3n fue recibida por el Vicerrector para el Deporte en la Rector\u00eda de la Universidad Aut\u00f3noma, [&hellip;]","og_url":"https:\/\/coria.org\/ayuntamiento\/index.php\/2019\/07\/08\/convivencia-entre-asociaciones-de-futbol-en-aveiro-portugal\/","og_site_name":"Ayuntamiento de Coria","article_publisher":"https:\/\/www.facebook.com\/Ayuntamiento.de.Coria","article_published_time":"2019-07-08T00:00:00+00:00","article_modified_time":"2024-03-13T07:38:20+00:00","og_image":[{"width":800,"height":449,"url":"https:\/\/coria.org\/ayuntamiento\/wp-content\/uploads\/2019\/07\/aveiro-futbol-19.jpg","type":"image\/jpeg"}],"author":"ayuntamiento","twitter_card":"summary_large_image","twitter_creator":"@Ayto_de_Coria","twitter_site":"@Ayto_de_Coria","twitter_misc":{"Escrito por":"ayuntamiento","Tiempo de lectura":"2 minutos"},"schema":{"@context":"https:\/\/schema.org","@graph":[{"@type":"Article","@id":"https:\/\/coria.org\/ayuntamiento\/index.php\/2019\/07\/08\/convivencia-entre-asociaciones-de-futbol-en-aveiro-portugal\/#article","isPartOf":{"@id":"https:\/\/coria.org\/ayuntamiento\/index.php\/2019\/07\/08\/convivencia-entre-asociaciones-de-futbol-en-aveiro-portugal\/"},"author":{"name":"ayuntamiento","@id":"https:\/\/coria.org\/ayuntamiento\/#\/schema\/person\/8bd589f0e13e8ae5aa06def7a599d622"},"headline":"Convivencia entre Asociaciones de F\u00fatbol en Aveiro (Portugal)","datePublished":"2019-07-08T00:00:00+00:00","dateModified":"2024-03-13T07:38:20+00:00","mainEntityOfPage":{"@id":"https:\/\/coria.org\/ayuntamiento\/index.php\/2019\/07\/08\/convivencia-entre-asociaciones-de-futbol-en-aveiro-portugal\/"},"wordCount":449,"publisher":{"@id":"https:\/\/coria.org\/ayuntamiento\/#organization"},"image":{"@id":"https:\/\/coria.org\/ayuntamiento\/index.php\/2019\/07\/08\/convivencia-entre-asociaciones-de-futbol-en-aveiro-portugal\/#primaryimage"},"thumbnailUrl":"https:\/\/coria.org\/ayuntamiento\/wp-content\/uploads\/2019\/07\/aveiro-futbol-19.jpg","keywords":["coria","extremadura"],"articleSection":["Noticias"],"inLanguage":"es"},{"@type":"WebPage","@id":"https:\/\/coria.org\/ayuntamiento\/index.php\/2019\/07\/08\/convivencia-entre-asociaciones-de-futbol-en-aveiro-portugal\/","url":"https:\/\/coria.org\/ayuntamiento\/index.php\/2019\/07\/08\/convivencia-entre-asociaciones-de-futbol-en-aveiro-portugal\/","name":"Convivencia entre Asociaciones de F\u00fatbol en Aveiro (Portugal) - Ayuntamiento de Coria","isPartOf":{"@id":"https:\/\/coria.org\/ayuntamiento\/#website"},"primaryImageOfPage":{"@id":"https:\/\/coria.org\/ayuntamiento\/index.php\/2019\/07\/08\/convivencia-entre-asociaciones-de-futbol-en-aveiro-portugal\/#primaryimage"},"image":{"@id":"https:\/\/coria.org\/ayuntamiento\/index.php\/2019\/07\/08\/convivencia-entre-asociaciones-de-futbol-en-aveiro-portugal\/#primaryimage"},"thumbnailUrl":"https:\/\/coria.org\/ayuntamiento\/wp-content\/uploads\/2019\/07\/aveiro-futbol-19.jpg","datePublished":"2019-07-08T00:00:00+00:00","dateModified":"2024-03-13T07:38:20+00:00","breadcrumb":{"@id":"https:\/\/coria.org\/ayuntamiento\/index.php\/2019\/07\/08\/convivencia-entre-asociaciones-de-futbol-en-aveiro-portugal\/#breadcrumb"},"inLanguage":"es","potentialAction":[{"@type":"ReadAction","target":["https:\/\/coria.org\/ayuntamiento\/index.php\/2019\/07\/08\/convivencia-entre-asociaciones-de-futbol-en-aveiro-portugal\/"]}]},{"@type":"ImageObject","inLanguage":"es","@id":"https:\/\/coria.org\/ayuntamiento\/index.php\/2019\/07\/08\/convivencia-entre-asociaciones-de-futbol-en-aveiro-portugal\/#primaryimage","url":"https:\/\/coria.org\/ayuntamiento\/wp-content\/uploads\/2019\/07\/aveiro-futbol-19.jpg","contentUrl":"https:\/\/coria.org\/ayuntamiento\/wp-content\/uploads\/2019\/07\/aveiro-futbol-19.jpg","width":800,"height":449},{"@type":"BreadcrumbList","@id":"https:\/\/coria.org\/ayuntamiento\/index.php\/2019\/07\/08\/convivencia-entre-asociaciones-de-futbol-en-aveiro-portugal\/#breadcrumb","itemListElement":[{"@type":"ListItem","position":1,"name":"Inicio","item":"https:\/\/coria.org\/ayuntamiento\/"},{"@type":"ListItem","position":2,"name":"Convivencia entre Asociaciones de F\u00fatbol en Aveiro (Portugal)"}]},{"@type":"WebSite","@id":"https:\/\/coria.org\/ayuntamiento\/#website","url":"https:\/\/coria.org\/ayuntamiento\/","name":"Ayuntamiento de Coria","description":"Web oficial del Ayuntamiento de Coria","publisher":{"@id":"https:\/\/coria.org\/ayuntamiento\/#organization"},"alternateName":"Web Oficial del Ayuntamiento de Coria","potentialAction":[{"@type":"SearchAction","target":{"@type":"EntryPoint","urlTemplate":"https:\/\/coria.org\/ayuntamiento\/?s={search_term_string}"},"query-input":{"@type":"PropertyValueSpecification","valueRequired":true,"valueName":"search_term_string"}}],"inLanguage":"es"},{"@type":"Organization","@id":"https:\/\/coria.org\/ayuntamiento\/#organization","name":"Ayuntamiento de Coria","alternateName":"Ayto de Coria","url":"https:\/\/coria.org\/ayuntamiento\/","logo":{"@type":"ImageObject","inLanguage":"es","@id":"https:\/\/coria.org\/ayuntamiento\/#\/schema\/logo\/image\/","url":"https:\/\/coria.org\/ayuntamiento\/wp-content\/uploads\/2020\/12\/escudo-ayuntamiento-coria.png","contentUrl":"https:\/\/coria.org\/ayuntamiento\/wp-content\/uploads\/2020\/12\/escudo-ayuntamiento-coria.png","width":511,"height":240,"caption":"Ayuntamiento de Coria"},"image":{"@id":"https:\/\/coria.org\/ayuntamiento\/#\/schema\/logo\/image\/"},"sameAs":["https:\/\/www.facebook.com\/Ayuntamiento.de.Coria","https:\/\/x.com\/Ayto_de_Coria","https:\/\/www.instagram.com\/coria.ayuntamiento\/","https:\/\/www.youtube.com\/user\/AYUNTAMIENTOCORIA"]},{"@type":"Person","@id":"https:\/\/coria.org\/ayuntamiento\/#\/schema\/person\/8bd589f0e13e8ae5aa06def7a599d622","name":"ayuntamiento","image":{"@type":"ImageObject","inLanguage":"es","@id":"https:\/\/secure.gravatar.com\/avatar\/966e5ed73cad334adda5c87f49f2547f7082f7292c1b627cbb548744383b391c?s=96&d=mm&r=g","url":"https:\/\/secure.gravatar.com\/avatar\/966e5ed73cad334adda5c87f49f2547f7082f7292c1b627cbb548744383b391c?s=96&d=mm&r=g","contentUrl":"https:\/\/secure.gravatar.com\/avatar\/966e5ed73cad334adda5c87f49f2547f7082f7292c1b627cbb548744383b391c?s=96&d=mm&r=g","caption":"ayuntamiento"}}]}},"uagb_featured_image_src":{"full":["https:\/\/coria.org\/ayuntamiento\/wp-content\/uploads\/2019\/07\/aveiro-futbol-19.jpg",800,449,false],"thumbnail":["https:\/\/coria.org\/ayuntamiento\/wp-content\/uploads\/2019\/07\/aveiro-futbol-19-150x150.jpg",150,150,true],"medium":["https:\/\/coria.org\/ayuntamiento\/wp-content\/uploads\/2019\/07\/aveiro-futbol-19-300x168.jpg",300,168,true],"medium_large":["https:\/\/coria.org\/ayuntamiento\/wp-content\/uploads\/2019\/07\/aveiro-futbol-19-768x431.jpg",768,431,true],"large":["https:\/\/coria.org\/ayuntamiento\/wp-content\/uploads\/2019\/07\/aveiro-futbol-19.jpg",800,449,false],"thumblist":["https:\/\/coria.org\/ayuntamiento\/wp-content\/uploads\/2019\/07\/aveiro-futbol-19-300x300.jpg",300,300,true],"thumbrelated":["https:\/\/coria.org\/ayuntamiento\/wp-content\/uploads\/2019\/07\/aveiro-futbol-19-500x449.jpg",500,449,true],"meccarouselthumb":["https:\/\/coria.org\/ayuntamiento\/wp-content\/uploads\/2019\/07\/aveiro-futbol-19-474x324.jpg",474,324,true],"gridsquare":["https:\/\/coria.org\/ayuntamiento\/wp-content\/uploads\/2019\/07\/aveiro-futbol-19-391x260.jpg",391,260,true],"tileview":["https:\/\/coria.org\/ayuntamiento\/wp-content\/uploads\/2019\/07\/aveiro-futbol-19-300x400.jpg",300,400,true],"1536x1536":["https:\/\/coria.org\/ayuntamiento\/wp-content\/uploads\/2019\/07\/aveiro-futbol-19.jpg",800,449,false],"2048x2048":["https:\/\/coria.org\/ayuntamiento\/wp-content\/uploads\/2019\/07\/aveiro-futbol-19.jpg",800,449,false]},"uagb_author_info":{"display_name":"ayuntamiento","author_link":"https:\/\/coria.org\/ayuntamiento\/index.php\/author\/ayuntamiento\/"},"uagb_comment_info":0,"uagb_excerpt":"El pasado 6 de julio de 2019 tuvo lugar, en el Campus Universitario de Aveiro (Portugal), la segunda convivencia deportiva de f\u00fatbol entre las Asociaciones de Antiguos Alumnos y Amigos de la Universidad Aveirense y de Veteranos Caurienses, cuya delegaci\u00f3n fue recibida por el Vicerrector para el Deporte en la Rector\u00eda de la Universidad Aut\u00f3noma,&hellip;","_links":{"self":[{"href":"https:\/\/coria.org\/ayuntamiento\/index.php\/wp-json\/wp\/v2\/posts\/24161","targetHints":{"allow":["GET"]}}],"collection":[{"href":"https:\/\/coria.org\/ayuntamiento\/index.php\/wp-json\/wp\/v2\/posts"}],"about":[{"href":"https:\/\/coria.org\/ayuntamiento\/index.php\/wp-json\/wp\/v2\/types\/post"}],"author":[{"embeddable":true,"href":"https:\/\/coria.org\/ayuntamiento\/index.php\/wp-json\/wp\/v2\/users\/2"}],"replies":[{"embeddable":true,"href":"https:\/\/coria.org\/ayuntamiento\/index.php\/wp-json\/wp\/v2\/comments?post=24161"}],"version-history":[{"count":0,"href":"https:\/\/coria.org\/ayuntamiento\/index.php\/wp-json\/wp\/v2\/posts\/24161\/revisions"}],"wp:featuredmedia":[{"embeddable":true,"href":"https:\/\/coria.org\/ayuntamiento\/index.php\/wp-json\/wp\/v2\/media\/60259"}],"wp:attachment":[{"href":"https:\/\/coria.org\/ayuntamiento\/index.php\/wp-json\/wp\/v2\/media?parent=24161"}],"wp:term":[{"taxonomy":"category","embeddable":true,"href":"https:\/\/coria.org\/ayuntamiento\/index.php\/wp-json\/wp\/v2\/categories?post=24161"},{"taxonomy":"post_tag","embeddable":true,"href":"https:\/\/coria.org\/ayuntamiento\/index.php\/wp-json\/wp\/v2\/tags?post=24161"}],"curies":[{"name":"wp","href":"https:\/\/api.w.org\/{rel}","templated":true}]}}