{"id":24160,"date":"2019-07-08T00:00:00","date_gmt":"2019-07-08T00:00:00","guid":{"rendered":"https:\/\/ayuntamiento.coriaenimagenes.com\/se-recuerda-que-aun-quedan-entradas-para-disfrutar-del-concierto-de-sara-baras-el-dia-2-de-agosto\/"},"modified":"2024-03-13T08:35:49","modified_gmt":"2024-03-13T07:35:49","slug":"se-recuerda-que-aun-quedan-entradas-para-disfrutar-del-concierto-de-sara-baras-el-dia-2-de-agosto","status":"publish","type":"post","link":"https:\/\/coria.org\/ayuntamiento\/index.php\/2019\/07\/08\/se-recuerda-que-aun-quedan-entradas-para-disfrutar-del-concierto-de-sara-baras-el-dia-2-de-agosto\/","title":{"rendered":"Se recuerda que a\u00fan quedan entradas para disfrutar del concierto de Sara Baras el d\u00eda 2 de agosto"},"content":{"rendered":"\n<p>El Ayuntamiento de Coria informa que, aun quedan entradas en la venta anticipada para el concierto de inauguraci\u00f3n del XXIII Festival Internacional de Guitarra de la artista Sara Baras.<\/p>\n\n\n<figure class=\"wp-block-post-featured-image\"><img loading=\"lazy\" decoding=\"async\" width=\"800\" height=\"450\" src=\"https:\/\/coria.org\/ayuntamiento\/wp-content\/uploads\/2019\/07\/sara-baras-1.jpg\" class=\"attachment-post-thumbnail size-post-thumbnail wp-post-image\" alt=\"\" style=\"object-fit:cover;\" srcset=\"https:\/\/coria.org\/ayuntamiento\/wp-content\/uploads\/2019\/07\/sara-baras-1.jpg 800w, https:\/\/coria.org\/ayuntamiento\/wp-content\/uploads\/2019\/07\/sara-baras-1-300x169.jpg 300w, https:\/\/coria.org\/ayuntamiento\/wp-content\/uploads\/2019\/07\/sara-baras-1-768x432.jpg 768w\" sizes=\"auto, (max-width: 800px) 100vw, 800px\" \/><\/figure>\n\n\n<p>Las entradas se podr\u00e1n adquirir en el Ayuntamiento y la Oficina de Turismo, en horario de 09.00h a 14.00h y tendr\u00e1n un coste de 20 euros. <\/p>\n\n\n\n<p><strong>Cabe recordar que el concierto se celebrar\u00e1 el d\u00eda 2 de agosto a las 22.00 horas en la Plaza de la Catedral. <\/strong><\/p>\n","protected":false},"excerpt":{"rendered":"<p>El Ayuntamiento de Coria informa que, aun quedan entradas en la venta anticipada para el concierto de inauguraci\u00f3n del XXIII Festival Internacional de Guitarra de la artista Sara Baras. Las entradas se podr\u00e1n adquirir en el Ayuntamiento y la Oficina de Turismo, en horario de 09.00h a 14.00h y tendr\u00e1n un coste de 20 euros. [&hellip;]<\/p>\n","protected":false},"author":2,"featured_media":60233,"comment_status":"closed","ping_status":"closed","sticky":false,"template":"","format":"standard","meta":{"_uag_custom_page_level_css":"","footnotes":""},"categories":[2],"tags":[3,4],"class_list":["post-24160","post","type-post","status-publish","format-standard","has-post-thumbnail","hentry","category-noticias","tag-coria","tag-extremadura"],"yoast_head":"<!-- This site is optimized with the Yoast SEO plugin v27.5 - https:\/\/yoast.com\/product\/yoast-seo-wordpress\/ -->\n<title>Se recuerda que a\u00fan quedan entradas para disfrutar del concierto de Sara Baras el d\u00eda 2 de agosto - Ayuntamiento de Coria<\/title>\n<meta name=\"robots\" content=\"index, follow, max-snippet:-1, max-image-preview:large, max-video-preview:-1\" \/>\n<link rel=\"canonical\" href=\"https:\/\/coria.org\/ayuntamiento\/index.php\/2019\/07\/08\/se-recuerda-que-aun-quedan-entradas-para-disfrutar-del-concierto-de-sara-baras-el-dia-2-de-agosto\/\" \/>\n<meta property=\"og:locale\" content=\"es_ES\" \/>\n<meta property=\"og:type\" content=\"article\" \/>\n<meta property=\"og:title\" content=\"Se recuerda que a\u00fan quedan entradas para disfrutar del concierto de Sara Baras el d\u00eda 2 de agosto - Ayuntamiento de Coria\" \/>\n<meta property=\"og:description\" content=\"El Ayuntamiento de Coria informa que, aun quedan entradas en la venta anticipada para el concierto de inauguraci\u00f3n del XXIII Festival Internacional de Guitarra de la artista Sara Baras. Las entradas se podr\u00e1n adquirir en el Ayuntamiento y la Oficina de Turismo, en horario de 09.00h a 14.00h y tendr\u00e1n un coste de 20 euros. [&hellip;]\" \/>\n<meta property=\"og:url\" content=\"https:\/\/coria.org\/ayuntamiento\/index.php\/2019\/07\/08\/se-recuerda-que-aun-quedan-entradas-para-disfrutar-del-concierto-de-sara-baras-el-dia-2-de-agosto\/\" \/>\n<meta property=\"og:site_name\" content=\"Ayuntamiento de Coria\" \/>\n<meta property=\"article:publisher\" content=\"https:\/\/www.facebook.com\/Ayuntamiento.de.Coria\" \/>\n<meta property=\"article:published_time\" content=\"2019-07-08T00:00:00+00:00\" \/>\n<meta property=\"article:modified_time\" content=\"2024-03-13T07:35:49+00:00\" \/>\n<meta property=\"og:image\" content=\"https:\/\/coria.org\/ayuntamiento\/wp-content\/uploads\/2019\/07\/sara-baras-1.jpg\" \/>\n\t<meta property=\"og:image:width\" content=\"800\" \/>\n\t<meta property=\"og:image:height\" content=\"450\" \/>\n\t<meta property=\"og:image:type\" content=\"image\/jpeg\" \/>\n<meta name=\"author\" content=\"ayuntamiento\" \/>\n<meta name=\"twitter:card\" content=\"summary_large_image\" \/>\n<meta name=\"twitter:creator\" content=\"@Ayto_de_Coria\" \/>\n<meta name=\"twitter:site\" content=\"@Ayto_de_Coria\" \/>\n<meta name=\"twitter:label1\" content=\"Escrito por\" \/>\n\t<meta name=\"twitter:data1\" content=\"ayuntamiento\" \/>\n<script type=\"application\/ld+json\" class=\"yoast-schema-graph\">{\"@context\":\"https:\\\/\\\/schema.org\",\"@graph\":[{\"@type\":\"Article\",\"@id\":\"https:\\\/\\\/coria.org\\\/ayuntamiento\\\/index.php\\\/2019\\\/07\\\/08\\\/se-recuerda-que-aun-quedan-entradas-para-disfrutar-del-concierto-de-sara-baras-el-dia-2-de-agosto\\\/#article\",\"isPartOf\":{\"@id\":\"https:\\\/\\\/coria.org\\\/ayuntamiento\\\/index.php\\\/2019\\\/07\\\/08\\\/se-recuerda-que-aun-quedan-entradas-para-disfrutar-del-concierto-de-sara-baras-el-dia-2-de-agosto\\\/\"},\"author\":{\"name\":\"ayuntamiento\",\"@id\":\"https:\\\/\\\/coria.org\\\/ayuntamiento\\\/#\\\/schema\\\/person\\\/8bd589f0e13e8ae5aa06def7a599d622\"},\"headline\":\"Se recuerda que a\u00fan quedan entradas para disfrutar del concierto de Sara Baras el d\u00eda 2 de agosto\",\"datePublished\":\"2019-07-08T00:00:00+00:00\",\"dateModified\":\"2024-03-13T07:35:49+00:00\",\"mainEntityOfPage\":{\"@id\":\"https:\\\/\\\/coria.org\\\/ayuntamiento\\\/index.php\\\/2019\\\/07\\\/08\\\/se-recuerda-que-aun-quedan-entradas-para-disfrutar-del-concierto-de-sara-baras-el-dia-2-de-agosto\\\/\"},\"wordCount\":97,\"publisher\":{\"@id\":\"https:\\\/\\\/coria.org\\\/ayuntamiento\\\/#organization\"},\"image\":{\"@id\":\"https:\\\/\\\/coria.org\\\/ayuntamiento\\\/index.php\\\/2019\\\/07\\\/08\\\/se-recuerda-que-aun-quedan-entradas-para-disfrutar-del-concierto-de-sara-baras-el-dia-2-de-agosto\\\/#primaryimage\"},\"thumbnailUrl\":\"https:\\\/\\\/coria.org\\\/ayuntamiento\\\/wp-content\\\/uploads\\\/2019\\\/07\\\/sara-baras-1.jpg\",\"keywords\":[\"coria\",\"extremadura\"],\"articleSection\":[\"Noticias\"],\"inLanguage\":\"es\"},{\"@type\":\"WebPage\",\"@id\":\"https:\\\/\\\/coria.org\\\/ayuntamiento\\\/index.php\\\/2019\\\/07\\\/08\\\/se-recuerda-que-aun-quedan-entradas-para-disfrutar-del-concierto-de-sara-baras-el-dia-2-de-agosto\\\/\",\"url\":\"https:\\\/\\\/coria.org\\\/ayuntamiento\\\/index.php\\\/2019\\\/07\\\/08\\\/se-recuerda-que-aun-quedan-entradas-para-disfrutar-del-concierto-de-sara-baras-el-dia-2-de-agosto\\\/\",\"name\":\"Se recuerda que a\u00fan quedan entradas para disfrutar del concierto de Sara Baras el d\u00eda 2 de agosto - Ayuntamiento de Coria\",\"isPartOf\":{\"@id\":\"https:\\\/\\\/coria.org\\\/ayuntamiento\\\/#website\"},\"primaryImageOfPage\":{\"@id\":\"https:\\\/\\\/coria.org\\\/ayuntamiento\\\/index.php\\\/2019\\\/07\\\/08\\\/se-recuerda-que-aun-quedan-entradas-para-disfrutar-del-concierto-de-sara-baras-el-dia-2-de-agosto\\\/#primaryimage\"},\"image\":{\"@id\":\"https:\\\/\\\/coria.org\\\/ayuntamiento\\\/index.php\\\/2019\\\/07\\\/08\\\/se-recuerda-que-aun-quedan-entradas-para-disfrutar-del-concierto-de-sara-baras-el-dia-2-de-agosto\\\/#primaryimage\"},\"thumbnailUrl\":\"https:\\\/\\\/coria.org\\\/ayuntamiento\\\/wp-content\\\/uploads\\\/2019\\\/07\\\/sara-baras-1.jpg\",\"datePublished\":\"2019-07-08T00:00:00+00:00\",\"dateModified\":\"2024-03-13T07:35:49+00:00\",\"breadcrumb\":{\"@id\":\"https:\\\/\\\/coria.org\\\/ayuntamiento\\\/index.php\\\/2019\\\/07\\\/08\\\/se-recuerda-que-aun-quedan-entradas-para-disfrutar-del-concierto-de-sara-baras-el-dia-2-de-agosto\\\/#breadcrumb\"},\"inLanguage\":\"es\",\"potentialAction\":[{\"@type\":\"ReadAction\",\"target\":[\"https:\\\/\\\/coria.org\\\/ayuntamiento\\\/index.php\\\/2019\\\/07\\\/08\\\/se-recuerda-que-aun-quedan-entradas-para-disfrutar-del-concierto-de-sara-baras-el-dia-2-de-agosto\\\/\"]}]},{\"@type\":\"ImageObject\",\"inLanguage\":\"es\",\"@id\":\"https:\\\/\\\/coria.org\\\/ayuntamiento\\\/index.php\\\/2019\\\/07\\\/08\\\/se-recuerda-que-aun-quedan-entradas-para-disfrutar-del-concierto-de-sara-baras-el-dia-2-de-agosto\\\/#primaryimage\",\"url\":\"https:\\\/\\\/coria.org\\\/ayuntamiento\\\/wp-content\\\/uploads\\\/2019\\\/07\\\/sara-baras-1.jpg\",\"contentUrl\":\"https:\\\/\\\/coria.org\\\/ayuntamiento\\\/wp-content\\\/uploads\\\/2019\\\/07\\\/sara-baras-1.jpg\",\"width\":800,\"height\":450},{\"@type\":\"BreadcrumbList\",\"@id\":\"https:\\\/\\\/coria.org\\\/ayuntamiento\\\/index.php\\\/2019\\\/07\\\/08\\\/se-recuerda-que-aun-quedan-entradas-para-disfrutar-del-concierto-de-sara-baras-el-dia-2-de-agosto\\\/#breadcrumb\",\"itemListElement\":[{\"@type\":\"ListItem\",\"position\":1,\"name\":\"Inicio\",\"item\":\"https:\\\/\\\/coria.org\\\/ayuntamiento\\\/\"},{\"@type\":\"ListItem\",\"position\":2,\"name\":\"Se recuerda que a\u00fan quedan entradas para disfrutar del concierto de Sara Baras el d\u00eda 2 de agosto\"}]},{\"@type\":\"WebSite\",\"@id\":\"https:\\\/\\\/coria.org\\\/ayuntamiento\\\/#website\",\"url\":\"https:\\\/\\\/coria.org\\\/ayuntamiento\\\/\",\"name\":\"Ayuntamiento de Coria\",\"description\":\"Web oficial del Ayuntamiento de Coria\",\"publisher\":{\"@id\":\"https:\\\/\\\/coria.org\\\/ayuntamiento\\\/#organization\"},\"alternateName\":\"Web Oficial del Ayuntamiento de Coria\",\"potentialAction\":[{\"@type\":\"SearchAction\",\"target\":{\"@type\":\"EntryPoint\",\"urlTemplate\":\"https:\\\/\\\/coria.org\\\/ayuntamiento\\\/?s={search_term_string}\"},\"query-input\":{\"@type\":\"PropertyValueSpecification\",\"valueRequired\":true,\"valueName\":\"search_term_string\"}}],\"inLanguage\":\"es\"},{\"@type\":\"Organization\",\"@id\":\"https:\\\/\\\/coria.org\\\/ayuntamiento\\\/#organization\",\"name\":\"Ayuntamiento de Coria\",\"alternateName\":\"Ayto de Coria\",\"url\":\"https:\\\/\\\/coria.org\\\/ayuntamiento\\\/\",\"logo\":{\"@type\":\"ImageObject\",\"inLanguage\":\"es\",\"@id\":\"https:\\\/\\\/coria.org\\\/ayuntamiento\\\/#\\\/schema\\\/logo\\\/image\\\/\",\"url\":\"https:\\\/\\\/coria.org\\\/ayuntamiento\\\/wp-content\\\/uploads\\\/2020\\\/12\\\/escudo-ayuntamiento-coria.png\",\"contentUrl\":\"https:\\\/\\\/coria.org\\\/ayuntamiento\\\/wp-content\\\/uploads\\\/2020\\\/12\\\/escudo-ayuntamiento-coria.png\",\"width\":511,\"height\":240,\"caption\":\"Ayuntamiento de Coria\"},\"image\":{\"@id\":\"https:\\\/\\\/coria.org\\\/ayuntamiento\\\/#\\\/schema\\\/logo\\\/image\\\/\"},\"sameAs\":[\"https:\\\/\\\/www.facebook.com\\\/Ayuntamiento.de.Coria\",\"https:\\\/\\\/x.com\\\/Ayto_de_Coria\",\"https:\\\/\\\/www.instagram.com\\\/coria.ayuntamiento\\\/\",\"https:\\\/\\\/www.youtube.com\\\/user\\\/AYUNTAMIENTOCORIA\"]},{\"@type\":\"Person\",\"@id\":\"https:\\\/\\\/coria.org\\\/ayuntamiento\\\/#\\\/schema\\\/person\\\/8bd589f0e13e8ae5aa06def7a599d622\",\"name\":\"ayuntamiento\",\"image\":{\"@type\":\"ImageObject\",\"inLanguage\":\"es\",\"@id\":\"https:\\\/\\\/secure.gravatar.com\\\/avatar\\\/966e5ed73cad334adda5c87f49f2547f7082f7292c1b627cbb548744383b391c?s=96&d=mm&r=g\",\"url\":\"https:\\\/\\\/secure.gravatar.com\\\/avatar\\\/966e5ed73cad334adda5c87f49f2547f7082f7292c1b627cbb548744383b391c?s=96&d=mm&r=g\",\"contentUrl\":\"https:\\\/\\\/secure.gravatar.com\\\/avatar\\\/966e5ed73cad334adda5c87f49f2547f7082f7292c1b627cbb548744383b391c?s=96&d=mm&r=g\",\"caption\":\"ayuntamiento\"}}]}<\/script>\n<!-- \/ Yoast SEO plugin. -->","yoast_head_json":{"title":"Se recuerda que a\u00fan quedan entradas para disfrutar del concierto de Sara Baras el d\u00eda 2 de agosto - Ayuntamiento de Coria","robots":{"index":"index","follow":"follow","max-snippet":"max-snippet:-1","max-image-preview":"max-image-preview:large","max-video-preview":"max-video-preview:-1"},"canonical":"https:\/\/coria.org\/ayuntamiento\/index.php\/2019\/07\/08\/se-recuerda-que-aun-quedan-entradas-para-disfrutar-del-concierto-de-sara-baras-el-dia-2-de-agosto\/","og_locale":"es_ES","og_type":"article","og_title":"Se recuerda que a\u00fan quedan entradas para disfrutar del concierto de Sara Baras el d\u00eda 2 de agosto - Ayuntamiento de Coria","og_description":"El Ayuntamiento de Coria informa que, aun quedan entradas en la venta anticipada para el concierto de inauguraci\u00f3n del XXIII Festival Internacional de Guitarra de la artista Sara Baras. Las entradas se podr\u00e1n adquirir en el Ayuntamiento y la Oficina de Turismo, en horario de 09.00h a 14.00h y tendr\u00e1n un coste de 20 euros. [&hellip;]","og_url":"https:\/\/coria.org\/ayuntamiento\/index.php\/2019\/07\/08\/se-recuerda-que-aun-quedan-entradas-para-disfrutar-del-concierto-de-sara-baras-el-dia-2-de-agosto\/","og_site_name":"Ayuntamiento de Coria","article_publisher":"https:\/\/www.facebook.com\/Ayuntamiento.de.Coria","article_published_time":"2019-07-08T00:00:00+00:00","article_modified_time":"2024-03-13T07:35:49+00:00","og_image":[{"width":800,"height":450,"url":"https:\/\/coria.org\/ayuntamiento\/wp-content\/uploads\/2019\/07\/sara-baras-1.jpg","type":"image\/jpeg"}],"author":"ayuntamiento","twitter_card":"summary_large_image","twitter_creator":"@Ayto_de_Coria","twitter_site":"@Ayto_de_Coria","twitter_misc":{"Escrito por":"ayuntamiento"},"schema":{"@context":"https:\/\/schema.org","@graph":[{"@type":"Article","@id":"https:\/\/coria.org\/ayuntamiento\/index.php\/2019\/07\/08\/se-recuerda-que-aun-quedan-entradas-para-disfrutar-del-concierto-de-sara-baras-el-dia-2-de-agosto\/#article","isPartOf":{"@id":"https:\/\/coria.org\/ayuntamiento\/index.php\/2019\/07\/08\/se-recuerda-que-aun-quedan-entradas-para-disfrutar-del-concierto-de-sara-baras-el-dia-2-de-agosto\/"},"author":{"name":"ayuntamiento","@id":"https:\/\/coria.org\/ayuntamiento\/#\/schema\/person\/8bd589f0e13e8ae5aa06def7a599d622"},"headline":"Se recuerda que a\u00fan quedan entradas para disfrutar del concierto de Sara Baras el d\u00eda 2 de agosto","datePublished":"2019-07-08T00:00:00+00:00","dateModified":"2024-03-13T07:35:49+00:00","mainEntityOfPage":{"@id":"https:\/\/coria.org\/ayuntamiento\/index.php\/2019\/07\/08\/se-recuerda-que-aun-quedan-entradas-para-disfrutar-del-concierto-de-sara-baras-el-dia-2-de-agosto\/"},"wordCount":97,"publisher":{"@id":"https:\/\/coria.org\/ayuntamiento\/#organization"},"image":{"@id":"https:\/\/coria.org\/ayuntamiento\/index.php\/2019\/07\/08\/se-recuerda-que-aun-quedan-entradas-para-disfrutar-del-concierto-de-sara-baras-el-dia-2-de-agosto\/#primaryimage"},"thumbnailUrl":"https:\/\/coria.org\/ayuntamiento\/wp-content\/uploads\/2019\/07\/sara-baras-1.jpg","keywords":["coria","extremadura"],"articleSection":["Noticias"],"inLanguage":"es"},{"@type":"WebPage","@id":"https:\/\/coria.org\/ayuntamiento\/index.php\/2019\/07\/08\/se-recuerda-que-aun-quedan-entradas-para-disfrutar-del-concierto-de-sara-baras-el-dia-2-de-agosto\/","url":"https:\/\/coria.org\/ayuntamiento\/index.php\/2019\/07\/08\/se-recuerda-que-aun-quedan-entradas-para-disfrutar-del-concierto-de-sara-baras-el-dia-2-de-agosto\/","name":"Se recuerda que a\u00fan quedan entradas para disfrutar del concierto de Sara Baras el d\u00eda 2 de agosto - Ayuntamiento de Coria","isPartOf":{"@id":"https:\/\/coria.org\/ayuntamiento\/#website"},"primaryImageOfPage":{"@id":"https:\/\/coria.org\/ayuntamiento\/index.php\/2019\/07\/08\/se-recuerda-que-aun-quedan-entradas-para-disfrutar-del-concierto-de-sara-baras-el-dia-2-de-agosto\/#primaryimage"},"image":{"@id":"https:\/\/coria.org\/ayuntamiento\/index.php\/2019\/07\/08\/se-recuerda-que-aun-quedan-entradas-para-disfrutar-del-concierto-de-sara-baras-el-dia-2-de-agosto\/#primaryimage"},"thumbnailUrl":"https:\/\/coria.org\/ayuntamiento\/wp-content\/uploads\/2019\/07\/sara-baras-1.jpg","datePublished":"2019-07-08T00:00:00+00:00","dateModified":"2024-03-13T07:35:49+00:00","breadcrumb":{"@id":"https:\/\/coria.org\/ayuntamiento\/index.php\/2019\/07\/08\/se-recuerda-que-aun-quedan-entradas-para-disfrutar-del-concierto-de-sara-baras-el-dia-2-de-agosto\/#breadcrumb"},"inLanguage":"es","potentialAction":[{"@type":"ReadAction","target":["https:\/\/coria.org\/ayuntamiento\/index.php\/2019\/07\/08\/se-recuerda-que-aun-quedan-entradas-para-disfrutar-del-concierto-de-sara-baras-el-dia-2-de-agosto\/"]}]},{"@type":"ImageObject","inLanguage":"es","@id":"https:\/\/coria.org\/ayuntamiento\/index.php\/2019\/07\/08\/se-recuerda-que-aun-quedan-entradas-para-disfrutar-del-concierto-de-sara-baras-el-dia-2-de-agosto\/#primaryimage","url":"https:\/\/coria.org\/ayuntamiento\/wp-content\/uploads\/2019\/07\/sara-baras-1.jpg","contentUrl":"https:\/\/coria.org\/ayuntamiento\/wp-content\/uploads\/2019\/07\/sara-baras-1.jpg","width":800,"height":450},{"@type":"BreadcrumbList","@id":"https:\/\/coria.org\/ayuntamiento\/index.php\/2019\/07\/08\/se-recuerda-que-aun-quedan-entradas-para-disfrutar-del-concierto-de-sara-baras-el-dia-2-de-agosto\/#breadcrumb","itemListElement":[{"@type":"ListItem","position":1,"name":"Inicio","item":"https:\/\/coria.org\/ayuntamiento\/"},{"@type":"ListItem","position":2,"name":"Se recuerda que a\u00fan quedan entradas para disfrutar del concierto de Sara Baras el d\u00eda 2 de agosto"}]},{"@type":"WebSite","@id":"https:\/\/coria.org\/ayuntamiento\/#website","url":"https:\/\/coria.org\/ayuntamiento\/","name":"Ayuntamiento de Coria","description":"Web oficial del Ayuntamiento de Coria","publisher":{"@id":"https:\/\/coria.org\/ayuntamiento\/#organization"},"alternateName":"Web Oficial del Ayuntamiento de Coria","potentialAction":[{"@type":"SearchAction","target":{"@type":"EntryPoint","urlTemplate":"https:\/\/coria.org\/ayuntamiento\/?s={search_term_string}"},"query-input":{"@type":"PropertyValueSpecification","valueRequired":true,"valueName":"search_term_string"}}],"inLanguage":"es"},{"@type":"Organization","@id":"https:\/\/coria.org\/ayuntamiento\/#organization","name":"Ayuntamiento de Coria","alternateName":"Ayto de Coria","url":"https:\/\/coria.org\/ayuntamiento\/","logo":{"@type":"ImageObject","inLanguage":"es","@id":"https:\/\/coria.org\/ayuntamiento\/#\/schema\/logo\/image\/","url":"https:\/\/coria.org\/ayuntamiento\/wp-content\/uploads\/2020\/12\/escudo-ayuntamiento-coria.png","contentUrl":"https:\/\/coria.org\/ayuntamiento\/wp-content\/uploads\/2020\/12\/escudo-ayuntamiento-coria.png","width":511,"height":240,"caption":"Ayuntamiento de Coria"},"image":{"@id":"https:\/\/coria.org\/ayuntamiento\/#\/schema\/logo\/image\/"},"sameAs":["https:\/\/www.facebook.com\/Ayuntamiento.de.Coria","https:\/\/x.com\/Ayto_de_Coria","https:\/\/www.instagram.com\/coria.ayuntamiento\/","https:\/\/www.youtube.com\/user\/AYUNTAMIENTOCORIA"]},{"@type":"Person","@id":"https:\/\/coria.org\/ayuntamiento\/#\/schema\/person\/8bd589f0e13e8ae5aa06def7a599d622","name":"ayuntamiento","image":{"@type":"ImageObject","inLanguage":"es","@id":"https:\/\/secure.gravatar.com\/avatar\/966e5ed73cad334adda5c87f49f2547f7082f7292c1b627cbb548744383b391c?s=96&d=mm&r=g","url":"https:\/\/secure.gravatar.com\/avatar\/966e5ed73cad334adda5c87f49f2547f7082f7292c1b627cbb548744383b391c?s=96&d=mm&r=g","contentUrl":"https:\/\/secure.gravatar.com\/avatar\/966e5ed73cad334adda5c87f49f2547f7082f7292c1b627cbb548744383b391c?s=96&d=mm&r=g","caption":"ayuntamiento"}}]}},"uagb_featured_image_src":{"full":["https:\/\/coria.org\/ayuntamiento\/wp-content\/uploads\/2019\/07\/sara-baras-1.jpg",800,450,false],"thumbnail":["https:\/\/coria.org\/ayuntamiento\/wp-content\/uploads\/2019\/07\/sara-baras-1-150x150.jpg",150,150,true],"medium":["https:\/\/coria.org\/ayuntamiento\/wp-content\/uploads\/2019\/07\/sara-baras-1-300x169.jpg",300,169,true],"medium_large":["https:\/\/coria.org\/ayuntamiento\/wp-content\/uploads\/2019\/07\/sara-baras-1-768x432.jpg",768,432,true],"large":["https:\/\/coria.org\/ayuntamiento\/wp-content\/uploads\/2019\/07\/sara-baras-1.jpg",800,450,false],"thumblist":["https:\/\/coria.org\/ayuntamiento\/wp-content\/uploads\/2019\/07\/sara-baras-1-300x300.jpg",300,300,true],"thumbrelated":["https:\/\/coria.org\/ayuntamiento\/wp-content\/uploads\/2019\/07\/sara-baras-1-500x450.jpg",500,450,true],"meccarouselthumb":["https:\/\/coria.org\/ayuntamiento\/wp-content\/uploads\/2019\/07\/sara-baras-1-474x324.jpg",474,324,true],"gridsquare":["https:\/\/coria.org\/ayuntamiento\/wp-content\/uploads\/2019\/07\/sara-baras-1-391x260.jpg",391,260,true],"tileview":["https:\/\/coria.org\/ayuntamiento\/wp-content\/uploads\/2019\/07\/sara-baras-1-300x400.jpg",300,400,true],"1536x1536":["https:\/\/coria.org\/ayuntamiento\/wp-content\/uploads\/2019\/07\/sara-baras-1.jpg",800,450,false],"2048x2048":["https:\/\/coria.org\/ayuntamiento\/wp-content\/uploads\/2019\/07\/sara-baras-1.jpg",800,450,false]},"uagb_author_info":{"display_name":"ayuntamiento","author_link":"https:\/\/coria.org\/ayuntamiento\/index.php\/author\/ayuntamiento\/"},"uagb_comment_info":0,"uagb_excerpt":"El Ayuntamiento de Coria informa que, aun quedan entradas en la venta anticipada para el concierto de inauguraci\u00f3n del XXIII Festival Internacional de Guitarra de la artista Sara Baras. Las entradas se podr\u00e1n adquirir en el Ayuntamiento y la Oficina de Turismo, en horario de 09.00h a 14.00h y tendr\u00e1n un coste de 20 euros.&hellip;","_links":{"self":[{"href":"https:\/\/coria.org\/ayuntamiento\/index.php\/wp-json\/wp\/v2\/posts\/24160","targetHints":{"allow":["GET"]}}],"collection":[{"href":"https:\/\/coria.org\/ayuntamiento\/index.php\/wp-json\/wp\/v2\/posts"}],"about":[{"href":"https:\/\/coria.org\/ayuntamiento\/index.php\/wp-json\/wp\/v2\/types\/post"}],"author":[{"embeddable":true,"href":"https:\/\/coria.org\/ayuntamiento\/index.php\/wp-json\/wp\/v2\/users\/2"}],"replies":[{"embeddable":true,"href":"https:\/\/coria.org\/ayuntamiento\/index.php\/wp-json\/wp\/v2\/comments?post=24160"}],"version-history":[{"count":0,"href":"https:\/\/coria.org\/ayuntamiento\/index.php\/wp-json\/wp\/v2\/posts\/24160\/revisions"}],"wp:featuredmedia":[{"embeddable":true,"href":"https:\/\/coria.org\/ayuntamiento\/index.php\/wp-json\/wp\/v2\/media\/60233"}],"wp:attachment":[{"href":"https:\/\/coria.org\/ayuntamiento\/index.php\/wp-json\/wp\/v2\/media?parent=24160"}],"wp:term":[{"taxonomy":"category","embeddable":true,"href":"https:\/\/coria.org\/ayuntamiento\/index.php\/wp-json\/wp\/v2\/categories?post=24160"},{"taxonomy":"post_tag","embeddable":true,"href":"https:\/\/coria.org\/ayuntamiento\/index.php\/wp-json\/wp\/v2\/tags?post=24160"}],"curies":[{"name":"wp","href":"https:\/\/api.w.org\/{rel}","templated":true}]}}