{"id":24159,"date":"2019-07-09T00:00:00","date_gmt":"2019-07-09T00:00:00","guid":{"rendered":"https:\/\/ayuntamiento.coriaenimagenes.com\/fiesta-en-honor-a-san-cristobal-del-11-al-14-de-julio-de-2019\/"},"modified":"2024-03-13T08:33:50","modified_gmt":"2024-03-13T07:33:50","slug":"fiesta-en-honor-a-san-cristobal-del-11-al-14-de-julio-de-2019","status":"publish","type":"post","link":"https:\/\/coria.org\/ayuntamiento\/index.php\/2019\/07\/09\/fiesta-en-honor-a-san-cristobal-del-11-al-14-de-julio-de-2019\/","title":{"rendered":"Fiesta en honor a San Crist\u00f3bal, del 11 al 14 de julio de 2019"},"content":{"rendered":"\n<p>La Cofrad\u00eda de San Crist\u00f3bal de Coria celebra, un a\u00f1o m\u00e1s, la fiesta religiosa en honor al santo.<\/p>\n\n\n<figure class=\"wp-block-post-featured-image\"><img loading=\"lazy\" decoding=\"async\" width=\"2560\" height=\"1920\" src=\"https:\/\/coria.org\/ayuntamiento\/wp-content\/uploads\/2019\/07\/sanignacio.jpg\" class=\"attachment-post-thumbnail size-post-thumbnail wp-post-image\" alt=\"\" style=\"object-fit:cover;\" srcset=\"https:\/\/coria.org\/ayuntamiento\/wp-content\/uploads\/2019\/07\/sanignacio.jpg 2560w, https:\/\/coria.org\/ayuntamiento\/wp-content\/uploads\/2019\/07\/sanignacio-300x225.jpg 300w, https:\/\/coria.org\/ayuntamiento\/wp-content\/uploads\/2019\/07\/sanignacio-1024x768.jpg 1024w, https:\/\/coria.org\/ayuntamiento\/wp-content\/uploads\/2019\/07\/sanignacio-768x576.jpg 768w, https:\/\/coria.org\/ayuntamiento\/wp-content\/uploads\/2019\/07\/sanignacio-1536x1152.jpg 1536w, https:\/\/coria.org\/ayuntamiento\/wp-content\/uploads\/2019\/07\/sanignacio-2048x1536.jpg 2048w\" sizes=\"auto, (max-width: 2560px) 100vw, 2560px\" \/><\/figure>\n\n\n<p>Los actos comenzar\u00e1n el jueves d\u00eda 11 con el Triduo Religioso que tendr\u00e1 lugar a las 20.00 horas en la Parroquia de San Ignacio. El \u00faltimo d\u00eda de triduo se realizar\u00e1 un lanzamiento de globos.<\/p>\n\n\n\n<p>El d\u00eda grande ser\u00e1 el domingo donde se celebrar\u00e1 la Santa Misa en la Parroquia de San Ignacio con la imposici\u00f3n de medallas a los nuevos cofrades. Seguidamente se celebrar\u00e1 la Procesi\u00f3n motorizada.<\/p>\n\n\n\n<p>A las 13.00 horas del mismo d\u00eda tendr\u00e1 lugar la Bendici\u00f3n de veh\u00edculos con un vino de honor y entrega de trofeos en los salones parroquiales. A las 14.30 horas habr\u00e1 una comida de hermandad y sorteo de regalos para los asistentes.<\/p>\n\n\n\n<p>Para los participantes en la procesi\u00f3n habr\u00e1 sorteo de un regalo y premios:<\/p>\n\n\n\n<p>1\u00ba. Mejor CAMI\u00d3N engalanado.<br>2\u00ba. Mejor TURISMO engalanado.<br>3\u00ba. Mejor MOTO engalanada.<\/p>\n\n\n\n<p>Cabe recordar que durante la celebraci\u00f3n del Triduo se recoger\u00e1n alimentos no perecederos a favor de C\u00e1ritas Interparroquial.<\/p>\n","protected":false},"excerpt":{"rendered":"<p>La Cofrad\u00eda de San Crist\u00f3bal de Coria celebra, un a\u00f1o m\u00e1s, la fiesta religiosa en honor al santo. Los actos comenzar\u00e1n el jueves d\u00eda 11 con el Triduo Religioso que tendr\u00e1 lugar a las 20.00 horas en la Parroquia de San Ignacio. El \u00faltimo d\u00eda de triduo se realizar\u00e1 un lanzamiento de globos. El d\u00eda [&hellip;]<\/p>\n","protected":false},"author":2,"featured_media":60254,"comment_status":"closed","ping_status":"closed","sticky":false,"template":"","format":"standard","meta":{"_uag_custom_page_level_css":"","footnotes":""},"categories":[2],"tags":[3,4],"class_list":["post-24159","post","type-post","status-publish","format-standard","has-post-thumbnail","hentry","category-noticias","tag-coria","tag-extremadura"],"yoast_head":"<!-- This site is optimized with the Yoast SEO plugin v27.5 - https:\/\/yoast.com\/product\/yoast-seo-wordpress\/ -->\n<title>Fiesta en honor a San Crist\u00f3bal, del 11 al 14 de julio de 2019 - Ayuntamiento de Coria<\/title>\n<meta name=\"robots\" content=\"index, follow, max-snippet:-1, max-image-preview:large, max-video-preview:-1\" \/>\n<link rel=\"canonical\" href=\"https:\/\/coria.org\/ayuntamiento\/index.php\/2019\/07\/09\/fiesta-en-honor-a-san-cristobal-del-11-al-14-de-julio-de-2019\/\" \/>\n<meta property=\"og:locale\" content=\"es_ES\" \/>\n<meta property=\"og:type\" content=\"article\" \/>\n<meta property=\"og:title\" content=\"Fiesta en honor a San Crist\u00f3bal, del 11 al 14 de julio de 2019 - Ayuntamiento de Coria\" \/>\n<meta property=\"og:description\" content=\"La Cofrad\u00eda de San Crist\u00f3bal de Coria celebra, un a\u00f1o m\u00e1s, la fiesta religiosa en honor al santo. Los actos comenzar\u00e1n el jueves d\u00eda 11 con el Triduo Religioso que tendr\u00e1 lugar a las 20.00 horas en la Parroquia de San Ignacio. El \u00faltimo d\u00eda de triduo se realizar\u00e1 un lanzamiento de globos. El d\u00eda [&hellip;]\" \/>\n<meta property=\"og:url\" content=\"https:\/\/coria.org\/ayuntamiento\/index.php\/2019\/07\/09\/fiesta-en-honor-a-san-cristobal-del-11-al-14-de-julio-de-2019\/\" \/>\n<meta property=\"og:site_name\" content=\"Ayuntamiento de Coria\" \/>\n<meta property=\"article:publisher\" content=\"https:\/\/www.facebook.com\/Ayuntamiento.de.Coria\" \/>\n<meta property=\"article:published_time\" content=\"2019-07-09T00:00:00+00:00\" \/>\n<meta property=\"article:modified_time\" content=\"2024-03-13T07:33:50+00:00\" \/>\n<meta property=\"og:image\" content=\"https:\/\/coria.org\/ayuntamiento\/wp-content\/uploads\/2019\/07\/sanignacio.jpg\" \/>\n\t<meta property=\"og:image:width\" content=\"2560\" \/>\n\t<meta property=\"og:image:height\" content=\"1920\" \/>\n\t<meta property=\"og:image:type\" content=\"image\/jpeg\" \/>\n<meta name=\"author\" content=\"ayuntamiento\" \/>\n<meta name=\"twitter:card\" content=\"summary_large_image\" \/>\n<meta name=\"twitter:creator\" content=\"@Ayto_de_Coria\" \/>\n<meta name=\"twitter:site\" content=\"@Ayto_de_Coria\" \/>\n<meta name=\"twitter:label1\" content=\"Escrito por\" \/>\n\t<meta name=\"twitter:data1\" content=\"ayuntamiento\" \/>\n\t<meta name=\"twitter:label2\" content=\"Tiempo de lectura\" \/>\n\t<meta name=\"twitter:data2\" content=\"1 minuto\" \/>\n<script type=\"application\/ld+json\" class=\"yoast-schema-graph\">{\"@context\":\"https:\\\/\\\/schema.org\",\"@graph\":[{\"@type\":\"Article\",\"@id\":\"https:\\\/\\\/coria.org\\\/ayuntamiento\\\/index.php\\\/2019\\\/07\\\/09\\\/fiesta-en-honor-a-san-cristobal-del-11-al-14-de-julio-de-2019\\\/#article\",\"isPartOf\":{\"@id\":\"https:\\\/\\\/coria.org\\\/ayuntamiento\\\/index.php\\\/2019\\\/07\\\/09\\\/fiesta-en-honor-a-san-cristobal-del-11-al-14-de-julio-de-2019\\\/\"},\"author\":{\"name\":\"ayuntamiento\",\"@id\":\"https:\\\/\\\/coria.org\\\/ayuntamiento\\\/#\\\/schema\\\/person\\\/8bd589f0e13e8ae5aa06def7a599d622\"},\"headline\":\"Fiesta en honor a San Crist\u00f3bal, del 11 al 14 de julio de 2019\",\"datePublished\":\"2019-07-09T00:00:00+00:00\",\"dateModified\":\"2024-03-13T07:33:50+00:00\",\"mainEntityOfPage\":{\"@id\":\"https:\\\/\\\/coria.org\\\/ayuntamiento\\\/index.php\\\/2019\\\/07\\\/09\\\/fiesta-en-honor-a-san-cristobal-del-11-al-14-de-julio-de-2019\\\/\"},\"wordCount\":194,\"publisher\":{\"@id\":\"https:\\\/\\\/coria.org\\\/ayuntamiento\\\/#organization\"},\"image\":{\"@id\":\"https:\\\/\\\/coria.org\\\/ayuntamiento\\\/index.php\\\/2019\\\/07\\\/09\\\/fiesta-en-honor-a-san-cristobal-del-11-al-14-de-julio-de-2019\\\/#primaryimage\"},\"thumbnailUrl\":\"https:\\\/\\\/coria.org\\\/ayuntamiento\\\/wp-content\\\/uploads\\\/2019\\\/07\\\/sanignacio.jpg\",\"keywords\":[\"coria\",\"extremadura\"],\"articleSection\":[\"Noticias\"],\"inLanguage\":\"es\"},{\"@type\":\"WebPage\",\"@id\":\"https:\\\/\\\/coria.org\\\/ayuntamiento\\\/index.php\\\/2019\\\/07\\\/09\\\/fiesta-en-honor-a-san-cristobal-del-11-al-14-de-julio-de-2019\\\/\",\"url\":\"https:\\\/\\\/coria.org\\\/ayuntamiento\\\/index.php\\\/2019\\\/07\\\/09\\\/fiesta-en-honor-a-san-cristobal-del-11-al-14-de-julio-de-2019\\\/\",\"name\":\"Fiesta en honor a San Crist\u00f3bal, del 11 al 14 de julio de 2019 - Ayuntamiento de Coria\",\"isPartOf\":{\"@id\":\"https:\\\/\\\/coria.org\\\/ayuntamiento\\\/#website\"},\"primaryImageOfPage\":{\"@id\":\"https:\\\/\\\/coria.org\\\/ayuntamiento\\\/index.php\\\/2019\\\/07\\\/09\\\/fiesta-en-honor-a-san-cristobal-del-11-al-14-de-julio-de-2019\\\/#primaryimage\"},\"image\":{\"@id\":\"https:\\\/\\\/coria.org\\\/ayuntamiento\\\/index.php\\\/2019\\\/07\\\/09\\\/fiesta-en-honor-a-san-cristobal-del-11-al-14-de-julio-de-2019\\\/#primaryimage\"},\"thumbnailUrl\":\"https:\\\/\\\/coria.org\\\/ayuntamiento\\\/wp-content\\\/uploads\\\/2019\\\/07\\\/sanignacio.jpg\",\"datePublished\":\"2019-07-09T00:00:00+00:00\",\"dateModified\":\"2024-03-13T07:33:50+00:00\",\"breadcrumb\":{\"@id\":\"https:\\\/\\\/coria.org\\\/ayuntamiento\\\/index.php\\\/2019\\\/07\\\/09\\\/fiesta-en-honor-a-san-cristobal-del-11-al-14-de-julio-de-2019\\\/#breadcrumb\"},\"inLanguage\":\"es\",\"potentialAction\":[{\"@type\":\"ReadAction\",\"target\":[\"https:\\\/\\\/coria.org\\\/ayuntamiento\\\/index.php\\\/2019\\\/07\\\/09\\\/fiesta-en-honor-a-san-cristobal-del-11-al-14-de-julio-de-2019\\\/\"]}]},{\"@type\":\"ImageObject\",\"inLanguage\":\"es\",\"@id\":\"https:\\\/\\\/coria.org\\\/ayuntamiento\\\/index.php\\\/2019\\\/07\\\/09\\\/fiesta-en-honor-a-san-cristobal-del-11-al-14-de-julio-de-2019\\\/#primaryimage\",\"url\":\"https:\\\/\\\/coria.org\\\/ayuntamiento\\\/wp-content\\\/uploads\\\/2019\\\/07\\\/sanignacio.jpg\",\"contentUrl\":\"https:\\\/\\\/coria.org\\\/ayuntamiento\\\/wp-content\\\/uploads\\\/2019\\\/07\\\/sanignacio.jpg\",\"width\":2560,\"height\":1920},{\"@type\":\"BreadcrumbList\",\"@id\":\"https:\\\/\\\/coria.org\\\/ayuntamiento\\\/index.php\\\/2019\\\/07\\\/09\\\/fiesta-en-honor-a-san-cristobal-del-11-al-14-de-julio-de-2019\\\/#breadcrumb\",\"itemListElement\":[{\"@type\":\"ListItem\",\"position\":1,\"name\":\"Inicio\",\"item\":\"https:\\\/\\\/coria.org\\\/ayuntamiento\\\/\"},{\"@type\":\"ListItem\",\"position\":2,\"name\":\"Fiesta en honor a San Crist\u00f3bal, del 11 al 14 de julio de 2019\"}]},{\"@type\":\"WebSite\",\"@id\":\"https:\\\/\\\/coria.org\\\/ayuntamiento\\\/#website\",\"url\":\"https:\\\/\\\/coria.org\\\/ayuntamiento\\\/\",\"name\":\"Ayuntamiento de Coria\",\"description\":\"Web oficial del Ayuntamiento de Coria\",\"publisher\":{\"@id\":\"https:\\\/\\\/coria.org\\\/ayuntamiento\\\/#organization\"},\"alternateName\":\"Web Oficial del Ayuntamiento de Coria\",\"potentialAction\":[{\"@type\":\"SearchAction\",\"target\":{\"@type\":\"EntryPoint\",\"urlTemplate\":\"https:\\\/\\\/coria.org\\\/ayuntamiento\\\/?s={search_term_string}\"},\"query-input\":{\"@type\":\"PropertyValueSpecification\",\"valueRequired\":true,\"valueName\":\"search_term_string\"}}],\"inLanguage\":\"es\"},{\"@type\":\"Organization\",\"@id\":\"https:\\\/\\\/coria.org\\\/ayuntamiento\\\/#organization\",\"name\":\"Ayuntamiento de Coria\",\"alternateName\":\"Ayto de Coria\",\"url\":\"https:\\\/\\\/coria.org\\\/ayuntamiento\\\/\",\"logo\":{\"@type\":\"ImageObject\",\"inLanguage\":\"es\",\"@id\":\"https:\\\/\\\/coria.org\\\/ayuntamiento\\\/#\\\/schema\\\/logo\\\/image\\\/\",\"url\":\"https:\\\/\\\/coria.org\\\/ayuntamiento\\\/wp-content\\\/uploads\\\/2020\\\/12\\\/escudo-ayuntamiento-coria.png\",\"contentUrl\":\"https:\\\/\\\/coria.org\\\/ayuntamiento\\\/wp-content\\\/uploads\\\/2020\\\/12\\\/escudo-ayuntamiento-coria.png\",\"width\":511,\"height\":240,\"caption\":\"Ayuntamiento de Coria\"},\"image\":{\"@id\":\"https:\\\/\\\/coria.org\\\/ayuntamiento\\\/#\\\/schema\\\/logo\\\/image\\\/\"},\"sameAs\":[\"https:\\\/\\\/www.facebook.com\\\/Ayuntamiento.de.Coria\",\"https:\\\/\\\/x.com\\\/Ayto_de_Coria\",\"https:\\\/\\\/www.instagram.com\\\/coria.ayuntamiento\\\/\",\"https:\\\/\\\/www.youtube.com\\\/user\\\/AYUNTAMIENTOCORIA\"]},{\"@type\":\"Person\",\"@id\":\"https:\\\/\\\/coria.org\\\/ayuntamiento\\\/#\\\/schema\\\/person\\\/8bd589f0e13e8ae5aa06def7a599d622\",\"name\":\"ayuntamiento\",\"image\":{\"@type\":\"ImageObject\",\"inLanguage\":\"es\",\"@id\":\"https:\\\/\\\/secure.gravatar.com\\\/avatar\\\/966e5ed73cad334adda5c87f49f2547f7082f7292c1b627cbb548744383b391c?s=96&d=mm&r=g\",\"url\":\"https:\\\/\\\/secure.gravatar.com\\\/avatar\\\/966e5ed73cad334adda5c87f49f2547f7082f7292c1b627cbb548744383b391c?s=96&d=mm&r=g\",\"contentUrl\":\"https:\\\/\\\/secure.gravatar.com\\\/avatar\\\/966e5ed73cad334adda5c87f49f2547f7082f7292c1b627cbb548744383b391c?s=96&d=mm&r=g\",\"caption\":\"ayuntamiento\"}}]}<\/script>\n<!-- \/ Yoast SEO plugin. -->","yoast_head_json":{"title":"Fiesta en honor a San Crist\u00f3bal, del 11 al 14 de julio de 2019 - Ayuntamiento de Coria","robots":{"index":"index","follow":"follow","max-snippet":"max-snippet:-1","max-image-preview":"max-image-preview:large","max-video-preview":"max-video-preview:-1"},"canonical":"https:\/\/coria.org\/ayuntamiento\/index.php\/2019\/07\/09\/fiesta-en-honor-a-san-cristobal-del-11-al-14-de-julio-de-2019\/","og_locale":"es_ES","og_type":"article","og_title":"Fiesta en honor a San Crist\u00f3bal, del 11 al 14 de julio de 2019 - Ayuntamiento de Coria","og_description":"La Cofrad\u00eda de San Crist\u00f3bal de Coria celebra, un a\u00f1o m\u00e1s, la fiesta religiosa en honor al santo. Los actos comenzar\u00e1n el jueves d\u00eda 11 con el Triduo Religioso que tendr\u00e1 lugar a las 20.00 horas en la Parroquia de San Ignacio. El \u00faltimo d\u00eda de triduo se realizar\u00e1 un lanzamiento de globos. El d\u00eda [&hellip;]","og_url":"https:\/\/coria.org\/ayuntamiento\/index.php\/2019\/07\/09\/fiesta-en-honor-a-san-cristobal-del-11-al-14-de-julio-de-2019\/","og_site_name":"Ayuntamiento de Coria","article_publisher":"https:\/\/www.facebook.com\/Ayuntamiento.de.Coria","article_published_time":"2019-07-09T00:00:00+00:00","article_modified_time":"2024-03-13T07:33:50+00:00","og_image":[{"width":2560,"height":1920,"url":"https:\/\/coria.org\/ayuntamiento\/wp-content\/uploads\/2019\/07\/sanignacio.jpg","type":"image\/jpeg"}],"author":"ayuntamiento","twitter_card":"summary_large_image","twitter_creator":"@Ayto_de_Coria","twitter_site":"@Ayto_de_Coria","twitter_misc":{"Escrito por":"ayuntamiento","Tiempo de lectura":"1 minuto"},"schema":{"@context":"https:\/\/schema.org","@graph":[{"@type":"Article","@id":"https:\/\/coria.org\/ayuntamiento\/index.php\/2019\/07\/09\/fiesta-en-honor-a-san-cristobal-del-11-al-14-de-julio-de-2019\/#article","isPartOf":{"@id":"https:\/\/coria.org\/ayuntamiento\/index.php\/2019\/07\/09\/fiesta-en-honor-a-san-cristobal-del-11-al-14-de-julio-de-2019\/"},"author":{"name":"ayuntamiento","@id":"https:\/\/coria.org\/ayuntamiento\/#\/schema\/person\/8bd589f0e13e8ae5aa06def7a599d622"},"headline":"Fiesta en honor a San Crist\u00f3bal, del 11 al 14 de julio de 2019","datePublished":"2019-07-09T00:00:00+00:00","dateModified":"2024-03-13T07:33:50+00:00","mainEntityOfPage":{"@id":"https:\/\/coria.org\/ayuntamiento\/index.php\/2019\/07\/09\/fiesta-en-honor-a-san-cristobal-del-11-al-14-de-julio-de-2019\/"},"wordCount":194,"publisher":{"@id":"https:\/\/coria.org\/ayuntamiento\/#organization"},"image":{"@id":"https:\/\/coria.org\/ayuntamiento\/index.php\/2019\/07\/09\/fiesta-en-honor-a-san-cristobal-del-11-al-14-de-julio-de-2019\/#primaryimage"},"thumbnailUrl":"https:\/\/coria.org\/ayuntamiento\/wp-content\/uploads\/2019\/07\/sanignacio.jpg","keywords":["coria","extremadura"],"articleSection":["Noticias"],"inLanguage":"es"},{"@type":"WebPage","@id":"https:\/\/coria.org\/ayuntamiento\/index.php\/2019\/07\/09\/fiesta-en-honor-a-san-cristobal-del-11-al-14-de-julio-de-2019\/","url":"https:\/\/coria.org\/ayuntamiento\/index.php\/2019\/07\/09\/fiesta-en-honor-a-san-cristobal-del-11-al-14-de-julio-de-2019\/","name":"Fiesta en honor a San Crist\u00f3bal, del 11 al 14 de julio de 2019 - Ayuntamiento de Coria","isPartOf":{"@id":"https:\/\/coria.org\/ayuntamiento\/#website"},"primaryImageOfPage":{"@id":"https:\/\/coria.org\/ayuntamiento\/index.php\/2019\/07\/09\/fiesta-en-honor-a-san-cristobal-del-11-al-14-de-julio-de-2019\/#primaryimage"},"image":{"@id":"https:\/\/coria.org\/ayuntamiento\/index.php\/2019\/07\/09\/fiesta-en-honor-a-san-cristobal-del-11-al-14-de-julio-de-2019\/#primaryimage"},"thumbnailUrl":"https:\/\/coria.org\/ayuntamiento\/wp-content\/uploads\/2019\/07\/sanignacio.jpg","datePublished":"2019-07-09T00:00:00+00:00","dateModified":"2024-03-13T07:33:50+00:00","breadcrumb":{"@id":"https:\/\/coria.org\/ayuntamiento\/index.php\/2019\/07\/09\/fiesta-en-honor-a-san-cristobal-del-11-al-14-de-julio-de-2019\/#breadcrumb"},"inLanguage":"es","potentialAction":[{"@type":"ReadAction","target":["https:\/\/coria.org\/ayuntamiento\/index.php\/2019\/07\/09\/fiesta-en-honor-a-san-cristobal-del-11-al-14-de-julio-de-2019\/"]}]},{"@type":"ImageObject","inLanguage":"es","@id":"https:\/\/coria.org\/ayuntamiento\/index.php\/2019\/07\/09\/fiesta-en-honor-a-san-cristobal-del-11-al-14-de-julio-de-2019\/#primaryimage","url":"https:\/\/coria.org\/ayuntamiento\/wp-content\/uploads\/2019\/07\/sanignacio.jpg","contentUrl":"https:\/\/coria.org\/ayuntamiento\/wp-content\/uploads\/2019\/07\/sanignacio.jpg","width":2560,"height":1920},{"@type":"BreadcrumbList","@id":"https:\/\/coria.org\/ayuntamiento\/index.php\/2019\/07\/09\/fiesta-en-honor-a-san-cristobal-del-11-al-14-de-julio-de-2019\/#breadcrumb","itemListElement":[{"@type":"ListItem","position":1,"name":"Inicio","item":"https:\/\/coria.org\/ayuntamiento\/"},{"@type":"ListItem","position":2,"name":"Fiesta en honor a San Crist\u00f3bal, del 11 al 14 de julio de 2019"}]},{"@type":"WebSite","@id":"https:\/\/coria.org\/ayuntamiento\/#website","url":"https:\/\/coria.org\/ayuntamiento\/","name":"Ayuntamiento de Coria","description":"Web oficial del Ayuntamiento de Coria","publisher":{"@id":"https:\/\/coria.org\/ayuntamiento\/#organization"},"alternateName":"Web Oficial del Ayuntamiento de Coria","potentialAction":[{"@type":"SearchAction","target":{"@type":"EntryPoint","urlTemplate":"https:\/\/coria.org\/ayuntamiento\/?s={search_term_string}"},"query-input":{"@type":"PropertyValueSpecification","valueRequired":true,"valueName":"search_term_string"}}],"inLanguage":"es"},{"@type":"Organization","@id":"https:\/\/coria.org\/ayuntamiento\/#organization","name":"Ayuntamiento de Coria","alternateName":"Ayto de Coria","url":"https:\/\/coria.org\/ayuntamiento\/","logo":{"@type":"ImageObject","inLanguage":"es","@id":"https:\/\/coria.org\/ayuntamiento\/#\/schema\/logo\/image\/","url":"https:\/\/coria.org\/ayuntamiento\/wp-content\/uploads\/2020\/12\/escudo-ayuntamiento-coria.png","contentUrl":"https:\/\/coria.org\/ayuntamiento\/wp-content\/uploads\/2020\/12\/escudo-ayuntamiento-coria.png","width":511,"height":240,"caption":"Ayuntamiento de Coria"},"image":{"@id":"https:\/\/coria.org\/ayuntamiento\/#\/schema\/logo\/image\/"},"sameAs":["https:\/\/www.facebook.com\/Ayuntamiento.de.Coria","https:\/\/x.com\/Ayto_de_Coria","https:\/\/www.instagram.com\/coria.ayuntamiento\/","https:\/\/www.youtube.com\/user\/AYUNTAMIENTOCORIA"]},{"@type":"Person","@id":"https:\/\/coria.org\/ayuntamiento\/#\/schema\/person\/8bd589f0e13e8ae5aa06def7a599d622","name":"ayuntamiento","image":{"@type":"ImageObject","inLanguage":"es","@id":"https:\/\/secure.gravatar.com\/avatar\/966e5ed73cad334adda5c87f49f2547f7082f7292c1b627cbb548744383b391c?s=96&d=mm&r=g","url":"https:\/\/secure.gravatar.com\/avatar\/966e5ed73cad334adda5c87f49f2547f7082f7292c1b627cbb548744383b391c?s=96&d=mm&r=g","contentUrl":"https:\/\/secure.gravatar.com\/avatar\/966e5ed73cad334adda5c87f49f2547f7082f7292c1b627cbb548744383b391c?s=96&d=mm&r=g","caption":"ayuntamiento"}}]}},"uagb_featured_image_src":{"full":["https:\/\/coria.org\/ayuntamiento\/wp-content\/uploads\/2019\/07\/sanignacio.jpg",2560,1920,false],"thumbnail":["https:\/\/coria.org\/ayuntamiento\/wp-content\/uploads\/2019\/07\/sanignacio-150x150.jpg",150,150,true],"medium":["https:\/\/coria.org\/ayuntamiento\/wp-content\/uploads\/2019\/07\/sanignacio-300x225.jpg",300,225,true],"medium_large":["https:\/\/coria.org\/ayuntamiento\/wp-content\/uploads\/2019\/07\/sanignacio-768x576.jpg",768,576,true],"large":["https:\/\/coria.org\/ayuntamiento\/wp-content\/uploads\/2019\/07\/sanignacio-1024x768.jpg",1024,768,true],"thumblist":["https:\/\/coria.org\/ayuntamiento\/wp-content\/uploads\/2019\/07\/sanignacio-300x300.jpg",300,300,true],"thumbrelated":["https:\/\/coria.org\/ayuntamiento\/wp-content\/uploads\/2019\/07\/sanignacio-500x500.jpg",500,500,true],"meccarouselthumb":["https:\/\/coria.org\/ayuntamiento\/wp-content\/uploads\/2019\/07\/sanignacio-474x324.jpg",474,324,true],"gridsquare":["https:\/\/coria.org\/ayuntamiento\/wp-content\/uploads\/2019\/07\/sanignacio-391x260.jpg",391,260,true],"tileview":["https:\/\/coria.org\/ayuntamiento\/wp-content\/uploads\/2019\/07\/sanignacio-300x400.jpg",300,400,true],"1536x1536":["https:\/\/coria.org\/ayuntamiento\/wp-content\/uploads\/2019\/07\/sanignacio-1536x1152.jpg",1536,1152,true],"2048x2048":["https:\/\/coria.org\/ayuntamiento\/wp-content\/uploads\/2019\/07\/sanignacio-2048x1536.jpg",2048,1536,true]},"uagb_author_info":{"display_name":"ayuntamiento","author_link":"https:\/\/coria.org\/ayuntamiento\/index.php\/author\/ayuntamiento\/"},"uagb_comment_info":0,"uagb_excerpt":"La Cofrad\u00eda de San Crist\u00f3bal de Coria celebra, un a\u00f1o m\u00e1s, la fiesta religiosa en honor al santo. Los actos comenzar\u00e1n el jueves d\u00eda 11 con el Triduo Religioso que tendr\u00e1 lugar a las 20.00 horas en la Parroquia de San Ignacio. El \u00faltimo d\u00eda de triduo se realizar\u00e1 un lanzamiento de globos. El d\u00eda&hellip;","_links":{"self":[{"href":"https:\/\/coria.org\/ayuntamiento\/index.php\/wp-json\/wp\/v2\/posts\/24159","targetHints":{"allow":["GET"]}}],"collection":[{"href":"https:\/\/coria.org\/ayuntamiento\/index.php\/wp-json\/wp\/v2\/posts"}],"about":[{"href":"https:\/\/coria.org\/ayuntamiento\/index.php\/wp-json\/wp\/v2\/types\/post"}],"author":[{"embeddable":true,"href":"https:\/\/coria.org\/ayuntamiento\/index.php\/wp-json\/wp\/v2\/users\/2"}],"replies":[{"embeddable":true,"href":"https:\/\/coria.org\/ayuntamiento\/index.php\/wp-json\/wp\/v2\/comments?post=24159"}],"version-history":[{"count":0,"href":"https:\/\/coria.org\/ayuntamiento\/index.php\/wp-json\/wp\/v2\/posts\/24159\/revisions"}],"wp:featuredmedia":[{"embeddable":true,"href":"https:\/\/coria.org\/ayuntamiento\/index.php\/wp-json\/wp\/v2\/media\/60254"}],"wp:attachment":[{"href":"https:\/\/coria.org\/ayuntamiento\/index.php\/wp-json\/wp\/v2\/media?parent=24159"}],"wp:term":[{"taxonomy":"category","embeddable":true,"href":"https:\/\/coria.org\/ayuntamiento\/index.php\/wp-json\/wp\/v2\/categories?post=24159"},{"taxonomy":"post_tag","embeddable":true,"href":"https:\/\/coria.org\/ayuntamiento\/index.php\/wp-json\/wp\/v2\/tags?post=24159"}],"curies":[{"name":"wp","href":"https:\/\/api.w.org\/{rel}","templated":true}]}}