{"id":24147,"date":"2019-07-24T00:00:00","date_gmt":"2019-07-24T00:00:00","guid":{"rendered":"https:\/\/ayuntamiento.coriaenimagenes.com\/coria-sientela-el-ayuntamiento-organiza-una-amplia-programacion-de-actividades-para-vivir-un-verano-de-ensueno\/"},"modified":"2024-03-14T11:15:16","modified_gmt":"2024-03-14T10:15:16","slug":"coria-sientela-el-ayuntamiento-organiza-una-amplia-programacion-de-actividades-para-vivir-un-verano-de-ensueno","status":"publish","type":"post","link":"https:\/\/coria.org\/ayuntamiento\/index.php\/2019\/07\/24\/coria-sientela-el-ayuntamiento-organiza-una-amplia-programacion-de-actividades-para-vivir-un-verano-de-ensueno\/","title":{"rendered":"Coria Si\u00e9ntela&#8230;! el Ayuntamiento organiza una amplia programaci\u00f3n de actividades para vivir un verano de ensue\u00f1o"},"content":{"rendered":"\n<p>Descenso del R\u00edo Alag\u00f3n, Festival de Guitarra, Concurso de Pintura, Mercado de las Velas, Jueves Tur\u00edstico, son algunas de las actividades que se celebrar\u00e1n este verano en la Ciudad de Coria para los vecinos y visitantes.<\/p>\n\n\n<figure class=\"wp-block-post-featured-image\"><img loading=\"lazy\" decoding=\"async\" width=\"1920\" height=\"1280\" src=\"https:\/\/coria.org\/ayuntamiento\/wp-content\/uploads\/2019\/07\/rdp-agosto-19.jpg\" class=\"attachment-post-thumbnail size-post-thumbnail wp-post-image\" alt=\"\" style=\"object-fit:cover;\" srcset=\"https:\/\/coria.org\/ayuntamiento\/wp-content\/uploads\/2019\/07\/rdp-agosto-19.jpg 1920w, https:\/\/coria.org\/ayuntamiento\/wp-content\/uploads\/2019\/07\/rdp-agosto-19-300x200.jpg 300w, https:\/\/coria.org\/ayuntamiento\/wp-content\/uploads\/2019\/07\/rdp-agosto-19-1024x683.jpg 1024w, https:\/\/coria.org\/ayuntamiento\/wp-content\/uploads\/2019\/07\/rdp-agosto-19-768x512.jpg 768w, https:\/\/coria.org\/ayuntamiento\/wp-content\/uploads\/2019\/07\/rdp-agosto-19-391x260.jpg 391w, https:\/\/coria.org\/ayuntamiento\/wp-content\/uploads\/2019\/07\/rdp-agosto-19-1536x1024.jpg 1536w\" sizes=\"auto, (max-width: 1920px) 100vw, 1920px\" \/><\/figure>\n\n\n<p>El Ayuntamiento de Coria apuesta, un a\u00f1o mas, por ofrecer a vecinos y visitantes una amplia y atractiva programaci\u00f3n cultural, l\u00fadico y deportiva para los meses de verano.<\/p>\n\n\n\n<p>En este sentido, a trav\u00e9s de la Concejal\u00eda de Turismo, se celebrar\u00e1 el XXV Jueves Tur\u00edstico 2019 con varias actividades durante los d\u00edas previos y posteriores, en definitiva durante todo el mes de agosto.<\/p>\n\n\n\n<p>As\u00ed lo ha destacado esta ma\u00f1ana en rueda de prensa la Concejal de Turismo, Almudena Domingo Pirrongelli que adem\u00e1s ha estado acompa\u00f1ada por el Alcalde de Coria, Jos\u00e9 Manuel Garc\u00eda Ballestero, el Concejal de Deportes, Juan Manuel Guti\u00e9rrez Rodr\u00edguez, el Director de la Escuela Buf\u00f3n Calabacillas, Fernando Dom\u00ednguez y varios miembros de dicha escuela, el Director del Festival de Guitarra, Javier Rodr\u00edguez y una representante del Grupo de Coros y Danzas Savia Viva de Coria, Mar\u00eda Dolores S\u00e1nchez Pulido.<\/p>\n\n\n\n<p>Seg\u00fan ha adelantado la concejal de Turismo, la programaci\u00f3n comenzar\u00e1 el d\u00eda 2 de agosto con el Concierto inaugural del XXIV Festival Internacional de Guitarra \u00abCiudad de Coria\u00bb, con la artista <strong>Sara Baras<\/strong>, a las 22.00 horas en la plaza de la Catedral. El festival se extender\u00e1 hasta el d\u00eda 9 de agosto con diferentes conciertos.<\/p>\n\n\n\n<p>El Agosto Tur\u00edstico tambi\u00e9n acoger\u00e1 <strong>visitas guiadas<\/strong> por el Casco Hist\u00f3rico, la primera tendr\u00e1 lugar el s\u00e1bado d\u00eda 3 de agosto y la segunda el d\u00eda 17 con salida a las 12.30 horas desde la Oficina de Turismo. El mismo d\u00eda 3 tendr\u00e1 lugar el primer concierto del festival de guitarra con <strong>Miguel Tr\u00e1paga<\/strong>, a las 21:30 h. en la Iglesia de Santiago. La entrada ser\u00e1 gratuita. La noche finalizar\u00e1 con el concierto musical del artista <strong>Aurelio Gallardo<\/strong>, a las 22.00 horas en el Paseo de la Isla con entrada gratuita.<\/p>\n\n\n\n<p>El domingo 4, tendr\u00e1 lugar una de las actividades deportivas-l\u00fadicas m\u00e1s atractivas del verano como es el <strong>XII Descenso del R\u00edo Alag\u00f3n<\/strong>, desde el Puente de la Macarrona-Puente de Hierro de Coria siendo la concentraci\u00f3n a las 08.00 horas en el Club de Pirag\u00fcismo R\u00edo Alag\u00f3n. Las personas interesadas en participar a\u00fan pueden formalizar la inscripci\u00f3n en deportescoria.blogspot.com. Por la noche, a las 21.30 horas el concierto de <strong>Aniello Desiderio<\/strong> en la Iglesia de Santiago Ap\u00f3stol y al d\u00eda siguiente concierto con <strong>Rafael Aguirre<\/strong>, a las 21:30 h en la Iglesia de Santiago.<\/p>\n\n\n\n<p>El martes 6 se celebrar\u00e1 el concierto de <strong>Pedro Mateo Gonz\u00e1lez<\/strong>, a las 21.30 horas en la Iglesia de Santiago y el mi\u00e9rcoles podremos disfrutar de la m\u00fasica con <strong>Margarita Escarpa<\/strong>.<\/p>\n\n\n\n<p>Adem\u00e1s, el mi\u00e9rcoles d\u00eda 7 de agosto se celebrar\u00e1 el<strong> IV Trofeo de F\u00fatbol \u00abMemorial Hnos. Perianes\u00bb<\/strong> con un partido disputado entre el CD. Coria y Salamanca CF UDS \u00abB\u00bb, a las 20.30 horas en el Estadio Municipal de F\u00fatbol La Isla.<\/p>\n\n\n\n<p>Al d\u00eda siguiente, jueves, 8 de agosto se celebrar\u00e1 un nuevo concierto del Festival de Guitarra, con<strong> Fran\u00e7ois-Xavier Dangremont y Elodie Brzustowski junto a Carlos Molina y la Orquesta de Guitarras.<\/strong>, a las 21:30 h. en la Iglesia de Santiago. Siendo la final del concurso del festival el viernes d\u00eda 9 a las 11.00 horas con la entrega de premios y acto de clausura en la Iglesia de Santiago. Toda la informaci\u00f3n del festival la pueden encontrar en <a href=\"http:\/\/www.guitarracoria.com\">www.guitarracoria.com<\/a>.<\/p>\n\n\n\n<p>El d\u00eda finalizar\u00e1 con una actividad interesante de la que ya hemos podido disfrutar en a\u00f1os anteriores como es la represantaci\u00f3n teatral del <strong>Bulul\u00fa de Don Cosme<\/strong>, a las 22.30 horas en la plaza de la Cava.<\/p>\n\n\n\n<p>El Agosto Tur\u00edstico tambi\u00e9n acoger\u00e1, un a\u00f1o m\u00e1s, el<strong> 7\u00ba CERTAMEN INTERNACIONAL DE DIBUJO Y PINTURA AL AIRE LIBRE \u00abBUF\u00d3N CALABACILLAS\u00bb DE CORIA<\/strong> que se celebrar\u00e1 el d\u00eda 10. las inscripciones e informaci\u00f3n en <a href=\"http:\/\/www.bufoncalabacillas.com\">www.bufoncalabacillas.com<\/a> .<\/p>\n\n\n\n<p>Por la noche, se celebrar\u00e1 el <strong>XXXIX Festival Internacional de Folklore<\/strong>.<br>Grupos Invitados: \u00abVirgen de las Vi\u00f1as\u00bb (Tomelloso, Ciudad Real), \u00abPorque Semos Asina\u00bb (Canovelles, Barcelona), Grupo Internacional Festival de los Pueblos del Mundo (Federaci\u00f3n Extreme\u00f1a de Folclore) Art Dance Ensemble \u00abCho-Shui River\u00bb (Taiwan) y Asociaci\u00f3n Folcl\u00f3rica de Coros y Danzas \u00abSavia Viva\u00bb (Coria, C\u00e1ceres), a las 22:00 h. en la Plaza de la Catedral.<\/p>\n\n\n\n<p>El mi\u00e9rcoles d\u00eda 14 de agosto tendr\u00e1 lugar el <strong>Mercado Artesanal de las Velas<\/strong> de 20.00h a 02.00h por diferentes calles del casco antiguo de la ciudad colaborando con el mismo el Servicio Municipal de Voluntariado y Asociaci\u00f3n de Vecinos Intramuros. El mercado de las velas contar\u00e1 con una variopinta programaci\u00f3n desde el \u00abencierrillo\u00bb de carretones y un espect\u00e1culo musical de Castra Leuceca Tr\u00edo. Durante toda la noche las calles estar\u00e1n amenizadas por el pasacalles Ronda Extreme\u00f1a, con la colaboraci\u00f3n de la Asociaci\u00f3n de Coros y Danzas Savia Viva de Coria.<\/p>\n\n\n\n<p>El jueves 15 se celebrar\u00e1 el ya tradicional <strong>Jueves Tur\u00edstico<\/strong> que este a\u00f1o cumple la XXV edici\u00f3n. De 9.00 a 14.00 h. se celebrar\u00e1 la VI Feria Agroalimentaria, el Mercado de Comercio y Artesan\u00eda, Artesan\u00eda en Vivo, Venta de Productos Extreme\u00f1os, Pasacalles Grupo de Acordeonistas de Coria y Comarca, Ambientaci\u00f3n Tur\u00edstica: Granja en calle Hornos; Animaci\u00f3n de Calle; Espect\u00e1culo de Cetrer\u00eda en Atrio del Perd\u00f3n; Visitas a la Alh\u00f3ndiga y C\u00e1rcel Real, Paseos en burro infantil. Mercadillo Tradicional (Barrio de Moscoso).<\/p>\n\n\n\n<p>Agosto tambi\u00e9n acoger\u00e1 el concierto de <strong>DVICIO<\/strong>, el viernes d\u00eda 16 a las 22.30 horas en la plaza de la Catedral.<\/p>\n\n\n\n<p>Por \u00faltimo, el d\u00eda 24 de agosto podremos disfrutar del <strong>III Festival \u00abCauriarock\u00bb<\/strong> organizado por la Asociaci\u00f3n Bellota Rock y la Concejal\u00eda de Juventud del Ayuntamiento de Coria. El Festival estar\u00e1 compuesto por diferentes bandas. Los conciertos comenzar\u00e1n a las 22.00h en la Plaza del Norte. Toda la informaci\u00f3n la pueden encontrar en @CauriaRock (Facebook).<\/p>\n\n\n\n<p>Desde el Ayuntamiento agradecen una vez mas la colaboraci\u00f3n de las diferentes empresas y asociaciones que colaboran en cada una de las actividades y hace una invitaci\u00f3n a todos los vecinos a participar de ellas y a todas las personas a que visiten la ciudad en estos d\u00edas y puedan vivir experiencias \u00fanicas y sentir cada evento que desde el Ayuntamiento se ha preparado con mucho trabajo e ilusi\u00f3n.  <\/p>\n\n\n\n<p>  <iframe loading=\"lazy\" frameborder=\"0\" height=\"600\" width=\"800\" src=\"https:\/\/www.youtube-nocookie.com\/embed\/S_Zjjhc1J5E\" allow=\"accelerometer; autoplay; encrypted-media; gyroscope; picture-in-picture\" allowfullscreen=\"\"><\/iframe><\/p>\n","protected":false},"excerpt":{"rendered":"<p>Descenso del R\u00edo Alag\u00f3n, Festival de Guitarra, Concurso de Pintura, Mercado de las Velas, Jueves Tur\u00edstico, son algunas de las actividades que se celebrar\u00e1n este verano en la Ciudad de Coria para los vecinos y visitantes. El Ayuntamiento de Coria apuesta, un a\u00f1o mas, por ofrecer a vecinos y visitantes una amplia y atractiva programaci\u00f3n [&hellip;]<\/p>\n","protected":false},"author":2,"featured_media":60441,"comment_status":"closed","ping_status":"closed","sticky":false,"template":"","format":"standard","meta":{"_uag_custom_page_level_css":"","footnotes":""},"categories":[2],"tags":[3,4],"class_list":["post-24147","post","type-post","status-publish","format-standard","has-post-thumbnail","hentry","category-noticias","tag-coria","tag-extremadura"],"yoast_head":"<!-- This site is optimized with the Yoast SEO plugin v27.4 - https:\/\/yoast.com\/product\/yoast-seo-wordpress\/ -->\n<title>Coria Si\u00e9ntela...! el Ayuntamiento organiza una amplia programaci\u00f3n de actividades para vivir un verano de ensue\u00f1o - Ayuntamiento de Coria<\/title>\n<meta name=\"robots\" content=\"index, follow, max-snippet:-1, max-image-preview:large, max-video-preview:-1\" \/>\n<link rel=\"canonical\" href=\"https:\/\/coria.org\/ayuntamiento\/index.php\/2019\/07\/24\/coria-sientela-el-ayuntamiento-organiza-una-amplia-programacion-de-actividades-para-vivir-un-verano-de-ensueno\/\" \/>\n<meta property=\"og:locale\" content=\"es_ES\" \/>\n<meta property=\"og:type\" content=\"article\" \/>\n<meta property=\"og:title\" content=\"Coria Si\u00e9ntela...! el Ayuntamiento organiza una amplia programaci\u00f3n de actividades para vivir un verano de ensue\u00f1o - Ayuntamiento de Coria\" \/>\n<meta property=\"og:description\" content=\"Descenso del R\u00edo Alag\u00f3n, Festival de Guitarra, Concurso de Pintura, Mercado de las Velas, Jueves Tur\u00edstico, son algunas de las actividades que se celebrar\u00e1n este verano en la Ciudad de Coria para los vecinos y visitantes. El Ayuntamiento de Coria apuesta, un a\u00f1o mas, por ofrecer a vecinos y visitantes una amplia y atractiva programaci\u00f3n [&hellip;]\" \/>\n<meta property=\"og:url\" content=\"https:\/\/coria.org\/ayuntamiento\/index.php\/2019\/07\/24\/coria-sientela-el-ayuntamiento-organiza-una-amplia-programacion-de-actividades-para-vivir-un-verano-de-ensueno\/\" \/>\n<meta property=\"og:site_name\" content=\"Ayuntamiento de Coria\" \/>\n<meta property=\"article:publisher\" content=\"https:\/\/www.facebook.com\/Ayuntamiento.de.Coria\" \/>\n<meta property=\"article:published_time\" content=\"2019-07-24T00:00:00+00:00\" \/>\n<meta property=\"article:modified_time\" content=\"2024-03-14T10:15:16+00:00\" \/>\n<meta property=\"og:image\" content=\"https:\/\/coria.org\/ayuntamiento\/wp-content\/uploads\/2019\/07\/rdp-agosto-19.jpg\" \/>\n\t<meta property=\"og:image:width\" content=\"1920\" \/>\n\t<meta property=\"og:image:height\" content=\"1280\" \/>\n\t<meta property=\"og:image:type\" content=\"image\/jpeg\" \/>\n<meta name=\"author\" content=\"ayuntamiento\" \/>\n<meta name=\"twitter:card\" content=\"summary_large_image\" \/>\n<meta name=\"twitter:creator\" content=\"@Ayto_de_Coria\" \/>\n<meta name=\"twitter:site\" content=\"@Ayto_de_Coria\" \/>\n<meta name=\"twitter:label1\" content=\"Escrito por\" \/>\n\t<meta name=\"twitter:data1\" content=\"ayuntamiento\" \/>\n\t<meta name=\"twitter:label2\" content=\"Tiempo de lectura\" \/>\n\t<meta name=\"twitter:data2\" content=\"6 minutos\" \/>\n<script type=\"application\/ld+json\" class=\"yoast-schema-graph\">{\"@context\":\"https:\\\/\\\/schema.org\",\"@graph\":[{\"@type\":\"Article\",\"@id\":\"https:\\\/\\\/coria.org\\\/ayuntamiento\\\/index.php\\\/2019\\\/07\\\/24\\\/coria-sientela-el-ayuntamiento-organiza-una-amplia-programacion-de-actividades-para-vivir-un-verano-de-ensueno\\\/#article\",\"isPartOf\":{\"@id\":\"https:\\\/\\\/coria.org\\\/ayuntamiento\\\/index.php\\\/2019\\\/07\\\/24\\\/coria-sientela-el-ayuntamiento-organiza-una-amplia-programacion-de-actividades-para-vivir-un-verano-de-ensueno\\\/\"},\"author\":{\"name\":\"ayuntamiento\",\"@id\":\"https:\\\/\\\/coria.org\\\/ayuntamiento\\\/#\\\/schema\\\/person\\\/8bd589f0e13e8ae5aa06def7a599d622\"},\"headline\":\"Coria Si\u00e9ntela&#8230;! el Ayuntamiento organiza una amplia programaci\u00f3n de actividades para vivir un verano de ensue\u00f1o\",\"datePublished\":\"2019-07-24T00:00:00+00:00\",\"dateModified\":\"2024-03-14T10:15:16+00:00\",\"mainEntityOfPage\":{\"@id\":\"https:\\\/\\\/coria.org\\\/ayuntamiento\\\/index.php\\\/2019\\\/07\\\/24\\\/coria-sientela-el-ayuntamiento-organiza-una-amplia-programacion-de-actividades-para-vivir-un-verano-de-ensueno\\\/\"},\"wordCount\":1123,\"publisher\":{\"@id\":\"https:\\\/\\\/coria.org\\\/ayuntamiento\\\/#organization\"},\"image\":{\"@id\":\"https:\\\/\\\/coria.org\\\/ayuntamiento\\\/index.php\\\/2019\\\/07\\\/24\\\/coria-sientela-el-ayuntamiento-organiza-una-amplia-programacion-de-actividades-para-vivir-un-verano-de-ensueno\\\/#primaryimage\"},\"thumbnailUrl\":\"https:\\\/\\\/coria.org\\\/ayuntamiento\\\/wp-content\\\/uploads\\\/2019\\\/07\\\/rdp-agosto-19.jpg\",\"keywords\":[\"coria\",\"extremadura\"],\"articleSection\":[\"Noticias\"],\"inLanguage\":\"es\"},{\"@type\":\"WebPage\",\"@id\":\"https:\\\/\\\/coria.org\\\/ayuntamiento\\\/index.php\\\/2019\\\/07\\\/24\\\/coria-sientela-el-ayuntamiento-organiza-una-amplia-programacion-de-actividades-para-vivir-un-verano-de-ensueno\\\/\",\"url\":\"https:\\\/\\\/coria.org\\\/ayuntamiento\\\/index.php\\\/2019\\\/07\\\/24\\\/coria-sientela-el-ayuntamiento-organiza-una-amplia-programacion-de-actividades-para-vivir-un-verano-de-ensueno\\\/\",\"name\":\"Coria Si\u00e9ntela...! el Ayuntamiento organiza una amplia programaci\u00f3n de actividades para vivir un verano de ensue\u00f1o - Ayuntamiento de Coria\",\"isPartOf\":{\"@id\":\"https:\\\/\\\/coria.org\\\/ayuntamiento\\\/#website\"},\"primaryImageOfPage\":{\"@id\":\"https:\\\/\\\/coria.org\\\/ayuntamiento\\\/index.php\\\/2019\\\/07\\\/24\\\/coria-sientela-el-ayuntamiento-organiza-una-amplia-programacion-de-actividades-para-vivir-un-verano-de-ensueno\\\/#primaryimage\"},\"image\":{\"@id\":\"https:\\\/\\\/coria.org\\\/ayuntamiento\\\/index.php\\\/2019\\\/07\\\/24\\\/coria-sientela-el-ayuntamiento-organiza-una-amplia-programacion-de-actividades-para-vivir-un-verano-de-ensueno\\\/#primaryimage\"},\"thumbnailUrl\":\"https:\\\/\\\/coria.org\\\/ayuntamiento\\\/wp-content\\\/uploads\\\/2019\\\/07\\\/rdp-agosto-19.jpg\",\"datePublished\":\"2019-07-24T00:00:00+00:00\",\"dateModified\":\"2024-03-14T10:15:16+00:00\",\"breadcrumb\":{\"@id\":\"https:\\\/\\\/coria.org\\\/ayuntamiento\\\/index.php\\\/2019\\\/07\\\/24\\\/coria-sientela-el-ayuntamiento-organiza-una-amplia-programacion-de-actividades-para-vivir-un-verano-de-ensueno\\\/#breadcrumb\"},\"inLanguage\":\"es\",\"potentialAction\":[{\"@type\":\"ReadAction\",\"target\":[\"https:\\\/\\\/coria.org\\\/ayuntamiento\\\/index.php\\\/2019\\\/07\\\/24\\\/coria-sientela-el-ayuntamiento-organiza-una-amplia-programacion-de-actividades-para-vivir-un-verano-de-ensueno\\\/\"]}]},{\"@type\":\"ImageObject\",\"inLanguage\":\"es\",\"@id\":\"https:\\\/\\\/coria.org\\\/ayuntamiento\\\/index.php\\\/2019\\\/07\\\/24\\\/coria-sientela-el-ayuntamiento-organiza-una-amplia-programacion-de-actividades-para-vivir-un-verano-de-ensueno\\\/#primaryimage\",\"url\":\"https:\\\/\\\/coria.org\\\/ayuntamiento\\\/wp-content\\\/uploads\\\/2019\\\/07\\\/rdp-agosto-19.jpg\",\"contentUrl\":\"https:\\\/\\\/coria.org\\\/ayuntamiento\\\/wp-content\\\/uploads\\\/2019\\\/07\\\/rdp-agosto-19.jpg\",\"width\":1920,\"height\":1280},{\"@type\":\"BreadcrumbList\",\"@id\":\"https:\\\/\\\/coria.org\\\/ayuntamiento\\\/index.php\\\/2019\\\/07\\\/24\\\/coria-sientela-el-ayuntamiento-organiza-una-amplia-programacion-de-actividades-para-vivir-un-verano-de-ensueno\\\/#breadcrumb\",\"itemListElement\":[{\"@type\":\"ListItem\",\"position\":1,\"name\":\"Inicio\",\"item\":\"https:\\\/\\\/coria.org\\\/ayuntamiento\\\/\"},{\"@type\":\"ListItem\",\"position\":2,\"name\":\"Coria Si\u00e9ntela&#8230;! el Ayuntamiento organiza una amplia programaci\u00f3n de actividades para vivir un verano de ensue\u00f1o\"}]},{\"@type\":\"WebSite\",\"@id\":\"https:\\\/\\\/coria.org\\\/ayuntamiento\\\/#website\",\"url\":\"https:\\\/\\\/coria.org\\\/ayuntamiento\\\/\",\"name\":\"Ayuntamiento de Coria\",\"description\":\"Web oficial del Ayuntamiento de Coria\",\"publisher\":{\"@id\":\"https:\\\/\\\/coria.org\\\/ayuntamiento\\\/#organization\"},\"alternateName\":\"Web Oficial del Ayuntamiento de Coria\",\"potentialAction\":[{\"@type\":\"SearchAction\",\"target\":{\"@type\":\"EntryPoint\",\"urlTemplate\":\"https:\\\/\\\/coria.org\\\/ayuntamiento\\\/?s={search_term_string}\"},\"query-input\":{\"@type\":\"PropertyValueSpecification\",\"valueRequired\":true,\"valueName\":\"search_term_string\"}}],\"inLanguage\":\"es\"},{\"@type\":\"Organization\",\"@id\":\"https:\\\/\\\/coria.org\\\/ayuntamiento\\\/#organization\",\"name\":\"Ayuntamiento de Coria\",\"alternateName\":\"Ayto de Coria\",\"url\":\"https:\\\/\\\/coria.org\\\/ayuntamiento\\\/\",\"logo\":{\"@type\":\"ImageObject\",\"inLanguage\":\"es\",\"@id\":\"https:\\\/\\\/coria.org\\\/ayuntamiento\\\/#\\\/schema\\\/logo\\\/image\\\/\",\"url\":\"https:\\\/\\\/coria.org\\\/ayuntamiento\\\/wp-content\\\/uploads\\\/2020\\\/12\\\/escudo-ayuntamiento-coria.png\",\"contentUrl\":\"https:\\\/\\\/coria.org\\\/ayuntamiento\\\/wp-content\\\/uploads\\\/2020\\\/12\\\/escudo-ayuntamiento-coria.png\",\"width\":511,\"height\":240,\"caption\":\"Ayuntamiento de Coria\"},\"image\":{\"@id\":\"https:\\\/\\\/coria.org\\\/ayuntamiento\\\/#\\\/schema\\\/logo\\\/image\\\/\"},\"sameAs\":[\"https:\\\/\\\/www.facebook.com\\\/Ayuntamiento.de.Coria\",\"https:\\\/\\\/x.com\\\/Ayto_de_Coria\",\"https:\\\/\\\/www.instagram.com\\\/coria.ayuntamiento\\\/\",\"https:\\\/\\\/www.youtube.com\\\/user\\\/AYUNTAMIENTOCORIA\"]},{\"@type\":\"Person\",\"@id\":\"https:\\\/\\\/coria.org\\\/ayuntamiento\\\/#\\\/schema\\\/person\\\/8bd589f0e13e8ae5aa06def7a599d622\",\"name\":\"ayuntamiento\",\"image\":{\"@type\":\"ImageObject\",\"inLanguage\":\"es\",\"@id\":\"https:\\\/\\\/secure.gravatar.com\\\/avatar\\\/966e5ed73cad334adda5c87f49f2547f7082f7292c1b627cbb548744383b391c?s=96&d=mm&r=g\",\"url\":\"https:\\\/\\\/secure.gravatar.com\\\/avatar\\\/966e5ed73cad334adda5c87f49f2547f7082f7292c1b627cbb548744383b391c?s=96&d=mm&r=g\",\"contentUrl\":\"https:\\\/\\\/secure.gravatar.com\\\/avatar\\\/966e5ed73cad334adda5c87f49f2547f7082f7292c1b627cbb548744383b391c?s=96&d=mm&r=g\",\"caption\":\"ayuntamiento\"}}]}<\/script>\n<!-- \/ Yoast SEO plugin. -->","yoast_head_json":{"title":"Coria Si\u00e9ntela...! el Ayuntamiento organiza una amplia programaci\u00f3n de actividades para vivir un verano de ensue\u00f1o - Ayuntamiento de Coria","robots":{"index":"index","follow":"follow","max-snippet":"max-snippet:-1","max-image-preview":"max-image-preview:large","max-video-preview":"max-video-preview:-1"},"canonical":"https:\/\/coria.org\/ayuntamiento\/index.php\/2019\/07\/24\/coria-sientela-el-ayuntamiento-organiza-una-amplia-programacion-de-actividades-para-vivir-un-verano-de-ensueno\/","og_locale":"es_ES","og_type":"article","og_title":"Coria Si\u00e9ntela...! el Ayuntamiento organiza una amplia programaci\u00f3n de actividades para vivir un verano de ensue\u00f1o - Ayuntamiento de Coria","og_description":"Descenso del R\u00edo Alag\u00f3n, Festival de Guitarra, Concurso de Pintura, Mercado de las Velas, Jueves Tur\u00edstico, son algunas de las actividades que se celebrar\u00e1n este verano en la Ciudad de Coria para los vecinos y visitantes. El Ayuntamiento de Coria apuesta, un a\u00f1o mas, por ofrecer a vecinos y visitantes una amplia y atractiva programaci\u00f3n [&hellip;]","og_url":"https:\/\/coria.org\/ayuntamiento\/index.php\/2019\/07\/24\/coria-sientela-el-ayuntamiento-organiza-una-amplia-programacion-de-actividades-para-vivir-un-verano-de-ensueno\/","og_site_name":"Ayuntamiento de Coria","article_publisher":"https:\/\/www.facebook.com\/Ayuntamiento.de.Coria","article_published_time":"2019-07-24T00:00:00+00:00","article_modified_time":"2024-03-14T10:15:16+00:00","og_image":[{"width":1920,"height":1280,"url":"https:\/\/coria.org\/ayuntamiento\/wp-content\/uploads\/2019\/07\/rdp-agosto-19.jpg","type":"image\/jpeg"}],"author":"ayuntamiento","twitter_card":"summary_large_image","twitter_creator":"@Ayto_de_Coria","twitter_site":"@Ayto_de_Coria","twitter_misc":{"Escrito por":"ayuntamiento","Tiempo de lectura":"6 minutos"},"schema":{"@context":"https:\/\/schema.org","@graph":[{"@type":"Article","@id":"https:\/\/coria.org\/ayuntamiento\/index.php\/2019\/07\/24\/coria-sientela-el-ayuntamiento-organiza-una-amplia-programacion-de-actividades-para-vivir-un-verano-de-ensueno\/#article","isPartOf":{"@id":"https:\/\/coria.org\/ayuntamiento\/index.php\/2019\/07\/24\/coria-sientela-el-ayuntamiento-organiza-una-amplia-programacion-de-actividades-para-vivir-un-verano-de-ensueno\/"},"author":{"name":"ayuntamiento","@id":"https:\/\/coria.org\/ayuntamiento\/#\/schema\/person\/8bd589f0e13e8ae5aa06def7a599d622"},"headline":"Coria Si\u00e9ntela&#8230;! el Ayuntamiento organiza una amplia programaci\u00f3n de actividades para vivir un verano de ensue\u00f1o","datePublished":"2019-07-24T00:00:00+00:00","dateModified":"2024-03-14T10:15:16+00:00","mainEntityOfPage":{"@id":"https:\/\/coria.org\/ayuntamiento\/index.php\/2019\/07\/24\/coria-sientela-el-ayuntamiento-organiza-una-amplia-programacion-de-actividades-para-vivir-un-verano-de-ensueno\/"},"wordCount":1123,"publisher":{"@id":"https:\/\/coria.org\/ayuntamiento\/#organization"},"image":{"@id":"https:\/\/coria.org\/ayuntamiento\/index.php\/2019\/07\/24\/coria-sientela-el-ayuntamiento-organiza-una-amplia-programacion-de-actividades-para-vivir-un-verano-de-ensueno\/#primaryimage"},"thumbnailUrl":"https:\/\/coria.org\/ayuntamiento\/wp-content\/uploads\/2019\/07\/rdp-agosto-19.jpg","keywords":["coria","extremadura"],"articleSection":["Noticias"],"inLanguage":"es"},{"@type":"WebPage","@id":"https:\/\/coria.org\/ayuntamiento\/index.php\/2019\/07\/24\/coria-sientela-el-ayuntamiento-organiza-una-amplia-programacion-de-actividades-para-vivir-un-verano-de-ensueno\/","url":"https:\/\/coria.org\/ayuntamiento\/index.php\/2019\/07\/24\/coria-sientela-el-ayuntamiento-organiza-una-amplia-programacion-de-actividades-para-vivir-un-verano-de-ensueno\/","name":"Coria Si\u00e9ntela...! el Ayuntamiento organiza una amplia programaci\u00f3n de actividades para vivir un verano de ensue\u00f1o - Ayuntamiento de Coria","isPartOf":{"@id":"https:\/\/coria.org\/ayuntamiento\/#website"},"primaryImageOfPage":{"@id":"https:\/\/coria.org\/ayuntamiento\/index.php\/2019\/07\/24\/coria-sientela-el-ayuntamiento-organiza-una-amplia-programacion-de-actividades-para-vivir-un-verano-de-ensueno\/#primaryimage"},"image":{"@id":"https:\/\/coria.org\/ayuntamiento\/index.php\/2019\/07\/24\/coria-sientela-el-ayuntamiento-organiza-una-amplia-programacion-de-actividades-para-vivir-un-verano-de-ensueno\/#primaryimage"},"thumbnailUrl":"https:\/\/coria.org\/ayuntamiento\/wp-content\/uploads\/2019\/07\/rdp-agosto-19.jpg","datePublished":"2019-07-24T00:00:00+00:00","dateModified":"2024-03-14T10:15:16+00:00","breadcrumb":{"@id":"https:\/\/coria.org\/ayuntamiento\/index.php\/2019\/07\/24\/coria-sientela-el-ayuntamiento-organiza-una-amplia-programacion-de-actividades-para-vivir-un-verano-de-ensueno\/#breadcrumb"},"inLanguage":"es","potentialAction":[{"@type":"ReadAction","target":["https:\/\/coria.org\/ayuntamiento\/index.php\/2019\/07\/24\/coria-sientela-el-ayuntamiento-organiza-una-amplia-programacion-de-actividades-para-vivir-un-verano-de-ensueno\/"]}]},{"@type":"ImageObject","inLanguage":"es","@id":"https:\/\/coria.org\/ayuntamiento\/index.php\/2019\/07\/24\/coria-sientela-el-ayuntamiento-organiza-una-amplia-programacion-de-actividades-para-vivir-un-verano-de-ensueno\/#primaryimage","url":"https:\/\/coria.org\/ayuntamiento\/wp-content\/uploads\/2019\/07\/rdp-agosto-19.jpg","contentUrl":"https:\/\/coria.org\/ayuntamiento\/wp-content\/uploads\/2019\/07\/rdp-agosto-19.jpg","width":1920,"height":1280},{"@type":"BreadcrumbList","@id":"https:\/\/coria.org\/ayuntamiento\/index.php\/2019\/07\/24\/coria-sientela-el-ayuntamiento-organiza-una-amplia-programacion-de-actividades-para-vivir-un-verano-de-ensueno\/#breadcrumb","itemListElement":[{"@type":"ListItem","position":1,"name":"Inicio","item":"https:\/\/coria.org\/ayuntamiento\/"},{"@type":"ListItem","position":2,"name":"Coria Si\u00e9ntela&#8230;! el Ayuntamiento organiza una amplia programaci\u00f3n de actividades para vivir un verano de ensue\u00f1o"}]},{"@type":"WebSite","@id":"https:\/\/coria.org\/ayuntamiento\/#website","url":"https:\/\/coria.org\/ayuntamiento\/","name":"Ayuntamiento de Coria","description":"Web oficial del Ayuntamiento de Coria","publisher":{"@id":"https:\/\/coria.org\/ayuntamiento\/#organization"},"alternateName":"Web Oficial del Ayuntamiento de Coria","potentialAction":[{"@type":"SearchAction","target":{"@type":"EntryPoint","urlTemplate":"https:\/\/coria.org\/ayuntamiento\/?s={search_term_string}"},"query-input":{"@type":"PropertyValueSpecification","valueRequired":true,"valueName":"search_term_string"}}],"inLanguage":"es"},{"@type":"Organization","@id":"https:\/\/coria.org\/ayuntamiento\/#organization","name":"Ayuntamiento de Coria","alternateName":"Ayto de Coria","url":"https:\/\/coria.org\/ayuntamiento\/","logo":{"@type":"ImageObject","inLanguage":"es","@id":"https:\/\/coria.org\/ayuntamiento\/#\/schema\/logo\/image\/","url":"https:\/\/coria.org\/ayuntamiento\/wp-content\/uploads\/2020\/12\/escudo-ayuntamiento-coria.png","contentUrl":"https:\/\/coria.org\/ayuntamiento\/wp-content\/uploads\/2020\/12\/escudo-ayuntamiento-coria.png","width":511,"height":240,"caption":"Ayuntamiento de Coria"},"image":{"@id":"https:\/\/coria.org\/ayuntamiento\/#\/schema\/logo\/image\/"},"sameAs":["https:\/\/www.facebook.com\/Ayuntamiento.de.Coria","https:\/\/x.com\/Ayto_de_Coria","https:\/\/www.instagram.com\/coria.ayuntamiento\/","https:\/\/www.youtube.com\/user\/AYUNTAMIENTOCORIA"]},{"@type":"Person","@id":"https:\/\/coria.org\/ayuntamiento\/#\/schema\/person\/8bd589f0e13e8ae5aa06def7a599d622","name":"ayuntamiento","image":{"@type":"ImageObject","inLanguage":"es","@id":"https:\/\/secure.gravatar.com\/avatar\/966e5ed73cad334adda5c87f49f2547f7082f7292c1b627cbb548744383b391c?s=96&d=mm&r=g","url":"https:\/\/secure.gravatar.com\/avatar\/966e5ed73cad334adda5c87f49f2547f7082f7292c1b627cbb548744383b391c?s=96&d=mm&r=g","contentUrl":"https:\/\/secure.gravatar.com\/avatar\/966e5ed73cad334adda5c87f49f2547f7082f7292c1b627cbb548744383b391c?s=96&d=mm&r=g","caption":"ayuntamiento"}}]}},"uagb_featured_image_src":{"full":["https:\/\/coria.org\/ayuntamiento\/wp-content\/uploads\/2019\/07\/rdp-agosto-19.jpg",1920,1280,false],"thumbnail":["https:\/\/coria.org\/ayuntamiento\/wp-content\/uploads\/2019\/07\/rdp-agosto-19-150x150.jpg",150,150,true],"medium":["https:\/\/coria.org\/ayuntamiento\/wp-content\/uploads\/2019\/07\/rdp-agosto-19-300x200.jpg",300,200,true],"medium_large":["https:\/\/coria.org\/ayuntamiento\/wp-content\/uploads\/2019\/07\/rdp-agosto-19-768x512.jpg",768,512,true],"large":["https:\/\/coria.org\/ayuntamiento\/wp-content\/uploads\/2019\/07\/rdp-agosto-19-1024x683.jpg",1024,683,true],"thumblist":["https:\/\/coria.org\/ayuntamiento\/wp-content\/uploads\/2019\/07\/rdp-agosto-19-300x300.jpg",300,300,true],"thumbrelated":["https:\/\/coria.org\/ayuntamiento\/wp-content\/uploads\/2019\/07\/rdp-agosto-19-500x500.jpg",500,500,true],"meccarouselthumb":["https:\/\/coria.org\/ayuntamiento\/wp-content\/uploads\/2019\/07\/rdp-agosto-19-474x324.jpg",474,324,true],"gridsquare":["https:\/\/coria.org\/ayuntamiento\/wp-content\/uploads\/2019\/07\/rdp-agosto-19-391x260.jpg",391,260,true],"tileview":["https:\/\/coria.org\/ayuntamiento\/wp-content\/uploads\/2019\/07\/rdp-agosto-19-300x400.jpg",300,400,true],"1536x1536":["https:\/\/coria.org\/ayuntamiento\/wp-content\/uploads\/2019\/07\/rdp-agosto-19-1536x1024.jpg",1536,1024,true],"2048x2048":["https:\/\/coria.org\/ayuntamiento\/wp-content\/uploads\/2019\/07\/rdp-agosto-19.jpg",1920,1280,false]},"uagb_author_info":{"display_name":"ayuntamiento","author_link":"https:\/\/coria.org\/ayuntamiento\/index.php\/author\/ayuntamiento\/"},"uagb_comment_info":0,"uagb_excerpt":"Descenso del R\u00edo Alag\u00f3n, Festival de Guitarra, Concurso de Pintura, Mercado de las Velas, Jueves Tur\u00edstico, son algunas de las actividades que se celebrar\u00e1n este verano en la Ciudad de Coria para los vecinos y visitantes. El Ayuntamiento de Coria apuesta, un a\u00f1o mas, por ofrecer a vecinos y visitantes una amplia y atractiva programaci\u00f3n&hellip;","_links":{"self":[{"href":"https:\/\/coria.org\/ayuntamiento\/index.php\/wp-json\/wp\/v2\/posts\/24147","targetHints":{"allow":["GET"]}}],"collection":[{"href":"https:\/\/coria.org\/ayuntamiento\/index.php\/wp-json\/wp\/v2\/posts"}],"about":[{"href":"https:\/\/coria.org\/ayuntamiento\/index.php\/wp-json\/wp\/v2\/types\/post"}],"author":[{"embeddable":true,"href":"https:\/\/coria.org\/ayuntamiento\/index.php\/wp-json\/wp\/v2\/users\/2"}],"replies":[{"embeddable":true,"href":"https:\/\/coria.org\/ayuntamiento\/index.php\/wp-json\/wp\/v2\/comments?post=24147"}],"version-history":[{"count":0,"href":"https:\/\/coria.org\/ayuntamiento\/index.php\/wp-json\/wp\/v2\/posts\/24147\/revisions"}],"wp:featuredmedia":[{"embeddable":true,"href":"https:\/\/coria.org\/ayuntamiento\/index.php\/wp-json\/wp\/v2\/media\/60441"}],"wp:attachment":[{"href":"https:\/\/coria.org\/ayuntamiento\/index.php\/wp-json\/wp\/v2\/media?parent=24147"}],"wp:term":[{"taxonomy":"category","embeddable":true,"href":"https:\/\/coria.org\/ayuntamiento\/index.php\/wp-json\/wp\/v2\/categories?post=24147"},{"taxonomy":"post_tag","embeddable":true,"href":"https:\/\/coria.org\/ayuntamiento\/index.php\/wp-json\/wp\/v2\/tags?post=24147"}],"curies":[{"name":"wp","href":"https:\/\/api.w.org\/{rel}","templated":true}]}}