{"id":24146,"date":"2019-07-24T00:00:00","date_gmt":"2019-07-24T00:00:00","guid":{"rendered":"https:\/\/ayuntamiento.coriaenimagenes.com\/el-cambio-de-frecuencias-de-la-tdt-arranca-este-miercoles-en-la-provincia-de-caceres\/"},"modified":"2024-03-12T11:26:06","modified_gmt":"2024-03-12T10:26:06","slug":"el-cambio-de-frecuencias-de-la-tdt-arranca-este-miercoles-en-la-provincia-de-caceres","status":"publish","type":"post","link":"https:\/\/coria.org\/ayuntamiento\/index.php\/2019\/07\/24\/el-cambio-de-frecuencias-de-la-tdt-arranca-este-miercoles-en-la-provincia-de-caceres\/","title":{"rendered":"El cambio de frecuencias de la TDT arranca este mi\u00e9rcoles en la provincia de C\u00e1ceres"},"content":{"rendered":"\n<p>2.600 comunidades de propietarios de C\u00e1ceres deber\u00e1n adaptar sus instalaciones de antenas colectivas, para lo cual dispondr\u00e1n de un plazo de seis meses y de ayudas p\u00fablicas. En el resto de la provincia las actuaciones comenzar\u00e1n a principios del pr\u00f3ximo a\u00f1o. El cambio de frecuencias se produce por la liberaci\u00f3n del Segundo Dividendo Digital, que permitir\u00e1 el pr\u00f3ximo despliegue de redes ultrarr\u00e1pidas 5G en la banda de 700 Mhz. La ciudadan\u00eda puede informarse en www.televisiondigital.es, en el tel\u00e9fono 901 20 10 04 y en el n\u00famero 954 30 65 01<\/p>\n\n\n<figure class=\"wp-block-post-featured-image\"><img loading=\"lazy\" decoding=\"async\" width=\"1906\" height=\"1042\" src=\"https:\/\/coria.org\/ayuntamiento\/wp-content\/uploads\/2019\/07\/tdt-19.jpg\" class=\"attachment-post-thumbnail size-post-thumbnail wp-post-image\" alt=\"\" style=\"object-fit:cover;\" srcset=\"https:\/\/coria.org\/ayuntamiento\/wp-content\/uploads\/2019\/07\/tdt-19.jpg 1906w, https:\/\/coria.org\/ayuntamiento\/wp-content\/uploads\/2019\/07\/tdt-19-300x164.jpg 300w, https:\/\/coria.org\/ayuntamiento\/wp-content\/uploads\/2019\/07\/tdt-19-1024x560.jpg 1024w, https:\/\/coria.org\/ayuntamiento\/wp-content\/uploads\/2019\/07\/tdt-19-768x420.jpg 768w, https:\/\/coria.org\/ayuntamiento\/wp-content\/uploads\/2019\/07\/tdt-19-1536x840.jpg 1536w\" sizes=\"auto, (max-width: 1906px) 100vw, 1906px\" \/><\/figure>\n\n\n<p>Este mi\u00e9rcoles d\u00eda 24 de julio del presente, comienza el cambio de frecuencias de televisi\u00f3n digital terrestre (TDT) en 94 municipios de la zona norte de C\u00e1ceres. Extremadura ser\u00e1 as\u00ed la primera Comunidad Aut\u00f3noma de Espa\u00f1a en iniciar este proceso, junto con Illes Balears.<\/p>\n\n\n\n<p>Con el fin de facilitar la transici\u00f3n y minimizar el impacto para la ciudadan\u00eda, las cadenas de televisi\u00f3n emitir\u00e1n simult\u00e1neamente a trav\u00e9s de las frecuencias nueva y antigua (simulcast) antes de proceder al apagado de esta \u00faltima. En la mayor parte de los municipios, esta emisi\u00f3n simult\u00e1nea tendr\u00e1 una duraci\u00f3n de seis meses y, en algunos municipios ser\u00e1 de tres meses. Este proceso no implicar\u00e1 la aparici\u00f3n ni desaparici\u00f3n de canales de televisi\u00f3n, simplemente se desplazan de frecuencia. Asimismo, este proceso no implicar\u00e1 la obsolescencia de televisores ni descodificadores TDT.<\/p>\n\n\n\n<p>El subdirector general de Planificaci\u00f3n y Gesti\u00f3n del Espectro Radioel\u00e9ctrico del Ministerio de Econom\u00eda y Empresa, Antonio Fern\u00e1ndez-Paniagua, y el subdelegado del Gobierno en C\u00e1ceres, Jos\u00e9 Antonio Garc\u00eda Mu\u00f1oz, han presentado las actuaciones previstas en relaci\u00f3n a la liberaci\u00f3n de frecuencias del Segundo Dividendo Digital.<\/p>\n\n\n\n<p>Fern\u00e1ndez-Paniagua ha explicado que \u00abel cambio de frecuencias no afectar\u00e1 por igual a todos los edificios. En concreto, deber\u00e1n realizar adaptaciones los edificios comunitarios de tama\u00f1o mediano o grande que est\u00e9n equipados con sistemas monocanales o centralitas programables. Las viviendas individuales no necesitar\u00e1n esta adaptaci\u00f3n\u00bb.<\/p>\n\n\n\n<p>Esta adaptaci\u00f3n supone que, durante los pr\u00f3ximos seis meses, unas 2.600 comunidades de vecinos en las que viven 42.400 personas, el 23% de la poblaci\u00f3n de la provincia de C\u00e1ceres, deber\u00e1n contactar con un instalador registrado para realizar los cambios necesarios en los sistemas de recepci\u00f3n de sus edificios. La informaci\u00f3n de contacto estos se encuentra en La informaci\u00f3n de Habitualmente, ser\u00e1 el administrador de fincas o el presidente de la comunidad de propietarios quien contacte con los instaladores, siendo lo m\u00e1s recomendable comparar distintos precios antes de tomar la decisi\u00f3n de contratar. Aquellas comunidades que, siendo necesario, no realicen las adaptaciones sobre los sistemas de recepci\u00f3n de la se\u00f1al TDT de sus edificios, podr\u00edan dejar de ver algunos de los canales de televisi\u00f3n de los que disfrutan en la actualidad hasta que realicen las actuaciones.<\/p>\n\n\n\n<p>Fern\u00e1ndez-Paniagua tambi\u00e9n ha se\u00f1alado que, \u00abindependientemente del tipo de equipo de recepci\u00f3n de se\u00f1al de los edificios, todos los ciudadanos y ciudadanas deber\u00e1n resintonizar sus televisores para poder disfrutar de la oferta completa de TDT, una vez que finalicen los simulcast hacia finales de enero de 2020\u00bb. La poblaci\u00f3n que no haga esta resintonizaci\u00f3n podr\u00eda dejar de ver algunos de los canales de televisi\u00f3n de los que disfrutan en la actualidad.<\/p>\n\n\n\n<p>El cambio de frecuencias de la TDT se produce a consecuencia del llamado Segundo Dividendo Digital, por el que se debe liberar, por mandato europeo, la banda de 700 MHz del espectro radioel\u00e9ctrico para permitir el despliegue de futuras redes de telecomunicaciones 5G, antes del 30 de junio de 2020. Este proceso es muy similar al Primer Dividendo Digital de 2015. Se mantiene as\u00ed la apuesta de situar a Espa\u00f1a entre los pa\u00edses l\u00edderes en el desarrollo de esta tecnolog\u00eda, que impulsar\u00e1 la competitividad del tejido empresarial y facilitar\u00e1 la aparici\u00f3n de innovaciones disruptivas.<\/p>\n\n\n\n<p>En los 94 municipios del \u00e1rea geogr\u00e1fica de C\u00e1ceres Norte, por la que se comienza estas actuaciones, migrar\u00e1n dos frecuencias que afectar\u00e1n a diferentes canales de televisi\u00f3n. En los restantes municipios de Extremadura, las actuaciones comenzar\u00e1n paulatinamente a partir de septiembre, inici\u00e1ndose en la mayor parte de los municipios en el primer trimestre de 2020.<\/p>\n\n\n\n<p><strong>Ayudas p\u00fablicas<\/strong><\/p>\n\n\n\n<p>Para minimizar el impacto de este proceso sobre la ciudadan\u00eda, el Consejo de Ministros aprob\u00f3 mediante Real Decreto el pasado 21 de junio la concesi\u00f3n directa de subvenciones por valor de 145 millones de euros, que ser\u00e1n gestionadas por la empresa p\u00fablica Red.es.<\/p>\n\n\n\n<p>Las ayudas ir\u00e1n destinadas a compensar los costes derivados de la recepci\u00f3n o acceso a los servicios de comunicaci\u00f3n audiovisual televisiva en las edificaciones afectadas por el Segundo Dividendo Digital. Las cuant\u00edas de la subvenci\u00f3n oscilan entre 104,3 \u20ac y 677,95 \u20ac, en funci\u00f3n de la infraestructura previamente instalada; el \u00faltimo d\u00eda para presentar solicitudes ser\u00e1 el 30 de septiembre de 2020.<\/p>\n\n\n\n<p><strong>Canales de informaci\u00f3n a la ciudadan\u00eda<\/strong><\/p>\n\n\n\n<p>Los ciudadanos podr\u00e1n consultar todas sus dudas en la p\u00e1gina web <a href=\"http:\/\/www.televisiondigital.es\">http:\/\/www.televisiondigital.es\/<\/a> , y en el tel\u00e9fono 901 20 10 04 y en el n\u00famero 954 30 65 01. A partir del 2 de agosto, este \u00faltimo ser\u00e1 sustituido por la l\u00ednea de atenci\u00f3n telef\u00f3nica 910 889 879.\n<\/p>\n","protected":false},"excerpt":{"rendered":"<p>2.600 comunidades de propietarios de C\u00e1ceres deber\u00e1n adaptar sus instalaciones de antenas colectivas, para lo cual dispondr\u00e1n de un plazo de seis meses y de ayudas p\u00fablicas. En el resto de la provincia las actuaciones comenzar\u00e1n a principios del pr\u00f3ximo a\u00f1o. El cambio de frecuencias se produce por la liberaci\u00f3n del Segundo Dividendo Digital, que [&hellip;]<\/p>\n","protected":false},"author":2,"featured_media":60145,"comment_status":"closed","ping_status":"closed","sticky":false,"template":"","format":"standard","meta":{"_uag_custom_page_level_css":"","footnotes":""},"categories":[2],"tags":[3,4],"class_list":["post-24146","post","type-post","status-publish","format-standard","has-post-thumbnail","hentry","category-noticias","tag-coria","tag-extremadura"],"yoast_head":"<!-- This site is optimized with the Yoast SEO plugin v27.4 - https:\/\/yoast.com\/product\/yoast-seo-wordpress\/ -->\n<title>El cambio de frecuencias de la TDT arranca este mi\u00e9rcoles en la provincia de C\u00e1ceres - Ayuntamiento de Coria<\/title>\n<meta name=\"robots\" content=\"index, follow, max-snippet:-1, max-image-preview:large, max-video-preview:-1\" \/>\n<link rel=\"canonical\" href=\"https:\/\/coria.org\/ayuntamiento\/index.php\/2019\/07\/24\/el-cambio-de-frecuencias-de-la-tdt-arranca-este-miercoles-en-la-provincia-de-caceres\/\" \/>\n<meta property=\"og:locale\" content=\"es_ES\" \/>\n<meta property=\"og:type\" content=\"article\" \/>\n<meta property=\"og:title\" content=\"El cambio de frecuencias de la TDT arranca este mi\u00e9rcoles en la provincia de C\u00e1ceres - Ayuntamiento de Coria\" \/>\n<meta property=\"og:description\" content=\"2.600 comunidades de propietarios de C\u00e1ceres deber\u00e1n adaptar sus instalaciones de antenas colectivas, para lo cual dispondr\u00e1n de un plazo de seis meses y de ayudas p\u00fablicas. En el resto de la provincia las actuaciones comenzar\u00e1n a principios del pr\u00f3ximo a\u00f1o. El cambio de frecuencias se produce por la liberaci\u00f3n del Segundo Dividendo Digital, que [&hellip;]\" \/>\n<meta property=\"og:url\" content=\"https:\/\/coria.org\/ayuntamiento\/index.php\/2019\/07\/24\/el-cambio-de-frecuencias-de-la-tdt-arranca-este-miercoles-en-la-provincia-de-caceres\/\" \/>\n<meta property=\"og:site_name\" content=\"Ayuntamiento de Coria\" \/>\n<meta property=\"article:publisher\" content=\"https:\/\/www.facebook.com\/Ayuntamiento.de.Coria\" \/>\n<meta property=\"article:published_time\" content=\"2019-07-24T00:00:00+00:00\" \/>\n<meta property=\"article:modified_time\" content=\"2024-03-12T10:26:06+00:00\" \/>\n<meta property=\"og:image\" content=\"https:\/\/coria.org\/ayuntamiento\/wp-content\/uploads\/2019\/07\/tdt-19.jpg\" \/>\n\t<meta property=\"og:image:width\" content=\"1906\" \/>\n\t<meta property=\"og:image:height\" content=\"1042\" \/>\n\t<meta property=\"og:image:type\" content=\"image\/jpeg\" \/>\n<meta name=\"author\" content=\"ayuntamiento\" \/>\n<meta name=\"twitter:card\" content=\"summary_large_image\" \/>\n<meta name=\"twitter:creator\" content=\"@Ayto_de_Coria\" \/>\n<meta name=\"twitter:site\" content=\"@Ayto_de_Coria\" \/>\n<meta name=\"twitter:label1\" content=\"Escrito por\" \/>\n\t<meta name=\"twitter:data1\" content=\"ayuntamiento\" \/>\n\t<meta name=\"twitter:label2\" content=\"Tiempo de lectura\" \/>\n\t<meta name=\"twitter:data2\" content=\"4 minutos\" \/>\n<script type=\"application\/ld+json\" class=\"yoast-schema-graph\">{\"@context\":\"https:\\\/\\\/schema.org\",\"@graph\":[{\"@type\":\"Article\",\"@id\":\"https:\\\/\\\/coria.org\\\/ayuntamiento\\\/index.php\\\/2019\\\/07\\\/24\\\/el-cambio-de-frecuencias-de-la-tdt-arranca-este-miercoles-en-la-provincia-de-caceres\\\/#article\",\"isPartOf\":{\"@id\":\"https:\\\/\\\/coria.org\\\/ayuntamiento\\\/index.php\\\/2019\\\/07\\\/24\\\/el-cambio-de-frecuencias-de-la-tdt-arranca-este-miercoles-en-la-provincia-de-caceres\\\/\"},\"author\":{\"name\":\"ayuntamiento\",\"@id\":\"https:\\\/\\\/coria.org\\\/ayuntamiento\\\/#\\\/schema\\\/person\\\/8bd589f0e13e8ae5aa06def7a599d622\"},\"headline\":\"El cambio de frecuencias de la TDT arranca este mi\u00e9rcoles en la provincia de C\u00e1ceres\",\"datePublished\":\"2019-07-24T00:00:00+00:00\",\"dateModified\":\"2024-03-12T10:26:06+00:00\",\"mainEntityOfPage\":{\"@id\":\"https:\\\/\\\/coria.org\\\/ayuntamiento\\\/index.php\\\/2019\\\/07\\\/24\\\/el-cambio-de-frecuencias-de-la-tdt-arranca-este-miercoles-en-la-provincia-de-caceres\\\/\"},\"wordCount\":916,\"publisher\":{\"@id\":\"https:\\\/\\\/coria.org\\\/ayuntamiento\\\/#organization\"},\"image\":{\"@id\":\"https:\\\/\\\/coria.org\\\/ayuntamiento\\\/index.php\\\/2019\\\/07\\\/24\\\/el-cambio-de-frecuencias-de-la-tdt-arranca-este-miercoles-en-la-provincia-de-caceres\\\/#primaryimage\"},\"thumbnailUrl\":\"https:\\\/\\\/coria.org\\\/ayuntamiento\\\/wp-content\\\/uploads\\\/2019\\\/07\\\/tdt-19.jpg\",\"keywords\":[\"coria\",\"extremadura\"],\"articleSection\":[\"Noticias\"],\"inLanguage\":\"es\"},{\"@type\":\"WebPage\",\"@id\":\"https:\\\/\\\/coria.org\\\/ayuntamiento\\\/index.php\\\/2019\\\/07\\\/24\\\/el-cambio-de-frecuencias-de-la-tdt-arranca-este-miercoles-en-la-provincia-de-caceres\\\/\",\"url\":\"https:\\\/\\\/coria.org\\\/ayuntamiento\\\/index.php\\\/2019\\\/07\\\/24\\\/el-cambio-de-frecuencias-de-la-tdt-arranca-este-miercoles-en-la-provincia-de-caceres\\\/\",\"name\":\"El cambio de frecuencias de la TDT arranca este mi\u00e9rcoles en la provincia de C\u00e1ceres - Ayuntamiento de Coria\",\"isPartOf\":{\"@id\":\"https:\\\/\\\/coria.org\\\/ayuntamiento\\\/#website\"},\"primaryImageOfPage\":{\"@id\":\"https:\\\/\\\/coria.org\\\/ayuntamiento\\\/index.php\\\/2019\\\/07\\\/24\\\/el-cambio-de-frecuencias-de-la-tdt-arranca-este-miercoles-en-la-provincia-de-caceres\\\/#primaryimage\"},\"image\":{\"@id\":\"https:\\\/\\\/coria.org\\\/ayuntamiento\\\/index.php\\\/2019\\\/07\\\/24\\\/el-cambio-de-frecuencias-de-la-tdt-arranca-este-miercoles-en-la-provincia-de-caceres\\\/#primaryimage\"},\"thumbnailUrl\":\"https:\\\/\\\/coria.org\\\/ayuntamiento\\\/wp-content\\\/uploads\\\/2019\\\/07\\\/tdt-19.jpg\",\"datePublished\":\"2019-07-24T00:00:00+00:00\",\"dateModified\":\"2024-03-12T10:26:06+00:00\",\"breadcrumb\":{\"@id\":\"https:\\\/\\\/coria.org\\\/ayuntamiento\\\/index.php\\\/2019\\\/07\\\/24\\\/el-cambio-de-frecuencias-de-la-tdt-arranca-este-miercoles-en-la-provincia-de-caceres\\\/#breadcrumb\"},\"inLanguage\":\"es\",\"potentialAction\":[{\"@type\":\"ReadAction\",\"target\":[\"https:\\\/\\\/coria.org\\\/ayuntamiento\\\/index.php\\\/2019\\\/07\\\/24\\\/el-cambio-de-frecuencias-de-la-tdt-arranca-este-miercoles-en-la-provincia-de-caceres\\\/\"]}]},{\"@type\":\"ImageObject\",\"inLanguage\":\"es\",\"@id\":\"https:\\\/\\\/coria.org\\\/ayuntamiento\\\/index.php\\\/2019\\\/07\\\/24\\\/el-cambio-de-frecuencias-de-la-tdt-arranca-este-miercoles-en-la-provincia-de-caceres\\\/#primaryimage\",\"url\":\"https:\\\/\\\/coria.org\\\/ayuntamiento\\\/wp-content\\\/uploads\\\/2019\\\/07\\\/tdt-19.jpg\",\"contentUrl\":\"https:\\\/\\\/coria.org\\\/ayuntamiento\\\/wp-content\\\/uploads\\\/2019\\\/07\\\/tdt-19.jpg\",\"width\":1906,\"height\":1042},{\"@type\":\"BreadcrumbList\",\"@id\":\"https:\\\/\\\/coria.org\\\/ayuntamiento\\\/index.php\\\/2019\\\/07\\\/24\\\/el-cambio-de-frecuencias-de-la-tdt-arranca-este-miercoles-en-la-provincia-de-caceres\\\/#breadcrumb\",\"itemListElement\":[{\"@type\":\"ListItem\",\"position\":1,\"name\":\"Inicio\",\"item\":\"https:\\\/\\\/coria.org\\\/ayuntamiento\\\/\"},{\"@type\":\"ListItem\",\"position\":2,\"name\":\"El cambio de frecuencias de la TDT arranca este mi\u00e9rcoles en la provincia de C\u00e1ceres\"}]},{\"@type\":\"WebSite\",\"@id\":\"https:\\\/\\\/coria.org\\\/ayuntamiento\\\/#website\",\"url\":\"https:\\\/\\\/coria.org\\\/ayuntamiento\\\/\",\"name\":\"Ayuntamiento de Coria\",\"description\":\"Web oficial del Ayuntamiento de Coria\",\"publisher\":{\"@id\":\"https:\\\/\\\/coria.org\\\/ayuntamiento\\\/#organization\"},\"alternateName\":\"Web Oficial del Ayuntamiento de Coria\",\"potentialAction\":[{\"@type\":\"SearchAction\",\"target\":{\"@type\":\"EntryPoint\",\"urlTemplate\":\"https:\\\/\\\/coria.org\\\/ayuntamiento\\\/?s={search_term_string}\"},\"query-input\":{\"@type\":\"PropertyValueSpecification\",\"valueRequired\":true,\"valueName\":\"search_term_string\"}}],\"inLanguage\":\"es\"},{\"@type\":\"Organization\",\"@id\":\"https:\\\/\\\/coria.org\\\/ayuntamiento\\\/#organization\",\"name\":\"Ayuntamiento de Coria\",\"alternateName\":\"Ayto de Coria\",\"url\":\"https:\\\/\\\/coria.org\\\/ayuntamiento\\\/\",\"logo\":{\"@type\":\"ImageObject\",\"inLanguage\":\"es\",\"@id\":\"https:\\\/\\\/coria.org\\\/ayuntamiento\\\/#\\\/schema\\\/logo\\\/image\\\/\",\"url\":\"https:\\\/\\\/coria.org\\\/ayuntamiento\\\/wp-content\\\/uploads\\\/2020\\\/12\\\/escudo-ayuntamiento-coria.png\",\"contentUrl\":\"https:\\\/\\\/coria.org\\\/ayuntamiento\\\/wp-content\\\/uploads\\\/2020\\\/12\\\/escudo-ayuntamiento-coria.png\",\"width\":511,\"height\":240,\"caption\":\"Ayuntamiento de Coria\"},\"image\":{\"@id\":\"https:\\\/\\\/coria.org\\\/ayuntamiento\\\/#\\\/schema\\\/logo\\\/image\\\/\"},\"sameAs\":[\"https:\\\/\\\/www.facebook.com\\\/Ayuntamiento.de.Coria\",\"https:\\\/\\\/x.com\\\/Ayto_de_Coria\",\"https:\\\/\\\/www.instagram.com\\\/coria.ayuntamiento\\\/\",\"https:\\\/\\\/www.youtube.com\\\/user\\\/AYUNTAMIENTOCORIA\"]},{\"@type\":\"Person\",\"@id\":\"https:\\\/\\\/coria.org\\\/ayuntamiento\\\/#\\\/schema\\\/person\\\/8bd589f0e13e8ae5aa06def7a599d622\",\"name\":\"ayuntamiento\",\"image\":{\"@type\":\"ImageObject\",\"inLanguage\":\"es\",\"@id\":\"https:\\\/\\\/secure.gravatar.com\\\/avatar\\\/966e5ed73cad334adda5c87f49f2547f7082f7292c1b627cbb548744383b391c?s=96&d=mm&r=g\",\"url\":\"https:\\\/\\\/secure.gravatar.com\\\/avatar\\\/966e5ed73cad334adda5c87f49f2547f7082f7292c1b627cbb548744383b391c?s=96&d=mm&r=g\",\"contentUrl\":\"https:\\\/\\\/secure.gravatar.com\\\/avatar\\\/966e5ed73cad334adda5c87f49f2547f7082f7292c1b627cbb548744383b391c?s=96&d=mm&r=g\",\"caption\":\"ayuntamiento\"}}]}<\/script>\n<!-- \/ Yoast SEO plugin. -->","yoast_head_json":{"title":"El cambio de frecuencias de la TDT arranca este mi\u00e9rcoles en la provincia de C\u00e1ceres - Ayuntamiento de Coria","robots":{"index":"index","follow":"follow","max-snippet":"max-snippet:-1","max-image-preview":"max-image-preview:large","max-video-preview":"max-video-preview:-1"},"canonical":"https:\/\/coria.org\/ayuntamiento\/index.php\/2019\/07\/24\/el-cambio-de-frecuencias-de-la-tdt-arranca-este-miercoles-en-la-provincia-de-caceres\/","og_locale":"es_ES","og_type":"article","og_title":"El cambio de frecuencias de la TDT arranca este mi\u00e9rcoles en la provincia de C\u00e1ceres - Ayuntamiento de Coria","og_description":"2.600 comunidades de propietarios de C\u00e1ceres deber\u00e1n adaptar sus instalaciones de antenas colectivas, para lo cual dispondr\u00e1n de un plazo de seis meses y de ayudas p\u00fablicas. En el resto de la provincia las actuaciones comenzar\u00e1n a principios del pr\u00f3ximo a\u00f1o. El cambio de frecuencias se produce por la liberaci\u00f3n del Segundo Dividendo Digital, que [&hellip;]","og_url":"https:\/\/coria.org\/ayuntamiento\/index.php\/2019\/07\/24\/el-cambio-de-frecuencias-de-la-tdt-arranca-este-miercoles-en-la-provincia-de-caceres\/","og_site_name":"Ayuntamiento de Coria","article_publisher":"https:\/\/www.facebook.com\/Ayuntamiento.de.Coria","article_published_time":"2019-07-24T00:00:00+00:00","article_modified_time":"2024-03-12T10:26:06+00:00","og_image":[{"width":1906,"height":1042,"url":"https:\/\/coria.org\/ayuntamiento\/wp-content\/uploads\/2019\/07\/tdt-19.jpg","type":"image\/jpeg"}],"author":"ayuntamiento","twitter_card":"summary_large_image","twitter_creator":"@Ayto_de_Coria","twitter_site":"@Ayto_de_Coria","twitter_misc":{"Escrito por":"ayuntamiento","Tiempo de lectura":"4 minutos"},"schema":{"@context":"https:\/\/schema.org","@graph":[{"@type":"Article","@id":"https:\/\/coria.org\/ayuntamiento\/index.php\/2019\/07\/24\/el-cambio-de-frecuencias-de-la-tdt-arranca-este-miercoles-en-la-provincia-de-caceres\/#article","isPartOf":{"@id":"https:\/\/coria.org\/ayuntamiento\/index.php\/2019\/07\/24\/el-cambio-de-frecuencias-de-la-tdt-arranca-este-miercoles-en-la-provincia-de-caceres\/"},"author":{"name":"ayuntamiento","@id":"https:\/\/coria.org\/ayuntamiento\/#\/schema\/person\/8bd589f0e13e8ae5aa06def7a599d622"},"headline":"El cambio de frecuencias de la TDT arranca este mi\u00e9rcoles en la provincia de C\u00e1ceres","datePublished":"2019-07-24T00:00:00+00:00","dateModified":"2024-03-12T10:26:06+00:00","mainEntityOfPage":{"@id":"https:\/\/coria.org\/ayuntamiento\/index.php\/2019\/07\/24\/el-cambio-de-frecuencias-de-la-tdt-arranca-este-miercoles-en-la-provincia-de-caceres\/"},"wordCount":916,"publisher":{"@id":"https:\/\/coria.org\/ayuntamiento\/#organization"},"image":{"@id":"https:\/\/coria.org\/ayuntamiento\/index.php\/2019\/07\/24\/el-cambio-de-frecuencias-de-la-tdt-arranca-este-miercoles-en-la-provincia-de-caceres\/#primaryimage"},"thumbnailUrl":"https:\/\/coria.org\/ayuntamiento\/wp-content\/uploads\/2019\/07\/tdt-19.jpg","keywords":["coria","extremadura"],"articleSection":["Noticias"],"inLanguage":"es"},{"@type":"WebPage","@id":"https:\/\/coria.org\/ayuntamiento\/index.php\/2019\/07\/24\/el-cambio-de-frecuencias-de-la-tdt-arranca-este-miercoles-en-la-provincia-de-caceres\/","url":"https:\/\/coria.org\/ayuntamiento\/index.php\/2019\/07\/24\/el-cambio-de-frecuencias-de-la-tdt-arranca-este-miercoles-en-la-provincia-de-caceres\/","name":"El cambio de frecuencias de la TDT arranca este mi\u00e9rcoles en la provincia de C\u00e1ceres - Ayuntamiento de Coria","isPartOf":{"@id":"https:\/\/coria.org\/ayuntamiento\/#website"},"primaryImageOfPage":{"@id":"https:\/\/coria.org\/ayuntamiento\/index.php\/2019\/07\/24\/el-cambio-de-frecuencias-de-la-tdt-arranca-este-miercoles-en-la-provincia-de-caceres\/#primaryimage"},"image":{"@id":"https:\/\/coria.org\/ayuntamiento\/index.php\/2019\/07\/24\/el-cambio-de-frecuencias-de-la-tdt-arranca-este-miercoles-en-la-provincia-de-caceres\/#primaryimage"},"thumbnailUrl":"https:\/\/coria.org\/ayuntamiento\/wp-content\/uploads\/2019\/07\/tdt-19.jpg","datePublished":"2019-07-24T00:00:00+00:00","dateModified":"2024-03-12T10:26:06+00:00","breadcrumb":{"@id":"https:\/\/coria.org\/ayuntamiento\/index.php\/2019\/07\/24\/el-cambio-de-frecuencias-de-la-tdt-arranca-este-miercoles-en-la-provincia-de-caceres\/#breadcrumb"},"inLanguage":"es","potentialAction":[{"@type":"ReadAction","target":["https:\/\/coria.org\/ayuntamiento\/index.php\/2019\/07\/24\/el-cambio-de-frecuencias-de-la-tdt-arranca-este-miercoles-en-la-provincia-de-caceres\/"]}]},{"@type":"ImageObject","inLanguage":"es","@id":"https:\/\/coria.org\/ayuntamiento\/index.php\/2019\/07\/24\/el-cambio-de-frecuencias-de-la-tdt-arranca-este-miercoles-en-la-provincia-de-caceres\/#primaryimage","url":"https:\/\/coria.org\/ayuntamiento\/wp-content\/uploads\/2019\/07\/tdt-19.jpg","contentUrl":"https:\/\/coria.org\/ayuntamiento\/wp-content\/uploads\/2019\/07\/tdt-19.jpg","width":1906,"height":1042},{"@type":"BreadcrumbList","@id":"https:\/\/coria.org\/ayuntamiento\/index.php\/2019\/07\/24\/el-cambio-de-frecuencias-de-la-tdt-arranca-este-miercoles-en-la-provincia-de-caceres\/#breadcrumb","itemListElement":[{"@type":"ListItem","position":1,"name":"Inicio","item":"https:\/\/coria.org\/ayuntamiento\/"},{"@type":"ListItem","position":2,"name":"El cambio de frecuencias de la TDT arranca este mi\u00e9rcoles en la provincia de C\u00e1ceres"}]},{"@type":"WebSite","@id":"https:\/\/coria.org\/ayuntamiento\/#website","url":"https:\/\/coria.org\/ayuntamiento\/","name":"Ayuntamiento de Coria","description":"Web oficial del Ayuntamiento de Coria","publisher":{"@id":"https:\/\/coria.org\/ayuntamiento\/#organization"},"alternateName":"Web Oficial del Ayuntamiento de Coria","potentialAction":[{"@type":"SearchAction","target":{"@type":"EntryPoint","urlTemplate":"https:\/\/coria.org\/ayuntamiento\/?s={search_term_string}"},"query-input":{"@type":"PropertyValueSpecification","valueRequired":true,"valueName":"search_term_string"}}],"inLanguage":"es"},{"@type":"Organization","@id":"https:\/\/coria.org\/ayuntamiento\/#organization","name":"Ayuntamiento de Coria","alternateName":"Ayto de Coria","url":"https:\/\/coria.org\/ayuntamiento\/","logo":{"@type":"ImageObject","inLanguage":"es","@id":"https:\/\/coria.org\/ayuntamiento\/#\/schema\/logo\/image\/","url":"https:\/\/coria.org\/ayuntamiento\/wp-content\/uploads\/2020\/12\/escudo-ayuntamiento-coria.png","contentUrl":"https:\/\/coria.org\/ayuntamiento\/wp-content\/uploads\/2020\/12\/escudo-ayuntamiento-coria.png","width":511,"height":240,"caption":"Ayuntamiento de Coria"},"image":{"@id":"https:\/\/coria.org\/ayuntamiento\/#\/schema\/logo\/image\/"},"sameAs":["https:\/\/www.facebook.com\/Ayuntamiento.de.Coria","https:\/\/x.com\/Ayto_de_Coria","https:\/\/www.instagram.com\/coria.ayuntamiento\/","https:\/\/www.youtube.com\/user\/AYUNTAMIENTOCORIA"]},{"@type":"Person","@id":"https:\/\/coria.org\/ayuntamiento\/#\/schema\/person\/8bd589f0e13e8ae5aa06def7a599d622","name":"ayuntamiento","image":{"@type":"ImageObject","inLanguage":"es","@id":"https:\/\/secure.gravatar.com\/avatar\/966e5ed73cad334adda5c87f49f2547f7082f7292c1b627cbb548744383b391c?s=96&d=mm&r=g","url":"https:\/\/secure.gravatar.com\/avatar\/966e5ed73cad334adda5c87f49f2547f7082f7292c1b627cbb548744383b391c?s=96&d=mm&r=g","contentUrl":"https:\/\/secure.gravatar.com\/avatar\/966e5ed73cad334adda5c87f49f2547f7082f7292c1b627cbb548744383b391c?s=96&d=mm&r=g","caption":"ayuntamiento"}}]}},"uagb_featured_image_src":{"full":["https:\/\/coria.org\/ayuntamiento\/wp-content\/uploads\/2019\/07\/tdt-19.jpg",1906,1042,false],"thumbnail":["https:\/\/coria.org\/ayuntamiento\/wp-content\/uploads\/2019\/07\/tdt-19-150x150.jpg",150,150,true],"medium":["https:\/\/coria.org\/ayuntamiento\/wp-content\/uploads\/2019\/07\/tdt-19-300x164.jpg",300,164,true],"medium_large":["https:\/\/coria.org\/ayuntamiento\/wp-content\/uploads\/2019\/07\/tdt-19-768x420.jpg",768,420,true],"large":["https:\/\/coria.org\/ayuntamiento\/wp-content\/uploads\/2019\/07\/tdt-19-1024x560.jpg",1024,560,true],"thumblist":["https:\/\/coria.org\/ayuntamiento\/wp-content\/uploads\/2019\/07\/tdt-19-300x300.jpg",300,300,true],"thumbrelated":["https:\/\/coria.org\/ayuntamiento\/wp-content\/uploads\/2019\/07\/tdt-19-500x500.jpg",500,500,true],"meccarouselthumb":["https:\/\/coria.org\/ayuntamiento\/wp-content\/uploads\/2019\/07\/tdt-19-474x324.jpg",474,324,true],"gridsquare":["https:\/\/coria.org\/ayuntamiento\/wp-content\/uploads\/2019\/07\/tdt-19-391x260.jpg",391,260,true],"tileview":["https:\/\/coria.org\/ayuntamiento\/wp-content\/uploads\/2019\/07\/tdt-19-300x400.jpg",300,400,true],"1536x1536":["https:\/\/coria.org\/ayuntamiento\/wp-content\/uploads\/2019\/07\/tdt-19-1536x840.jpg",1536,840,true],"2048x2048":["https:\/\/coria.org\/ayuntamiento\/wp-content\/uploads\/2019\/07\/tdt-19.jpg",1906,1042,false]},"uagb_author_info":{"display_name":"ayuntamiento","author_link":"https:\/\/coria.org\/ayuntamiento\/index.php\/author\/ayuntamiento\/"},"uagb_comment_info":0,"uagb_excerpt":"2.600 comunidades de propietarios de C\u00e1ceres deber\u00e1n adaptar sus instalaciones de antenas colectivas, para lo cual dispondr\u00e1n de un plazo de seis meses y de ayudas p\u00fablicas. En el resto de la provincia las actuaciones comenzar\u00e1n a principios del pr\u00f3ximo a\u00f1o. El cambio de frecuencias se produce por la liberaci\u00f3n del Segundo Dividendo Digital, que&hellip;","_links":{"self":[{"href":"https:\/\/coria.org\/ayuntamiento\/index.php\/wp-json\/wp\/v2\/posts\/24146","targetHints":{"allow":["GET"]}}],"collection":[{"href":"https:\/\/coria.org\/ayuntamiento\/index.php\/wp-json\/wp\/v2\/posts"}],"about":[{"href":"https:\/\/coria.org\/ayuntamiento\/index.php\/wp-json\/wp\/v2\/types\/post"}],"author":[{"embeddable":true,"href":"https:\/\/coria.org\/ayuntamiento\/index.php\/wp-json\/wp\/v2\/users\/2"}],"replies":[{"embeddable":true,"href":"https:\/\/coria.org\/ayuntamiento\/index.php\/wp-json\/wp\/v2\/comments?post=24146"}],"version-history":[{"count":0,"href":"https:\/\/coria.org\/ayuntamiento\/index.php\/wp-json\/wp\/v2\/posts\/24146\/revisions"}],"wp:featuredmedia":[{"embeddable":true,"href":"https:\/\/coria.org\/ayuntamiento\/index.php\/wp-json\/wp\/v2\/media\/60145"}],"wp:attachment":[{"href":"https:\/\/coria.org\/ayuntamiento\/index.php\/wp-json\/wp\/v2\/media?parent=24146"}],"wp:term":[{"taxonomy":"category","embeddable":true,"href":"https:\/\/coria.org\/ayuntamiento\/index.php\/wp-json\/wp\/v2\/categories?post=24146"},{"taxonomy":"post_tag","embeddable":true,"href":"https:\/\/coria.org\/ayuntamiento\/index.php\/wp-json\/wp\/v2\/tags?post=24146"}],"curies":[{"name":"wp","href":"https:\/\/api.w.org\/{rel}","templated":true}]}}