{"id":24145,"date":"2019-07-25T00:00:00","date_gmt":"2019-07-25T00:00:00","guid":{"rendered":"https:\/\/ayuntamiento.coriaenimagenes.com\/el-descenso-del-rio-alagon-amplia-el-plazo-de-inscripcion-hasta-el-martes-30-de-julio\/"},"modified":"2024-03-12T11:23:43","modified_gmt":"2024-03-12T10:23:43","slug":"el-descenso-del-rio-alagon-amplia-el-plazo-de-inscripcion-hasta-el-martes-30-de-julio","status":"publish","type":"post","link":"https:\/\/coria.org\/ayuntamiento\/index.php\/2019\/07\/25\/el-descenso-del-rio-alagon-amplia-el-plazo-de-inscripcion-hasta-el-martes-30-de-julio\/","title":{"rendered":"El Descenso del R\u00edo Alag\u00f3n ampl\u00eda el plazo de inscripci\u00f3n hasta el martes 30 de julio"},"content":{"rendered":"\n<p>EL Ayuntamiento de Coria, informa que el plazo de inscripci\u00f3n para la XII edici\u00f3n del Descenso del R\u00edo Alag\u00f3n se amplia hasta el martes d\u00eda 30 de julio del presente.<\/p>\n\n\n\n<figure class=\"wp-block-image alignleft size-full\"><img loading=\"lazy\" decoding=\"async\" width=\"800\" height=\"600\" src=\"https:\/\/coria.org\/ayuntamiento\/wp-content\/uploads\/2024\/03\/descenso-12-2.jpg\" alt=\"\" class=\"wp-image-60142\" srcset=\"https:\/\/coria.org\/ayuntamiento\/wp-content\/uploads\/2024\/03\/descenso-12-2.jpg 800w, https:\/\/coria.org\/ayuntamiento\/wp-content\/uploads\/2024\/03\/descenso-12-2-300x225.jpg 300w, https:\/\/coria.org\/ayuntamiento\/wp-content\/uploads\/2024\/03\/descenso-12-2-768x576.jpg 768w\" sizes=\"auto, (max-width: 800px) 100vw, 800px\" \/><\/figure>\n\n\n\n<p>Ya quedan pocos d\u00edas para la llegada de una de las actividad m\u00e1s esperadas por aquellos aventureros que le gustan las emociones, vivir experiencias \u00fanicas, y pasar un d\u00eda a lo grande. El XII Descenso del R\u00edo Alag\u00f3n es una de las actividades deportivo-recreativas m\u00e1s demanda del verano en la Ciudad de Coria. <\/p>\n\n\n\n<p>El evento, que forma parte del programa Circuito de Aguas Dulces desarrollado por la Direcci\u00f3n General de Deportes de la Junta de Extremadura, se ha consolidado como uno de las pruebas deportivas de turismo activo m\u00e1s atrayente y divertida del Norte de Extremadura, realizada en un escenario incomparable como es el Valle del Alag\u00f3n.<\/p>\n\n\n\n<p>Este producto l\u00fadico-deportivo tan peculiar y popular, est\u00e1 pensado para disfrutar de un atractivo d\u00eda de convivencia festiva realizando un descenso por uno de los tramos del r\u00edo Alag\u00f3n a trav\u00e9s del uso de embarcaciones sin motor, caso de canoas, piraguas y\/o kayaks, con la finalidad primordial de poner en valor, tanto nuestro rico entorno natural, como nuestros variados recursos tur\u00edsticos, al objeto de promocionar el turismo activo de la ciudad, adem\u00e1s de promover la sensibilizaci\u00f3n sobre su cuidado y su existencia entre todos los participantes.<\/p>\n\n\n\n<p>El Descenso R\u00edo Alag\u00f3n, cuyo itinerario discurre desde el \u00abPuente de la Macarrona\u00bb (Riolobos) hasta la misma Ciudad de Coria coincidiendo con el \u00abPuente de Hierro\u00bb, que sirve a modo de meta, tiene como fecha de celebraci\u00f3n el primer domingo del mes de agosto (Domingo, 4 de Agosto de 2019), con un recorrido de 18,8 km., aproximadamente, y una duraci\u00f3n de 4,5 horas. <\/p>\n\n\n\n<p>Las inscripciones se podr\u00e1n formalizar \u00fanicamente por v\u00eda on-line, seg\u00fan los formularios de inscripci\u00f3n que establezca la Organizaci\u00f3n publicados en la web de la prueba http:\/\/descensorioalagon.blogspot.com.<\/p>\n\n\n\n<p>Esta edici\u00f3n contar\u00e1 tambi\u00e9n con la reducci\u00f3n de la cuota de inscripci\u00f3n de un 25%, en este sentido, todas aquellas personas que deseen participar deber\u00e1n pagar 33 euros para aquellos que no disponen de embarcaci\u00f3n, que incluye: embarcaci\u00f3n, remo, chaleco salvavidas, transporte de la embarcaci\u00f3n y del participante hasta la salida del descenso, seguro deportivo, bolsa conmemorativa, pulsera identificativa y avituallamiento a mitad del recorrido. La cuota para aquellos que dispongan de embarcaci\u00f3n ser\u00e1 de 10 euros.<\/p>\n\n\n\n<p><strong>Toda la informaci\u00f3n en el blog de deportes: <a href=\"http:\/\/deportescoria.blogspot.com\">deportescoria.blogspot.com<\/a> . <\/strong><\/p>\n","protected":false},"excerpt":{"rendered":"<p>EL Ayuntamiento de Coria, informa que el plazo de inscripci\u00f3n para la XII edici\u00f3n del Descenso del R\u00edo Alag\u00f3n se amplia hasta el martes d\u00eda 30 de julio del presente. Ya quedan pocos d\u00edas para la llegada de una de las actividad m\u00e1s esperadas por aquellos aventureros que le gustan las emociones, vivir experiencias \u00fanicas, [&hellip;]<\/p>\n","protected":false},"author":2,"featured_media":60142,"comment_status":"closed","ping_status":"closed","sticky":false,"template":"","format":"standard","meta":{"_uag_custom_page_level_css":"","footnotes":""},"categories":[2],"tags":[3,4],"class_list":["post-24145","post","type-post","status-publish","format-standard","has-post-thumbnail","hentry","category-noticias","tag-coria","tag-extremadura"],"yoast_head":"<!-- This site is optimized with the Yoast SEO plugin v27.4 - https:\/\/yoast.com\/product\/yoast-seo-wordpress\/ -->\n<title>El Descenso del R\u00edo Alag\u00f3n ampl\u00eda el plazo de inscripci\u00f3n hasta el martes 30 de julio - Ayuntamiento de Coria<\/title>\n<meta name=\"robots\" content=\"index, follow, max-snippet:-1, max-image-preview:large, max-video-preview:-1\" \/>\n<link rel=\"canonical\" href=\"https:\/\/coria.org\/ayuntamiento\/index.php\/2019\/07\/25\/el-descenso-del-rio-alagon-amplia-el-plazo-de-inscripcion-hasta-el-martes-30-de-julio\/\" \/>\n<meta property=\"og:locale\" content=\"es_ES\" \/>\n<meta property=\"og:type\" content=\"article\" \/>\n<meta property=\"og:title\" content=\"El Descenso del R\u00edo Alag\u00f3n ampl\u00eda el plazo de inscripci\u00f3n hasta el martes 30 de julio - Ayuntamiento de Coria\" \/>\n<meta property=\"og:description\" content=\"EL Ayuntamiento de Coria, informa que el plazo de inscripci\u00f3n para la XII edici\u00f3n del Descenso del R\u00edo Alag\u00f3n se amplia hasta el martes d\u00eda 30 de julio del presente. Ya quedan pocos d\u00edas para la llegada de una de las actividad m\u00e1s esperadas por aquellos aventureros que le gustan las emociones, vivir experiencias \u00fanicas, [&hellip;]\" \/>\n<meta property=\"og:url\" content=\"https:\/\/coria.org\/ayuntamiento\/index.php\/2019\/07\/25\/el-descenso-del-rio-alagon-amplia-el-plazo-de-inscripcion-hasta-el-martes-30-de-julio\/\" \/>\n<meta property=\"og:site_name\" content=\"Ayuntamiento de Coria\" \/>\n<meta property=\"article:publisher\" content=\"https:\/\/www.facebook.com\/Ayuntamiento.de.Coria\" \/>\n<meta property=\"article:published_time\" content=\"2019-07-25T00:00:00+00:00\" \/>\n<meta property=\"article:modified_time\" content=\"2024-03-12T10:23:43+00:00\" \/>\n<meta property=\"og:image\" content=\"https:\/\/coria.org\/ayuntamiento\/wp-content\/uploads\/2024\/03\/descenso-12-2.jpg\" \/>\n\t<meta property=\"og:image:width\" content=\"800\" \/>\n\t<meta property=\"og:image:height\" content=\"600\" \/>\n\t<meta property=\"og:image:type\" content=\"image\/jpeg\" \/>\n<meta name=\"author\" content=\"ayuntamiento\" \/>\n<meta name=\"twitter:card\" content=\"summary_large_image\" \/>\n<meta name=\"twitter:creator\" content=\"@Ayto_de_Coria\" \/>\n<meta name=\"twitter:site\" content=\"@Ayto_de_Coria\" \/>\n<meta name=\"twitter:label1\" content=\"Escrito por\" \/>\n\t<meta name=\"twitter:data1\" content=\"ayuntamiento\" \/>\n\t<meta name=\"twitter:label2\" content=\"Tiempo de lectura\" \/>\n\t<meta name=\"twitter:data2\" content=\"2 minutos\" \/>\n<script type=\"application\/ld+json\" class=\"yoast-schema-graph\">{\"@context\":\"https:\\\/\\\/schema.org\",\"@graph\":[{\"@type\":\"Article\",\"@id\":\"https:\\\/\\\/coria.org\\\/ayuntamiento\\\/index.php\\\/2019\\\/07\\\/25\\\/el-descenso-del-rio-alagon-amplia-el-plazo-de-inscripcion-hasta-el-martes-30-de-julio\\\/#article\",\"isPartOf\":{\"@id\":\"https:\\\/\\\/coria.org\\\/ayuntamiento\\\/index.php\\\/2019\\\/07\\\/25\\\/el-descenso-del-rio-alagon-amplia-el-plazo-de-inscripcion-hasta-el-martes-30-de-julio\\\/\"},\"author\":{\"name\":\"ayuntamiento\",\"@id\":\"https:\\\/\\\/coria.org\\\/ayuntamiento\\\/#\\\/schema\\\/person\\\/8bd589f0e13e8ae5aa06def7a599d622\"},\"headline\":\"El Descenso del R\u00edo Alag\u00f3n ampl\u00eda el plazo de inscripci\u00f3n hasta el martes 30 de julio\",\"datePublished\":\"2019-07-25T00:00:00+00:00\",\"dateModified\":\"2024-03-12T10:23:43+00:00\",\"mainEntityOfPage\":{\"@id\":\"https:\\\/\\\/coria.org\\\/ayuntamiento\\\/index.php\\\/2019\\\/07\\\/25\\\/el-descenso-del-rio-alagon-amplia-el-plazo-de-inscripcion-hasta-el-martes-30-de-julio\\\/\"},\"wordCount\":456,\"publisher\":{\"@id\":\"https:\\\/\\\/coria.org\\\/ayuntamiento\\\/#organization\"},\"image\":{\"@id\":\"https:\\\/\\\/coria.org\\\/ayuntamiento\\\/index.php\\\/2019\\\/07\\\/25\\\/el-descenso-del-rio-alagon-amplia-el-plazo-de-inscripcion-hasta-el-martes-30-de-julio\\\/#primaryimage\"},\"thumbnailUrl\":\"https:\\\/\\\/coria.org\\\/ayuntamiento\\\/wp-content\\\/uploads\\\/2024\\\/03\\\/descenso-12-2.jpg\",\"keywords\":[\"coria\",\"extremadura\"],\"articleSection\":[\"Noticias\"],\"inLanguage\":\"es\"},{\"@type\":\"WebPage\",\"@id\":\"https:\\\/\\\/coria.org\\\/ayuntamiento\\\/index.php\\\/2019\\\/07\\\/25\\\/el-descenso-del-rio-alagon-amplia-el-plazo-de-inscripcion-hasta-el-martes-30-de-julio\\\/\",\"url\":\"https:\\\/\\\/coria.org\\\/ayuntamiento\\\/index.php\\\/2019\\\/07\\\/25\\\/el-descenso-del-rio-alagon-amplia-el-plazo-de-inscripcion-hasta-el-martes-30-de-julio\\\/\",\"name\":\"El Descenso del R\u00edo Alag\u00f3n ampl\u00eda el plazo de inscripci\u00f3n hasta el martes 30 de julio - Ayuntamiento de Coria\",\"isPartOf\":{\"@id\":\"https:\\\/\\\/coria.org\\\/ayuntamiento\\\/#website\"},\"primaryImageOfPage\":{\"@id\":\"https:\\\/\\\/coria.org\\\/ayuntamiento\\\/index.php\\\/2019\\\/07\\\/25\\\/el-descenso-del-rio-alagon-amplia-el-plazo-de-inscripcion-hasta-el-martes-30-de-julio\\\/#primaryimage\"},\"image\":{\"@id\":\"https:\\\/\\\/coria.org\\\/ayuntamiento\\\/index.php\\\/2019\\\/07\\\/25\\\/el-descenso-del-rio-alagon-amplia-el-plazo-de-inscripcion-hasta-el-martes-30-de-julio\\\/#primaryimage\"},\"thumbnailUrl\":\"https:\\\/\\\/coria.org\\\/ayuntamiento\\\/wp-content\\\/uploads\\\/2024\\\/03\\\/descenso-12-2.jpg\",\"datePublished\":\"2019-07-25T00:00:00+00:00\",\"dateModified\":\"2024-03-12T10:23:43+00:00\",\"breadcrumb\":{\"@id\":\"https:\\\/\\\/coria.org\\\/ayuntamiento\\\/index.php\\\/2019\\\/07\\\/25\\\/el-descenso-del-rio-alagon-amplia-el-plazo-de-inscripcion-hasta-el-martes-30-de-julio\\\/#breadcrumb\"},\"inLanguage\":\"es\",\"potentialAction\":[{\"@type\":\"ReadAction\",\"target\":[\"https:\\\/\\\/coria.org\\\/ayuntamiento\\\/index.php\\\/2019\\\/07\\\/25\\\/el-descenso-del-rio-alagon-amplia-el-plazo-de-inscripcion-hasta-el-martes-30-de-julio\\\/\"]}]},{\"@type\":\"ImageObject\",\"inLanguage\":\"es\",\"@id\":\"https:\\\/\\\/coria.org\\\/ayuntamiento\\\/index.php\\\/2019\\\/07\\\/25\\\/el-descenso-del-rio-alagon-amplia-el-plazo-de-inscripcion-hasta-el-martes-30-de-julio\\\/#primaryimage\",\"url\":\"https:\\\/\\\/coria.org\\\/ayuntamiento\\\/wp-content\\\/uploads\\\/2024\\\/03\\\/descenso-12-2.jpg\",\"contentUrl\":\"https:\\\/\\\/coria.org\\\/ayuntamiento\\\/wp-content\\\/uploads\\\/2024\\\/03\\\/descenso-12-2.jpg\",\"width\":800,\"height\":600},{\"@type\":\"BreadcrumbList\",\"@id\":\"https:\\\/\\\/coria.org\\\/ayuntamiento\\\/index.php\\\/2019\\\/07\\\/25\\\/el-descenso-del-rio-alagon-amplia-el-plazo-de-inscripcion-hasta-el-martes-30-de-julio\\\/#breadcrumb\",\"itemListElement\":[{\"@type\":\"ListItem\",\"position\":1,\"name\":\"Inicio\",\"item\":\"https:\\\/\\\/coria.org\\\/ayuntamiento\\\/\"},{\"@type\":\"ListItem\",\"position\":2,\"name\":\"El Descenso del R\u00edo Alag\u00f3n ampl\u00eda el plazo de inscripci\u00f3n hasta el martes 30 de julio\"}]},{\"@type\":\"WebSite\",\"@id\":\"https:\\\/\\\/coria.org\\\/ayuntamiento\\\/#website\",\"url\":\"https:\\\/\\\/coria.org\\\/ayuntamiento\\\/\",\"name\":\"Ayuntamiento de Coria\",\"description\":\"Web oficial del Ayuntamiento de Coria\",\"publisher\":{\"@id\":\"https:\\\/\\\/coria.org\\\/ayuntamiento\\\/#organization\"},\"alternateName\":\"Web Oficial del Ayuntamiento de Coria\",\"potentialAction\":[{\"@type\":\"SearchAction\",\"target\":{\"@type\":\"EntryPoint\",\"urlTemplate\":\"https:\\\/\\\/coria.org\\\/ayuntamiento\\\/?s={search_term_string}\"},\"query-input\":{\"@type\":\"PropertyValueSpecification\",\"valueRequired\":true,\"valueName\":\"search_term_string\"}}],\"inLanguage\":\"es\"},{\"@type\":\"Organization\",\"@id\":\"https:\\\/\\\/coria.org\\\/ayuntamiento\\\/#organization\",\"name\":\"Ayuntamiento de Coria\",\"alternateName\":\"Ayto de Coria\",\"url\":\"https:\\\/\\\/coria.org\\\/ayuntamiento\\\/\",\"logo\":{\"@type\":\"ImageObject\",\"inLanguage\":\"es\",\"@id\":\"https:\\\/\\\/coria.org\\\/ayuntamiento\\\/#\\\/schema\\\/logo\\\/image\\\/\",\"url\":\"https:\\\/\\\/coria.org\\\/ayuntamiento\\\/wp-content\\\/uploads\\\/2020\\\/12\\\/escudo-ayuntamiento-coria.png\",\"contentUrl\":\"https:\\\/\\\/coria.org\\\/ayuntamiento\\\/wp-content\\\/uploads\\\/2020\\\/12\\\/escudo-ayuntamiento-coria.png\",\"width\":511,\"height\":240,\"caption\":\"Ayuntamiento de Coria\"},\"image\":{\"@id\":\"https:\\\/\\\/coria.org\\\/ayuntamiento\\\/#\\\/schema\\\/logo\\\/image\\\/\"},\"sameAs\":[\"https:\\\/\\\/www.facebook.com\\\/Ayuntamiento.de.Coria\",\"https:\\\/\\\/x.com\\\/Ayto_de_Coria\",\"https:\\\/\\\/www.instagram.com\\\/coria.ayuntamiento\\\/\",\"https:\\\/\\\/www.youtube.com\\\/user\\\/AYUNTAMIENTOCORIA\"]},{\"@type\":\"Person\",\"@id\":\"https:\\\/\\\/coria.org\\\/ayuntamiento\\\/#\\\/schema\\\/person\\\/8bd589f0e13e8ae5aa06def7a599d622\",\"name\":\"ayuntamiento\",\"image\":{\"@type\":\"ImageObject\",\"inLanguage\":\"es\",\"@id\":\"https:\\\/\\\/secure.gravatar.com\\\/avatar\\\/966e5ed73cad334adda5c87f49f2547f7082f7292c1b627cbb548744383b391c?s=96&d=mm&r=g\",\"url\":\"https:\\\/\\\/secure.gravatar.com\\\/avatar\\\/966e5ed73cad334adda5c87f49f2547f7082f7292c1b627cbb548744383b391c?s=96&d=mm&r=g\",\"contentUrl\":\"https:\\\/\\\/secure.gravatar.com\\\/avatar\\\/966e5ed73cad334adda5c87f49f2547f7082f7292c1b627cbb548744383b391c?s=96&d=mm&r=g\",\"caption\":\"ayuntamiento\"}}]}<\/script>\n<!-- \/ Yoast SEO plugin. -->","yoast_head_json":{"title":"El Descenso del R\u00edo Alag\u00f3n ampl\u00eda el plazo de inscripci\u00f3n hasta el martes 30 de julio - Ayuntamiento de Coria","robots":{"index":"index","follow":"follow","max-snippet":"max-snippet:-1","max-image-preview":"max-image-preview:large","max-video-preview":"max-video-preview:-1"},"canonical":"https:\/\/coria.org\/ayuntamiento\/index.php\/2019\/07\/25\/el-descenso-del-rio-alagon-amplia-el-plazo-de-inscripcion-hasta-el-martes-30-de-julio\/","og_locale":"es_ES","og_type":"article","og_title":"El Descenso del R\u00edo Alag\u00f3n ampl\u00eda el plazo de inscripci\u00f3n hasta el martes 30 de julio - Ayuntamiento de Coria","og_description":"EL Ayuntamiento de Coria, informa que el plazo de inscripci\u00f3n para la XII edici\u00f3n del Descenso del R\u00edo Alag\u00f3n se amplia hasta el martes d\u00eda 30 de julio del presente. Ya quedan pocos d\u00edas para la llegada de una de las actividad m\u00e1s esperadas por aquellos aventureros que le gustan las emociones, vivir experiencias \u00fanicas, [&hellip;]","og_url":"https:\/\/coria.org\/ayuntamiento\/index.php\/2019\/07\/25\/el-descenso-del-rio-alagon-amplia-el-plazo-de-inscripcion-hasta-el-martes-30-de-julio\/","og_site_name":"Ayuntamiento de Coria","article_publisher":"https:\/\/www.facebook.com\/Ayuntamiento.de.Coria","article_published_time":"2019-07-25T00:00:00+00:00","article_modified_time":"2024-03-12T10:23:43+00:00","og_image":[{"width":800,"height":600,"url":"https:\/\/coria.org\/ayuntamiento\/wp-content\/uploads\/2024\/03\/descenso-12-2.jpg","type":"image\/jpeg"}],"author":"ayuntamiento","twitter_card":"summary_large_image","twitter_creator":"@Ayto_de_Coria","twitter_site":"@Ayto_de_Coria","twitter_misc":{"Escrito por":"ayuntamiento","Tiempo de lectura":"2 minutos"},"schema":{"@context":"https:\/\/schema.org","@graph":[{"@type":"Article","@id":"https:\/\/coria.org\/ayuntamiento\/index.php\/2019\/07\/25\/el-descenso-del-rio-alagon-amplia-el-plazo-de-inscripcion-hasta-el-martes-30-de-julio\/#article","isPartOf":{"@id":"https:\/\/coria.org\/ayuntamiento\/index.php\/2019\/07\/25\/el-descenso-del-rio-alagon-amplia-el-plazo-de-inscripcion-hasta-el-martes-30-de-julio\/"},"author":{"name":"ayuntamiento","@id":"https:\/\/coria.org\/ayuntamiento\/#\/schema\/person\/8bd589f0e13e8ae5aa06def7a599d622"},"headline":"El Descenso del R\u00edo Alag\u00f3n ampl\u00eda el plazo de inscripci\u00f3n hasta el martes 30 de julio","datePublished":"2019-07-25T00:00:00+00:00","dateModified":"2024-03-12T10:23:43+00:00","mainEntityOfPage":{"@id":"https:\/\/coria.org\/ayuntamiento\/index.php\/2019\/07\/25\/el-descenso-del-rio-alagon-amplia-el-plazo-de-inscripcion-hasta-el-martes-30-de-julio\/"},"wordCount":456,"publisher":{"@id":"https:\/\/coria.org\/ayuntamiento\/#organization"},"image":{"@id":"https:\/\/coria.org\/ayuntamiento\/index.php\/2019\/07\/25\/el-descenso-del-rio-alagon-amplia-el-plazo-de-inscripcion-hasta-el-martes-30-de-julio\/#primaryimage"},"thumbnailUrl":"https:\/\/coria.org\/ayuntamiento\/wp-content\/uploads\/2024\/03\/descenso-12-2.jpg","keywords":["coria","extremadura"],"articleSection":["Noticias"],"inLanguage":"es"},{"@type":"WebPage","@id":"https:\/\/coria.org\/ayuntamiento\/index.php\/2019\/07\/25\/el-descenso-del-rio-alagon-amplia-el-plazo-de-inscripcion-hasta-el-martes-30-de-julio\/","url":"https:\/\/coria.org\/ayuntamiento\/index.php\/2019\/07\/25\/el-descenso-del-rio-alagon-amplia-el-plazo-de-inscripcion-hasta-el-martes-30-de-julio\/","name":"El Descenso del R\u00edo Alag\u00f3n ampl\u00eda el plazo de inscripci\u00f3n hasta el martes 30 de julio - Ayuntamiento de Coria","isPartOf":{"@id":"https:\/\/coria.org\/ayuntamiento\/#website"},"primaryImageOfPage":{"@id":"https:\/\/coria.org\/ayuntamiento\/index.php\/2019\/07\/25\/el-descenso-del-rio-alagon-amplia-el-plazo-de-inscripcion-hasta-el-martes-30-de-julio\/#primaryimage"},"image":{"@id":"https:\/\/coria.org\/ayuntamiento\/index.php\/2019\/07\/25\/el-descenso-del-rio-alagon-amplia-el-plazo-de-inscripcion-hasta-el-martes-30-de-julio\/#primaryimage"},"thumbnailUrl":"https:\/\/coria.org\/ayuntamiento\/wp-content\/uploads\/2024\/03\/descenso-12-2.jpg","datePublished":"2019-07-25T00:00:00+00:00","dateModified":"2024-03-12T10:23:43+00:00","breadcrumb":{"@id":"https:\/\/coria.org\/ayuntamiento\/index.php\/2019\/07\/25\/el-descenso-del-rio-alagon-amplia-el-plazo-de-inscripcion-hasta-el-martes-30-de-julio\/#breadcrumb"},"inLanguage":"es","potentialAction":[{"@type":"ReadAction","target":["https:\/\/coria.org\/ayuntamiento\/index.php\/2019\/07\/25\/el-descenso-del-rio-alagon-amplia-el-plazo-de-inscripcion-hasta-el-martes-30-de-julio\/"]}]},{"@type":"ImageObject","inLanguage":"es","@id":"https:\/\/coria.org\/ayuntamiento\/index.php\/2019\/07\/25\/el-descenso-del-rio-alagon-amplia-el-plazo-de-inscripcion-hasta-el-martes-30-de-julio\/#primaryimage","url":"https:\/\/coria.org\/ayuntamiento\/wp-content\/uploads\/2024\/03\/descenso-12-2.jpg","contentUrl":"https:\/\/coria.org\/ayuntamiento\/wp-content\/uploads\/2024\/03\/descenso-12-2.jpg","width":800,"height":600},{"@type":"BreadcrumbList","@id":"https:\/\/coria.org\/ayuntamiento\/index.php\/2019\/07\/25\/el-descenso-del-rio-alagon-amplia-el-plazo-de-inscripcion-hasta-el-martes-30-de-julio\/#breadcrumb","itemListElement":[{"@type":"ListItem","position":1,"name":"Inicio","item":"https:\/\/coria.org\/ayuntamiento\/"},{"@type":"ListItem","position":2,"name":"El Descenso del R\u00edo Alag\u00f3n ampl\u00eda el plazo de inscripci\u00f3n hasta el martes 30 de julio"}]},{"@type":"WebSite","@id":"https:\/\/coria.org\/ayuntamiento\/#website","url":"https:\/\/coria.org\/ayuntamiento\/","name":"Ayuntamiento de Coria","description":"Web oficial del Ayuntamiento de Coria","publisher":{"@id":"https:\/\/coria.org\/ayuntamiento\/#organization"},"alternateName":"Web Oficial del Ayuntamiento de Coria","potentialAction":[{"@type":"SearchAction","target":{"@type":"EntryPoint","urlTemplate":"https:\/\/coria.org\/ayuntamiento\/?s={search_term_string}"},"query-input":{"@type":"PropertyValueSpecification","valueRequired":true,"valueName":"search_term_string"}}],"inLanguage":"es"},{"@type":"Organization","@id":"https:\/\/coria.org\/ayuntamiento\/#organization","name":"Ayuntamiento de Coria","alternateName":"Ayto de Coria","url":"https:\/\/coria.org\/ayuntamiento\/","logo":{"@type":"ImageObject","inLanguage":"es","@id":"https:\/\/coria.org\/ayuntamiento\/#\/schema\/logo\/image\/","url":"https:\/\/coria.org\/ayuntamiento\/wp-content\/uploads\/2020\/12\/escudo-ayuntamiento-coria.png","contentUrl":"https:\/\/coria.org\/ayuntamiento\/wp-content\/uploads\/2020\/12\/escudo-ayuntamiento-coria.png","width":511,"height":240,"caption":"Ayuntamiento de Coria"},"image":{"@id":"https:\/\/coria.org\/ayuntamiento\/#\/schema\/logo\/image\/"},"sameAs":["https:\/\/www.facebook.com\/Ayuntamiento.de.Coria","https:\/\/x.com\/Ayto_de_Coria","https:\/\/www.instagram.com\/coria.ayuntamiento\/","https:\/\/www.youtube.com\/user\/AYUNTAMIENTOCORIA"]},{"@type":"Person","@id":"https:\/\/coria.org\/ayuntamiento\/#\/schema\/person\/8bd589f0e13e8ae5aa06def7a599d622","name":"ayuntamiento","image":{"@type":"ImageObject","inLanguage":"es","@id":"https:\/\/secure.gravatar.com\/avatar\/966e5ed73cad334adda5c87f49f2547f7082f7292c1b627cbb548744383b391c?s=96&d=mm&r=g","url":"https:\/\/secure.gravatar.com\/avatar\/966e5ed73cad334adda5c87f49f2547f7082f7292c1b627cbb548744383b391c?s=96&d=mm&r=g","contentUrl":"https:\/\/secure.gravatar.com\/avatar\/966e5ed73cad334adda5c87f49f2547f7082f7292c1b627cbb548744383b391c?s=96&d=mm&r=g","caption":"ayuntamiento"}}]}},"uagb_featured_image_src":{"full":["https:\/\/coria.org\/ayuntamiento\/wp-content\/uploads\/2024\/03\/descenso-12-2.jpg",800,600,false],"thumbnail":["https:\/\/coria.org\/ayuntamiento\/wp-content\/uploads\/2024\/03\/descenso-12-2-150x150.jpg",150,150,true],"medium":["https:\/\/coria.org\/ayuntamiento\/wp-content\/uploads\/2024\/03\/descenso-12-2-300x225.jpg",300,225,true],"medium_large":["https:\/\/coria.org\/ayuntamiento\/wp-content\/uploads\/2024\/03\/descenso-12-2-768x576.jpg",768,576,true],"large":["https:\/\/coria.org\/ayuntamiento\/wp-content\/uploads\/2024\/03\/descenso-12-2.jpg",800,600,false],"thumblist":["https:\/\/coria.org\/ayuntamiento\/wp-content\/uploads\/2024\/03\/descenso-12-2-300x300.jpg",300,300,true],"thumbrelated":["https:\/\/coria.org\/ayuntamiento\/wp-content\/uploads\/2024\/03\/descenso-12-2-500x500.jpg",500,500,true],"meccarouselthumb":["https:\/\/coria.org\/ayuntamiento\/wp-content\/uploads\/2024\/03\/descenso-12-2-474x324.jpg",474,324,true],"gridsquare":["https:\/\/coria.org\/ayuntamiento\/wp-content\/uploads\/2024\/03\/descenso-12-2-391x260.jpg",391,260,true],"tileview":["https:\/\/coria.org\/ayuntamiento\/wp-content\/uploads\/2024\/03\/descenso-12-2-300x400.jpg",300,400,true],"1536x1536":["https:\/\/coria.org\/ayuntamiento\/wp-content\/uploads\/2024\/03\/descenso-12-2.jpg",800,600,false],"2048x2048":["https:\/\/coria.org\/ayuntamiento\/wp-content\/uploads\/2024\/03\/descenso-12-2.jpg",800,600,false]},"uagb_author_info":{"display_name":"ayuntamiento","author_link":"https:\/\/coria.org\/ayuntamiento\/index.php\/author\/ayuntamiento\/"},"uagb_comment_info":0,"uagb_excerpt":"EL Ayuntamiento de Coria, informa que el plazo de inscripci\u00f3n para la XII edici\u00f3n del Descenso del R\u00edo Alag\u00f3n se amplia hasta el martes d\u00eda 30 de julio del presente. Ya quedan pocos d\u00edas para la llegada de una de las actividad m\u00e1s esperadas por aquellos aventureros que le gustan las emociones, vivir experiencias \u00fanicas,&hellip;","_links":{"self":[{"href":"https:\/\/coria.org\/ayuntamiento\/index.php\/wp-json\/wp\/v2\/posts\/24145","targetHints":{"allow":["GET"]}}],"collection":[{"href":"https:\/\/coria.org\/ayuntamiento\/index.php\/wp-json\/wp\/v2\/posts"}],"about":[{"href":"https:\/\/coria.org\/ayuntamiento\/index.php\/wp-json\/wp\/v2\/types\/post"}],"author":[{"embeddable":true,"href":"https:\/\/coria.org\/ayuntamiento\/index.php\/wp-json\/wp\/v2\/users\/2"}],"replies":[{"embeddable":true,"href":"https:\/\/coria.org\/ayuntamiento\/index.php\/wp-json\/wp\/v2\/comments?post=24145"}],"version-history":[{"count":0,"href":"https:\/\/coria.org\/ayuntamiento\/index.php\/wp-json\/wp\/v2\/posts\/24145\/revisions"}],"wp:featuredmedia":[{"embeddable":true,"href":"https:\/\/coria.org\/ayuntamiento\/index.php\/wp-json\/wp\/v2\/media\/60142"}],"wp:attachment":[{"href":"https:\/\/coria.org\/ayuntamiento\/index.php\/wp-json\/wp\/v2\/media?parent=24145"}],"wp:term":[{"taxonomy":"category","embeddable":true,"href":"https:\/\/coria.org\/ayuntamiento\/index.php\/wp-json\/wp\/v2\/categories?post=24145"},{"taxonomy":"post_tag","embeddable":true,"href":"https:\/\/coria.org\/ayuntamiento\/index.php\/wp-json\/wp\/v2\/tags?post=24145"}],"curies":[{"name":"wp","href":"https:\/\/api.w.org\/{rel}","templated":true}]}}