{"id":23917,"date":"2020-05-28T00:00:00","date_gmt":"2020-05-28T00:00:00","guid":{"rendered":"https:\/\/ayuntamiento.coriaenimagenes.com\/la-diputacion-condiciona-al-ayuntamiento-la-manera-de-contratar-al-personal-bajo-una-subvencion-para-la-creacion-de-empleo\/"},"modified":"2024-03-04T13:44:49","modified_gmt":"2024-03-04T12:44:49","slug":"la-diputacion-condiciona-al-ayuntamiento-la-manera-de-contratar-al-personal-bajo-una-subvencion-para-la-creacion-de-empleo","status":"publish","type":"post","link":"https:\/\/coria.org\/ayuntamiento\/index.php\/2020\/05\/28\/la-diputacion-condiciona-al-ayuntamiento-la-manera-de-contratar-al-personal-bajo-una-subvencion-para-la-creacion-de-empleo\/","title":{"rendered":"La Diputaci\u00f3n condiciona al Ayuntamiento la manera de contratar al personal bajo una subvenci\u00f3n para la creaci\u00f3n de empleo"},"content":{"rendered":"\n<p>Ballestero lamenta que la Diputaci\u00f3n condicione y obligue a todos los ayuntamientos a poner una cantidad importante de dinero y si alg\u00fan ayuntamiento no pudiera hacer frente a ese gasto se quedar\u00eda sin la subvenci\u00f3n del Plan Re-Activa.\u00bbA Coria le corresponden 119.700 euros que solo servir\u00e1n para pagar las n\u00f3minas ajustadas al SMI y por 6 meses, el Ayuntamiento de Coria y, seg\u00fan el departamento de personal, tiene que aportar 73.000 euros\u00bb<\/p>\n\n\n<figure class=\"wp-block-post-featured-image\"><img loading=\"lazy\" decoding=\"async\" width=\"2048\" height=\"1364\" src=\"https:\/\/coria.org\/ayuntamiento\/wp-content\/uploads\/2020\/05\/rdp-plan-activa.jpg\" class=\"attachment-post-thumbnail size-post-thumbnail wp-post-image\" alt=\"\" style=\"object-fit:cover;\" srcset=\"https:\/\/coria.org\/ayuntamiento\/wp-content\/uploads\/2020\/05\/rdp-plan-activa.jpg 2048w, https:\/\/coria.org\/ayuntamiento\/wp-content\/uploads\/2020\/05\/rdp-plan-activa-300x200.jpg 300w, https:\/\/coria.org\/ayuntamiento\/wp-content\/uploads\/2020\/05\/rdp-plan-activa-1024x682.jpg 1024w, https:\/\/coria.org\/ayuntamiento\/wp-content\/uploads\/2020\/05\/rdp-plan-activa-768x512.jpg 768w, https:\/\/coria.org\/ayuntamiento\/wp-content\/uploads\/2020\/05\/rdp-plan-activa-391x260.jpg 391w, https:\/\/coria.org\/ayuntamiento\/wp-content\/uploads\/2020\/05\/rdp-plan-activa-1536x1023.jpg 1536w\" sizes=\"auto, (max-width: 2048px) 100vw, 2048px\" \/><\/figure>\n\n\n<p>En referencia a la publicaci\u00f3n el pasado d\u00eda 26 de mayo en el BOP, de las bases de la convocatoria de subvenciones que recibir\u00e1n todos los ayuntamientos por parte de Diputaci\u00f3n Provincial destinadas a financiar la creaci\u00f3n de empleo como respuesta a la crisis sanitaria del Covid-19, y que el Ayuntamiento de Coria recibir\u00e1 119.700 euros, el Alcalde de Coria, Jos\u00e9 Manuel Garc\u00eda Ballestero, afirma que el Ayuntamiento concurrir\u00e1 a la participaci\u00f3n de esta subvenci\u00f3n pero aclara que a los 119.700 euros que corresponden al consistorio cauriense, \u00e9ste debe a\u00f1adir de las arcas municipales, disponga o no de ese dinero, un total de 72.388,58 euros. <\/p>\n\n\n\n<p>En las bases aparece publicado que ser\u00e1n subvencionables todos los gastos salariales derivados de las contrataciones pero no indican que el ayuntamiento debe aportar una cantidad importante, 72,388,58 euros. Ballestero recalca que Diputaci\u00f3n pagar\u00eda el salario base que ser\u00eda un total de 950 euros pero el ayuntamiento tendr\u00eda que correr con los gastos de Seguridad Social, paga extra e indemnizaci\u00f3n de cada uno de los puestos ofertados que ser\u00eda un total de 21 a jornada completa.<\/p>\n\n\n\n<p>Adem\u00e1s, el primer edil, lamenta que sea Diputaci\u00f3n quien tenga que poner las condiciones y obligue a los ayuntamientos a sumar de los recursos propios, dispongan o no de ellos, para concurrir a esta convocatoria y realizar modificaciones presupuestarias para poder hacer frente a dichas contrataciones legalmente. <\/p>\n\n\n\n<p>Para finalizar, el Alcalde, en referencia a la petici\u00f3n del Grupo Socialista Local, apunta que \u00abno es ni mas ni menos que a lo que nos obliga Diputaci\u00f3n a hacer, un corta y pega de lo que est\u00e1 recogido en las mismas bases\u00bb. Ballestero afirma que el Ayuntamiento decidir\u00e1, dependiendo de las necesidades, donde contratar a las 21 personas con esta subvenci\u00f3n, dentro de los requisitos que obliga la Diputaci\u00f3n Provincial. <\/p>\n","protected":false},"excerpt":{"rendered":"<p>Ballestero lamenta que la Diputaci\u00f3n condicione y obligue a todos los ayuntamientos a poner una cantidad importante de dinero y si alg\u00fan ayuntamiento no pudiera hacer frente a ese gasto se quedar\u00eda sin la subvenci\u00f3n del Plan Re-Activa.\u00bbA Coria le corresponden 119.700 euros que solo servir\u00e1n para pagar las n\u00f3minas ajustadas al SMI y por [&hellip;]<\/p>\n","protected":false},"author":2,"featured_media":59552,"comment_status":"closed","ping_status":"closed","sticky":false,"template":"","format":"standard","meta":{"_uag_custom_page_level_css":"","footnotes":""},"categories":[2],"tags":[3,4],"class_list":["post-23917","post","type-post","status-publish","format-standard","has-post-thumbnail","hentry","category-noticias","tag-coria","tag-extremadura"],"yoast_head":"<!-- This site is optimized with the Yoast SEO plugin v27.5 - https:\/\/yoast.com\/product\/yoast-seo-wordpress\/ -->\n<title>La Diputaci\u00f3n condiciona al Ayuntamiento la manera de contratar al personal bajo una subvenci\u00f3n para la creaci\u00f3n de empleo - Ayuntamiento de Coria<\/title>\n<meta name=\"robots\" content=\"index, follow, max-snippet:-1, max-image-preview:large, max-video-preview:-1\" \/>\n<link rel=\"canonical\" href=\"https:\/\/coria.org\/ayuntamiento\/index.php\/2020\/05\/28\/la-diputacion-condiciona-al-ayuntamiento-la-manera-de-contratar-al-personal-bajo-una-subvencion-para-la-creacion-de-empleo\/\" \/>\n<meta property=\"og:locale\" content=\"es_ES\" \/>\n<meta property=\"og:type\" content=\"article\" \/>\n<meta property=\"og:title\" content=\"La Diputaci\u00f3n condiciona al Ayuntamiento la manera de contratar al personal bajo una subvenci\u00f3n para la creaci\u00f3n de empleo - Ayuntamiento de Coria\" \/>\n<meta property=\"og:description\" content=\"Ballestero lamenta que la Diputaci\u00f3n condicione y obligue a todos los ayuntamientos a poner una cantidad importante de dinero y si alg\u00fan ayuntamiento no pudiera hacer frente a ese gasto se quedar\u00eda sin la subvenci\u00f3n del Plan Re-Activa.\u00bbA Coria le corresponden 119.700 euros que solo servir\u00e1n para pagar las n\u00f3minas ajustadas al SMI y por [&hellip;]\" \/>\n<meta property=\"og:url\" content=\"https:\/\/coria.org\/ayuntamiento\/index.php\/2020\/05\/28\/la-diputacion-condiciona-al-ayuntamiento-la-manera-de-contratar-al-personal-bajo-una-subvencion-para-la-creacion-de-empleo\/\" \/>\n<meta property=\"og:site_name\" content=\"Ayuntamiento de Coria\" \/>\n<meta property=\"article:publisher\" content=\"https:\/\/www.facebook.com\/Ayuntamiento.de.Coria\" \/>\n<meta property=\"article:published_time\" content=\"2020-05-28T00:00:00+00:00\" \/>\n<meta property=\"article:modified_time\" content=\"2024-03-04T12:44:49+00:00\" \/>\n<meta property=\"og:image\" content=\"https:\/\/coria.org\/ayuntamiento\/wp-content\/uploads\/2020\/05\/rdp-plan-activa.jpg\" \/>\n\t<meta property=\"og:image:width\" content=\"2048\" \/>\n\t<meta property=\"og:image:height\" content=\"1364\" \/>\n\t<meta property=\"og:image:type\" content=\"image\/jpeg\" \/>\n<meta name=\"author\" content=\"ayuntamiento\" \/>\n<meta name=\"twitter:card\" content=\"summary_large_image\" \/>\n<meta name=\"twitter:creator\" content=\"@Ayto_de_Coria\" \/>\n<meta name=\"twitter:site\" content=\"@Ayto_de_Coria\" \/>\n<meta name=\"twitter:label1\" content=\"Escrito por\" \/>\n\t<meta name=\"twitter:data1\" content=\"ayuntamiento\" \/>\n\t<meta name=\"twitter:label2\" content=\"Tiempo de lectura\" \/>\n\t<meta name=\"twitter:data2\" content=\"2 minutos\" \/>\n<script type=\"application\/ld+json\" class=\"yoast-schema-graph\">{\"@context\":\"https:\\\/\\\/schema.org\",\"@graph\":[{\"@type\":\"Article\",\"@id\":\"https:\\\/\\\/coria.org\\\/ayuntamiento\\\/index.php\\\/2020\\\/05\\\/28\\\/la-diputacion-condiciona-al-ayuntamiento-la-manera-de-contratar-al-personal-bajo-una-subvencion-para-la-creacion-de-empleo\\\/#article\",\"isPartOf\":{\"@id\":\"https:\\\/\\\/coria.org\\\/ayuntamiento\\\/index.php\\\/2020\\\/05\\\/28\\\/la-diputacion-condiciona-al-ayuntamiento-la-manera-de-contratar-al-personal-bajo-una-subvencion-para-la-creacion-de-empleo\\\/\"},\"author\":{\"name\":\"ayuntamiento\",\"@id\":\"https:\\\/\\\/coria.org\\\/ayuntamiento\\\/#\\\/schema\\\/person\\\/8bd589f0e13e8ae5aa06def7a599d622\"},\"headline\":\"La Diputaci\u00f3n condiciona al Ayuntamiento la manera de contratar al personal bajo una subvenci\u00f3n para la creaci\u00f3n de empleo\",\"datePublished\":\"2020-05-28T00:00:00+00:00\",\"dateModified\":\"2024-03-04T12:44:49+00:00\",\"mainEntityOfPage\":{\"@id\":\"https:\\\/\\\/coria.org\\\/ayuntamiento\\\/index.php\\\/2020\\\/05\\\/28\\\/la-diputacion-condiciona-al-ayuntamiento-la-manera-de-contratar-al-personal-bajo-una-subvencion-para-la-creacion-de-empleo\\\/\"},\"wordCount\":412,\"publisher\":{\"@id\":\"https:\\\/\\\/coria.org\\\/ayuntamiento\\\/#organization\"},\"image\":{\"@id\":\"https:\\\/\\\/coria.org\\\/ayuntamiento\\\/index.php\\\/2020\\\/05\\\/28\\\/la-diputacion-condiciona-al-ayuntamiento-la-manera-de-contratar-al-personal-bajo-una-subvencion-para-la-creacion-de-empleo\\\/#primaryimage\"},\"thumbnailUrl\":\"https:\\\/\\\/coria.org\\\/ayuntamiento\\\/wp-content\\\/uploads\\\/2020\\\/05\\\/rdp-plan-activa.jpg\",\"keywords\":[\"coria\",\"extremadura\"],\"articleSection\":[\"Noticias\"],\"inLanguage\":\"es\"},{\"@type\":\"WebPage\",\"@id\":\"https:\\\/\\\/coria.org\\\/ayuntamiento\\\/index.php\\\/2020\\\/05\\\/28\\\/la-diputacion-condiciona-al-ayuntamiento-la-manera-de-contratar-al-personal-bajo-una-subvencion-para-la-creacion-de-empleo\\\/\",\"url\":\"https:\\\/\\\/coria.org\\\/ayuntamiento\\\/index.php\\\/2020\\\/05\\\/28\\\/la-diputacion-condiciona-al-ayuntamiento-la-manera-de-contratar-al-personal-bajo-una-subvencion-para-la-creacion-de-empleo\\\/\",\"name\":\"La Diputaci\u00f3n condiciona al Ayuntamiento la manera de contratar al personal bajo una subvenci\u00f3n para la creaci\u00f3n de empleo - Ayuntamiento de Coria\",\"isPartOf\":{\"@id\":\"https:\\\/\\\/coria.org\\\/ayuntamiento\\\/#website\"},\"primaryImageOfPage\":{\"@id\":\"https:\\\/\\\/coria.org\\\/ayuntamiento\\\/index.php\\\/2020\\\/05\\\/28\\\/la-diputacion-condiciona-al-ayuntamiento-la-manera-de-contratar-al-personal-bajo-una-subvencion-para-la-creacion-de-empleo\\\/#primaryimage\"},\"image\":{\"@id\":\"https:\\\/\\\/coria.org\\\/ayuntamiento\\\/index.php\\\/2020\\\/05\\\/28\\\/la-diputacion-condiciona-al-ayuntamiento-la-manera-de-contratar-al-personal-bajo-una-subvencion-para-la-creacion-de-empleo\\\/#primaryimage\"},\"thumbnailUrl\":\"https:\\\/\\\/coria.org\\\/ayuntamiento\\\/wp-content\\\/uploads\\\/2020\\\/05\\\/rdp-plan-activa.jpg\",\"datePublished\":\"2020-05-28T00:00:00+00:00\",\"dateModified\":\"2024-03-04T12:44:49+00:00\",\"breadcrumb\":{\"@id\":\"https:\\\/\\\/coria.org\\\/ayuntamiento\\\/index.php\\\/2020\\\/05\\\/28\\\/la-diputacion-condiciona-al-ayuntamiento-la-manera-de-contratar-al-personal-bajo-una-subvencion-para-la-creacion-de-empleo\\\/#breadcrumb\"},\"inLanguage\":\"es\",\"potentialAction\":[{\"@type\":\"ReadAction\",\"target\":[\"https:\\\/\\\/coria.org\\\/ayuntamiento\\\/index.php\\\/2020\\\/05\\\/28\\\/la-diputacion-condiciona-al-ayuntamiento-la-manera-de-contratar-al-personal-bajo-una-subvencion-para-la-creacion-de-empleo\\\/\"]}]},{\"@type\":\"ImageObject\",\"inLanguage\":\"es\",\"@id\":\"https:\\\/\\\/coria.org\\\/ayuntamiento\\\/index.php\\\/2020\\\/05\\\/28\\\/la-diputacion-condiciona-al-ayuntamiento-la-manera-de-contratar-al-personal-bajo-una-subvencion-para-la-creacion-de-empleo\\\/#primaryimage\",\"url\":\"https:\\\/\\\/coria.org\\\/ayuntamiento\\\/wp-content\\\/uploads\\\/2020\\\/05\\\/rdp-plan-activa.jpg\",\"contentUrl\":\"https:\\\/\\\/coria.org\\\/ayuntamiento\\\/wp-content\\\/uploads\\\/2020\\\/05\\\/rdp-plan-activa.jpg\",\"width\":2048,\"height\":1364},{\"@type\":\"BreadcrumbList\",\"@id\":\"https:\\\/\\\/coria.org\\\/ayuntamiento\\\/index.php\\\/2020\\\/05\\\/28\\\/la-diputacion-condiciona-al-ayuntamiento-la-manera-de-contratar-al-personal-bajo-una-subvencion-para-la-creacion-de-empleo\\\/#breadcrumb\",\"itemListElement\":[{\"@type\":\"ListItem\",\"position\":1,\"name\":\"Inicio\",\"item\":\"https:\\\/\\\/coria.org\\\/ayuntamiento\\\/\"},{\"@type\":\"ListItem\",\"position\":2,\"name\":\"La Diputaci\u00f3n condiciona al Ayuntamiento la manera de contratar al personal bajo una subvenci\u00f3n para la creaci\u00f3n de empleo\"}]},{\"@type\":\"WebSite\",\"@id\":\"https:\\\/\\\/coria.org\\\/ayuntamiento\\\/#website\",\"url\":\"https:\\\/\\\/coria.org\\\/ayuntamiento\\\/\",\"name\":\"Ayuntamiento de Coria\",\"description\":\"Web oficial del Ayuntamiento de Coria\",\"publisher\":{\"@id\":\"https:\\\/\\\/coria.org\\\/ayuntamiento\\\/#organization\"},\"alternateName\":\"Web Oficial del Ayuntamiento de Coria\",\"potentialAction\":[{\"@type\":\"SearchAction\",\"target\":{\"@type\":\"EntryPoint\",\"urlTemplate\":\"https:\\\/\\\/coria.org\\\/ayuntamiento\\\/?s={search_term_string}\"},\"query-input\":{\"@type\":\"PropertyValueSpecification\",\"valueRequired\":true,\"valueName\":\"search_term_string\"}}],\"inLanguage\":\"es\"},{\"@type\":\"Organization\",\"@id\":\"https:\\\/\\\/coria.org\\\/ayuntamiento\\\/#organization\",\"name\":\"Ayuntamiento de Coria\",\"alternateName\":\"Ayto de Coria\",\"url\":\"https:\\\/\\\/coria.org\\\/ayuntamiento\\\/\",\"logo\":{\"@type\":\"ImageObject\",\"inLanguage\":\"es\",\"@id\":\"https:\\\/\\\/coria.org\\\/ayuntamiento\\\/#\\\/schema\\\/logo\\\/image\\\/\",\"url\":\"https:\\\/\\\/coria.org\\\/ayuntamiento\\\/wp-content\\\/uploads\\\/2020\\\/12\\\/escudo-ayuntamiento-coria.png\",\"contentUrl\":\"https:\\\/\\\/coria.org\\\/ayuntamiento\\\/wp-content\\\/uploads\\\/2020\\\/12\\\/escudo-ayuntamiento-coria.png\",\"width\":511,\"height\":240,\"caption\":\"Ayuntamiento de Coria\"},\"image\":{\"@id\":\"https:\\\/\\\/coria.org\\\/ayuntamiento\\\/#\\\/schema\\\/logo\\\/image\\\/\"},\"sameAs\":[\"https:\\\/\\\/www.facebook.com\\\/Ayuntamiento.de.Coria\",\"https:\\\/\\\/x.com\\\/Ayto_de_Coria\",\"https:\\\/\\\/www.instagram.com\\\/coria.ayuntamiento\\\/\",\"https:\\\/\\\/www.youtube.com\\\/user\\\/AYUNTAMIENTOCORIA\"]},{\"@type\":\"Person\",\"@id\":\"https:\\\/\\\/coria.org\\\/ayuntamiento\\\/#\\\/schema\\\/person\\\/8bd589f0e13e8ae5aa06def7a599d622\",\"name\":\"ayuntamiento\",\"image\":{\"@type\":\"ImageObject\",\"inLanguage\":\"es\",\"@id\":\"https:\\\/\\\/secure.gravatar.com\\\/avatar\\\/966e5ed73cad334adda5c87f49f2547f7082f7292c1b627cbb548744383b391c?s=96&d=mm&r=g\",\"url\":\"https:\\\/\\\/secure.gravatar.com\\\/avatar\\\/966e5ed73cad334adda5c87f49f2547f7082f7292c1b627cbb548744383b391c?s=96&d=mm&r=g\",\"contentUrl\":\"https:\\\/\\\/secure.gravatar.com\\\/avatar\\\/966e5ed73cad334adda5c87f49f2547f7082f7292c1b627cbb548744383b391c?s=96&d=mm&r=g\",\"caption\":\"ayuntamiento\"}}]}<\/script>\n<!-- \/ Yoast SEO plugin. -->","yoast_head_json":{"title":"La Diputaci\u00f3n condiciona al Ayuntamiento la manera de contratar al personal bajo una subvenci\u00f3n para la creaci\u00f3n de empleo - Ayuntamiento de Coria","robots":{"index":"index","follow":"follow","max-snippet":"max-snippet:-1","max-image-preview":"max-image-preview:large","max-video-preview":"max-video-preview:-1"},"canonical":"https:\/\/coria.org\/ayuntamiento\/index.php\/2020\/05\/28\/la-diputacion-condiciona-al-ayuntamiento-la-manera-de-contratar-al-personal-bajo-una-subvencion-para-la-creacion-de-empleo\/","og_locale":"es_ES","og_type":"article","og_title":"La Diputaci\u00f3n condiciona al Ayuntamiento la manera de contratar al personal bajo una subvenci\u00f3n para la creaci\u00f3n de empleo - Ayuntamiento de Coria","og_description":"Ballestero lamenta que la Diputaci\u00f3n condicione y obligue a todos los ayuntamientos a poner una cantidad importante de dinero y si alg\u00fan ayuntamiento no pudiera hacer frente a ese gasto se quedar\u00eda sin la subvenci\u00f3n del Plan Re-Activa.\u00bbA Coria le corresponden 119.700 euros que solo servir\u00e1n para pagar las n\u00f3minas ajustadas al SMI y por [&hellip;]","og_url":"https:\/\/coria.org\/ayuntamiento\/index.php\/2020\/05\/28\/la-diputacion-condiciona-al-ayuntamiento-la-manera-de-contratar-al-personal-bajo-una-subvencion-para-la-creacion-de-empleo\/","og_site_name":"Ayuntamiento de Coria","article_publisher":"https:\/\/www.facebook.com\/Ayuntamiento.de.Coria","article_published_time":"2020-05-28T00:00:00+00:00","article_modified_time":"2024-03-04T12:44:49+00:00","og_image":[{"width":2048,"height":1364,"url":"https:\/\/coria.org\/ayuntamiento\/wp-content\/uploads\/2020\/05\/rdp-plan-activa.jpg","type":"image\/jpeg"}],"author":"ayuntamiento","twitter_card":"summary_large_image","twitter_creator":"@Ayto_de_Coria","twitter_site":"@Ayto_de_Coria","twitter_misc":{"Escrito por":"ayuntamiento","Tiempo de lectura":"2 minutos"},"schema":{"@context":"https:\/\/schema.org","@graph":[{"@type":"Article","@id":"https:\/\/coria.org\/ayuntamiento\/index.php\/2020\/05\/28\/la-diputacion-condiciona-al-ayuntamiento-la-manera-de-contratar-al-personal-bajo-una-subvencion-para-la-creacion-de-empleo\/#article","isPartOf":{"@id":"https:\/\/coria.org\/ayuntamiento\/index.php\/2020\/05\/28\/la-diputacion-condiciona-al-ayuntamiento-la-manera-de-contratar-al-personal-bajo-una-subvencion-para-la-creacion-de-empleo\/"},"author":{"name":"ayuntamiento","@id":"https:\/\/coria.org\/ayuntamiento\/#\/schema\/person\/8bd589f0e13e8ae5aa06def7a599d622"},"headline":"La Diputaci\u00f3n condiciona al Ayuntamiento la manera de contratar al personal bajo una subvenci\u00f3n para la creaci\u00f3n de empleo","datePublished":"2020-05-28T00:00:00+00:00","dateModified":"2024-03-04T12:44:49+00:00","mainEntityOfPage":{"@id":"https:\/\/coria.org\/ayuntamiento\/index.php\/2020\/05\/28\/la-diputacion-condiciona-al-ayuntamiento-la-manera-de-contratar-al-personal-bajo-una-subvencion-para-la-creacion-de-empleo\/"},"wordCount":412,"publisher":{"@id":"https:\/\/coria.org\/ayuntamiento\/#organization"},"image":{"@id":"https:\/\/coria.org\/ayuntamiento\/index.php\/2020\/05\/28\/la-diputacion-condiciona-al-ayuntamiento-la-manera-de-contratar-al-personal-bajo-una-subvencion-para-la-creacion-de-empleo\/#primaryimage"},"thumbnailUrl":"https:\/\/coria.org\/ayuntamiento\/wp-content\/uploads\/2020\/05\/rdp-plan-activa.jpg","keywords":["coria","extremadura"],"articleSection":["Noticias"],"inLanguage":"es"},{"@type":"WebPage","@id":"https:\/\/coria.org\/ayuntamiento\/index.php\/2020\/05\/28\/la-diputacion-condiciona-al-ayuntamiento-la-manera-de-contratar-al-personal-bajo-una-subvencion-para-la-creacion-de-empleo\/","url":"https:\/\/coria.org\/ayuntamiento\/index.php\/2020\/05\/28\/la-diputacion-condiciona-al-ayuntamiento-la-manera-de-contratar-al-personal-bajo-una-subvencion-para-la-creacion-de-empleo\/","name":"La Diputaci\u00f3n condiciona al Ayuntamiento la manera de contratar al personal bajo una subvenci\u00f3n para la creaci\u00f3n de empleo - Ayuntamiento de Coria","isPartOf":{"@id":"https:\/\/coria.org\/ayuntamiento\/#website"},"primaryImageOfPage":{"@id":"https:\/\/coria.org\/ayuntamiento\/index.php\/2020\/05\/28\/la-diputacion-condiciona-al-ayuntamiento-la-manera-de-contratar-al-personal-bajo-una-subvencion-para-la-creacion-de-empleo\/#primaryimage"},"image":{"@id":"https:\/\/coria.org\/ayuntamiento\/index.php\/2020\/05\/28\/la-diputacion-condiciona-al-ayuntamiento-la-manera-de-contratar-al-personal-bajo-una-subvencion-para-la-creacion-de-empleo\/#primaryimage"},"thumbnailUrl":"https:\/\/coria.org\/ayuntamiento\/wp-content\/uploads\/2020\/05\/rdp-plan-activa.jpg","datePublished":"2020-05-28T00:00:00+00:00","dateModified":"2024-03-04T12:44:49+00:00","breadcrumb":{"@id":"https:\/\/coria.org\/ayuntamiento\/index.php\/2020\/05\/28\/la-diputacion-condiciona-al-ayuntamiento-la-manera-de-contratar-al-personal-bajo-una-subvencion-para-la-creacion-de-empleo\/#breadcrumb"},"inLanguage":"es","potentialAction":[{"@type":"ReadAction","target":["https:\/\/coria.org\/ayuntamiento\/index.php\/2020\/05\/28\/la-diputacion-condiciona-al-ayuntamiento-la-manera-de-contratar-al-personal-bajo-una-subvencion-para-la-creacion-de-empleo\/"]}]},{"@type":"ImageObject","inLanguage":"es","@id":"https:\/\/coria.org\/ayuntamiento\/index.php\/2020\/05\/28\/la-diputacion-condiciona-al-ayuntamiento-la-manera-de-contratar-al-personal-bajo-una-subvencion-para-la-creacion-de-empleo\/#primaryimage","url":"https:\/\/coria.org\/ayuntamiento\/wp-content\/uploads\/2020\/05\/rdp-plan-activa.jpg","contentUrl":"https:\/\/coria.org\/ayuntamiento\/wp-content\/uploads\/2020\/05\/rdp-plan-activa.jpg","width":2048,"height":1364},{"@type":"BreadcrumbList","@id":"https:\/\/coria.org\/ayuntamiento\/index.php\/2020\/05\/28\/la-diputacion-condiciona-al-ayuntamiento-la-manera-de-contratar-al-personal-bajo-una-subvencion-para-la-creacion-de-empleo\/#breadcrumb","itemListElement":[{"@type":"ListItem","position":1,"name":"Inicio","item":"https:\/\/coria.org\/ayuntamiento\/"},{"@type":"ListItem","position":2,"name":"La Diputaci\u00f3n condiciona al Ayuntamiento la manera de contratar al personal bajo una subvenci\u00f3n para la creaci\u00f3n de empleo"}]},{"@type":"WebSite","@id":"https:\/\/coria.org\/ayuntamiento\/#website","url":"https:\/\/coria.org\/ayuntamiento\/","name":"Ayuntamiento de Coria","description":"Web oficial del Ayuntamiento de Coria","publisher":{"@id":"https:\/\/coria.org\/ayuntamiento\/#organization"},"alternateName":"Web Oficial del Ayuntamiento de Coria","potentialAction":[{"@type":"SearchAction","target":{"@type":"EntryPoint","urlTemplate":"https:\/\/coria.org\/ayuntamiento\/?s={search_term_string}"},"query-input":{"@type":"PropertyValueSpecification","valueRequired":true,"valueName":"search_term_string"}}],"inLanguage":"es"},{"@type":"Organization","@id":"https:\/\/coria.org\/ayuntamiento\/#organization","name":"Ayuntamiento de Coria","alternateName":"Ayto de Coria","url":"https:\/\/coria.org\/ayuntamiento\/","logo":{"@type":"ImageObject","inLanguage":"es","@id":"https:\/\/coria.org\/ayuntamiento\/#\/schema\/logo\/image\/","url":"https:\/\/coria.org\/ayuntamiento\/wp-content\/uploads\/2020\/12\/escudo-ayuntamiento-coria.png","contentUrl":"https:\/\/coria.org\/ayuntamiento\/wp-content\/uploads\/2020\/12\/escudo-ayuntamiento-coria.png","width":511,"height":240,"caption":"Ayuntamiento de Coria"},"image":{"@id":"https:\/\/coria.org\/ayuntamiento\/#\/schema\/logo\/image\/"},"sameAs":["https:\/\/www.facebook.com\/Ayuntamiento.de.Coria","https:\/\/x.com\/Ayto_de_Coria","https:\/\/www.instagram.com\/coria.ayuntamiento\/","https:\/\/www.youtube.com\/user\/AYUNTAMIENTOCORIA"]},{"@type":"Person","@id":"https:\/\/coria.org\/ayuntamiento\/#\/schema\/person\/8bd589f0e13e8ae5aa06def7a599d622","name":"ayuntamiento","image":{"@type":"ImageObject","inLanguage":"es","@id":"https:\/\/secure.gravatar.com\/avatar\/966e5ed73cad334adda5c87f49f2547f7082f7292c1b627cbb548744383b391c?s=96&d=mm&r=g","url":"https:\/\/secure.gravatar.com\/avatar\/966e5ed73cad334adda5c87f49f2547f7082f7292c1b627cbb548744383b391c?s=96&d=mm&r=g","contentUrl":"https:\/\/secure.gravatar.com\/avatar\/966e5ed73cad334adda5c87f49f2547f7082f7292c1b627cbb548744383b391c?s=96&d=mm&r=g","caption":"ayuntamiento"}}]}},"uagb_featured_image_src":{"full":["https:\/\/coria.org\/ayuntamiento\/wp-content\/uploads\/2020\/05\/rdp-plan-activa.jpg",2048,1364,false],"thumbnail":["https:\/\/coria.org\/ayuntamiento\/wp-content\/uploads\/2020\/05\/rdp-plan-activa-150x150.jpg",150,150,true],"medium":["https:\/\/coria.org\/ayuntamiento\/wp-content\/uploads\/2020\/05\/rdp-plan-activa-300x200.jpg",300,200,true],"medium_large":["https:\/\/coria.org\/ayuntamiento\/wp-content\/uploads\/2020\/05\/rdp-plan-activa-768x512.jpg",768,512,true],"large":["https:\/\/coria.org\/ayuntamiento\/wp-content\/uploads\/2020\/05\/rdp-plan-activa-1024x682.jpg",1024,682,true],"thumblist":["https:\/\/coria.org\/ayuntamiento\/wp-content\/uploads\/2020\/05\/rdp-plan-activa-300x300.jpg",300,300,true],"thumbrelated":["https:\/\/coria.org\/ayuntamiento\/wp-content\/uploads\/2020\/05\/rdp-plan-activa-500x500.jpg",500,500,true],"meccarouselthumb":["https:\/\/coria.org\/ayuntamiento\/wp-content\/uploads\/2020\/05\/rdp-plan-activa-474x324.jpg",474,324,true],"gridsquare":["https:\/\/coria.org\/ayuntamiento\/wp-content\/uploads\/2020\/05\/rdp-plan-activa-391x260.jpg",391,260,true],"tileview":["https:\/\/coria.org\/ayuntamiento\/wp-content\/uploads\/2020\/05\/rdp-plan-activa-300x400.jpg",300,400,true],"1536x1536":["https:\/\/coria.org\/ayuntamiento\/wp-content\/uploads\/2020\/05\/rdp-plan-activa-1536x1023.jpg",1536,1023,true],"2048x2048":["https:\/\/coria.org\/ayuntamiento\/wp-content\/uploads\/2020\/05\/rdp-plan-activa.jpg",2048,1364,false]},"uagb_author_info":{"display_name":"ayuntamiento","author_link":"https:\/\/coria.org\/ayuntamiento\/index.php\/author\/ayuntamiento\/"},"uagb_comment_info":0,"uagb_excerpt":"Ballestero lamenta que la Diputaci\u00f3n condicione y obligue a todos los ayuntamientos a poner una cantidad importante de dinero y si alg\u00fan ayuntamiento no pudiera hacer frente a ese gasto se quedar\u00eda sin la subvenci\u00f3n del Plan Re-Activa.\u00bbA Coria le corresponden 119.700 euros que solo servir\u00e1n para pagar las n\u00f3minas ajustadas al SMI y por&hellip;","_links":{"self":[{"href":"https:\/\/coria.org\/ayuntamiento\/index.php\/wp-json\/wp\/v2\/posts\/23917","targetHints":{"allow":["GET"]}}],"collection":[{"href":"https:\/\/coria.org\/ayuntamiento\/index.php\/wp-json\/wp\/v2\/posts"}],"about":[{"href":"https:\/\/coria.org\/ayuntamiento\/index.php\/wp-json\/wp\/v2\/types\/post"}],"author":[{"embeddable":true,"href":"https:\/\/coria.org\/ayuntamiento\/index.php\/wp-json\/wp\/v2\/users\/2"}],"replies":[{"embeddable":true,"href":"https:\/\/coria.org\/ayuntamiento\/index.php\/wp-json\/wp\/v2\/comments?post=23917"}],"version-history":[{"count":0,"href":"https:\/\/coria.org\/ayuntamiento\/index.php\/wp-json\/wp\/v2\/posts\/23917\/revisions"}],"wp:featuredmedia":[{"embeddable":true,"href":"https:\/\/coria.org\/ayuntamiento\/index.php\/wp-json\/wp\/v2\/media\/59552"}],"wp:attachment":[{"href":"https:\/\/coria.org\/ayuntamiento\/index.php\/wp-json\/wp\/v2\/media?parent=23917"}],"wp:term":[{"taxonomy":"category","embeddable":true,"href":"https:\/\/coria.org\/ayuntamiento\/index.php\/wp-json\/wp\/v2\/categories?post=23917"},{"taxonomy":"post_tag","embeddable":true,"href":"https:\/\/coria.org\/ayuntamiento\/index.php\/wp-json\/wp\/v2\/tags?post=23917"}],"curies":[{"name":"wp","href":"https:\/\/api.w.org\/{rel}","templated":true}]}}