{"id":23914,"date":"2020-06-01T00:00:00","date_gmt":"2020-06-01T00:00:00","guid":{"rendered":"https:\/\/ayuntamiento.coriaenimagenes.com\/el-pleno-del-ayuntamiento-aprueba-por-unanimidad-la-modificacion-del-reglamento-de-las-fiestas-de-san-juan-y-el-plan-de-autoproteccion-seguridad-evacuacion-y-emergencias\/"},"modified":"2024-03-01T13:04:11","modified_gmt":"2024-03-01T12:04:11","slug":"el-pleno-del-ayuntamiento-aprueba-por-unanimidad-la-modificacion-del-reglamento-de-las-fiestas-de-san-juan-y-el-plan-de-autoproteccion-seguridad-evacuacion-y-emergencias","status":"publish","type":"post","link":"https:\/\/coria.org\/ayuntamiento\/index.php\/2020\/06\/01\/el-pleno-del-ayuntamiento-aprueba-por-unanimidad-la-modificacion-del-reglamento-de-las-fiestas-de-san-juan-y-el-plan-de-autoproteccion-seguridad-evacuacion-y-emergencias\/","title":{"rendered":"El pleno del Ayuntamiento aprueba por unanimidad la modificaci\u00f3n del Reglamento de las Fiestas de San Juan y el Plan de Autoprotecci\u00f3n, Seguridad, Evacuaci\u00f3n y Emergencias"},"content":{"rendered":"\n<p>El Ayuntamiento de Coria ha dado luz verde a la aprobaci\u00f3n inicial de la modificaci\u00f3n de los art\u00edculos 14, 35 y 82 de la Ordenanza Reguladora N.\u00ba 8. de los Festejos Taurinos Tradicionales de las Fiestas de San Juan de la Ciudad de Coria.<\/p>\n\n\n<figure class=\"wp-block-post-featured-image\"><img loading=\"lazy\" decoding=\"async\" width=\"1920\" height=\"1280\" src=\"https:\/\/coria.org\/ayuntamiento\/wp-content\/uploads\/2020\/06\/pleno-jun-20.jpg\" class=\"attachment-post-thumbnail size-post-thumbnail wp-post-image\" alt=\"\" style=\"object-fit:cover;\" srcset=\"https:\/\/coria.org\/ayuntamiento\/wp-content\/uploads\/2020\/06\/pleno-jun-20.jpg 1920w, https:\/\/coria.org\/ayuntamiento\/wp-content\/uploads\/2020\/06\/pleno-jun-20-300x200.jpg 300w, https:\/\/coria.org\/ayuntamiento\/wp-content\/uploads\/2020\/06\/pleno-jun-20-1024x683.jpg 1024w, https:\/\/coria.org\/ayuntamiento\/wp-content\/uploads\/2020\/06\/pleno-jun-20-768x512.jpg 768w, https:\/\/coria.org\/ayuntamiento\/wp-content\/uploads\/2020\/06\/pleno-jun-20-391x260.jpg 391w, https:\/\/coria.org\/ayuntamiento\/wp-content\/uploads\/2020\/06\/pleno-jun-20-1536x1024.jpg 1536w\" sizes=\"auto, (max-width: 1920px) 100vw, 1920px\" \/><\/figure>\n\n\n<p>Dicha modificaci\u00f3n ha sido llevada a pleno al objeto de especificar, mejorar y facilitar, por una parte, el control de gasto presupuestario del cap\u00edtulo de las partidas anuales destinadas al Abanderado Oficial de las Fiestas de San Juan y, por otro, con la finalidad de garantizar la defensa, protecci\u00f3n, integridad y salvaguarda de las facultades f\u00edsicas de las reses bravas que son lidiadas dentro de los festejos taurinos tradicionales durante la celebraci\u00f3n de los Sanjuanes de la Ciudad de Coria, por todo ello, se ha procedido a la modificaci\u00f3n y ampliaci\u00f3n de los art\u00edculos 14, 35 y 83 de la Ordenanza Reguladora N\u00ba8 de los Festejos Tradicionales de las Fiestas de San Juan.<\/p>\n\n\n\n<p>Por tanto, el Abanderado Oficial de las Fiestas, siguiendo los tr\u00e1mites legales procedentes, ser\u00e1 el encargado de contratar, exclusivamente, tanto la compra de las reses bravas de titularidad municipal, adem\u00e1s de los distintos espect\u00e1culos culturales o musicales, charanga, cohetes y pirotecnia, pa\u00f1uelos, fajines y divisa y los gastos derivados de las organizaciones de la Subasta del Libro y Programa Oficial de las Fiestas, incluida su edici\u00f3n e impresi\u00f3n del Corpus Christi, de la Procesi\u00f3n de San Juan y de la tradicional Quema del Capazo, ajust\u00e1ndose al presupuesto aprobado y acompa\u00f1\u00e1ndose, para su fiscalizaci\u00f3n posterior, todos los contratos y las facturas normalizadas e individualizadas correspondientes a dicho cap\u00edtulo espec\u00edfico contenido dentro de los presupuestos generales municipales.<\/p>\n\n\n\n<p>El Alcalde ha aclarado que cada toro que se adquiera, debe llevar su correspondiente contrato con el responsable de la ganader\u00eda, su informe y su factura individualizada, as\u00ed como los mansos, vacas, etc. Lo mismo debe ocurrir con los conciertos y los gastos de viaje a las ganader\u00edas que ser\u00e1n contabilizados y llevar\u00e1n todos su informe y justificaci\u00f3n. <\/p>\n\n\n\n<p>Una cuesti\u00f3n que se ha recogido en la sesi\u00f3n plenaria es que si el Abanderado sobrepasa sin justificar m\u00e1s de un 5% del presupuesto total el mismo Abanderado correr\u00e1 con esa cuant\u00eda.<\/p>\n\n\n\n<p>Por otro lado, dentro del art\u00edculo 35 del Reglamento y, al objeto de garantizar la defensa, proteger la integridad y salvaguardar las facultades f\u00edsicas de las reses bravas con el fin de evitarles posibles lesiones a los animales, queda terminantemente prohibida la suerte de rodar a cuerpo limpio a los astados corridos en los encierros y, especialmente, rodar sobre su propio eje a los lidiados por las calles y plazas del Casco Antiguo y Urbano.<\/p>\n\n\n\n<p>Otro de los puntos recogidos en el pleno de junio ha sido la aprobaci\u00f3n, que tambi\u00e9n ha sido por unanimidad, de la suspensi\u00f3n de las Fiestas de San Juan 2020. Derivado de la situaci\u00f3n de emergencia sanitaria generada por el brote epid\u00e9mico del COVID-19 en Espa\u00f1a y resto del mundo, y a tenor de las \u00faltimas medidas, modificaciones, ampliaciones y\/o restricciones de los lugares, establecimientos y\/o actividades enumeradas en los distintos Estados de Alarma por razones justificadas de salud. Todos los grupos municipales han coincidido en la tristeza absoluta que da tomar una decisi\u00f3n as\u00ed pero, seg\u00fan ha resaltado el Alcalde, se trata de una decisi\u00f3n responsable por parte de todos.<\/p>\n\n\n\n<p>En relaci\u00f3n con las fiestas de San Juan, se ha aprobado tambi\u00e9n por unanimidad, la suspensi\u00f3n del Concurso de Carteles Fiestas de San Juan 2020, pero con la excepci\u00f3n de facultar la admisi\u00f3n e inclusi\u00f3n de los carteles actualmente remitidos y registrados dentro de esta edici\u00f3n, al no haberse procedido al fallo del citado Certamen al objeto de que puedan participar, si as\u00ed lo desean, en la pr\u00f3xima edici\u00f3n del Concurso de Carteles 2021.<\/p>\n\n\n\n<p>Asimismo, el pleno del Ayuntamiento ha dado luz verde al Plan de Autoprotecci\u00f3n, Seguridad, Evacuaci\u00f3n y Emergencias dentro de los Festejos Tradicionales de las Fiestas de San Juan de la Ciudad de Coria. Dada la necesidad de proceder a la modificaci\u00f3n y ampliaci\u00f3n integral de los antiguos Planes de Evacuaci\u00f3n y Emergencias que hab\u00edan venido rigiendo y dando respuesta a una parte de las incidencias y situaciones en materia de seguridad, protecci\u00f3n y emergencias dentro de los festejos taurinos tradicionales de las Fiestas de San Juan con motivo de tener que realizar alg\u00fan tipo de evacuaci\u00f3n o traslado de accidentados y de heridos derivado de su participaci\u00f3n activa dentro de las mismas.<\/p>\n\n\n\n<p>Dicho Plan se pone en marcha al objeto de garantizar la protecci\u00f3n de las personas, los animales, los bienes, el patrimonio com\u00fan y el medio ambiente, por una parte, as\u00ed como de prevenir cualquier situaci\u00f3n de inseguridad y atender las emergencias que se pudieran presentar, por otra, con motivo de la celebraci\u00f3n de esta costumbre taurina mediante una intervenci\u00f3n coordinada de los distintos servicios de seguridad, de emergencias sanitarios y no sanitarios debidamente activados durante el desarrollo de los festejos taurinos celebrados desde tiempos inmemoriales en la Ciudad de Coria, con el fin de afianzar, tal y como dicta su respectiva Ordenanza, su correcta celebraci\u00f3n, protecci\u00f3n y seguridad, tanto para el p\u00fablico y cuantas personas en ellas participan, como para los animales que intervienen en su transcurso, adem\u00e1s de la propia conservaci\u00f3n de esta tradici\u00f3n como se\u00f1a de identidad que configura el patrimonio.<\/p>\n\n\n\n<p>Con la aprobaci\u00f3n de este plan, el primer edil ha manifestado que se trata de cuidar y respetar nuestras tradiciones, una de las principales prioridades de este ayuntamiento.<\/p>\n\n\n\n<p><strong>MOCIONES<\/strong><\/p>\n\n\n\n<p>El Pleno ha aprobado dos mociones, la primera presentada por el Grupo popular a favor de incrementar las cantidades previstas en el Fondo Regional de Cooperaci\u00f3n Municipal para el a\u00f1o 2020, y la segunda presentada por el Grupo Ciudadanos para permitir a las Administraciones Locales afrontar la crisis econ\u00f3mica y social y solicitar al Gobierno de Espa\u00f1a el compromiso para no intervenir los ahorros de los Ayuntamientos. Ambas mociones han sido apoyadas por todos los grupos municipales.<\/p>\n\n\n\n<p><strong>RECONOCIMIENTO A TRABAJADORES RESIDENCIA DE ANCIANOS<\/strong><\/p>\n\n\n\n<p>El Pleno ha finalizado con un reconocimiento a los trabajadores de la Residencia de Mayores Patronato de Ancianos, por la labor, el gran trabajo y esfuerzo realizado durante estos \u00faltimos meses con motivo de la crisis sanitaria que ha azotado tambi\u00e9n en nuestra localidad. El Alcalde ha resaltado el gran esfuerzo realizado y lo ha agradecido a todos los trabajadores p\u00fablicamente en nombre de toda la Corporaci\u00f3n Municipal. <\/p>\n\n\n\n<p> <iframe loading=\"lazy\" width=\"800\" height=\"600\" src=\"https:\/\/www.youtube-nocookie.com\/embed\/RE7jn4xSJSo\" frameborder=\"0\" allow=\"accelerometer; autoplay; encrypted-media; gyroscope; picture-in-picture\" allowfullscreen=\"\"><\/iframe><\/p>\n","protected":false},"excerpt":{"rendered":"<p>El Ayuntamiento de Coria ha dado luz verde a la aprobaci\u00f3n inicial de la modificaci\u00f3n de los art\u00edculos 14, 35 y 82 de la Ordenanza Reguladora N.\u00ba 8. de los Festejos Taurinos Tradicionales de las Fiestas de San Juan de la Ciudad de Coria. Dicha modificaci\u00f3n ha sido llevada a pleno al objeto de especificar, [&hellip;]<\/p>\n","protected":false},"author":2,"featured_media":59511,"comment_status":"closed","ping_status":"closed","sticky":false,"template":"","format":"standard","meta":{"_uag_custom_page_level_css":"","footnotes":""},"categories":[2],"tags":[3,4],"class_list":["post-23914","post","type-post","status-publish","format-standard","has-post-thumbnail","hentry","category-noticias","tag-coria","tag-extremadura"],"yoast_head":"<!-- This site is optimized with the Yoast SEO plugin v27.5 - https:\/\/yoast.com\/product\/yoast-seo-wordpress\/ -->\n<title>El pleno del Ayuntamiento aprueba por unanimidad la modificaci\u00f3n del Reglamento de las Fiestas de San Juan y el Plan de Autoprotecci\u00f3n, Seguridad, Evacuaci\u00f3n y Emergencias - Ayuntamiento de Coria<\/title>\n<meta name=\"robots\" content=\"index, follow, max-snippet:-1, max-image-preview:large, max-video-preview:-1\" \/>\n<link rel=\"canonical\" href=\"https:\/\/coria.org\/ayuntamiento\/index.php\/2020\/06\/01\/el-pleno-del-ayuntamiento-aprueba-por-unanimidad-la-modificacion-del-reglamento-de-las-fiestas-de-san-juan-y-el-plan-de-autoproteccion-seguridad-evacuacion-y-emergencias\/\" \/>\n<meta property=\"og:locale\" content=\"es_ES\" \/>\n<meta property=\"og:type\" content=\"article\" \/>\n<meta property=\"og:title\" content=\"El pleno del Ayuntamiento aprueba por unanimidad la modificaci\u00f3n del Reglamento de las Fiestas de San Juan y el Plan de Autoprotecci\u00f3n, Seguridad, Evacuaci\u00f3n y Emergencias - Ayuntamiento de Coria\" \/>\n<meta property=\"og:description\" content=\"El Ayuntamiento de Coria ha dado luz verde a la aprobaci\u00f3n inicial de la modificaci\u00f3n de los art\u00edculos 14, 35 y 82 de la Ordenanza Reguladora N.\u00ba 8. de los Festejos Taurinos Tradicionales de las Fiestas de San Juan de la Ciudad de Coria. Dicha modificaci\u00f3n ha sido llevada a pleno al objeto de especificar, [&hellip;]\" \/>\n<meta property=\"og:url\" content=\"https:\/\/coria.org\/ayuntamiento\/index.php\/2020\/06\/01\/el-pleno-del-ayuntamiento-aprueba-por-unanimidad-la-modificacion-del-reglamento-de-las-fiestas-de-san-juan-y-el-plan-de-autoproteccion-seguridad-evacuacion-y-emergencias\/\" \/>\n<meta property=\"og:site_name\" content=\"Ayuntamiento de Coria\" \/>\n<meta property=\"article:publisher\" content=\"https:\/\/www.facebook.com\/Ayuntamiento.de.Coria\" \/>\n<meta property=\"article:published_time\" content=\"2020-06-01T00:00:00+00:00\" \/>\n<meta property=\"article:modified_time\" content=\"2024-03-01T12:04:11+00:00\" \/>\n<meta property=\"og:image\" content=\"https:\/\/coria.org\/ayuntamiento\/wp-content\/uploads\/2020\/06\/pleno-jun-20.jpg\" \/>\n\t<meta property=\"og:image:width\" content=\"1920\" \/>\n\t<meta property=\"og:image:height\" content=\"1280\" \/>\n\t<meta property=\"og:image:type\" content=\"image\/jpeg\" \/>\n<meta name=\"author\" content=\"ayuntamiento\" \/>\n<meta name=\"twitter:card\" content=\"summary_large_image\" \/>\n<meta name=\"twitter:creator\" content=\"@Ayto_de_Coria\" \/>\n<meta name=\"twitter:site\" content=\"@Ayto_de_Coria\" \/>\n<meta name=\"twitter:label1\" content=\"Escrito por\" \/>\n\t<meta name=\"twitter:data1\" content=\"ayuntamiento\" \/>\n\t<meta name=\"twitter:label2\" content=\"Tiempo de lectura\" \/>\n\t<meta name=\"twitter:data2\" content=\"6 minutos\" \/>\n<script type=\"application\/ld+json\" class=\"yoast-schema-graph\">{\"@context\":\"https:\\\/\\\/schema.org\",\"@graph\":[{\"@type\":\"Article\",\"@id\":\"https:\\\/\\\/coria.org\\\/ayuntamiento\\\/index.php\\\/2020\\\/06\\\/01\\\/el-pleno-del-ayuntamiento-aprueba-por-unanimidad-la-modificacion-del-reglamento-de-las-fiestas-de-san-juan-y-el-plan-de-autoproteccion-seguridad-evacuacion-y-emergencias\\\/#article\",\"isPartOf\":{\"@id\":\"https:\\\/\\\/coria.org\\\/ayuntamiento\\\/index.php\\\/2020\\\/06\\\/01\\\/el-pleno-del-ayuntamiento-aprueba-por-unanimidad-la-modificacion-del-reglamento-de-las-fiestas-de-san-juan-y-el-plan-de-autoproteccion-seguridad-evacuacion-y-emergencias\\\/\"},\"author\":{\"name\":\"ayuntamiento\",\"@id\":\"https:\\\/\\\/coria.org\\\/ayuntamiento\\\/#\\\/schema\\\/person\\\/8bd589f0e13e8ae5aa06def7a599d622\"},\"headline\":\"El pleno del Ayuntamiento aprueba por unanimidad la modificaci\u00f3n del Reglamento de las Fiestas de San Juan y el Plan de Autoprotecci\u00f3n, Seguridad, Evacuaci\u00f3n y Emergencias\",\"datePublished\":\"2020-06-01T00:00:00+00:00\",\"dateModified\":\"2024-03-01T12:04:11+00:00\",\"mainEntityOfPage\":{\"@id\":\"https:\\\/\\\/coria.org\\\/ayuntamiento\\\/index.php\\\/2020\\\/06\\\/01\\\/el-pleno-del-ayuntamiento-aprueba-por-unanimidad-la-modificacion-del-reglamento-de-las-fiestas-de-san-juan-y-el-plan-de-autoproteccion-seguridad-evacuacion-y-emergencias\\\/\"},\"wordCount\":1157,\"publisher\":{\"@id\":\"https:\\\/\\\/coria.org\\\/ayuntamiento\\\/#organization\"},\"image\":{\"@id\":\"https:\\\/\\\/coria.org\\\/ayuntamiento\\\/index.php\\\/2020\\\/06\\\/01\\\/el-pleno-del-ayuntamiento-aprueba-por-unanimidad-la-modificacion-del-reglamento-de-las-fiestas-de-san-juan-y-el-plan-de-autoproteccion-seguridad-evacuacion-y-emergencias\\\/#primaryimage\"},\"thumbnailUrl\":\"https:\\\/\\\/coria.org\\\/ayuntamiento\\\/wp-content\\\/uploads\\\/2020\\\/06\\\/pleno-jun-20.jpg\",\"keywords\":[\"coria\",\"extremadura\"],\"articleSection\":[\"Noticias\"],\"inLanguage\":\"es\"},{\"@type\":\"WebPage\",\"@id\":\"https:\\\/\\\/coria.org\\\/ayuntamiento\\\/index.php\\\/2020\\\/06\\\/01\\\/el-pleno-del-ayuntamiento-aprueba-por-unanimidad-la-modificacion-del-reglamento-de-las-fiestas-de-san-juan-y-el-plan-de-autoproteccion-seguridad-evacuacion-y-emergencias\\\/\",\"url\":\"https:\\\/\\\/coria.org\\\/ayuntamiento\\\/index.php\\\/2020\\\/06\\\/01\\\/el-pleno-del-ayuntamiento-aprueba-por-unanimidad-la-modificacion-del-reglamento-de-las-fiestas-de-san-juan-y-el-plan-de-autoproteccion-seguridad-evacuacion-y-emergencias\\\/\",\"name\":\"El pleno del Ayuntamiento aprueba por unanimidad la modificaci\u00f3n del Reglamento de las Fiestas de San Juan y el Plan de Autoprotecci\u00f3n, Seguridad, Evacuaci\u00f3n y Emergencias - Ayuntamiento de Coria\",\"isPartOf\":{\"@id\":\"https:\\\/\\\/coria.org\\\/ayuntamiento\\\/#website\"},\"primaryImageOfPage\":{\"@id\":\"https:\\\/\\\/coria.org\\\/ayuntamiento\\\/index.php\\\/2020\\\/06\\\/01\\\/el-pleno-del-ayuntamiento-aprueba-por-unanimidad-la-modificacion-del-reglamento-de-las-fiestas-de-san-juan-y-el-plan-de-autoproteccion-seguridad-evacuacion-y-emergencias\\\/#primaryimage\"},\"image\":{\"@id\":\"https:\\\/\\\/coria.org\\\/ayuntamiento\\\/index.php\\\/2020\\\/06\\\/01\\\/el-pleno-del-ayuntamiento-aprueba-por-unanimidad-la-modificacion-del-reglamento-de-las-fiestas-de-san-juan-y-el-plan-de-autoproteccion-seguridad-evacuacion-y-emergencias\\\/#primaryimage\"},\"thumbnailUrl\":\"https:\\\/\\\/coria.org\\\/ayuntamiento\\\/wp-content\\\/uploads\\\/2020\\\/06\\\/pleno-jun-20.jpg\",\"datePublished\":\"2020-06-01T00:00:00+00:00\",\"dateModified\":\"2024-03-01T12:04:11+00:00\",\"breadcrumb\":{\"@id\":\"https:\\\/\\\/coria.org\\\/ayuntamiento\\\/index.php\\\/2020\\\/06\\\/01\\\/el-pleno-del-ayuntamiento-aprueba-por-unanimidad-la-modificacion-del-reglamento-de-las-fiestas-de-san-juan-y-el-plan-de-autoproteccion-seguridad-evacuacion-y-emergencias\\\/#breadcrumb\"},\"inLanguage\":\"es\",\"potentialAction\":[{\"@type\":\"ReadAction\",\"target\":[\"https:\\\/\\\/coria.org\\\/ayuntamiento\\\/index.php\\\/2020\\\/06\\\/01\\\/el-pleno-del-ayuntamiento-aprueba-por-unanimidad-la-modificacion-del-reglamento-de-las-fiestas-de-san-juan-y-el-plan-de-autoproteccion-seguridad-evacuacion-y-emergencias\\\/\"]}]},{\"@type\":\"ImageObject\",\"inLanguage\":\"es\",\"@id\":\"https:\\\/\\\/coria.org\\\/ayuntamiento\\\/index.php\\\/2020\\\/06\\\/01\\\/el-pleno-del-ayuntamiento-aprueba-por-unanimidad-la-modificacion-del-reglamento-de-las-fiestas-de-san-juan-y-el-plan-de-autoproteccion-seguridad-evacuacion-y-emergencias\\\/#primaryimage\",\"url\":\"https:\\\/\\\/coria.org\\\/ayuntamiento\\\/wp-content\\\/uploads\\\/2020\\\/06\\\/pleno-jun-20.jpg\",\"contentUrl\":\"https:\\\/\\\/coria.org\\\/ayuntamiento\\\/wp-content\\\/uploads\\\/2020\\\/06\\\/pleno-jun-20.jpg\",\"width\":1920,\"height\":1280},{\"@type\":\"BreadcrumbList\",\"@id\":\"https:\\\/\\\/coria.org\\\/ayuntamiento\\\/index.php\\\/2020\\\/06\\\/01\\\/el-pleno-del-ayuntamiento-aprueba-por-unanimidad-la-modificacion-del-reglamento-de-las-fiestas-de-san-juan-y-el-plan-de-autoproteccion-seguridad-evacuacion-y-emergencias\\\/#breadcrumb\",\"itemListElement\":[{\"@type\":\"ListItem\",\"position\":1,\"name\":\"Inicio\",\"item\":\"https:\\\/\\\/coria.org\\\/ayuntamiento\\\/\"},{\"@type\":\"ListItem\",\"position\":2,\"name\":\"El pleno del Ayuntamiento aprueba por unanimidad la modificaci\u00f3n del Reglamento de las Fiestas de San Juan y el Plan de Autoprotecci\u00f3n, Seguridad, Evacuaci\u00f3n y Emergencias\"}]},{\"@type\":\"WebSite\",\"@id\":\"https:\\\/\\\/coria.org\\\/ayuntamiento\\\/#website\",\"url\":\"https:\\\/\\\/coria.org\\\/ayuntamiento\\\/\",\"name\":\"Ayuntamiento de Coria\",\"description\":\"Web oficial del Ayuntamiento de Coria\",\"publisher\":{\"@id\":\"https:\\\/\\\/coria.org\\\/ayuntamiento\\\/#organization\"},\"alternateName\":\"Web Oficial del Ayuntamiento de Coria\",\"potentialAction\":[{\"@type\":\"SearchAction\",\"target\":{\"@type\":\"EntryPoint\",\"urlTemplate\":\"https:\\\/\\\/coria.org\\\/ayuntamiento\\\/?s={search_term_string}\"},\"query-input\":{\"@type\":\"PropertyValueSpecification\",\"valueRequired\":true,\"valueName\":\"search_term_string\"}}],\"inLanguage\":\"es\"},{\"@type\":\"Organization\",\"@id\":\"https:\\\/\\\/coria.org\\\/ayuntamiento\\\/#organization\",\"name\":\"Ayuntamiento de Coria\",\"alternateName\":\"Ayto de Coria\",\"url\":\"https:\\\/\\\/coria.org\\\/ayuntamiento\\\/\",\"logo\":{\"@type\":\"ImageObject\",\"inLanguage\":\"es\",\"@id\":\"https:\\\/\\\/coria.org\\\/ayuntamiento\\\/#\\\/schema\\\/logo\\\/image\\\/\",\"url\":\"https:\\\/\\\/coria.org\\\/ayuntamiento\\\/wp-content\\\/uploads\\\/2020\\\/12\\\/escudo-ayuntamiento-coria.png\",\"contentUrl\":\"https:\\\/\\\/coria.org\\\/ayuntamiento\\\/wp-content\\\/uploads\\\/2020\\\/12\\\/escudo-ayuntamiento-coria.png\",\"width\":511,\"height\":240,\"caption\":\"Ayuntamiento de Coria\"},\"image\":{\"@id\":\"https:\\\/\\\/coria.org\\\/ayuntamiento\\\/#\\\/schema\\\/logo\\\/image\\\/\"},\"sameAs\":[\"https:\\\/\\\/www.facebook.com\\\/Ayuntamiento.de.Coria\",\"https:\\\/\\\/x.com\\\/Ayto_de_Coria\",\"https:\\\/\\\/www.instagram.com\\\/coria.ayuntamiento\\\/\",\"https:\\\/\\\/www.youtube.com\\\/user\\\/AYUNTAMIENTOCORIA\"]},{\"@type\":\"Person\",\"@id\":\"https:\\\/\\\/coria.org\\\/ayuntamiento\\\/#\\\/schema\\\/person\\\/8bd589f0e13e8ae5aa06def7a599d622\",\"name\":\"ayuntamiento\",\"image\":{\"@type\":\"ImageObject\",\"inLanguage\":\"es\",\"@id\":\"https:\\\/\\\/secure.gravatar.com\\\/avatar\\\/966e5ed73cad334adda5c87f49f2547f7082f7292c1b627cbb548744383b391c?s=96&d=mm&r=g\",\"url\":\"https:\\\/\\\/secure.gravatar.com\\\/avatar\\\/966e5ed73cad334adda5c87f49f2547f7082f7292c1b627cbb548744383b391c?s=96&d=mm&r=g\",\"contentUrl\":\"https:\\\/\\\/secure.gravatar.com\\\/avatar\\\/966e5ed73cad334adda5c87f49f2547f7082f7292c1b627cbb548744383b391c?s=96&d=mm&r=g\",\"caption\":\"ayuntamiento\"}}]}<\/script>\n<!-- \/ Yoast SEO plugin. -->","yoast_head_json":{"title":"El pleno del Ayuntamiento aprueba por unanimidad la modificaci\u00f3n del Reglamento de las Fiestas de San Juan y el Plan de Autoprotecci\u00f3n, Seguridad, Evacuaci\u00f3n y Emergencias - Ayuntamiento de Coria","robots":{"index":"index","follow":"follow","max-snippet":"max-snippet:-1","max-image-preview":"max-image-preview:large","max-video-preview":"max-video-preview:-1"},"canonical":"https:\/\/coria.org\/ayuntamiento\/index.php\/2020\/06\/01\/el-pleno-del-ayuntamiento-aprueba-por-unanimidad-la-modificacion-del-reglamento-de-las-fiestas-de-san-juan-y-el-plan-de-autoproteccion-seguridad-evacuacion-y-emergencias\/","og_locale":"es_ES","og_type":"article","og_title":"El pleno del Ayuntamiento aprueba por unanimidad la modificaci\u00f3n del Reglamento de las Fiestas de San Juan y el Plan de Autoprotecci\u00f3n, Seguridad, Evacuaci\u00f3n y Emergencias - Ayuntamiento de Coria","og_description":"El Ayuntamiento de Coria ha dado luz verde a la aprobaci\u00f3n inicial de la modificaci\u00f3n de los art\u00edculos 14, 35 y 82 de la Ordenanza Reguladora N.\u00ba 8. de los Festejos Taurinos Tradicionales de las Fiestas de San Juan de la Ciudad de Coria. Dicha modificaci\u00f3n ha sido llevada a pleno al objeto de especificar, [&hellip;]","og_url":"https:\/\/coria.org\/ayuntamiento\/index.php\/2020\/06\/01\/el-pleno-del-ayuntamiento-aprueba-por-unanimidad-la-modificacion-del-reglamento-de-las-fiestas-de-san-juan-y-el-plan-de-autoproteccion-seguridad-evacuacion-y-emergencias\/","og_site_name":"Ayuntamiento de Coria","article_publisher":"https:\/\/www.facebook.com\/Ayuntamiento.de.Coria","article_published_time":"2020-06-01T00:00:00+00:00","article_modified_time":"2024-03-01T12:04:11+00:00","og_image":[{"width":1920,"height":1280,"url":"https:\/\/coria.org\/ayuntamiento\/wp-content\/uploads\/2020\/06\/pleno-jun-20.jpg","type":"image\/jpeg"}],"author":"ayuntamiento","twitter_card":"summary_large_image","twitter_creator":"@Ayto_de_Coria","twitter_site":"@Ayto_de_Coria","twitter_misc":{"Escrito por":"ayuntamiento","Tiempo de lectura":"6 minutos"},"schema":{"@context":"https:\/\/schema.org","@graph":[{"@type":"Article","@id":"https:\/\/coria.org\/ayuntamiento\/index.php\/2020\/06\/01\/el-pleno-del-ayuntamiento-aprueba-por-unanimidad-la-modificacion-del-reglamento-de-las-fiestas-de-san-juan-y-el-plan-de-autoproteccion-seguridad-evacuacion-y-emergencias\/#article","isPartOf":{"@id":"https:\/\/coria.org\/ayuntamiento\/index.php\/2020\/06\/01\/el-pleno-del-ayuntamiento-aprueba-por-unanimidad-la-modificacion-del-reglamento-de-las-fiestas-de-san-juan-y-el-plan-de-autoproteccion-seguridad-evacuacion-y-emergencias\/"},"author":{"name":"ayuntamiento","@id":"https:\/\/coria.org\/ayuntamiento\/#\/schema\/person\/8bd589f0e13e8ae5aa06def7a599d622"},"headline":"El pleno del Ayuntamiento aprueba por unanimidad la modificaci\u00f3n del Reglamento de las Fiestas de San Juan y el Plan de Autoprotecci\u00f3n, Seguridad, Evacuaci\u00f3n y Emergencias","datePublished":"2020-06-01T00:00:00+00:00","dateModified":"2024-03-01T12:04:11+00:00","mainEntityOfPage":{"@id":"https:\/\/coria.org\/ayuntamiento\/index.php\/2020\/06\/01\/el-pleno-del-ayuntamiento-aprueba-por-unanimidad-la-modificacion-del-reglamento-de-las-fiestas-de-san-juan-y-el-plan-de-autoproteccion-seguridad-evacuacion-y-emergencias\/"},"wordCount":1157,"publisher":{"@id":"https:\/\/coria.org\/ayuntamiento\/#organization"},"image":{"@id":"https:\/\/coria.org\/ayuntamiento\/index.php\/2020\/06\/01\/el-pleno-del-ayuntamiento-aprueba-por-unanimidad-la-modificacion-del-reglamento-de-las-fiestas-de-san-juan-y-el-plan-de-autoproteccion-seguridad-evacuacion-y-emergencias\/#primaryimage"},"thumbnailUrl":"https:\/\/coria.org\/ayuntamiento\/wp-content\/uploads\/2020\/06\/pleno-jun-20.jpg","keywords":["coria","extremadura"],"articleSection":["Noticias"],"inLanguage":"es"},{"@type":"WebPage","@id":"https:\/\/coria.org\/ayuntamiento\/index.php\/2020\/06\/01\/el-pleno-del-ayuntamiento-aprueba-por-unanimidad-la-modificacion-del-reglamento-de-las-fiestas-de-san-juan-y-el-plan-de-autoproteccion-seguridad-evacuacion-y-emergencias\/","url":"https:\/\/coria.org\/ayuntamiento\/index.php\/2020\/06\/01\/el-pleno-del-ayuntamiento-aprueba-por-unanimidad-la-modificacion-del-reglamento-de-las-fiestas-de-san-juan-y-el-plan-de-autoproteccion-seguridad-evacuacion-y-emergencias\/","name":"El pleno del Ayuntamiento aprueba por unanimidad la modificaci\u00f3n del Reglamento de las Fiestas de San Juan y el Plan de Autoprotecci\u00f3n, Seguridad, Evacuaci\u00f3n y Emergencias - Ayuntamiento de Coria","isPartOf":{"@id":"https:\/\/coria.org\/ayuntamiento\/#website"},"primaryImageOfPage":{"@id":"https:\/\/coria.org\/ayuntamiento\/index.php\/2020\/06\/01\/el-pleno-del-ayuntamiento-aprueba-por-unanimidad-la-modificacion-del-reglamento-de-las-fiestas-de-san-juan-y-el-plan-de-autoproteccion-seguridad-evacuacion-y-emergencias\/#primaryimage"},"image":{"@id":"https:\/\/coria.org\/ayuntamiento\/index.php\/2020\/06\/01\/el-pleno-del-ayuntamiento-aprueba-por-unanimidad-la-modificacion-del-reglamento-de-las-fiestas-de-san-juan-y-el-plan-de-autoproteccion-seguridad-evacuacion-y-emergencias\/#primaryimage"},"thumbnailUrl":"https:\/\/coria.org\/ayuntamiento\/wp-content\/uploads\/2020\/06\/pleno-jun-20.jpg","datePublished":"2020-06-01T00:00:00+00:00","dateModified":"2024-03-01T12:04:11+00:00","breadcrumb":{"@id":"https:\/\/coria.org\/ayuntamiento\/index.php\/2020\/06\/01\/el-pleno-del-ayuntamiento-aprueba-por-unanimidad-la-modificacion-del-reglamento-de-las-fiestas-de-san-juan-y-el-plan-de-autoproteccion-seguridad-evacuacion-y-emergencias\/#breadcrumb"},"inLanguage":"es","potentialAction":[{"@type":"ReadAction","target":["https:\/\/coria.org\/ayuntamiento\/index.php\/2020\/06\/01\/el-pleno-del-ayuntamiento-aprueba-por-unanimidad-la-modificacion-del-reglamento-de-las-fiestas-de-san-juan-y-el-plan-de-autoproteccion-seguridad-evacuacion-y-emergencias\/"]}]},{"@type":"ImageObject","inLanguage":"es","@id":"https:\/\/coria.org\/ayuntamiento\/index.php\/2020\/06\/01\/el-pleno-del-ayuntamiento-aprueba-por-unanimidad-la-modificacion-del-reglamento-de-las-fiestas-de-san-juan-y-el-plan-de-autoproteccion-seguridad-evacuacion-y-emergencias\/#primaryimage","url":"https:\/\/coria.org\/ayuntamiento\/wp-content\/uploads\/2020\/06\/pleno-jun-20.jpg","contentUrl":"https:\/\/coria.org\/ayuntamiento\/wp-content\/uploads\/2020\/06\/pleno-jun-20.jpg","width":1920,"height":1280},{"@type":"BreadcrumbList","@id":"https:\/\/coria.org\/ayuntamiento\/index.php\/2020\/06\/01\/el-pleno-del-ayuntamiento-aprueba-por-unanimidad-la-modificacion-del-reglamento-de-las-fiestas-de-san-juan-y-el-plan-de-autoproteccion-seguridad-evacuacion-y-emergencias\/#breadcrumb","itemListElement":[{"@type":"ListItem","position":1,"name":"Inicio","item":"https:\/\/coria.org\/ayuntamiento\/"},{"@type":"ListItem","position":2,"name":"El pleno del Ayuntamiento aprueba por unanimidad la modificaci\u00f3n del Reglamento de las Fiestas de San Juan y el Plan de Autoprotecci\u00f3n, Seguridad, Evacuaci\u00f3n y Emergencias"}]},{"@type":"WebSite","@id":"https:\/\/coria.org\/ayuntamiento\/#website","url":"https:\/\/coria.org\/ayuntamiento\/","name":"Ayuntamiento de Coria","description":"Web oficial del Ayuntamiento de Coria","publisher":{"@id":"https:\/\/coria.org\/ayuntamiento\/#organization"},"alternateName":"Web Oficial del Ayuntamiento de Coria","potentialAction":[{"@type":"SearchAction","target":{"@type":"EntryPoint","urlTemplate":"https:\/\/coria.org\/ayuntamiento\/?s={search_term_string}"},"query-input":{"@type":"PropertyValueSpecification","valueRequired":true,"valueName":"search_term_string"}}],"inLanguage":"es"},{"@type":"Organization","@id":"https:\/\/coria.org\/ayuntamiento\/#organization","name":"Ayuntamiento de Coria","alternateName":"Ayto de Coria","url":"https:\/\/coria.org\/ayuntamiento\/","logo":{"@type":"ImageObject","inLanguage":"es","@id":"https:\/\/coria.org\/ayuntamiento\/#\/schema\/logo\/image\/","url":"https:\/\/coria.org\/ayuntamiento\/wp-content\/uploads\/2020\/12\/escudo-ayuntamiento-coria.png","contentUrl":"https:\/\/coria.org\/ayuntamiento\/wp-content\/uploads\/2020\/12\/escudo-ayuntamiento-coria.png","width":511,"height":240,"caption":"Ayuntamiento de Coria"},"image":{"@id":"https:\/\/coria.org\/ayuntamiento\/#\/schema\/logo\/image\/"},"sameAs":["https:\/\/www.facebook.com\/Ayuntamiento.de.Coria","https:\/\/x.com\/Ayto_de_Coria","https:\/\/www.instagram.com\/coria.ayuntamiento\/","https:\/\/www.youtube.com\/user\/AYUNTAMIENTOCORIA"]},{"@type":"Person","@id":"https:\/\/coria.org\/ayuntamiento\/#\/schema\/person\/8bd589f0e13e8ae5aa06def7a599d622","name":"ayuntamiento","image":{"@type":"ImageObject","inLanguage":"es","@id":"https:\/\/secure.gravatar.com\/avatar\/966e5ed73cad334adda5c87f49f2547f7082f7292c1b627cbb548744383b391c?s=96&d=mm&r=g","url":"https:\/\/secure.gravatar.com\/avatar\/966e5ed73cad334adda5c87f49f2547f7082f7292c1b627cbb548744383b391c?s=96&d=mm&r=g","contentUrl":"https:\/\/secure.gravatar.com\/avatar\/966e5ed73cad334adda5c87f49f2547f7082f7292c1b627cbb548744383b391c?s=96&d=mm&r=g","caption":"ayuntamiento"}}]}},"uagb_featured_image_src":{"full":["https:\/\/coria.org\/ayuntamiento\/wp-content\/uploads\/2020\/06\/pleno-jun-20.jpg",1920,1280,false],"thumbnail":["https:\/\/coria.org\/ayuntamiento\/wp-content\/uploads\/2020\/06\/pleno-jun-20-150x150.jpg",150,150,true],"medium":["https:\/\/coria.org\/ayuntamiento\/wp-content\/uploads\/2020\/06\/pleno-jun-20-300x200.jpg",300,200,true],"medium_large":["https:\/\/coria.org\/ayuntamiento\/wp-content\/uploads\/2020\/06\/pleno-jun-20-768x512.jpg",768,512,true],"large":["https:\/\/coria.org\/ayuntamiento\/wp-content\/uploads\/2020\/06\/pleno-jun-20-1024x683.jpg",1024,683,true],"thumblist":["https:\/\/coria.org\/ayuntamiento\/wp-content\/uploads\/2020\/06\/pleno-jun-20-300x300.jpg",300,300,true],"thumbrelated":["https:\/\/coria.org\/ayuntamiento\/wp-content\/uploads\/2020\/06\/pleno-jun-20-500x500.jpg",500,500,true],"meccarouselthumb":["https:\/\/coria.org\/ayuntamiento\/wp-content\/uploads\/2020\/06\/pleno-jun-20-474x324.jpg",474,324,true],"gridsquare":["https:\/\/coria.org\/ayuntamiento\/wp-content\/uploads\/2020\/06\/pleno-jun-20-391x260.jpg",391,260,true],"tileview":["https:\/\/coria.org\/ayuntamiento\/wp-content\/uploads\/2020\/06\/pleno-jun-20-300x400.jpg",300,400,true],"1536x1536":["https:\/\/coria.org\/ayuntamiento\/wp-content\/uploads\/2020\/06\/pleno-jun-20-1536x1024.jpg",1536,1024,true],"2048x2048":["https:\/\/coria.org\/ayuntamiento\/wp-content\/uploads\/2020\/06\/pleno-jun-20.jpg",1920,1280,false]},"uagb_author_info":{"display_name":"ayuntamiento","author_link":"https:\/\/coria.org\/ayuntamiento\/index.php\/author\/ayuntamiento\/"},"uagb_comment_info":0,"uagb_excerpt":"El Ayuntamiento de Coria ha dado luz verde a la aprobaci\u00f3n inicial de la modificaci\u00f3n de los art\u00edculos 14, 35 y 82 de la Ordenanza Reguladora N.\u00ba 8. de los Festejos Taurinos Tradicionales de las Fiestas de San Juan de la Ciudad de Coria. Dicha modificaci\u00f3n ha sido llevada a pleno al objeto de especificar,&hellip;","_links":{"self":[{"href":"https:\/\/coria.org\/ayuntamiento\/index.php\/wp-json\/wp\/v2\/posts\/23914","targetHints":{"allow":["GET"]}}],"collection":[{"href":"https:\/\/coria.org\/ayuntamiento\/index.php\/wp-json\/wp\/v2\/posts"}],"about":[{"href":"https:\/\/coria.org\/ayuntamiento\/index.php\/wp-json\/wp\/v2\/types\/post"}],"author":[{"embeddable":true,"href":"https:\/\/coria.org\/ayuntamiento\/index.php\/wp-json\/wp\/v2\/users\/2"}],"replies":[{"embeddable":true,"href":"https:\/\/coria.org\/ayuntamiento\/index.php\/wp-json\/wp\/v2\/comments?post=23914"}],"version-history":[{"count":0,"href":"https:\/\/coria.org\/ayuntamiento\/index.php\/wp-json\/wp\/v2\/posts\/23914\/revisions"}],"wp:featuredmedia":[{"embeddable":true,"href":"https:\/\/coria.org\/ayuntamiento\/index.php\/wp-json\/wp\/v2\/media\/59511"}],"wp:attachment":[{"href":"https:\/\/coria.org\/ayuntamiento\/index.php\/wp-json\/wp\/v2\/media?parent=23914"}],"wp:term":[{"taxonomy":"category","embeddable":true,"href":"https:\/\/coria.org\/ayuntamiento\/index.php\/wp-json\/wp\/v2\/categories?post=23914"},{"taxonomy":"post_tag","embeddable":true,"href":"https:\/\/coria.org\/ayuntamiento\/index.php\/wp-json\/wp\/v2\/tags?post=23914"}],"curies":[{"name":"wp","href":"https:\/\/api.w.org\/{rel}","templated":true}]}}