{"id":23913,"date":"2020-06-02T00:00:00","date_gmt":"2020-06-02T00:00:00","guid":{"rendered":"https:\/\/ayuntamiento.coriaenimagenes.com\/sale-a-licitacion-el-quiosco-del-parque-de-cadenetas\/"},"modified":"2024-03-04T13:41:30","modified_gmt":"2024-03-04T12:41:30","slug":"sale-a-licitacion-el-quiosco-del-parque-de-cadenetas","status":"publish","type":"post","link":"https:\/\/coria.org\/ayuntamiento\/index.php\/2020\/06\/02\/sale-a-licitacion-el-quiosco-del-parque-de-cadenetas\/","title":{"rendered":"Sale a licitaci\u00f3n el quiosco del Parque de Cadenetas"},"content":{"rendered":"\n<p><b>El Ayuntamiento de Coria ha publicado recientemente el pliego de cl\u00e1usulas administrativas particulares que han de regir el contrato de concesi\u00f3n de servicios para la prestaci\u00f3n del \u00abservicio de quiosco del Parque de Cadenetas\u00bb.<\/b><b>\n<\/b><\/p>\n\n\n<figure class=\"wp-block-post-featured-image\"><img loading=\"lazy\" decoding=\"async\" width=\"1200\" height=\"900\" src=\"https:\/\/coria.org\/ayuntamiento\/wp-content\/uploads\/2020\/06\/quiosco-cadenetas.jpg\" class=\"attachment-post-thumbnail size-post-thumbnail wp-post-image\" alt=\"\" style=\"object-fit:cover;\" srcset=\"https:\/\/coria.org\/ayuntamiento\/wp-content\/uploads\/2020\/06\/quiosco-cadenetas.jpg 1200w, https:\/\/coria.org\/ayuntamiento\/wp-content\/uploads\/2020\/06\/quiosco-cadenetas-300x225.jpg 300w, https:\/\/coria.org\/ayuntamiento\/wp-content\/uploads\/2020\/06\/quiosco-cadenetas-1024x768.jpg 1024w, https:\/\/coria.org\/ayuntamiento\/wp-content\/uploads\/2020\/06\/quiosco-cadenetas-768x576.jpg 768w\" sizes=\"auto, (max-width: 1200px) 100vw, 1200px\" \/><\/figure>\n\n\n<p>La forma de adjudicaci\u00f3n del contrato mencionado ser\u00e1 el procedimiento abierto, en el que todo empresario interesado podr\u00e1 presentar una proposici\u00f3n, quedando excluida toda negociaci\u00f3n de los t\u00e9rminos del contrato. La tramitaci\u00f3n ser\u00e1 ordinaria. La adjudicaci\u00f3n del contrato se realizar\u00e1 utilizando una pluralidad de criterios de adjudicaci\u00f3n en base a la mejor relaci\u00f3n calidad-precio.<\/p>\n\n\n\n<p>Toda la informaci\u00f3n est\u00e1 publicada en el apartado de \u00abPerfil del Contratante\u00bb de la p\u00e1gina web municipal con el fin de asegurar la transparencia y el acceso p\u00fablico a la informaci\u00f3n relativa a la actividad contractual.<\/p>\n\n\n\n<p>Podr\u00e1n presentar proposiciones las personas naturales o jur\u00eddicas, espa\u00f1olas o extranjeras, que tengan plena capacidad de obrar, no est\u00e9n incursas en prohibiciones de contratar, y acrediten su solvencia econ\u00f3mica, financiera y t\u00e9cnica o profesional.<\/p>\n\n\n\n<p>Las proposiciones se presentar\u00e1n en el Registro del Ayuntamiento, con domicilio en Plaza de San Pedro, n\u00fam. 1, en horario de 9:00 a 14:00 horas, dentro del plazo de 26 d\u00edas contados a partir del d\u00eda siguiente al de la publicaci\u00f3n del anuncio de licitaci\u00f3n en el Perfil del Contratante que ha sido el lunes d\u00eda 1 de junio de 2020. <\/p>\n","protected":false},"excerpt":{"rendered":"<p>El Ayuntamiento de Coria ha publicado recientemente el pliego de cl\u00e1usulas administrativas particulares que han de regir el contrato de concesi\u00f3n de servicios para la prestaci\u00f3n del \u00abservicio de quiosco del Parque de Cadenetas\u00bb. La forma de adjudicaci\u00f3n del contrato mencionado ser\u00e1 el procedimiento abierto, en el que todo empresario interesado podr\u00e1 presentar una proposici\u00f3n, [&hellip;]<\/p>\n","protected":false},"author":2,"featured_media":59548,"comment_status":"closed","ping_status":"closed","sticky":false,"template":"","format":"standard","meta":{"_uag_custom_page_level_css":"","footnotes":""},"categories":[2],"tags":[3,4],"class_list":["post-23913","post","type-post","status-publish","format-standard","has-post-thumbnail","hentry","category-noticias","tag-coria","tag-extremadura"],"yoast_head":"<!-- This site is optimized with the Yoast SEO plugin v27.5 - https:\/\/yoast.com\/product\/yoast-seo-wordpress\/ -->\n<title>Sale a licitaci\u00f3n el quiosco del Parque de Cadenetas - Ayuntamiento de Coria<\/title>\n<meta name=\"robots\" content=\"index, follow, max-snippet:-1, max-image-preview:large, max-video-preview:-1\" \/>\n<link rel=\"canonical\" href=\"https:\/\/coria.org\/ayuntamiento\/index.php\/2020\/06\/02\/sale-a-licitacion-el-quiosco-del-parque-de-cadenetas\/\" \/>\n<meta property=\"og:locale\" content=\"es_ES\" \/>\n<meta property=\"og:type\" content=\"article\" \/>\n<meta property=\"og:title\" content=\"Sale a licitaci\u00f3n el quiosco del Parque de Cadenetas - Ayuntamiento de Coria\" \/>\n<meta property=\"og:description\" content=\"El Ayuntamiento de Coria ha publicado recientemente el pliego de cl\u00e1usulas administrativas particulares que han de regir el contrato de concesi\u00f3n de servicios para la prestaci\u00f3n del \u00abservicio de quiosco del Parque de Cadenetas\u00bb. La forma de adjudicaci\u00f3n del contrato mencionado ser\u00e1 el procedimiento abierto, en el que todo empresario interesado podr\u00e1 presentar una proposici\u00f3n, [&hellip;]\" \/>\n<meta property=\"og:url\" content=\"https:\/\/coria.org\/ayuntamiento\/index.php\/2020\/06\/02\/sale-a-licitacion-el-quiosco-del-parque-de-cadenetas\/\" \/>\n<meta property=\"og:site_name\" content=\"Ayuntamiento de Coria\" \/>\n<meta property=\"article:publisher\" content=\"https:\/\/www.facebook.com\/Ayuntamiento.de.Coria\" \/>\n<meta property=\"article:published_time\" content=\"2020-06-02T00:00:00+00:00\" \/>\n<meta property=\"article:modified_time\" content=\"2024-03-04T12:41:30+00:00\" \/>\n<meta property=\"og:image\" content=\"https:\/\/coria.org\/ayuntamiento\/wp-content\/uploads\/2020\/06\/quiosco-cadenetas.jpg\" \/>\n\t<meta property=\"og:image:width\" content=\"1200\" \/>\n\t<meta property=\"og:image:height\" content=\"900\" \/>\n\t<meta property=\"og:image:type\" content=\"image\/jpeg\" \/>\n<meta name=\"author\" content=\"ayuntamiento\" \/>\n<meta name=\"twitter:card\" content=\"summary_large_image\" \/>\n<meta name=\"twitter:creator\" content=\"@Ayto_de_Coria\" \/>\n<meta name=\"twitter:site\" content=\"@Ayto_de_Coria\" \/>\n<meta name=\"twitter:label1\" content=\"Escrito por\" \/>\n\t<meta name=\"twitter:data1\" content=\"ayuntamiento\" \/>\n\t<meta name=\"twitter:label2\" content=\"Tiempo de lectura\" \/>\n\t<meta name=\"twitter:data2\" content=\"1 minuto\" \/>\n<script type=\"application\/ld+json\" class=\"yoast-schema-graph\">{\"@context\":\"https:\\\/\\\/schema.org\",\"@graph\":[{\"@type\":\"Article\",\"@id\":\"https:\\\/\\\/coria.org\\\/ayuntamiento\\\/index.php\\\/2020\\\/06\\\/02\\\/sale-a-licitacion-el-quiosco-del-parque-de-cadenetas\\\/#article\",\"isPartOf\":{\"@id\":\"https:\\\/\\\/coria.org\\\/ayuntamiento\\\/index.php\\\/2020\\\/06\\\/02\\\/sale-a-licitacion-el-quiosco-del-parque-de-cadenetas\\\/\"},\"author\":{\"name\":\"ayuntamiento\",\"@id\":\"https:\\\/\\\/coria.org\\\/ayuntamiento\\\/#\\\/schema\\\/person\\\/8bd589f0e13e8ae5aa06def7a599d622\"},\"headline\":\"Sale a licitaci\u00f3n el quiosco del Parque de Cadenetas\",\"datePublished\":\"2020-06-02T00:00:00+00:00\",\"dateModified\":\"2024-03-04T12:41:30+00:00\",\"mainEntityOfPage\":{\"@id\":\"https:\\\/\\\/coria.org\\\/ayuntamiento\\\/index.php\\\/2020\\\/06\\\/02\\\/sale-a-licitacion-el-quiosco-del-parque-de-cadenetas\\\/\"},\"wordCount\":251,\"publisher\":{\"@id\":\"https:\\\/\\\/coria.org\\\/ayuntamiento\\\/#organization\"},\"image\":{\"@id\":\"https:\\\/\\\/coria.org\\\/ayuntamiento\\\/index.php\\\/2020\\\/06\\\/02\\\/sale-a-licitacion-el-quiosco-del-parque-de-cadenetas\\\/#primaryimage\"},\"thumbnailUrl\":\"https:\\\/\\\/coria.org\\\/ayuntamiento\\\/wp-content\\\/uploads\\\/2020\\\/06\\\/quiosco-cadenetas.jpg\",\"keywords\":[\"coria\",\"extremadura\"],\"articleSection\":[\"Noticias\"],\"inLanguage\":\"es\"},{\"@type\":\"WebPage\",\"@id\":\"https:\\\/\\\/coria.org\\\/ayuntamiento\\\/index.php\\\/2020\\\/06\\\/02\\\/sale-a-licitacion-el-quiosco-del-parque-de-cadenetas\\\/\",\"url\":\"https:\\\/\\\/coria.org\\\/ayuntamiento\\\/index.php\\\/2020\\\/06\\\/02\\\/sale-a-licitacion-el-quiosco-del-parque-de-cadenetas\\\/\",\"name\":\"Sale a licitaci\u00f3n el quiosco del Parque de Cadenetas - Ayuntamiento de Coria\",\"isPartOf\":{\"@id\":\"https:\\\/\\\/coria.org\\\/ayuntamiento\\\/#website\"},\"primaryImageOfPage\":{\"@id\":\"https:\\\/\\\/coria.org\\\/ayuntamiento\\\/index.php\\\/2020\\\/06\\\/02\\\/sale-a-licitacion-el-quiosco-del-parque-de-cadenetas\\\/#primaryimage\"},\"image\":{\"@id\":\"https:\\\/\\\/coria.org\\\/ayuntamiento\\\/index.php\\\/2020\\\/06\\\/02\\\/sale-a-licitacion-el-quiosco-del-parque-de-cadenetas\\\/#primaryimage\"},\"thumbnailUrl\":\"https:\\\/\\\/coria.org\\\/ayuntamiento\\\/wp-content\\\/uploads\\\/2020\\\/06\\\/quiosco-cadenetas.jpg\",\"datePublished\":\"2020-06-02T00:00:00+00:00\",\"dateModified\":\"2024-03-04T12:41:30+00:00\",\"breadcrumb\":{\"@id\":\"https:\\\/\\\/coria.org\\\/ayuntamiento\\\/index.php\\\/2020\\\/06\\\/02\\\/sale-a-licitacion-el-quiosco-del-parque-de-cadenetas\\\/#breadcrumb\"},\"inLanguage\":\"es\",\"potentialAction\":[{\"@type\":\"ReadAction\",\"target\":[\"https:\\\/\\\/coria.org\\\/ayuntamiento\\\/index.php\\\/2020\\\/06\\\/02\\\/sale-a-licitacion-el-quiosco-del-parque-de-cadenetas\\\/\"]}]},{\"@type\":\"ImageObject\",\"inLanguage\":\"es\",\"@id\":\"https:\\\/\\\/coria.org\\\/ayuntamiento\\\/index.php\\\/2020\\\/06\\\/02\\\/sale-a-licitacion-el-quiosco-del-parque-de-cadenetas\\\/#primaryimage\",\"url\":\"https:\\\/\\\/coria.org\\\/ayuntamiento\\\/wp-content\\\/uploads\\\/2020\\\/06\\\/quiosco-cadenetas.jpg\",\"contentUrl\":\"https:\\\/\\\/coria.org\\\/ayuntamiento\\\/wp-content\\\/uploads\\\/2020\\\/06\\\/quiosco-cadenetas.jpg\",\"width\":1200,\"height\":900},{\"@type\":\"BreadcrumbList\",\"@id\":\"https:\\\/\\\/coria.org\\\/ayuntamiento\\\/index.php\\\/2020\\\/06\\\/02\\\/sale-a-licitacion-el-quiosco-del-parque-de-cadenetas\\\/#breadcrumb\",\"itemListElement\":[{\"@type\":\"ListItem\",\"position\":1,\"name\":\"Inicio\",\"item\":\"https:\\\/\\\/coria.org\\\/ayuntamiento\\\/\"},{\"@type\":\"ListItem\",\"position\":2,\"name\":\"Sale a licitaci\u00f3n el quiosco del Parque de Cadenetas\"}]},{\"@type\":\"WebSite\",\"@id\":\"https:\\\/\\\/coria.org\\\/ayuntamiento\\\/#website\",\"url\":\"https:\\\/\\\/coria.org\\\/ayuntamiento\\\/\",\"name\":\"Ayuntamiento de Coria\",\"description\":\"Web oficial del Ayuntamiento de Coria\",\"publisher\":{\"@id\":\"https:\\\/\\\/coria.org\\\/ayuntamiento\\\/#organization\"},\"alternateName\":\"Web Oficial del Ayuntamiento de Coria\",\"potentialAction\":[{\"@type\":\"SearchAction\",\"target\":{\"@type\":\"EntryPoint\",\"urlTemplate\":\"https:\\\/\\\/coria.org\\\/ayuntamiento\\\/?s={search_term_string}\"},\"query-input\":{\"@type\":\"PropertyValueSpecification\",\"valueRequired\":true,\"valueName\":\"search_term_string\"}}],\"inLanguage\":\"es\"},{\"@type\":\"Organization\",\"@id\":\"https:\\\/\\\/coria.org\\\/ayuntamiento\\\/#organization\",\"name\":\"Ayuntamiento de Coria\",\"alternateName\":\"Ayto de Coria\",\"url\":\"https:\\\/\\\/coria.org\\\/ayuntamiento\\\/\",\"logo\":{\"@type\":\"ImageObject\",\"inLanguage\":\"es\",\"@id\":\"https:\\\/\\\/coria.org\\\/ayuntamiento\\\/#\\\/schema\\\/logo\\\/image\\\/\",\"url\":\"https:\\\/\\\/coria.org\\\/ayuntamiento\\\/wp-content\\\/uploads\\\/2020\\\/12\\\/escudo-ayuntamiento-coria.png\",\"contentUrl\":\"https:\\\/\\\/coria.org\\\/ayuntamiento\\\/wp-content\\\/uploads\\\/2020\\\/12\\\/escudo-ayuntamiento-coria.png\",\"width\":511,\"height\":240,\"caption\":\"Ayuntamiento de Coria\"},\"image\":{\"@id\":\"https:\\\/\\\/coria.org\\\/ayuntamiento\\\/#\\\/schema\\\/logo\\\/image\\\/\"},\"sameAs\":[\"https:\\\/\\\/www.facebook.com\\\/Ayuntamiento.de.Coria\",\"https:\\\/\\\/x.com\\\/Ayto_de_Coria\",\"https:\\\/\\\/www.instagram.com\\\/coria.ayuntamiento\\\/\",\"https:\\\/\\\/www.youtube.com\\\/user\\\/AYUNTAMIENTOCORIA\"]},{\"@type\":\"Person\",\"@id\":\"https:\\\/\\\/coria.org\\\/ayuntamiento\\\/#\\\/schema\\\/person\\\/8bd589f0e13e8ae5aa06def7a599d622\",\"name\":\"ayuntamiento\",\"image\":{\"@type\":\"ImageObject\",\"inLanguage\":\"es\",\"@id\":\"https:\\\/\\\/secure.gravatar.com\\\/avatar\\\/966e5ed73cad334adda5c87f49f2547f7082f7292c1b627cbb548744383b391c?s=96&d=mm&r=g\",\"url\":\"https:\\\/\\\/secure.gravatar.com\\\/avatar\\\/966e5ed73cad334adda5c87f49f2547f7082f7292c1b627cbb548744383b391c?s=96&d=mm&r=g\",\"contentUrl\":\"https:\\\/\\\/secure.gravatar.com\\\/avatar\\\/966e5ed73cad334adda5c87f49f2547f7082f7292c1b627cbb548744383b391c?s=96&d=mm&r=g\",\"caption\":\"ayuntamiento\"}}]}<\/script>\n<!-- \/ Yoast SEO plugin. -->","yoast_head_json":{"title":"Sale a licitaci\u00f3n el quiosco del Parque de Cadenetas - Ayuntamiento de Coria","robots":{"index":"index","follow":"follow","max-snippet":"max-snippet:-1","max-image-preview":"max-image-preview:large","max-video-preview":"max-video-preview:-1"},"canonical":"https:\/\/coria.org\/ayuntamiento\/index.php\/2020\/06\/02\/sale-a-licitacion-el-quiosco-del-parque-de-cadenetas\/","og_locale":"es_ES","og_type":"article","og_title":"Sale a licitaci\u00f3n el quiosco del Parque de Cadenetas - Ayuntamiento de Coria","og_description":"El Ayuntamiento de Coria ha publicado recientemente el pliego de cl\u00e1usulas administrativas particulares que han de regir el contrato de concesi\u00f3n de servicios para la prestaci\u00f3n del \u00abservicio de quiosco del Parque de Cadenetas\u00bb. La forma de adjudicaci\u00f3n del contrato mencionado ser\u00e1 el procedimiento abierto, en el que todo empresario interesado podr\u00e1 presentar una proposici\u00f3n, [&hellip;]","og_url":"https:\/\/coria.org\/ayuntamiento\/index.php\/2020\/06\/02\/sale-a-licitacion-el-quiosco-del-parque-de-cadenetas\/","og_site_name":"Ayuntamiento de Coria","article_publisher":"https:\/\/www.facebook.com\/Ayuntamiento.de.Coria","article_published_time":"2020-06-02T00:00:00+00:00","article_modified_time":"2024-03-04T12:41:30+00:00","og_image":[{"width":1200,"height":900,"url":"https:\/\/coria.org\/ayuntamiento\/wp-content\/uploads\/2020\/06\/quiosco-cadenetas.jpg","type":"image\/jpeg"}],"author":"ayuntamiento","twitter_card":"summary_large_image","twitter_creator":"@Ayto_de_Coria","twitter_site":"@Ayto_de_Coria","twitter_misc":{"Escrito por":"ayuntamiento","Tiempo de lectura":"1 minuto"},"schema":{"@context":"https:\/\/schema.org","@graph":[{"@type":"Article","@id":"https:\/\/coria.org\/ayuntamiento\/index.php\/2020\/06\/02\/sale-a-licitacion-el-quiosco-del-parque-de-cadenetas\/#article","isPartOf":{"@id":"https:\/\/coria.org\/ayuntamiento\/index.php\/2020\/06\/02\/sale-a-licitacion-el-quiosco-del-parque-de-cadenetas\/"},"author":{"name":"ayuntamiento","@id":"https:\/\/coria.org\/ayuntamiento\/#\/schema\/person\/8bd589f0e13e8ae5aa06def7a599d622"},"headline":"Sale a licitaci\u00f3n el quiosco del Parque de Cadenetas","datePublished":"2020-06-02T00:00:00+00:00","dateModified":"2024-03-04T12:41:30+00:00","mainEntityOfPage":{"@id":"https:\/\/coria.org\/ayuntamiento\/index.php\/2020\/06\/02\/sale-a-licitacion-el-quiosco-del-parque-de-cadenetas\/"},"wordCount":251,"publisher":{"@id":"https:\/\/coria.org\/ayuntamiento\/#organization"},"image":{"@id":"https:\/\/coria.org\/ayuntamiento\/index.php\/2020\/06\/02\/sale-a-licitacion-el-quiosco-del-parque-de-cadenetas\/#primaryimage"},"thumbnailUrl":"https:\/\/coria.org\/ayuntamiento\/wp-content\/uploads\/2020\/06\/quiosco-cadenetas.jpg","keywords":["coria","extremadura"],"articleSection":["Noticias"],"inLanguage":"es"},{"@type":"WebPage","@id":"https:\/\/coria.org\/ayuntamiento\/index.php\/2020\/06\/02\/sale-a-licitacion-el-quiosco-del-parque-de-cadenetas\/","url":"https:\/\/coria.org\/ayuntamiento\/index.php\/2020\/06\/02\/sale-a-licitacion-el-quiosco-del-parque-de-cadenetas\/","name":"Sale a licitaci\u00f3n el quiosco del Parque de Cadenetas - Ayuntamiento de Coria","isPartOf":{"@id":"https:\/\/coria.org\/ayuntamiento\/#website"},"primaryImageOfPage":{"@id":"https:\/\/coria.org\/ayuntamiento\/index.php\/2020\/06\/02\/sale-a-licitacion-el-quiosco-del-parque-de-cadenetas\/#primaryimage"},"image":{"@id":"https:\/\/coria.org\/ayuntamiento\/index.php\/2020\/06\/02\/sale-a-licitacion-el-quiosco-del-parque-de-cadenetas\/#primaryimage"},"thumbnailUrl":"https:\/\/coria.org\/ayuntamiento\/wp-content\/uploads\/2020\/06\/quiosco-cadenetas.jpg","datePublished":"2020-06-02T00:00:00+00:00","dateModified":"2024-03-04T12:41:30+00:00","breadcrumb":{"@id":"https:\/\/coria.org\/ayuntamiento\/index.php\/2020\/06\/02\/sale-a-licitacion-el-quiosco-del-parque-de-cadenetas\/#breadcrumb"},"inLanguage":"es","potentialAction":[{"@type":"ReadAction","target":["https:\/\/coria.org\/ayuntamiento\/index.php\/2020\/06\/02\/sale-a-licitacion-el-quiosco-del-parque-de-cadenetas\/"]}]},{"@type":"ImageObject","inLanguage":"es","@id":"https:\/\/coria.org\/ayuntamiento\/index.php\/2020\/06\/02\/sale-a-licitacion-el-quiosco-del-parque-de-cadenetas\/#primaryimage","url":"https:\/\/coria.org\/ayuntamiento\/wp-content\/uploads\/2020\/06\/quiosco-cadenetas.jpg","contentUrl":"https:\/\/coria.org\/ayuntamiento\/wp-content\/uploads\/2020\/06\/quiosco-cadenetas.jpg","width":1200,"height":900},{"@type":"BreadcrumbList","@id":"https:\/\/coria.org\/ayuntamiento\/index.php\/2020\/06\/02\/sale-a-licitacion-el-quiosco-del-parque-de-cadenetas\/#breadcrumb","itemListElement":[{"@type":"ListItem","position":1,"name":"Inicio","item":"https:\/\/coria.org\/ayuntamiento\/"},{"@type":"ListItem","position":2,"name":"Sale a licitaci\u00f3n el quiosco del Parque de Cadenetas"}]},{"@type":"WebSite","@id":"https:\/\/coria.org\/ayuntamiento\/#website","url":"https:\/\/coria.org\/ayuntamiento\/","name":"Ayuntamiento de Coria","description":"Web oficial del Ayuntamiento de Coria","publisher":{"@id":"https:\/\/coria.org\/ayuntamiento\/#organization"},"alternateName":"Web Oficial del Ayuntamiento de Coria","potentialAction":[{"@type":"SearchAction","target":{"@type":"EntryPoint","urlTemplate":"https:\/\/coria.org\/ayuntamiento\/?s={search_term_string}"},"query-input":{"@type":"PropertyValueSpecification","valueRequired":true,"valueName":"search_term_string"}}],"inLanguage":"es"},{"@type":"Organization","@id":"https:\/\/coria.org\/ayuntamiento\/#organization","name":"Ayuntamiento de Coria","alternateName":"Ayto de Coria","url":"https:\/\/coria.org\/ayuntamiento\/","logo":{"@type":"ImageObject","inLanguage":"es","@id":"https:\/\/coria.org\/ayuntamiento\/#\/schema\/logo\/image\/","url":"https:\/\/coria.org\/ayuntamiento\/wp-content\/uploads\/2020\/12\/escudo-ayuntamiento-coria.png","contentUrl":"https:\/\/coria.org\/ayuntamiento\/wp-content\/uploads\/2020\/12\/escudo-ayuntamiento-coria.png","width":511,"height":240,"caption":"Ayuntamiento de Coria"},"image":{"@id":"https:\/\/coria.org\/ayuntamiento\/#\/schema\/logo\/image\/"},"sameAs":["https:\/\/www.facebook.com\/Ayuntamiento.de.Coria","https:\/\/x.com\/Ayto_de_Coria","https:\/\/www.instagram.com\/coria.ayuntamiento\/","https:\/\/www.youtube.com\/user\/AYUNTAMIENTOCORIA"]},{"@type":"Person","@id":"https:\/\/coria.org\/ayuntamiento\/#\/schema\/person\/8bd589f0e13e8ae5aa06def7a599d622","name":"ayuntamiento","image":{"@type":"ImageObject","inLanguage":"es","@id":"https:\/\/secure.gravatar.com\/avatar\/966e5ed73cad334adda5c87f49f2547f7082f7292c1b627cbb548744383b391c?s=96&d=mm&r=g","url":"https:\/\/secure.gravatar.com\/avatar\/966e5ed73cad334adda5c87f49f2547f7082f7292c1b627cbb548744383b391c?s=96&d=mm&r=g","contentUrl":"https:\/\/secure.gravatar.com\/avatar\/966e5ed73cad334adda5c87f49f2547f7082f7292c1b627cbb548744383b391c?s=96&d=mm&r=g","caption":"ayuntamiento"}}]}},"uagb_featured_image_src":{"full":["https:\/\/coria.org\/ayuntamiento\/wp-content\/uploads\/2020\/06\/quiosco-cadenetas.jpg",1200,900,false],"thumbnail":["https:\/\/coria.org\/ayuntamiento\/wp-content\/uploads\/2020\/06\/quiosco-cadenetas-150x150.jpg",150,150,true],"medium":["https:\/\/coria.org\/ayuntamiento\/wp-content\/uploads\/2020\/06\/quiosco-cadenetas-300x225.jpg",300,225,true],"medium_large":["https:\/\/coria.org\/ayuntamiento\/wp-content\/uploads\/2020\/06\/quiosco-cadenetas-768x576.jpg",768,576,true],"large":["https:\/\/coria.org\/ayuntamiento\/wp-content\/uploads\/2020\/06\/quiosco-cadenetas-1024x768.jpg",1024,768,true],"thumblist":["https:\/\/coria.org\/ayuntamiento\/wp-content\/uploads\/2020\/06\/quiosco-cadenetas-300x300.jpg",300,300,true],"thumbrelated":["https:\/\/coria.org\/ayuntamiento\/wp-content\/uploads\/2020\/06\/quiosco-cadenetas-500x500.jpg",500,500,true],"meccarouselthumb":["https:\/\/coria.org\/ayuntamiento\/wp-content\/uploads\/2020\/06\/quiosco-cadenetas-474x324.jpg",474,324,true],"gridsquare":["https:\/\/coria.org\/ayuntamiento\/wp-content\/uploads\/2020\/06\/quiosco-cadenetas-391x260.jpg",391,260,true],"tileview":["https:\/\/coria.org\/ayuntamiento\/wp-content\/uploads\/2020\/06\/quiosco-cadenetas-300x400.jpg",300,400,true],"1536x1536":["https:\/\/coria.org\/ayuntamiento\/wp-content\/uploads\/2020\/06\/quiosco-cadenetas.jpg",1200,900,false],"2048x2048":["https:\/\/coria.org\/ayuntamiento\/wp-content\/uploads\/2020\/06\/quiosco-cadenetas.jpg",1200,900,false]},"uagb_author_info":{"display_name":"ayuntamiento","author_link":"https:\/\/coria.org\/ayuntamiento\/index.php\/author\/ayuntamiento\/"},"uagb_comment_info":0,"uagb_excerpt":"El Ayuntamiento de Coria ha publicado recientemente el pliego de cl\u00e1usulas administrativas particulares que han de regir el contrato de concesi\u00f3n de servicios para la prestaci\u00f3n del \u00abservicio de quiosco del Parque de Cadenetas\u00bb. La forma de adjudicaci\u00f3n del contrato mencionado ser\u00e1 el procedimiento abierto, en el que todo empresario interesado podr\u00e1 presentar una proposici\u00f3n,&hellip;","_links":{"self":[{"href":"https:\/\/coria.org\/ayuntamiento\/index.php\/wp-json\/wp\/v2\/posts\/23913","targetHints":{"allow":["GET"]}}],"collection":[{"href":"https:\/\/coria.org\/ayuntamiento\/index.php\/wp-json\/wp\/v2\/posts"}],"about":[{"href":"https:\/\/coria.org\/ayuntamiento\/index.php\/wp-json\/wp\/v2\/types\/post"}],"author":[{"embeddable":true,"href":"https:\/\/coria.org\/ayuntamiento\/index.php\/wp-json\/wp\/v2\/users\/2"}],"replies":[{"embeddable":true,"href":"https:\/\/coria.org\/ayuntamiento\/index.php\/wp-json\/wp\/v2\/comments?post=23913"}],"version-history":[{"count":0,"href":"https:\/\/coria.org\/ayuntamiento\/index.php\/wp-json\/wp\/v2\/posts\/23913\/revisions"}],"wp:featuredmedia":[{"embeddable":true,"href":"https:\/\/coria.org\/ayuntamiento\/index.php\/wp-json\/wp\/v2\/media\/59548"}],"wp:attachment":[{"href":"https:\/\/coria.org\/ayuntamiento\/index.php\/wp-json\/wp\/v2\/media?parent=23913"}],"wp:term":[{"taxonomy":"category","embeddable":true,"href":"https:\/\/coria.org\/ayuntamiento\/index.php\/wp-json\/wp\/v2\/categories?post=23913"},{"taxonomy":"post_tag","embeddable":true,"href":"https:\/\/coria.org\/ayuntamiento\/index.php\/wp-json\/wp\/v2\/tags?post=23913"}],"curies":[{"name":"wp","href":"https:\/\/api.w.org\/{rel}","templated":true}]}}