{"id":23911,"date":"2020-06-11T00:00:00","date_gmt":"2020-06-11T00:00:00","guid":{"rendered":"https:\/\/ayuntamiento.coriaenimagenes.com\/el-proyecto-de-las-entradas-a-coria-ha-sido-puesto-en-marcha-por-el-ayuntamiento-junto-con-diputacion-y-el-voto-en-contra-del-psoe\/"},"modified":"2024-03-01T12:51:46","modified_gmt":"2024-03-01T11:51:46","slug":"el-proyecto-de-las-entradas-a-coria-ha-sido-puesto-en-marcha-por-el-ayuntamiento-junto-con-diputacion-y-el-voto-en-contra-del-psoe","status":"publish","type":"post","link":"https:\/\/coria.org\/ayuntamiento\/index.php\/2020\/06\/11\/el-proyecto-de-las-entradas-a-coria-ha-sido-puesto-en-marcha-por-el-ayuntamiento-junto-con-diputacion-y-el-voto-en-contra-del-psoe\/","title":{"rendered":"El proyecto de las entradas a Coria ha sido puesto en marcha por el Ayuntamiento junto con Diputaci\u00f3n y el voto en contra del Psoe"},"content":{"rendered":"\n<p>El Alcalde de Coria, Jos\u00e9 Manuel Garc\u00eda Ballestero, ha comparecido esta ma\u00f1ana ante los medios de comunicaci\u00f3n para contextualizar las obras reci\u00e9n iniciadas de las entradas a la ciudad de Coria por las carreteras de Guijo y Montehermoso. Una iniciativa y proyecto puesto en marcha por el Ayuntamiento de Coria junto con la Diputaci\u00f3n de C\u00e1ceres desde julio de 2014 con una inversi\u00f3n de un mill\u00f3n de euros y el voto en contra del PSOE.<\/p>\n\n\n<figure class=\"wp-block-post-featured-image\"><img loading=\"lazy\" decoding=\"async\" width=\"1920\" height=\"1280\" src=\"https:\/\/coria.org\/ayuntamiento\/wp-content\/uploads\/2020\/06\/entradas-coria.jpg\" class=\"attachment-post-thumbnail size-post-thumbnail wp-post-image\" alt=\"\" style=\"object-fit:cover;\" srcset=\"https:\/\/coria.org\/ayuntamiento\/wp-content\/uploads\/2020\/06\/entradas-coria.jpg 1920w, https:\/\/coria.org\/ayuntamiento\/wp-content\/uploads\/2020\/06\/entradas-coria-300x200.jpg 300w, https:\/\/coria.org\/ayuntamiento\/wp-content\/uploads\/2020\/06\/entradas-coria-1024x683.jpg 1024w, https:\/\/coria.org\/ayuntamiento\/wp-content\/uploads\/2020\/06\/entradas-coria-768x512.jpg 768w, https:\/\/coria.org\/ayuntamiento\/wp-content\/uploads\/2020\/06\/entradas-coria-391x260.jpg 391w, https:\/\/coria.org\/ayuntamiento\/wp-content\/uploads\/2020\/06\/entradas-coria-1536x1024.jpg 1536w\" sizes=\"auto, (max-width: 1920px) 100vw, 1920px\" \/><\/figure>\n\n\n<p>Con respecto a este asunto, el primer edil ha recalcado que es importante que las cosas se materialicen y se siente feliz por el comienzo de las obras pero ha querido contextualizar de qu\u00e9 manera dicho proyecto se ha desarrollado.<\/p>\n\n\n\n<p>El Alcalde ha puntualizado que se trata de un proyecto municipal ya que el Ayuntamiento de Coria comenz\u00f3 a trabajar en el mismo en 2014, con el objeto de adecentar las entradas a la ciudad por considerarlas peligrosas. Los trabajos consistir\u00edan en arreglar la carretera que une la avenida Monse\u00f1or Riberi y la circunvalaci\u00f3n, eliminando las curvas y realizar una glorieta con dos carriles, acerado, iluminaci\u00f3n y tambi\u00e9n se un\u00eda la antigua carretera de Montehermoso con el pol\u00edgono industrial \u00abLos Rosales\u00bb, quedando unido a su vez los dos pol\u00edgonos industriales con infraestructuras del s.XXI. <\/p>\n\n\n\n<p>En el a\u00f1o 2015, se paraliz\u00f3 el proyecto por parte del nuevo gobierno de Diputaci\u00f3n Provincial, aunque fue retomado nuevamente por el equipo de gobierno local con todo el expediente completo. El gobierno del PSOE de la Diputaci\u00f3n de C\u00e1ceres volvi\u00f3 a paralizarlo para realizar un nuevo proyecto, modificando el anterior del equipo de gobierno del ayuntamiento de Coria.<\/p>\n\n\n\n<p>Ballestero recuerda que, en el a\u00f1o 2018, cuando ya estaba todo el expediente y los terrenos disponibles para materializar el proyecto, Diputaci\u00f3n vuelve a paralizarlo. El ayuntamiento vuelve a ponerse en marcha para recuperarlo pero Diputaci\u00f3n retira del mismo al ayuntamiento y tambi\u00e9n el proyecto inicial. Diputaci\u00f3n realiz\u00f3 un proyecto distinto al primer proyecto.<\/p>\n\n\n\n<p>El primer edil ha apuntado que en el proyecto inicial ir\u00edan dos grandes avenidas de entrada a la ciudad, una de ellas por la carretera de Guijo y otra que un\u00eda la carretera de Montehermoso por la EX-109 los dos pol\u00edgonos de la ciudad. Ese proyecto, dice Ballestero, desapareci\u00f3 y solo queda parte de la entrada por la carretera de Guijo, la eliminaci\u00f3n de las curvas y adecentar el acceso a la residencia de mayores, La Inmaculada, y la otra gran avenida desapareci\u00f3 del proyecto y se solo se arreglar\u00e1 la carretera de Montehermoso.<\/p>\n\n\n\n<p>En definitiva, el Alcalde ha manifestado la satisfacci\u00f3n por el inicio de dichas obras por que toda inversi\u00f3n es bienvenida para la ciudad pero esta inversi\u00f3n, ha recalcado, \u00abno es nueva, es una inversi\u00f3n del a\u00f1o 2014 que se ha prolongado en el tiempo innecesariamente y se ha cambiado en los proyectos injustificadamente para hacer ver que quienes en un principio estaban en contra y votaron en contra del proyecto, ahora quieren adue\u00f1arse de un proyecto y de una iniciativa que no es suya y que tuvieron treinta a\u00f1os para realizarla y no lo hicieron\u00bb.<\/p>\n\n\n\n<p>Ballestero ha resaltado que dentro del proyecto inicial redactado por el Ayuntamiento, exist\u00eda una glorieta que un\u00eda Monse\u00f1or Riberi con el nuevo trazado hasta la circunvalaci\u00f3n que tambi\u00e9n se suprimi\u00f3 y que, como ya dijo en su momento, el ayuntamiento se har\u00e1 cargo de la financiaci\u00f3n de dicha glorieta por que creemos que es fundamental dentro del proyecto. \u00abEstamos en contacto con los servicios de diputaci\u00f3n para que dejen la zona lo m\u00e1s adecentada posible para que podamos afrontar, con las mayores garant\u00edas y al m\u00ednimo coste esa glorieta\u00bb, ha dicho.<\/p>\n\n\n\n<p>Ballestero ha concluido su intervenci\u00f3n animando a la Junta de Extremadura a que pongan en marcha en la ciudad proyectos e inversiones nuevas. <\/p>\n\n\n\n<p>  <iframe loading=\"lazy\" frameborder=\"0\" height=\"600\" width=\"800\" allowfullscreen=\"\" allow=\"accelerometer; autoplay; encrypted-media; gyroscope; picture-in-picture\" src=\"https:\/\/www.youtube-nocookie.com\/embed\/pWxjjfezx9o\"><\/iframe><\/p>\n","protected":false},"excerpt":{"rendered":"<p>El Alcalde de Coria, Jos\u00e9 Manuel Garc\u00eda Ballestero, ha comparecido esta ma\u00f1ana ante los medios de comunicaci\u00f3n para contextualizar las obras reci\u00e9n iniciadas de las entradas a la ciudad de Coria por las carreteras de Guijo y Montehermoso. Una iniciativa y proyecto puesto en marcha por el Ayuntamiento de Coria junto con la Diputaci\u00f3n de [&hellip;]<\/p>\n","protected":false},"author":2,"featured_media":59505,"comment_status":"closed","ping_status":"closed","sticky":false,"template":"","format":"standard","meta":{"_uag_custom_page_level_css":"","footnotes":""},"categories":[2],"tags":[3,4],"class_list":["post-23911","post","type-post","status-publish","format-standard","has-post-thumbnail","hentry","category-noticias","tag-coria","tag-extremadura"],"yoast_head":"<!-- This site is optimized with the Yoast SEO plugin v27.5 - https:\/\/yoast.com\/product\/yoast-seo-wordpress\/ -->\n<title>El proyecto de las entradas a Coria ha sido puesto en marcha por el Ayuntamiento junto con Diputaci\u00f3n y el voto en contra del Psoe - Ayuntamiento de Coria<\/title>\n<meta name=\"robots\" content=\"index, follow, max-snippet:-1, max-image-preview:large, max-video-preview:-1\" \/>\n<link rel=\"canonical\" href=\"https:\/\/coria.org\/ayuntamiento\/index.php\/2020\/06\/11\/el-proyecto-de-las-entradas-a-coria-ha-sido-puesto-en-marcha-por-el-ayuntamiento-junto-con-diputacion-y-el-voto-en-contra-del-psoe\/\" \/>\n<meta property=\"og:locale\" content=\"es_ES\" \/>\n<meta property=\"og:type\" content=\"article\" \/>\n<meta property=\"og:title\" content=\"El proyecto de las entradas a Coria ha sido puesto en marcha por el Ayuntamiento junto con Diputaci\u00f3n y el voto en contra del Psoe - Ayuntamiento de Coria\" \/>\n<meta property=\"og:description\" content=\"El Alcalde de Coria, Jos\u00e9 Manuel Garc\u00eda Ballestero, ha comparecido esta ma\u00f1ana ante los medios de comunicaci\u00f3n para contextualizar las obras reci\u00e9n iniciadas de las entradas a la ciudad de Coria por las carreteras de Guijo y Montehermoso. Una iniciativa y proyecto puesto en marcha por el Ayuntamiento de Coria junto con la Diputaci\u00f3n de [&hellip;]\" \/>\n<meta property=\"og:url\" content=\"https:\/\/coria.org\/ayuntamiento\/index.php\/2020\/06\/11\/el-proyecto-de-las-entradas-a-coria-ha-sido-puesto-en-marcha-por-el-ayuntamiento-junto-con-diputacion-y-el-voto-en-contra-del-psoe\/\" \/>\n<meta property=\"og:site_name\" content=\"Ayuntamiento de Coria\" \/>\n<meta property=\"article:publisher\" content=\"https:\/\/www.facebook.com\/Ayuntamiento.de.Coria\" \/>\n<meta property=\"article:published_time\" content=\"2020-06-11T00:00:00+00:00\" \/>\n<meta property=\"article:modified_time\" content=\"2024-03-01T11:51:46+00:00\" \/>\n<meta property=\"og:image\" content=\"https:\/\/coria.org\/ayuntamiento\/wp-content\/uploads\/2020\/06\/entradas-coria.jpg\" \/>\n\t<meta property=\"og:image:width\" content=\"1920\" \/>\n\t<meta property=\"og:image:height\" content=\"1280\" \/>\n\t<meta property=\"og:image:type\" content=\"image\/jpeg\" \/>\n<meta name=\"author\" content=\"ayuntamiento\" \/>\n<meta name=\"twitter:card\" content=\"summary_large_image\" \/>\n<meta name=\"twitter:creator\" content=\"@Ayto_de_Coria\" \/>\n<meta name=\"twitter:site\" content=\"@Ayto_de_Coria\" \/>\n<meta name=\"twitter:label1\" content=\"Escrito por\" \/>\n\t<meta name=\"twitter:data1\" content=\"ayuntamiento\" \/>\n\t<meta name=\"twitter:label2\" content=\"Tiempo de lectura\" \/>\n\t<meta name=\"twitter:data2\" content=\"3 minutos\" \/>\n<script type=\"application\/ld+json\" class=\"yoast-schema-graph\">{\"@context\":\"https:\\\/\\\/schema.org\",\"@graph\":[{\"@type\":\"Article\",\"@id\":\"https:\\\/\\\/coria.org\\\/ayuntamiento\\\/index.php\\\/2020\\\/06\\\/11\\\/el-proyecto-de-las-entradas-a-coria-ha-sido-puesto-en-marcha-por-el-ayuntamiento-junto-con-diputacion-y-el-voto-en-contra-del-psoe\\\/#article\",\"isPartOf\":{\"@id\":\"https:\\\/\\\/coria.org\\\/ayuntamiento\\\/index.php\\\/2020\\\/06\\\/11\\\/el-proyecto-de-las-entradas-a-coria-ha-sido-puesto-en-marcha-por-el-ayuntamiento-junto-con-diputacion-y-el-voto-en-contra-del-psoe\\\/\"},\"author\":{\"name\":\"ayuntamiento\",\"@id\":\"https:\\\/\\\/coria.org\\\/ayuntamiento\\\/#\\\/schema\\\/person\\\/8bd589f0e13e8ae5aa06def7a599d622\"},\"headline\":\"El proyecto de las entradas a Coria ha sido puesto en marcha por el Ayuntamiento junto con Diputaci\u00f3n y el voto en contra del Psoe\",\"datePublished\":\"2020-06-11T00:00:00+00:00\",\"dateModified\":\"2024-03-01T11:51:46+00:00\",\"mainEntityOfPage\":{\"@id\":\"https:\\\/\\\/coria.org\\\/ayuntamiento\\\/index.php\\\/2020\\\/06\\\/11\\\/el-proyecto-de-las-entradas-a-coria-ha-sido-puesto-en-marcha-por-el-ayuntamiento-junto-con-diputacion-y-el-voto-en-contra-del-psoe\\\/\"},\"wordCount\":694,\"publisher\":{\"@id\":\"https:\\\/\\\/coria.org\\\/ayuntamiento\\\/#organization\"},\"image\":{\"@id\":\"https:\\\/\\\/coria.org\\\/ayuntamiento\\\/index.php\\\/2020\\\/06\\\/11\\\/el-proyecto-de-las-entradas-a-coria-ha-sido-puesto-en-marcha-por-el-ayuntamiento-junto-con-diputacion-y-el-voto-en-contra-del-psoe\\\/#primaryimage\"},\"thumbnailUrl\":\"https:\\\/\\\/coria.org\\\/ayuntamiento\\\/wp-content\\\/uploads\\\/2020\\\/06\\\/entradas-coria.jpg\",\"keywords\":[\"coria\",\"extremadura\"],\"articleSection\":[\"Noticias\"],\"inLanguage\":\"es\"},{\"@type\":\"WebPage\",\"@id\":\"https:\\\/\\\/coria.org\\\/ayuntamiento\\\/index.php\\\/2020\\\/06\\\/11\\\/el-proyecto-de-las-entradas-a-coria-ha-sido-puesto-en-marcha-por-el-ayuntamiento-junto-con-diputacion-y-el-voto-en-contra-del-psoe\\\/\",\"url\":\"https:\\\/\\\/coria.org\\\/ayuntamiento\\\/index.php\\\/2020\\\/06\\\/11\\\/el-proyecto-de-las-entradas-a-coria-ha-sido-puesto-en-marcha-por-el-ayuntamiento-junto-con-diputacion-y-el-voto-en-contra-del-psoe\\\/\",\"name\":\"El proyecto de las entradas a Coria ha sido puesto en marcha por el Ayuntamiento junto con Diputaci\u00f3n y el voto en contra del Psoe - Ayuntamiento de Coria\",\"isPartOf\":{\"@id\":\"https:\\\/\\\/coria.org\\\/ayuntamiento\\\/#website\"},\"primaryImageOfPage\":{\"@id\":\"https:\\\/\\\/coria.org\\\/ayuntamiento\\\/index.php\\\/2020\\\/06\\\/11\\\/el-proyecto-de-las-entradas-a-coria-ha-sido-puesto-en-marcha-por-el-ayuntamiento-junto-con-diputacion-y-el-voto-en-contra-del-psoe\\\/#primaryimage\"},\"image\":{\"@id\":\"https:\\\/\\\/coria.org\\\/ayuntamiento\\\/index.php\\\/2020\\\/06\\\/11\\\/el-proyecto-de-las-entradas-a-coria-ha-sido-puesto-en-marcha-por-el-ayuntamiento-junto-con-diputacion-y-el-voto-en-contra-del-psoe\\\/#primaryimage\"},\"thumbnailUrl\":\"https:\\\/\\\/coria.org\\\/ayuntamiento\\\/wp-content\\\/uploads\\\/2020\\\/06\\\/entradas-coria.jpg\",\"datePublished\":\"2020-06-11T00:00:00+00:00\",\"dateModified\":\"2024-03-01T11:51:46+00:00\",\"breadcrumb\":{\"@id\":\"https:\\\/\\\/coria.org\\\/ayuntamiento\\\/index.php\\\/2020\\\/06\\\/11\\\/el-proyecto-de-las-entradas-a-coria-ha-sido-puesto-en-marcha-por-el-ayuntamiento-junto-con-diputacion-y-el-voto-en-contra-del-psoe\\\/#breadcrumb\"},\"inLanguage\":\"es\",\"potentialAction\":[{\"@type\":\"ReadAction\",\"target\":[\"https:\\\/\\\/coria.org\\\/ayuntamiento\\\/index.php\\\/2020\\\/06\\\/11\\\/el-proyecto-de-las-entradas-a-coria-ha-sido-puesto-en-marcha-por-el-ayuntamiento-junto-con-diputacion-y-el-voto-en-contra-del-psoe\\\/\"]}]},{\"@type\":\"ImageObject\",\"inLanguage\":\"es\",\"@id\":\"https:\\\/\\\/coria.org\\\/ayuntamiento\\\/index.php\\\/2020\\\/06\\\/11\\\/el-proyecto-de-las-entradas-a-coria-ha-sido-puesto-en-marcha-por-el-ayuntamiento-junto-con-diputacion-y-el-voto-en-contra-del-psoe\\\/#primaryimage\",\"url\":\"https:\\\/\\\/coria.org\\\/ayuntamiento\\\/wp-content\\\/uploads\\\/2020\\\/06\\\/entradas-coria.jpg\",\"contentUrl\":\"https:\\\/\\\/coria.org\\\/ayuntamiento\\\/wp-content\\\/uploads\\\/2020\\\/06\\\/entradas-coria.jpg\",\"width\":1920,\"height\":1280},{\"@type\":\"BreadcrumbList\",\"@id\":\"https:\\\/\\\/coria.org\\\/ayuntamiento\\\/index.php\\\/2020\\\/06\\\/11\\\/el-proyecto-de-las-entradas-a-coria-ha-sido-puesto-en-marcha-por-el-ayuntamiento-junto-con-diputacion-y-el-voto-en-contra-del-psoe\\\/#breadcrumb\",\"itemListElement\":[{\"@type\":\"ListItem\",\"position\":1,\"name\":\"Inicio\",\"item\":\"https:\\\/\\\/coria.org\\\/ayuntamiento\\\/\"},{\"@type\":\"ListItem\",\"position\":2,\"name\":\"El proyecto de las entradas a Coria ha sido puesto en marcha por el Ayuntamiento junto con Diputaci\u00f3n y el voto en contra del Psoe\"}]},{\"@type\":\"WebSite\",\"@id\":\"https:\\\/\\\/coria.org\\\/ayuntamiento\\\/#website\",\"url\":\"https:\\\/\\\/coria.org\\\/ayuntamiento\\\/\",\"name\":\"Ayuntamiento de Coria\",\"description\":\"Web oficial del Ayuntamiento de Coria\",\"publisher\":{\"@id\":\"https:\\\/\\\/coria.org\\\/ayuntamiento\\\/#organization\"},\"alternateName\":\"Web Oficial del Ayuntamiento de Coria\",\"potentialAction\":[{\"@type\":\"SearchAction\",\"target\":{\"@type\":\"EntryPoint\",\"urlTemplate\":\"https:\\\/\\\/coria.org\\\/ayuntamiento\\\/?s={search_term_string}\"},\"query-input\":{\"@type\":\"PropertyValueSpecification\",\"valueRequired\":true,\"valueName\":\"search_term_string\"}}],\"inLanguage\":\"es\"},{\"@type\":\"Organization\",\"@id\":\"https:\\\/\\\/coria.org\\\/ayuntamiento\\\/#organization\",\"name\":\"Ayuntamiento de Coria\",\"alternateName\":\"Ayto de Coria\",\"url\":\"https:\\\/\\\/coria.org\\\/ayuntamiento\\\/\",\"logo\":{\"@type\":\"ImageObject\",\"inLanguage\":\"es\",\"@id\":\"https:\\\/\\\/coria.org\\\/ayuntamiento\\\/#\\\/schema\\\/logo\\\/image\\\/\",\"url\":\"https:\\\/\\\/coria.org\\\/ayuntamiento\\\/wp-content\\\/uploads\\\/2020\\\/12\\\/escudo-ayuntamiento-coria.png\",\"contentUrl\":\"https:\\\/\\\/coria.org\\\/ayuntamiento\\\/wp-content\\\/uploads\\\/2020\\\/12\\\/escudo-ayuntamiento-coria.png\",\"width\":511,\"height\":240,\"caption\":\"Ayuntamiento de Coria\"},\"image\":{\"@id\":\"https:\\\/\\\/coria.org\\\/ayuntamiento\\\/#\\\/schema\\\/logo\\\/image\\\/\"},\"sameAs\":[\"https:\\\/\\\/www.facebook.com\\\/Ayuntamiento.de.Coria\",\"https:\\\/\\\/x.com\\\/Ayto_de_Coria\",\"https:\\\/\\\/www.instagram.com\\\/coria.ayuntamiento\\\/\",\"https:\\\/\\\/www.youtube.com\\\/user\\\/AYUNTAMIENTOCORIA\"]},{\"@type\":\"Person\",\"@id\":\"https:\\\/\\\/coria.org\\\/ayuntamiento\\\/#\\\/schema\\\/person\\\/8bd589f0e13e8ae5aa06def7a599d622\",\"name\":\"ayuntamiento\",\"image\":{\"@type\":\"ImageObject\",\"inLanguage\":\"es\",\"@id\":\"https:\\\/\\\/secure.gravatar.com\\\/avatar\\\/966e5ed73cad334adda5c87f49f2547f7082f7292c1b627cbb548744383b391c?s=96&d=mm&r=g\",\"url\":\"https:\\\/\\\/secure.gravatar.com\\\/avatar\\\/966e5ed73cad334adda5c87f49f2547f7082f7292c1b627cbb548744383b391c?s=96&d=mm&r=g\",\"contentUrl\":\"https:\\\/\\\/secure.gravatar.com\\\/avatar\\\/966e5ed73cad334adda5c87f49f2547f7082f7292c1b627cbb548744383b391c?s=96&d=mm&r=g\",\"caption\":\"ayuntamiento\"}}]}<\/script>\n<!-- \/ Yoast SEO plugin. -->","yoast_head_json":{"title":"El proyecto de las entradas a Coria ha sido puesto en marcha por el Ayuntamiento junto con Diputaci\u00f3n y el voto en contra del Psoe - Ayuntamiento de Coria","robots":{"index":"index","follow":"follow","max-snippet":"max-snippet:-1","max-image-preview":"max-image-preview:large","max-video-preview":"max-video-preview:-1"},"canonical":"https:\/\/coria.org\/ayuntamiento\/index.php\/2020\/06\/11\/el-proyecto-de-las-entradas-a-coria-ha-sido-puesto-en-marcha-por-el-ayuntamiento-junto-con-diputacion-y-el-voto-en-contra-del-psoe\/","og_locale":"es_ES","og_type":"article","og_title":"El proyecto de las entradas a Coria ha sido puesto en marcha por el Ayuntamiento junto con Diputaci\u00f3n y el voto en contra del Psoe - Ayuntamiento de Coria","og_description":"El Alcalde de Coria, Jos\u00e9 Manuel Garc\u00eda Ballestero, ha comparecido esta ma\u00f1ana ante los medios de comunicaci\u00f3n para contextualizar las obras reci\u00e9n iniciadas de las entradas a la ciudad de Coria por las carreteras de Guijo y Montehermoso. Una iniciativa y proyecto puesto en marcha por el Ayuntamiento de Coria junto con la Diputaci\u00f3n de [&hellip;]","og_url":"https:\/\/coria.org\/ayuntamiento\/index.php\/2020\/06\/11\/el-proyecto-de-las-entradas-a-coria-ha-sido-puesto-en-marcha-por-el-ayuntamiento-junto-con-diputacion-y-el-voto-en-contra-del-psoe\/","og_site_name":"Ayuntamiento de Coria","article_publisher":"https:\/\/www.facebook.com\/Ayuntamiento.de.Coria","article_published_time":"2020-06-11T00:00:00+00:00","article_modified_time":"2024-03-01T11:51:46+00:00","og_image":[{"width":1920,"height":1280,"url":"https:\/\/coria.org\/ayuntamiento\/wp-content\/uploads\/2020\/06\/entradas-coria.jpg","type":"image\/jpeg"}],"author":"ayuntamiento","twitter_card":"summary_large_image","twitter_creator":"@Ayto_de_Coria","twitter_site":"@Ayto_de_Coria","twitter_misc":{"Escrito por":"ayuntamiento","Tiempo de lectura":"3 minutos"},"schema":{"@context":"https:\/\/schema.org","@graph":[{"@type":"Article","@id":"https:\/\/coria.org\/ayuntamiento\/index.php\/2020\/06\/11\/el-proyecto-de-las-entradas-a-coria-ha-sido-puesto-en-marcha-por-el-ayuntamiento-junto-con-diputacion-y-el-voto-en-contra-del-psoe\/#article","isPartOf":{"@id":"https:\/\/coria.org\/ayuntamiento\/index.php\/2020\/06\/11\/el-proyecto-de-las-entradas-a-coria-ha-sido-puesto-en-marcha-por-el-ayuntamiento-junto-con-diputacion-y-el-voto-en-contra-del-psoe\/"},"author":{"name":"ayuntamiento","@id":"https:\/\/coria.org\/ayuntamiento\/#\/schema\/person\/8bd589f0e13e8ae5aa06def7a599d622"},"headline":"El proyecto de las entradas a Coria ha sido puesto en marcha por el Ayuntamiento junto con Diputaci\u00f3n y el voto en contra del Psoe","datePublished":"2020-06-11T00:00:00+00:00","dateModified":"2024-03-01T11:51:46+00:00","mainEntityOfPage":{"@id":"https:\/\/coria.org\/ayuntamiento\/index.php\/2020\/06\/11\/el-proyecto-de-las-entradas-a-coria-ha-sido-puesto-en-marcha-por-el-ayuntamiento-junto-con-diputacion-y-el-voto-en-contra-del-psoe\/"},"wordCount":694,"publisher":{"@id":"https:\/\/coria.org\/ayuntamiento\/#organization"},"image":{"@id":"https:\/\/coria.org\/ayuntamiento\/index.php\/2020\/06\/11\/el-proyecto-de-las-entradas-a-coria-ha-sido-puesto-en-marcha-por-el-ayuntamiento-junto-con-diputacion-y-el-voto-en-contra-del-psoe\/#primaryimage"},"thumbnailUrl":"https:\/\/coria.org\/ayuntamiento\/wp-content\/uploads\/2020\/06\/entradas-coria.jpg","keywords":["coria","extremadura"],"articleSection":["Noticias"],"inLanguage":"es"},{"@type":"WebPage","@id":"https:\/\/coria.org\/ayuntamiento\/index.php\/2020\/06\/11\/el-proyecto-de-las-entradas-a-coria-ha-sido-puesto-en-marcha-por-el-ayuntamiento-junto-con-diputacion-y-el-voto-en-contra-del-psoe\/","url":"https:\/\/coria.org\/ayuntamiento\/index.php\/2020\/06\/11\/el-proyecto-de-las-entradas-a-coria-ha-sido-puesto-en-marcha-por-el-ayuntamiento-junto-con-diputacion-y-el-voto-en-contra-del-psoe\/","name":"El proyecto de las entradas a Coria ha sido puesto en marcha por el Ayuntamiento junto con Diputaci\u00f3n y el voto en contra del Psoe - Ayuntamiento de Coria","isPartOf":{"@id":"https:\/\/coria.org\/ayuntamiento\/#website"},"primaryImageOfPage":{"@id":"https:\/\/coria.org\/ayuntamiento\/index.php\/2020\/06\/11\/el-proyecto-de-las-entradas-a-coria-ha-sido-puesto-en-marcha-por-el-ayuntamiento-junto-con-diputacion-y-el-voto-en-contra-del-psoe\/#primaryimage"},"image":{"@id":"https:\/\/coria.org\/ayuntamiento\/index.php\/2020\/06\/11\/el-proyecto-de-las-entradas-a-coria-ha-sido-puesto-en-marcha-por-el-ayuntamiento-junto-con-diputacion-y-el-voto-en-contra-del-psoe\/#primaryimage"},"thumbnailUrl":"https:\/\/coria.org\/ayuntamiento\/wp-content\/uploads\/2020\/06\/entradas-coria.jpg","datePublished":"2020-06-11T00:00:00+00:00","dateModified":"2024-03-01T11:51:46+00:00","breadcrumb":{"@id":"https:\/\/coria.org\/ayuntamiento\/index.php\/2020\/06\/11\/el-proyecto-de-las-entradas-a-coria-ha-sido-puesto-en-marcha-por-el-ayuntamiento-junto-con-diputacion-y-el-voto-en-contra-del-psoe\/#breadcrumb"},"inLanguage":"es","potentialAction":[{"@type":"ReadAction","target":["https:\/\/coria.org\/ayuntamiento\/index.php\/2020\/06\/11\/el-proyecto-de-las-entradas-a-coria-ha-sido-puesto-en-marcha-por-el-ayuntamiento-junto-con-diputacion-y-el-voto-en-contra-del-psoe\/"]}]},{"@type":"ImageObject","inLanguage":"es","@id":"https:\/\/coria.org\/ayuntamiento\/index.php\/2020\/06\/11\/el-proyecto-de-las-entradas-a-coria-ha-sido-puesto-en-marcha-por-el-ayuntamiento-junto-con-diputacion-y-el-voto-en-contra-del-psoe\/#primaryimage","url":"https:\/\/coria.org\/ayuntamiento\/wp-content\/uploads\/2020\/06\/entradas-coria.jpg","contentUrl":"https:\/\/coria.org\/ayuntamiento\/wp-content\/uploads\/2020\/06\/entradas-coria.jpg","width":1920,"height":1280},{"@type":"BreadcrumbList","@id":"https:\/\/coria.org\/ayuntamiento\/index.php\/2020\/06\/11\/el-proyecto-de-las-entradas-a-coria-ha-sido-puesto-en-marcha-por-el-ayuntamiento-junto-con-diputacion-y-el-voto-en-contra-del-psoe\/#breadcrumb","itemListElement":[{"@type":"ListItem","position":1,"name":"Inicio","item":"https:\/\/coria.org\/ayuntamiento\/"},{"@type":"ListItem","position":2,"name":"El proyecto de las entradas a Coria ha sido puesto en marcha por el Ayuntamiento junto con Diputaci\u00f3n y el voto en contra del Psoe"}]},{"@type":"WebSite","@id":"https:\/\/coria.org\/ayuntamiento\/#website","url":"https:\/\/coria.org\/ayuntamiento\/","name":"Ayuntamiento de Coria","description":"Web oficial del Ayuntamiento de Coria","publisher":{"@id":"https:\/\/coria.org\/ayuntamiento\/#organization"},"alternateName":"Web Oficial del Ayuntamiento de Coria","potentialAction":[{"@type":"SearchAction","target":{"@type":"EntryPoint","urlTemplate":"https:\/\/coria.org\/ayuntamiento\/?s={search_term_string}"},"query-input":{"@type":"PropertyValueSpecification","valueRequired":true,"valueName":"search_term_string"}}],"inLanguage":"es"},{"@type":"Organization","@id":"https:\/\/coria.org\/ayuntamiento\/#organization","name":"Ayuntamiento de Coria","alternateName":"Ayto de Coria","url":"https:\/\/coria.org\/ayuntamiento\/","logo":{"@type":"ImageObject","inLanguage":"es","@id":"https:\/\/coria.org\/ayuntamiento\/#\/schema\/logo\/image\/","url":"https:\/\/coria.org\/ayuntamiento\/wp-content\/uploads\/2020\/12\/escudo-ayuntamiento-coria.png","contentUrl":"https:\/\/coria.org\/ayuntamiento\/wp-content\/uploads\/2020\/12\/escudo-ayuntamiento-coria.png","width":511,"height":240,"caption":"Ayuntamiento de Coria"},"image":{"@id":"https:\/\/coria.org\/ayuntamiento\/#\/schema\/logo\/image\/"},"sameAs":["https:\/\/www.facebook.com\/Ayuntamiento.de.Coria","https:\/\/x.com\/Ayto_de_Coria","https:\/\/www.instagram.com\/coria.ayuntamiento\/","https:\/\/www.youtube.com\/user\/AYUNTAMIENTOCORIA"]},{"@type":"Person","@id":"https:\/\/coria.org\/ayuntamiento\/#\/schema\/person\/8bd589f0e13e8ae5aa06def7a599d622","name":"ayuntamiento","image":{"@type":"ImageObject","inLanguage":"es","@id":"https:\/\/secure.gravatar.com\/avatar\/966e5ed73cad334adda5c87f49f2547f7082f7292c1b627cbb548744383b391c?s=96&d=mm&r=g","url":"https:\/\/secure.gravatar.com\/avatar\/966e5ed73cad334adda5c87f49f2547f7082f7292c1b627cbb548744383b391c?s=96&d=mm&r=g","contentUrl":"https:\/\/secure.gravatar.com\/avatar\/966e5ed73cad334adda5c87f49f2547f7082f7292c1b627cbb548744383b391c?s=96&d=mm&r=g","caption":"ayuntamiento"}}]}},"uagb_featured_image_src":{"full":["https:\/\/coria.org\/ayuntamiento\/wp-content\/uploads\/2020\/06\/entradas-coria.jpg",1920,1280,false],"thumbnail":["https:\/\/coria.org\/ayuntamiento\/wp-content\/uploads\/2020\/06\/entradas-coria-150x150.jpg",150,150,true],"medium":["https:\/\/coria.org\/ayuntamiento\/wp-content\/uploads\/2020\/06\/entradas-coria-300x200.jpg",300,200,true],"medium_large":["https:\/\/coria.org\/ayuntamiento\/wp-content\/uploads\/2020\/06\/entradas-coria-768x512.jpg",768,512,true],"large":["https:\/\/coria.org\/ayuntamiento\/wp-content\/uploads\/2020\/06\/entradas-coria-1024x683.jpg",1024,683,true],"thumblist":["https:\/\/coria.org\/ayuntamiento\/wp-content\/uploads\/2020\/06\/entradas-coria-300x300.jpg",300,300,true],"thumbrelated":["https:\/\/coria.org\/ayuntamiento\/wp-content\/uploads\/2020\/06\/entradas-coria-500x500.jpg",500,500,true],"meccarouselthumb":["https:\/\/coria.org\/ayuntamiento\/wp-content\/uploads\/2020\/06\/entradas-coria-474x324.jpg",474,324,true],"gridsquare":["https:\/\/coria.org\/ayuntamiento\/wp-content\/uploads\/2020\/06\/entradas-coria-391x260.jpg",391,260,true],"tileview":["https:\/\/coria.org\/ayuntamiento\/wp-content\/uploads\/2020\/06\/entradas-coria-300x400.jpg",300,400,true],"1536x1536":["https:\/\/coria.org\/ayuntamiento\/wp-content\/uploads\/2020\/06\/entradas-coria-1536x1024.jpg",1536,1024,true],"2048x2048":["https:\/\/coria.org\/ayuntamiento\/wp-content\/uploads\/2020\/06\/entradas-coria.jpg",1920,1280,false]},"uagb_author_info":{"display_name":"ayuntamiento","author_link":"https:\/\/coria.org\/ayuntamiento\/index.php\/author\/ayuntamiento\/"},"uagb_comment_info":0,"uagb_excerpt":"El Alcalde de Coria, Jos\u00e9 Manuel Garc\u00eda Ballestero, ha comparecido esta ma\u00f1ana ante los medios de comunicaci\u00f3n para contextualizar las obras reci\u00e9n iniciadas de las entradas a la ciudad de Coria por las carreteras de Guijo y Montehermoso. Una iniciativa y proyecto puesto en marcha por el Ayuntamiento de Coria junto con la Diputaci\u00f3n de&hellip;","_links":{"self":[{"href":"https:\/\/coria.org\/ayuntamiento\/index.php\/wp-json\/wp\/v2\/posts\/23911","targetHints":{"allow":["GET"]}}],"collection":[{"href":"https:\/\/coria.org\/ayuntamiento\/index.php\/wp-json\/wp\/v2\/posts"}],"about":[{"href":"https:\/\/coria.org\/ayuntamiento\/index.php\/wp-json\/wp\/v2\/types\/post"}],"author":[{"embeddable":true,"href":"https:\/\/coria.org\/ayuntamiento\/index.php\/wp-json\/wp\/v2\/users\/2"}],"replies":[{"embeddable":true,"href":"https:\/\/coria.org\/ayuntamiento\/index.php\/wp-json\/wp\/v2\/comments?post=23911"}],"version-history":[{"count":0,"href":"https:\/\/coria.org\/ayuntamiento\/index.php\/wp-json\/wp\/v2\/posts\/23911\/revisions"}],"wp:featuredmedia":[{"embeddable":true,"href":"https:\/\/coria.org\/ayuntamiento\/index.php\/wp-json\/wp\/v2\/media\/59505"}],"wp:attachment":[{"href":"https:\/\/coria.org\/ayuntamiento\/index.php\/wp-json\/wp\/v2\/media?parent=23911"}],"wp:term":[{"taxonomy":"category","embeddable":true,"href":"https:\/\/coria.org\/ayuntamiento\/index.php\/wp-json\/wp\/v2\/categories?post=23911"},{"taxonomy":"post_tag","embeddable":true,"href":"https:\/\/coria.org\/ayuntamiento\/index.php\/wp-json\/wp\/v2\/tags?post=23911"}],"curies":[{"name":"wp","href":"https:\/\/api.w.org\/{rel}","templated":true}]}}