{"id":23910,"date":"2020-06-12T00:00:00","date_gmt":"2020-06-12T00:00:00","guid":{"rendered":"https:\/\/ayuntamiento.coriaenimagenes.com\/el-ayuntamiento-instala-dos-nuevos-parques-infantiles-y-repara-otros-para-el-disfrute-de-los-mas-pequenos\/"},"modified":"2024-03-04T13:40:06","modified_gmt":"2024-03-04T12:40:06","slug":"el-ayuntamiento-instala-dos-nuevos-parques-infantiles-y-repara-otros-para-el-disfrute-de-los-mas-pequenos","status":"publish","type":"post","link":"https:\/\/coria.org\/ayuntamiento\/index.php\/2020\/06\/12\/el-ayuntamiento-instala-dos-nuevos-parques-infantiles-y-repara-otros-para-el-disfrute-de-los-mas-pequenos\/","title":{"rendered":"El Ayuntamiento instala dos nuevos parques infantiles y repara otros  para el disfrute de los m\u00e1s peque\u00f1os"},"content":{"rendered":"\n<p>El Ayuntamiento contin\u00faa en la l\u00ednea de apostar por las zonas infantiles en la ciudad y, teniendo en cuenta que es importante que los m\u00e1s peque\u00f1os necesitan jugar y disfrutar al aire libre, ha decidido cambiar algunos parques que se encontraban en mal estado e instalar otros parques nuevos en las zonas m\u00e1s demandadas.<\/p>\n\n\n<figure class=\"wp-block-post-featured-image\"><img loading=\"lazy\" decoding=\"async\" width=\"1876\" height=\"1536\" src=\"https:\/\/coria.org\/ayuntamiento\/wp-content\/uploads\/2020\/06\/parque-infantil.jpg\" class=\"attachment-post-thumbnail size-post-thumbnail wp-post-image\" alt=\"\" style=\"object-fit:cover;\" srcset=\"https:\/\/coria.org\/ayuntamiento\/wp-content\/uploads\/2020\/06\/parque-infantil.jpg 1876w, https:\/\/coria.org\/ayuntamiento\/wp-content\/uploads\/2020\/06\/parque-infantil-300x246.jpg 300w, https:\/\/coria.org\/ayuntamiento\/wp-content\/uploads\/2020\/06\/parque-infantil-1024x838.jpg 1024w, https:\/\/coria.org\/ayuntamiento\/wp-content\/uploads\/2020\/06\/parque-infantil-768x629.jpg 768w, https:\/\/coria.org\/ayuntamiento\/wp-content\/uploads\/2020\/06\/parque-infantil-1536x1258.jpg 1536w\" sizes=\"auto, (max-width: 1876px) 100vw, 1876px\" \/><\/figure>\n\n\n<p>Cabe destacar que esos nuevos parques se han instalado en la casa de cultura, que ya se anunci\u00f3 hace unas semanas y otro nuevo en la plaza que une las calles Mezquita y Alhambra.<\/p>\n\n\n\n<p>Los nuevos parques instalados est\u00e1n compuestos por toboganes, columpios, rampas y elementos que cumplen, todos ellos, con los requisitos y est\u00e1ndares de calidad que exige la normativa de la Uni\u00f3n Europea.<\/p>\n\n\n\n<p>El Alcalde de Coria, Jos\u00e9 Manuel Garc\u00eda Ballestero, ha destacado la importancia de que nuestra ciudad disponga de zonas habilitadas para el ocio de nuestros ni\u00f1os, de esta manera y, a pesar de la dif\u00edcil situaci\u00f3n econ\u00f3mica por la que atravesamos, el equipo de gobierno ha decidido invertir en la colocaci\u00f3n de nuevos parques infantiles y remodelaci\u00f3n, reparaci\u00f3n y mantenimiento de algunos ya existentes por encontrarse en malas condiciones. \u00abLo fundamental es que los ni\u00f1os caurienses puedan tener un lugar c\u00f3modo y seguro para disfrutar de su tiempo de ocio\u00bb.<\/p>\n\n\n\n<p>Aunque a d\u00eda de hoy los parques aun permanecen cerrados, hay que destacar que, desde el ayuntamiento de Coria se est\u00e1n llevando a cabo actuaciones consistentes en la reparaci\u00f3n y adecuaci\u00f3n de algunos parques de la ciudad con el objeto de que est\u00e9n a punto para cuando puedan abrirse. <\/p>\n","protected":false},"excerpt":{"rendered":"<p>El Ayuntamiento contin\u00faa en la l\u00ednea de apostar por las zonas infantiles en la ciudad y, teniendo en cuenta que es importante que los m\u00e1s peque\u00f1os necesitan jugar y disfrutar al aire libre, ha decidido cambiar algunos parques que se encontraban en mal estado e instalar otros parques nuevos en las zonas m\u00e1s demandadas. Cabe [&hellip;]<\/p>\n","protected":false},"author":2,"featured_media":59545,"comment_status":"closed","ping_status":"closed","sticky":false,"template":"","format":"standard","meta":{"_uag_custom_page_level_css":"","footnotes":""},"categories":[2],"tags":[3,4],"class_list":["post-23910","post","type-post","status-publish","format-standard","has-post-thumbnail","hentry","category-noticias","tag-coria","tag-extremadura"],"yoast_head":"<!-- This site is optimized with the Yoast SEO plugin v27.5 - https:\/\/yoast.com\/product\/yoast-seo-wordpress\/ -->\n<title>El Ayuntamiento instala dos nuevos parques infantiles y repara otros para el disfrute de los m\u00e1s peque\u00f1os - Ayuntamiento de Coria<\/title>\n<meta name=\"robots\" content=\"index, follow, max-snippet:-1, max-image-preview:large, max-video-preview:-1\" \/>\n<link rel=\"canonical\" href=\"https:\/\/coria.org\/ayuntamiento\/index.php\/2020\/06\/12\/el-ayuntamiento-instala-dos-nuevos-parques-infantiles-y-repara-otros-para-el-disfrute-de-los-mas-pequenos\/\" \/>\n<meta property=\"og:locale\" content=\"es_ES\" \/>\n<meta property=\"og:type\" content=\"article\" \/>\n<meta property=\"og:title\" content=\"El Ayuntamiento instala dos nuevos parques infantiles y repara otros para el disfrute de los m\u00e1s peque\u00f1os - Ayuntamiento de Coria\" \/>\n<meta property=\"og:description\" content=\"El Ayuntamiento contin\u00faa en la l\u00ednea de apostar por las zonas infantiles en la ciudad y, teniendo en cuenta que es importante que los m\u00e1s peque\u00f1os necesitan jugar y disfrutar al aire libre, ha decidido cambiar algunos parques que se encontraban en mal estado e instalar otros parques nuevos en las zonas m\u00e1s demandadas. Cabe [&hellip;]\" \/>\n<meta property=\"og:url\" content=\"https:\/\/coria.org\/ayuntamiento\/index.php\/2020\/06\/12\/el-ayuntamiento-instala-dos-nuevos-parques-infantiles-y-repara-otros-para-el-disfrute-de-los-mas-pequenos\/\" \/>\n<meta property=\"og:site_name\" content=\"Ayuntamiento de Coria\" \/>\n<meta property=\"article:publisher\" content=\"https:\/\/www.facebook.com\/Ayuntamiento.de.Coria\" \/>\n<meta property=\"article:published_time\" content=\"2020-06-12T00:00:00+00:00\" \/>\n<meta property=\"article:modified_time\" content=\"2024-03-04T12:40:06+00:00\" \/>\n<meta property=\"og:image\" content=\"https:\/\/coria.org\/ayuntamiento\/wp-content\/uploads\/2020\/06\/parque-infantil.jpg\" \/>\n\t<meta property=\"og:image:width\" content=\"1876\" \/>\n\t<meta property=\"og:image:height\" content=\"1536\" \/>\n\t<meta property=\"og:image:type\" content=\"image\/jpeg\" \/>\n<meta name=\"author\" content=\"ayuntamiento\" \/>\n<meta name=\"twitter:card\" content=\"summary_large_image\" \/>\n<meta name=\"twitter:creator\" content=\"@Ayto_de_Coria\" \/>\n<meta name=\"twitter:site\" content=\"@Ayto_de_Coria\" \/>\n<meta name=\"twitter:label1\" content=\"Escrito por\" \/>\n\t<meta name=\"twitter:data1\" content=\"ayuntamiento\" \/>\n\t<meta name=\"twitter:label2\" content=\"Tiempo de lectura\" \/>\n\t<meta name=\"twitter:data2\" content=\"1 minuto\" \/>\n<script type=\"application\/ld+json\" class=\"yoast-schema-graph\">{\"@context\":\"https:\\\/\\\/schema.org\",\"@graph\":[{\"@type\":\"Article\",\"@id\":\"https:\\\/\\\/coria.org\\\/ayuntamiento\\\/index.php\\\/2020\\\/06\\\/12\\\/el-ayuntamiento-instala-dos-nuevos-parques-infantiles-y-repara-otros-para-el-disfrute-de-los-mas-pequenos\\\/#article\",\"isPartOf\":{\"@id\":\"https:\\\/\\\/coria.org\\\/ayuntamiento\\\/index.php\\\/2020\\\/06\\\/12\\\/el-ayuntamiento-instala-dos-nuevos-parques-infantiles-y-repara-otros-para-el-disfrute-de-los-mas-pequenos\\\/\"},\"author\":{\"name\":\"ayuntamiento\",\"@id\":\"https:\\\/\\\/coria.org\\\/ayuntamiento\\\/#\\\/schema\\\/person\\\/8bd589f0e13e8ae5aa06def7a599d622\"},\"headline\":\"El Ayuntamiento instala dos nuevos parques infantiles y repara otros para el disfrute de los m\u00e1s peque\u00f1os\",\"datePublished\":\"2020-06-12T00:00:00+00:00\",\"dateModified\":\"2024-03-04T12:40:06+00:00\",\"mainEntityOfPage\":{\"@id\":\"https:\\\/\\\/coria.org\\\/ayuntamiento\\\/index.php\\\/2020\\\/06\\\/12\\\/el-ayuntamiento-instala-dos-nuevos-parques-infantiles-y-repara-otros-para-el-disfrute-de-los-mas-pequenos\\\/\"},\"wordCount\":300,\"publisher\":{\"@id\":\"https:\\\/\\\/coria.org\\\/ayuntamiento\\\/#organization\"},\"image\":{\"@id\":\"https:\\\/\\\/coria.org\\\/ayuntamiento\\\/index.php\\\/2020\\\/06\\\/12\\\/el-ayuntamiento-instala-dos-nuevos-parques-infantiles-y-repara-otros-para-el-disfrute-de-los-mas-pequenos\\\/#primaryimage\"},\"thumbnailUrl\":\"https:\\\/\\\/coria.org\\\/ayuntamiento\\\/wp-content\\\/uploads\\\/2020\\\/06\\\/parque-infantil.jpg\",\"keywords\":[\"coria\",\"extremadura\"],\"articleSection\":[\"Noticias\"],\"inLanguage\":\"es\"},{\"@type\":\"WebPage\",\"@id\":\"https:\\\/\\\/coria.org\\\/ayuntamiento\\\/index.php\\\/2020\\\/06\\\/12\\\/el-ayuntamiento-instala-dos-nuevos-parques-infantiles-y-repara-otros-para-el-disfrute-de-los-mas-pequenos\\\/\",\"url\":\"https:\\\/\\\/coria.org\\\/ayuntamiento\\\/index.php\\\/2020\\\/06\\\/12\\\/el-ayuntamiento-instala-dos-nuevos-parques-infantiles-y-repara-otros-para-el-disfrute-de-los-mas-pequenos\\\/\",\"name\":\"El Ayuntamiento instala dos nuevos parques infantiles y repara otros para el disfrute de los m\u00e1s peque\u00f1os - Ayuntamiento de Coria\",\"isPartOf\":{\"@id\":\"https:\\\/\\\/coria.org\\\/ayuntamiento\\\/#website\"},\"primaryImageOfPage\":{\"@id\":\"https:\\\/\\\/coria.org\\\/ayuntamiento\\\/index.php\\\/2020\\\/06\\\/12\\\/el-ayuntamiento-instala-dos-nuevos-parques-infantiles-y-repara-otros-para-el-disfrute-de-los-mas-pequenos\\\/#primaryimage\"},\"image\":{\"@id\":\"https:\\\/\\\/coria.org\\\/ayuntamiento\\\/index.php\\\/2020\\\/06\\\/12\\\/el-ayuntamiento-instala-dos-nuevos-parques-infantiles-y-repara-otros-para-el-disfrute-de-los-mas-pequenos\\\/#primaryimage\"},\"thumbnailUrl\":\"https:\\\/\\\/coria.org\\\/ayuntamiento\\\/wp-content\\\/uploads\\\/2020\\\/06\\\/parque-infantil.jpg\",\"datePublished\":\"2020-06-12T00:00:00+00:00\",\"dateModified\":\"2024-03-04T12:40:06+00:00\",\"breadcrumb\":{\"@id\":\"https:\\\/\\\/coria.org\\\/ayuntamiento\\\/index.php\\\/2020\\\/06\\\/12\\\/el-ayuntamiento-instala-dos-nuevos-parques-infantiles-y-repara-otros-para-el-disfrute-de-los-mas-pequenos\\\/#breadcrumb\"},\"inLanguage\":\"es\",\"potentialAction\":[{\"@type\":\"ReadAction\",\"target\":[\"https:\\\/\\\/coria.org\\\/ayuntamiento\\\/index.php\\\/2020\\\/06\\\/12\\\/el-ayuntamiento-instala-dos-nuevos-parques-infantiles-y-repara-otros-para-el-disfrute-de-los-mas-pequenos\\\/\"]}]},{\"@type\":\"ImageObject\",\"inLanguage\":\"es\",\"@id\":\"https:\\\/\\\/coria.org\\\/ayuntamiento\\\/index.php\\\/2020\\\/06\\\/12\\\/el-ayuntamiento-instala-dos-nuevos-parques-infantiles-y-repara-otros-para-el-disfrute-de-los-mas-pequenos\\\/#primaryimage\",\"url\":\"https:\\\/\\\/coria.org\\\/ayuntamiento\\\/wp-content\\\/uploads\\\/2020\\\/06\\\/parque-infantil.jpg\",\"contentUrl\":\"https:\\\/\\\/coria.org\\\/ayuntamiento\\\/wp-content\\\/uploads\\\/2020\\\/06\\\/parque-infantil.jpg\",\"width\":1876,\"height\":1536},{\"@type\":\"BreadcrumbList\",\"@id\":\"https:\\\/\\\/coria.org\\\/ayuntamiento\\\/index.php\\\/2020\\\/06\\\/12\\\/el-ayuntamiento-instala-dos-nuevos-parques-infantiles-y-repara-otros-para-el-disfrute-de-los-mas-pequenos\\\/#breadcrumb\",\"itemListElement\":[{\"@type\":\"ListItem\",\"position\":1,\"name\":\"Inicio\",\"item\":\"https:\\\/\\\/coria.org\\\/ayuntamiento\\\/\"},{\"@type\":\"ListItem\",\"position\":2,\"name\":\"El Ayuntamiento instala dos nuevos parques infantiles y repara otros para el disfrute de los m\u00e1s peque\u00f1os\"}]},{\"@type\":\"WebSite\",\"@id\":\"https:\\\/\\\/coria.org\\\/ayuntamiento\\\/#website\",\"url\":\"https:\\\/\\\/coria.org\\\/ayuntamiento\\\/\",\"name\":\"Ayuntamiento de Coria\",\"description\":\"Web oficial del Ayuntamiento de Coria\",\"publisher\":{\"@id\":\"https:\\\/\\\/coria.org\\\/ayuntamiento\\\/#organization\"},\"alternateName\":\"Web Oficial del Ayuntamiento de Coria\",\"potentialAction\":[{\"@type\":\"SearchAction\",\"target\":{\"@type\":\"EntryPoint\",\"urlTemplate\":\"https:\\\/\\\/coria.org\\\/ayuntamiento\\\/?s={search_term_string}\"},\"query-input\":{\"@type\":\"PropertyValueSpecification\",\"valueRequired\":true,\"valueName\":\"search_term_string\"}}],\"inLanguage\":\"es\"},{\"@type\":\"Organization\",\"@id\":\"https:\\\/\\\/coria.org\\\/ayuntamiento\\\/#organization\",\"name\":\"Ayuntamiento de Coria\",\"alternateName\":\"Ayto de Coria\",\"url\":\"https:\\\/\\\/coria.org\\\/ayuntamiento\\\/\",\"logo\":{\"@type\":\"ImageObject\",\"inLanguage\":\"es\",\"@id\":\"https:\\\/\\\/coria.org\\\/ayuntamiento\\\/#\\\/schema\\\/logo\\\/image\\\/\",\"url\":\"https:\\\/\\\/coria.org\\\/ayuntamiento\\\/wp-content\\\/uploads\\\/2020\\\/12\\\/escudo-ayuntamiento-coria.png\",\"contentUrl\":\"https:\\\/\\\/coria.org\\\/ayuntamiento\\\/wp-content\\\/uploads\\\/2020\\\/12\\\/escudo-ayuntamiento-coria.png\",\"width\":511,\"height\":240,\"caption\":\"Ayuntamiento de Coria\"},\"image\":{\"@id\":\"https:\\\/\\\/coria.org\\\/ayuntamiento\\\/#\\\/schema\\\/logo\\\/image\\\/\"},\"sameAs\":[\"https:\\\/\\\/www.facebook.com\\\/Ayuntamiento.de.Coria\",\"https:\\\/\\\/x.com\\\/Ayto_de_Coria\",\"https:\\\/\\\/www.instagram.com\\\/coria.ayuntamiento\\\/\",\"https:\\\/\\\/www.youtube.com\\\/user\\\/AYUNTAMIENTOCORIA\"]},{\"@type\":\"Person\",\"@id\":\"https:\\\/\\\/coria.org\\\/ayuntamiento\\\/#\\\/schema\\\/person\\\/8bd589f0e13e8ae5aa06def7a599d622\",\"name\":\"ayuntamiento\",\"image\":{\"@type\":\"ImageObject\",\"inLanguage\":\"es\",\"@id\":\"https:\\\/\\\/secure.gravatar.com\\\/avatar\\\/966e5ed73cad334adda5c87f49f2547f7082f7292c1b627cbb548744383b391c?s=96&d=mm&r=g\",\"url\":\"https:\\\/\\\/secure.gravatar.com\\\/avatar\\\/966e5ed73cad334adda5c87f49f2547f7082f7292c1b627cbb548744383b391c?s=96&d=mm&r=g\",\"contentUrl\":\"https:\\\/\\\/secure.gravatar.com\\\/avatar\\\/966e5ed73cad334adda5c87f49f2547f7082f7292c1b627cbb548744383b391c?s=96&d=mm&r=g\",\"caption\":\"ayuntamiento\"}}]}<\/script>\n<!-- \/ Yoast SEO plugin. -->","yoast_head_json":{"title":"El Ayuntamiento instala dos nuevos parques infantiles y repara otros para el disfrute de los m\u00e1s peque\u00f1os - Ayuntamiento de Coria","robots":{"index":"index","follow":"follow","max-snippet":"max-snippet:-1","max-image-preview":"max-image-preview:large","max-video-preview":"max-video-preview:-1"},"canonical":"https:\/\/coria.org\/ayuntamiento\/index.php\/2020\/06\/12\/el-ayuntamiento-instala-dos-nuevos-parques-infantiles-y-repara-otros-para-el-disfrute-de-los-mas-pequenos\/","og_locale":"es_ES","og_type":"article","og_title":"El Ayuntamiento instala dos nuevos parques infantiles y repara otros para el disfrute de los m\u00e1s peque\u00f1os - Ayuntamiento de Coria","og_description":"El Ayuntamiento contin\u00faa en la l\u00ednea de apostar por las zonas infantiles en la ciudad y, teniendo en cuenta que es importante que los m\u00e1s peque\u00f1os necesitan jugar y disfrutar al aire libre, ha decidido cambiar algunos parques que se encontraban en mal estado e instalar otros parques nuevos en las zonas m\u00e1s demandadas. Cabe [&hellip;]","og_url":"https:\/\/coria.org\/ayuntamiento\/index.php\/2020\/06\/12\/el-ayuntamiento-instala-dos-nuevos-parques-infantiles-y-repara-otros-para-el-disfrute-de-los-mas-pequenos\/","og_site_name":"Ayuntamiento de Coria","article_publisher":"https:\/\/www.facebook.com\/Ayuntamiento.de.Coria","article_published_time":"2020-06-12T00:00:00+00:00","article_modified_time":"2024-03-04T12:40:06+00:00","og_image":[{"width":1876,"height":1536,"url":"https:\/\/coria.org\/ayuntamiento\/wp-content\/uploads\/2020\/06\/parque-infantil.jpg","type":"image\/jpeg"}],"author":"ayuntamiento","twitter_card":"summary_large_image","twitter_creator":"@Ayto_de_Coria","twitter_site":"@Ayto_de_Coria","twitter_misc":{"Escrito por":"ayuntamiento","Tiempo de lectura":"1 minuto"},"schema":{"@context":"https:\/\/schema.org","@graph":[{"@type":"Article","@id":"https:\/\/coria.org\/ayuntamiento\/index.php\/2020\/06\/12\/el-ayuntamiento-instala-dos-nuevos-parques-infantiles-y-repara-otros-para-el-disfrute-de-los-mas-pequenos\/#article","isPartOf":{"@id":"https:\/\/coria.org\/ayuntamiento\/index.php\/2020\/06\/12\/el-ayuntamiento-instala-dos-nuevos-parques-infantiles-y-repara-otros-para-el-disfrute-de-los-mas-pequenos\/"},"author":{"name":"ayuntamiento","@id":"https:\/\/coria.org\/ayuntamiento\/#\/schema\/person\/8bd589f0e13e8ae5aa06def7a599d622"},"headline":"El Ayuntamiento instala dos nuevos parques infantiles y repara otros para el disfrute de los m\u00e1s peque\u00f1os","datePublished":"2020-06-12T00:00:00+00:00","dateModified":"2024-03-04T12:40:06+00:00","mainEntityOfPage":{"@id":"https:\/\/coria.org\/ayuntamiento\/index.php\/2020\/06\/12\/el-ayuntamiento-instala-dos-nuevos-parques-infantiles-y-repara-otros-para-el-disfrute-de-los-mas-pequenos\/"},"wordCount":300,"publisher":{"@id":"https:\/\/coria.org\/ayuntamiento\/#organization"},"image":{"@id":"https:\/\/coria.org\/ayuntamiento\/index.php\/2020\/06\/12\/el-ayuntamiento-instala-dos-nuevos-parques-infantiles-y-repara-otros-para-el-disfrute-de-los-mas-pequenos\/#primaryimage"},"thumbnailUrl":"https:\/\/coria.org\/ayuntamiento\/wp-content\/uploads\/2020\/06\/parque-infantil.jpg","keywords":["coria","extremadura"],"articleSection":["Noticias"],"inLanguage":"es"},{"@type":"WebPage","@id":"https:\/\/coria.org\/ayuntamiento\/index.php\/2020\/06\/12\/el-ayuntamiento-instala-dos-nuevos-parques-infantiles-y-repara-otros-para-el-disfrute-de-los-mas-pequenos\/","url":"https:\/\/coria.org\/ayuntamiento\/index.php\/2020\/06\/12\/el-ayuntamiento-instala-dos-nuevos-parques-infantiles-y-repara-otros-para-el-disfrute-de-los-mas-pequenos\/","name":"El Ayuntamiento instala dos nuevos parques infantiles y repara otros para el disfrute de los m\u00e1s peque\u00f1os - Ayuntamiento de Coria","isPartOf":{"@id":"https:\/\/coria.org\/ayuntamiento\/#website"},"primaryImageOfPage":{"@id":"https:\/\/coria.org\/ayuntamiento\/index.php\/2020\/06\/12\/el-ayuntamiento-instala-dos-nuevos-parques-infantiles-y-repara-otros-para-el-disfrute-de-los-mas-pequenos\/#primaryimage"},"image":{"@id":"https:\/\/coria.org\/ayuntamiento\/index.php\/2020\/06\/12\/el-ayuntamiento-instala-dos-nuevos-parques-infantiles-y-repara-otros-para-el-disfrute-de-los-mas-pequenos\/#primaryimage"},"thumbnailUrl":"https:\/\/coria.org\/ayuntamiento\/wp-content\/uploads\/2020\/06\/parque-infantil.jpg","datePublished":"2020-06-12T00:00:00+00:00","dateModified":"2024-03-04T12:40:06+00:00","breadcrumb":{"@id":"https:\/\/coria.org\/ayuntamiento\/index.php\/2020\/06\/12\/el-ayuntamiento-instala-dos-nuevos-parques-infantiles-y-repara-otros-para-el-disfrute-de-los-mas-pequenos\/#breadcrumb"},"inLanguage":"es","potentialAction":[{"@type":"ReadAction","target":["https:\/\/coria.org\/ayuntamiento\/index.php\/2020\/06\/12\/el-ayuntamiento-instala-dos-nuevos-parques-infantiles-y-repara-otros-para-el-disfrute-de-los-mas-pequenos\/"]}]},{"@type":"ImageObject","inLanguage":"es","@id":"https:\/\/coria.org\/ayuntamiento\/index.php\/2020\/06\/12\/el-ayuntamiento-instala-dos-nuevos-parques-infantiles-y-repara-otros-para-el-disfrute-de-los-mas-pequenos\/#primaryimage","url":"https:\/\/coria.org\/ayuntamiento\/wp-content\/uploads\/2020\/06\/parque-infantil.jpg","contentUrl":"https:\/\/coria.org\/ayuntamiento\/wp-content\/uploads\/2020\/06\/parque-infantil.jpg","width":1876,"height":1536},{"@type":"BreadcrumbList","@id":"https:\/\/coria.org\/ayuntamiento\/index.php\/2020\/06\/12\/el-ayuntamiento-instala-dos-nuevos-parques-infantiles-y-repara-otros-para-el-disfrute-de-los-mas-pequenos\/#breadcrumb","itemListElement":[{"@type":"ListItem","position":1,"name":"Inicio","item":"https:\/\/coria.org\/ayuntamiento\/"},{"@type":"ListItem","position":2,"name":"El Ayuntamiento instala dos nuevos parques infantiles y repara otros para el disfrute de los m\u00e1s peque\u00f1os"}]},{"@type":"WebSite","@id":"https:\/\/coria.org\/ayuntamiento\/#website","url":"https:\/\/coria.org\/ayuntamiento\/","name":"Ayuntamiento de Coria","description":"Web oficial del Ayuntamiento de Coria","publisher":{"@id":"https:\/\/coria.org\/ayuntamiento\/#organization"},"alternateName":"Web Oficial del Ayuntamiento de Coria","potentialAction":[{"@type":"SearchAction","target":{"@type":"EntryPoint","urlTemplate":"https:\/\/coria.org\/ayuntamiento\/?s={search_term_string}"},"query-input":{"@type":"PropertyValueSpecification","valueRequired":true,"valueName":"search_term_string"}}],"inLanguage":"es"},{"@type":"Organization","@id":"https:\/\/coria.org\/ayuntamiento\/#organization","name":"Ayuntamiento de Coria","alternateName":"Ayto de Coria","url":"https:\/\/coria.org\/ayuntamiento\/","logo":{"@type":"ImageObject","inLanguage":"es","@id":"https:\/\/coria.org\/ayuntamiento\/#\/schema\/logo\/image\/","url":"https:\/\/coria.org\/ayuntamiento\/wp-content\/uploads\/2020\/12\/escudo-ayuntamiento-coria.png","contentUrl":"https:\/\/coria.org\/ayuntamiento\/wp-content\/uploads\/2020\/12\/escudo-ayuntamiento-coria.png","width":511,"height":240,"caption":"Ayuntamiento de Coria"},"image":{"@id":"https:\/\/coria.org\/ayuntamiento\/#\/schema\/logo\/image\/"},"sameAs":["https:\/\/www.facebook.com\/Ayuntamiento.de.Coria","https:\/\/x.com\/Ayto_de_Coria","https:\/\/www.instagram.com\/coria.ayuntamiento\/","https:\/\/www.youtube.com\/user\/AYUNTAMIENTOCORIA"]},{"@type":"Person","@id":"https:\/\/coria.org\/ayuntamiento\/#\/schema\/person\/8bd589f0e13e8ae5aa06def7a599d622","name":"ayuntamiento","image":{"@type":"ImageObject","inLanguage":"es","@id":"https:\/\/secure.gravatar.com\/avatar\/966e5ed73cad334adda5c87f49f2547f7082f7292c1b627cbb548744383b391c?s=96&d=mm&r=g","url":"https:\/\/secure.gravatar.com\/avatar\/966e5ed73cad334adda5c87f49f2547f7082f7292c1b627cbb548744383b391c?s=96&d=mm&r=g","contentUrl":"https:\/\/secure.gravatar.com\/avatar\/966e5ed73cad334adda5c87f49f2547f7082f7292c1b627cbb548744383b391c?s=96&d=mm&r=g","caption":"ayuntamiento"}}]}},"uagb_featured_image_src":{"full":["https:\/\/coria.org\/ayuntamiento\/wp-content\/uploads\/2020\/06\/parque-infantil.jpg",1876,1536,false],"thumbnail":["https:\/\/coria.org\/ayuntamiento\/wp-content\/uploads\/2020\/06\/parque-infantil-150x150.jpg",150,150,true],"medium":["https:\/\/coria.org\/ayuntamiento\/wp-content\/uploads\/2020\/06\/parque-infantil-300x246.jpg",300,246,true],"medium_large":["https:\/\/coria.org\/ayuntamiento\/wp-content\/uploads\/2020\/06\/parque-infantil-768x629.jpg",768,629,true],"large":["https:\/\/coria.org\/ayuntamiento\/wp-content\/uploads\/2020\/06\/parque-infantil-1024x838.jpg",1024,838,true],"thumblist":["https:\/\/coria.org\/ayuntamiento\/wp-content\/uploads\/2020\/06\/parque-infantil-300x300.jpg",300,300,true],"thumbrelated":["https:\/\/coria.org\/ayuntamiento\/wp-content\/uploads\/2020\/06\/parque-infantil-500x500.jpg",500,500,true],"meccarouselthumb":["https:\/\/coria.org\/ayuntamiento\/wp-content\/uploads\/2020\/06\/parque-infantil-474x324.jpg",474,324,true],"gridsquare":["https:\/\/coria.org\/ayuntamiento\/wp-content\/uploads\/2020\/06\/parque-infantil-391x260.jpg",391,260,true],"tileview":["https:\/\/coria.org\/ayuntamiento\/wp-content\/uploads\/2020\/06\/parque-infantil-300x400.jpg",300,400,true],"1536x1536":["https:\/\/coria.org\/ayuntamiento\/wp-content\/uploads\/2020\/06\/parque-infantil-1536x1258.jpg",1536,1258,true],"2048x2048":["https:\/\/coria.org\/ayuntamiento\/wp-content\/uploads\/2020\/06\/parque-infantil.jpg",1876,1536,false]},"uagb_author_info":{"display_name":"ayuntamiento","author_link":"https:\/\/coria.org\/ayuntamiento\/index.php\/author\/ayuntamiento\/"},"uagb_comment_info":0,"uagb_excerpt":"El Ayuntamiento contin\u00faa en la l\u00ednea de apostar por las zonas infantiles en la ciudad y, teniendo en cuenta que es importante que los m\u00e1s peque\u00f1os necesitan jugar y disfrutar al aire libre, ha decidido cambiar algunos parques que se encontraban en mal estado e instalar otros parques nuevos en las zonas m\u00e1s demandadas. Cabe&hellip;","_links":{"self":[{"href":"https:\/\/coria.org\/ayuntamiento\/index.php\/wp-json\/wp\/v2\/posts\/23910","targetHints":{"allow":["GET"]}}],"collection":[{"href":"https:\/\/coria.org\/ayuntamiento\/index.php\/wp-json\/wp\/v2\/posts"}],"about":[{"href":"https:\/\/coria.org\/ayuntamiento\/index.php\/wp-json\/wp\/v2\/types\/post"}],"author":[{"embeddable":true,"href":"https:\/\/coria.org\/ayuntamiento\/index.php\/wp-json\/wp\/v2\/users\/2"}],"replies":[{"embeddable":true,"href":"https:\/\/coria.org\/ayuntamiento\/index.php\/wp-json\/wp\/v2\/comments?post=23910"}],"version-history":[{"count":0,"href":"https:\/\/coria.org\/ayuntamiento\/index.php\/wp-json\/wp\/v2\/posts\/23910\/revisions"}],"wp:featuredmedia":[{"embeddable":true,"href":"https:\/\/coria.org\/ayuntamiento\/index.php\/wp-json\/wp\/v2\/media\/59545"}],"wp:attachment":[{"href":"https:\/\/coria.org\/ayuntamiento\/index.php\/wp-json\/wp\/v2\/media?parent=23910"}],"wp:term":[{"taxonomy":"category","embeddable":true,"href":"https:\/\/coria.org\/ayuntamiento\/index.php\/wp-json\/wp\/v2\/categories?post=23910"},{"taxonomy":"post_tag","embeddable":true,"href":"https:\/\/coria.org\/ayuntamiento\/index.php\/wp-json\/wp\/v2\/tags?post=23910"}],"curies":[{"name":"wp","href":"https:\/\/api.w.org\/{rel}","templated":true}]}}