{"id":23909,"date":"2020-06-15T00:00:00","date_gmt":"2020-06-15T00:00:00","guid":{"rendered":"https:\/\/ayuntamiento.coriaenimagenes.com\/la-ciudad-de-coria-dentro-de-la-extremadura-de-la-hispania-romana\/"},"modified":"2024-03-04T13:36:39","modified_gmt":"2024-03-04T12:36:39","slug":"la-ciudad-de-coria-dentro-de-la-extremadura-de-la-hispania-romana","status":"publish","type":"post","link":"https:\/\/coria.org\/ayuntamiento\/index.php\/2020\/06\/15\/la-ciudad-de-coria-dentro-de-la-extremadura-de-la-hispania-romana\/","title":{"rendered":"La Ciudad de Coria dentro  de la Extremadura de la Hispania Romana"},"content":{"rendered":"\n<p>Recuerdos pasados de la historia cauriense descritos en las cicatrices de las piedras de los sillares de las vetusta Muralla Romana que la cercan, hasta el punto de ser considerada una de las fortalezas mejor conservadas, en su conjunto, de entre todas las halladas en el resto de Europa, lo que la convierten en una de las poblaciones m\u00e1s antiguas de Espa\u00f1a.<\/p>\n\n\n<figure class=\"wp-block-post-featured-image\"><img loading=\"lazy\" decoding=\"async\" width=\"1290\" height=\"709\" src=\"https:\/\/coria.org\/ayuntamiento\/wp-content\/uploads\/2020\/06\/Hispania-Romana.jpg\" class=\"attachment-post-thumbnail size-post-thumbnail wp-post-image\" alt=\"\" style=\"object-fit:cover;\" srcset=\"https:\/\/coria.org\/ayuntamiento\/wp-content\/uploads\/2020\/06\/Hispania-Romana.jpg 1290w, https:\/\/coria.org\/ayuntamiento\/wp-content\/uploads\/2020\/06\/Hispania-Romana-300x165.jpg 300w, https:\/\/coria.org\/ayuntamiento\/wp-content\/uploads\/2020\/06\/Hispania-Romana-1024x563.jpg 1024w, https:\/\/coria.org\/ayuntamiento\/wp-content\/uploads\/2020\/06\/Hispania-Romana-768x422.jpg 768w\" sizes=\"auto, (max-width: 1290px) 100vw, 1290px\" \/><\/figure>\n\n\n<p>El Programa \u00abInvitation au Voyage\u00bb del canal de televisi\u00f3n franco-alem\u00e1n p\u00fablico de vocaci\u00f3n cultural y europea \u00abARTE\u00bb, est\u00e1 emitiendo, desde el pasado 04\/06\/2020 y hasta el pr\u00f3ximo 25\/05\/2022, dentro del cap\u00edtulo \u00abExtremadura dentro de la Hispania Romana\u00bb, una parte de los tiempos de la espl\u00e9ndida Caurium hispanorromana, cuyos restos son hoy visibles dentro de la localidad a trav\u00e9s de uno de sus mejores atuendos como lo demuestran las regias defensas militares amuralladas levantadas por los hijos del Lacio en el Alto Imperio Romano y declaradas Monumento Hist\u00f3rico-Art\u00edstico Nacional el 3 de junio de 1931.<\/p>\n\n\n\n<p>(Enlace divulgaci\u00f3n v\u00eddeo documental \u00abExtremadura dentro de la Hispania Romana:<br><a href=\"https:\/\/www.arte.tv\/fr\/videos\/098168-000-A\/estremadure-au-temps-de-l-hispanie-romaine\/\">https:\/\/www.arte.tv\/fr\/videos\/098168-000-A\/estremadure-au-temps-de-l-hispanie-romaine\/<\/a> ).<\/p>\n\n\n\n<p>Una oppidum fortificada de origen vett\u00f3n, como fue la antigua y primigenia Caura, que, con m\u00e1s de dos milenios de historia ininterrumpida, a\u00fan sigue conservando, entre los vetustos muros de su magn\u00edfico Conjunto Monumental, el abolengo se\u00f1orial por el que un d\u00eda pasaron caudillos vettones y c\u00f3nsules romanos, junto al linaje de la curia episcopal y el aroma taurino desde la \u00e9poca antigua. <\/p>\n\n\n\n<p>Un municipio, Caurium, que tras la conquista y posterior dominaci\u00f3n romana de la pen\u00ednsula Ib\u00e9rica se constituir\u00eda en asentamiento castrense denominado Castrum Caecilium Cauriensis a partir del siglo I a.C., hasta alcanzar, durante el Bajo Imperio, la ciudadan\u00eda romana como n\u00facleo perteneciente al Conventus Emeritensis encuadrado dentro de la provincia de la Lusitania.<\/p>\n\n\n\n<p>Unos vestigios del dominio imperial romano, que siguen dando testimonio, 2.000 a\u00f1os despu\u00e9s, de la importancia que tuvo la Ciudad de Coria desde la antig\u00fcedad dentro nuestra regi\u00f3n de Extremadura, y cuya huella dejada sigue siendo parte todav\u00eda de la identidad del legado latino en Espa\u00f1a. <\/p>\n","protected":false},"excerpt":{"rendered":"<p>Recuerdos pasados de la historia cauriense descritos en las cicatrices de las piedras de los sillares de las vetusta Muralla Romana que la cercan, hasta el punto de ser considerada una de las fortalezas mejor conservadas, en su conjunto, de entre todas las halladas en el resto de Europa, lo que la convierten en una [&hellip;]<\/p>\n","protected":false},"author":2,"featured_media":59542,"comment_status":"closed","ping_status":"closed","sticky":false,"template":"","format":"standard","meta":{"_uag_custom_page_level_css":"","footnotes":""},"categories":[2],"tags":[3,4],"class_list":["post-23909","post","type-post","status-publish","format-standard","has-post-thumbnail","hentry","category-noticias","tag-coria","tag-extremadura"],"yoast_head":"<!-- This site is optimized with the Yoast SEO plugin v27.5 - https:\/\/yoast.com\/product\/yoast-seo-wordpress\/ -->\n<title>La Ciudad de Coria dentro de la Extremadura de la Hispania Romana - Ayuntamiento de Coria<\/title>\n<meta name=\"robots\" content=\"index, follow, max-snippet:-1, max-image-preview:large, max-video-preview:-1\" \/>\n<link rel=\"canonical\" href=\"https:\/\/coria.org\/ayuntamiento\/index.php\/2020\/06\/15\/la-ciudad-de-coria-dentro-de-la-extremadura-de-la-hispania-romana\/\" \/>\n<meta property=\"og:locale\" content=\"es_ES\" \/>\n<meta property=\"og:type\" content=\"article\" \/>\n<meta property=\"og:title\" content=\"La Ciudad de Coria dentro de la Extremadura de la Hispania Romana - Ayuntamiento de Coria\" \/>\n<meta property=\"og:description\" content=\"Recuerdos pasados de la historia cauriense descritos en las cicatrices de las piedras de los sillares de las vetusta Muralla Romana que la cercan, hasta el punto de ser considerada una de las fortalezas mejor conservadas, en su conjunto, de entre todas las halladas en el resto de Europa, lo que la convierten en una [&hellip;]\" \/>\n<meta property=\"og:url\" content=\"https:\/\/coria.org\/ayuntamiento\/index.php\/2020\/06\/15\/la-ciudad-de-coria-dentro-de-la-extremadura-de-la-hispania-romana\/\" \/>\n<meta property=\"og:site_name\" content=\"Ayuntamiento de Coria\" \/>\n<meta property=\"article:publisher\" content=\"https:\/\/www.facebook.com\/Ayuntamiento.de.Coria\" \/>\n<meta property=\"article:published_time\" content=\"2020-06-15T00:00:00+00:00\" \/>\n<meta property=\"article:modified_time\" content=\"2024-03-04T12:36:39+00:00\" \/>\n<meta property=\"og:image\" content=\"https:\/\/coria.org\/ayuntamiento\/wp-content\/uploads\/2020\/06\/Hispania-Romana.jpg\" \/>\n\t<meta property=\"og:image:width\" content=\"1290\" \/>\n\t<meta property=\"og:image:height\" content=\"709\" \/>\n\t<meta property=\"og:image:type\" content=\"image\/jpeg\" \/>\n<meta name=\"author\" content=\"ayuntamiento\" \/>\n<meta name=\"twitter:card\" content=\"summary_large_image\" \/>\n<meta name=\"twitter:creator\" content=\"@Ayto_de_Coria\" \/>\n<meta name=\"twitter:site\" content=\"@Ayto_de_Coria\" \/>\n<meta name=\"twitter:label1\" content=\"Escrito por\" \/>\n\t<meta name=\"twitter:data1\" content=\"ayuntamiento\" \/>\n\t<meta name=\"twitter:label2\" content=\"Tiempo de lectura\" \/>\n\t<meta name=\"twitter:data2\" content=\"2 minutos\" \/>\n<script type=\"application\/ld+json\" class=\"yoast-schema-graph\">{\"@context\":\"https:\\\/\\\/schema.org\",\"@graph\":[{\"@type\":\"Article\",\"@id\":\"https:\\\/\\\/coria.org\\\/ayuntamiento\\\/index.php\\\/2020\\\/06\\\/15\\\/la-ciudad-de-coria-dentro-de-la-extremadura-de-la-hispania-romana\\\/#article\",\"isPartOf\":{\"@id\":\"https:\\\/\\\/coria.org\\\/ayuntamiento\\\/index.php\\\/2020\\\/06\\\/15\\\/la-ciudad-de-coria-dentro-de-la-extremadura-de-la-hispania-romana\\\/\"},\"author\":{\"name\":\"ayuntamiento\",\"@id\":\"https:\\\/\\\/coria.org\\\/ayuntamiento\\\/#\\\/schema\\\/person\\\/8bd589f0e13e8ae5aa06def7a599d622\"},\"headline\":\"La Ciudad de Coria dentro de la Extremadura de la Hispania Romana\",\"datePublished\":\"2020-06-15T00:00:00+00:00\",\"dateModified\":\"2024-03-04T12:36:39+00:00\",\"mainEntityOfPage\":{\"@id\":\"https:\\\/\\\/coria.org\\\/ayuntamiento\\\/index.php\\\/2020\\\/06\\\/15\\\/la-ciudad-de-coria-dentro-de-la-extremadura-de-la-hispania-romana\\\/\"},\"wordCount\":378,\"publisher\":{\"@id\":\"https:\\\/\\\/coria.org\\\/ayuntamiento\\\/#organization\"},\"image\":{\"@id\":\"https:\\\/\\\/coria.org\\\/ayuntamiento\\\/index.php\\\/2020\\\/06\\\/15\\\/la-ciudad-de-coria-dentro-de-la-extremadura-de-la-hispania-romana\\\/#primaryimage\"},\"thumbnailUrl\":\"https:\\\/\\\/coria.org\\\/ayuntamiento\\\/wp-content\\\/uploads\\\/2020\\\/06\\\/Hispania-Romana.jpg\",\"keywords\":[\"coria\",\"extremadura\"],\"articleSection\":[\"Noticias\"],\"inLanguage\":\"es\"},{\"@type\":\"WebPage\",\"@id\":\"https:\\\/\\\/coria.org\\\/ayuntamiento\\\/index.php\\\/2020\\\/06\\\/15\\\/la-ciudad-de-coria-dentro-de-la-extremadura-de-la-hispania-romana\\\/\",\"url\":\"https:\\\/\\\/coria.org\\\/ayuntamiento\\\/index.php\\\/2020\\\/06\\\/15\\\/la-ciudad-de-coria-dentro-de-la-extremadura-de-la-hispania-romana\\\/\",\"name\":\"La Ciudad de Coria dentro de la Extremadura de la Hispania Romana - Ayuntamiento de Coria\",\"isPartOf\":{\"@id\":\"https:\\\/\\\/coria.org\\\/ayuntamiento\\\/#website\"},\"primaryImageOfPage\":{\"@id\":\"https:\\\/\\\/coria.org\\\/ayuntamiento\\\/index.php\\\/2020\\\/06\\\/15\\\/la-ciudad-de-coria-dentro-de-la-extremadura-de-la-hispania-romana\\\/#primaryimage\"},\"image\":{\"@id\":\"https:\\\/\\\/coria.org\\\/ayuntamiento\\\/index.php\\\/2020\\\/06\\\/15\\\/la-ciudad-de-coria-dentro-de-la-extremadura-de-la-hispania-romana\\\/#primaryimage\"},\"thumbnailUrl\":\"https:\\\/\\\/coria.org\\\/ayuntamiento\\\/wp-content\\\/uploads\\\/2020\\\/06\\\/Hispania-Romana.jpg\",\"datePublished\":\"2020-06-15T00:00:00+00:00\",\"dateModified\":\"2024-03-04T12:36:39+00:00\",\"breadcrumb\":{\"@id\":\"https:\\\/\\\/coria.org\\\/ayuntamiento\\\/index.php\\\/2020\\\/06\\\/15\\\/la-ciudad-de-coria-dentro-de-la-extremadura-de-la-hispania-romana\\\/#breadcrumb\"},\"inLanguage\":\"es\",\"potentialAction\":[{\"@type\":\"ReadAction\",\"target\":[\"https:\\\/\\\/coria.org\\\/ayuntamiento\\\/index.php\\\/2020\\\/06\\\/15\\\/la-ciudad-de-coria-dentro-de-la-extremadura-de-la-hispania-romana\\\/\"]}]},{\"@type\":\"ImageObject\",\"inLanguage\":\"es\",\"@id\":\"https:\\\/\\\/coria.org\\\/ayuntamiento\\\/index.php\\\/2020\\\/06\\\/15\\\/la-ciudad-de-coria-dentro-de-la-extremadura-de-la-hispania-romana\\\/#primaryimage\",\"url\":\"https:\\\/\\\/coria.org\\\/ayuntamiento\\\/wp-content\\\/uploads\\\/2020\\\/06\\\/Hispania-Romana.jpg\",\"contentUrl\":\"https:\\\/\\\/coria.org\\\/ayuntamiento\\\/wp-content\\\/uploads\\\/2020\\\/06\\\/Hispania-Romana.jpg\",\"width\":1290,\"height\":709},{\"@type\":\"BreadcrumbList\",\"@id\":\"https:\\\/\\\/coria.org\\\/ayuntamiento\\\/index.php\\\/2020\\\/06\\\/15\\\/la-ciudad-de-coria-dentro-de-la-extremadura-de-la-hispania-romana\\\/#breadcrumb\",\"itemListElement\":[{\"@type\":\"ListItem\",\"position\":1,\"name\":\"Inicio\",\"item\":\"https:\\\/\\\/coria.org\\\/ayuntamiento\\\/\"},{\"@type\":\"ListItem\",\"position\":2,\"name\":\"La Ciudad de Coria dentro de la Extremadura de la Hispania Romana\"}]},{\"@type\":\"WebSite\",\"@id\":\"https:\\\/\\\/coria.org\\\/ayuntamiento\\\/#website\",\"url\":\"https:\\\/\\\/coria.org\\\/ayuntamiento\\\/\",\"name\":\"Ayuntamiento de Coria\",\"description\":\"Web oficial del Ayuntamiento de Coria\",\"publisher\":{\"@id\":\"https:\\\/\\\/coria.org\\\/ayuntamiento\\\/#organization\"},\"alternateName\":\"Web Oficial del Ayuntamiento de Coria\",\"potentialAction\":[{\"@type\":\"SearchAction\",\"target\":{\"@type\":\"EntryPoint\",\"urlTemplate\":\"https:\\\/\\\/coria.org\\\/ayuntamiento\\\/?s={search_term_string}\"},\"query-input\":{\"@type\":\"PropertyValueSpecification\",\"valueRequired\":true,\"valueName\":\"search_term_string\"}}],\"inLanguage\":\"es\"},{\"@type\":\"Organization\",\"@id\":\"https:\\\/\\\/coria.org\\\/ayuntamiento\\\/#organization\",\"name\":\"Ayuntamiento de Coria\",\"alternateName\":\"Ayto de Coria\",\"url\":\"https:\\\/\\\/coria.org\\\/ayuntamiento\\\/\",\"logo\":{\"@type\":\"ImageObject\",\"inLanguage\":\"es\",\"@id\":\"https:\\\/\\\/coria.org\\\/ayuntamiento\\\/#\\\/schema\\\/logo\\\/image\\\/\",\"url\":\"https:\\\/\\\/coria.org\\\/ayuntamiento\\\/wp-content\\\/uploads\\\/2020\\\/12\\\/escudo-ayuntamiento-coria.png\",\"contentUrl\":\"https:\\\/\\\/coria.org\\\/ayuntamiento\\\/wp-content\\\/uploads\\\/2020\\\/12\\\/escudo-ayuntamiento-coria.png\",\"width\":511,\"height\":240,\"caption\":\"Ayuntamiento de Coria\"},\"image\":{\"@id\":\"https:\\\/\\\/coria.org\\\/ayuntamiento\\\/#\\\/schema\\\/logo\\\/image\\\/\"},\"sameAs\":[\"https:\\\/\\\/www.facebook.com\\\/Ayuntamiento.de.Coria\",\"https:\\\/\\\/x.com\\\/Ayto_de_Coria\",\"https:\\\/\\\/www.instagram.com\\\/coria.ayuntamiento\\\/\",\"https:\\\/\\\/www.youtube.com\\\/user\\\/AYUNTAMIENTOCORIA\"]},{\"@type\":\"Person\",\"@id\":\"https:\\\/\\\/coria.org\\\/ayuntamiento\\\/#\\\/schema\\\/person\\\/8bd589f0e13e8ae5aa06def7a599d622\",\"name\":\"ayuntamiento\",\"image\":{\"@type\":\"ImageObject\",\"inLanguage\":\"es\",\"@id\":\"https:\\\/\\\/secure.gravatar.com\\\/avatar\\\/966e5ed73cad334adda5c87f49f2547f7082f7292c1b627cbb548744383b391c?s=96&d=mm&r=g\",\"url\":\"https:\\\/\\\/secure.gravatar.com\\\/avatar\\\/966e5ed73cad334adda5c87f49f2547f7082f7292c1b627cbb548744383b391c?s=96&d=mm&r=g\",\"contentUrl\":\"https:\\\/\\\/secure.gravatar.com\\\/avatar\\\/966e5ed73cad334adda5c87f49f2547f7082f7292c1b627cbb548744383b391c?s=96&d=mm&r=g\",\"caption\":\"ayuntamiento\"}}]}<\/script>\n<!-- \/ Yoast SEO plugin. -->","yoast_head_json":{"title":"La Ciudad de Coria dentro de la Extremadura de la Hispania Romana - Ayuntamiento de Coria","robots":{"index":"index","follow":"follow","max-snippet":"max-snippet:-1","max-image-preview":"max-image-preview:large","max-video-preview":"max-video-preview:-1"},"canonical":"https:\/\/coria.org\/ayuntamiento\/index.php\/2020\/06\/15\/la-ciudad-de-coria-dentro-de-la-extremadura-de-la-hispania-romana\/","og_locale":"es_ES","og_type":"article","og_title":"La Ciudad de Coria dentro de la Extremadura de la Hispania Romana - Ayuntamiento de Coria","og_description":"Recuerdos pasados de la historia cauriense descritos en las cicatrices de las piedras de los sillares de las vetusta Muralla Romana que la cercan, hasta el punto de ser considerada una de las fortalezas mejor conservadas, en su conjunto, de entre todas las halladas en el resto de Europa, lo que la convierten en una [&hellip;]","og_url":"https:\/\/coria.org\/ayuntamiento\/index.php\/2020\/06\/15\/la-ciudad-de-coria-dentro-de-la-extremadura-de-la-hispania-romana\/","og_site_name":"Ayuntamiento de Coria","article_publisher":"https:\/\/www.facebook.com\/Ayuntamiento.de.Coria","article_published_time":"2020-06-15T00:00:00+00:00","article_modified_time":"2024-03-04T12:36:39+00:00","og_image":[{"width":1290,"height":709,"url":"https:\/\/coria.org\/ayuntamiento\/wp-content\/uploads\/2020\/06\/Hispania-Romana.jpg","type":"image\/jpeg"}],"author":"ayuntamiento","twitter_card":"summary_large_image","twitter_creator":"@Ayto_de_Coria","twitter_site":"@Ayto_de_Coria","twitter_misc":{"Escrito por":"ayuntamiento","Tiempo de lectura":"2 minutos"},"schema":{"@context":"https:\/\/schema.org","@graph":[{"@type":"Article","@id":"https:\/\/coria.org\/ayuntamiento\/index.php\/2020\/06\/15\/la-ciudad-de-coria-dentro-de-la-extremadura-de-la-hispania-romana\/#article","isPartOf":{"@id":"https:\/\/coria.org\/ayuntamiento\/index.php\/2020\/06\/15\/la-ciudad-de-coria-dentro-de-la-extremadura-de-la-hispania-romana\/"},"author":{"name":"ayuntamiento","@id":"https:\/\/coria.org\/ayuntamiento\/#\/schema\/person\/8bd589f0e13e8ae5aa06def7a599d622"},"headline":"La Ciudad de Coria dentro de la Extremadura de la Hispania Romana","datePublished":"2020-06-15T00:00:00+00:00","dateModified":"2024-03-04T12:36:39+00:00","mainEntityOfPage":{"@id":"https:\/\/coria.org\/ayuntamiento\/index.php\/2020\/06\/15\/la-ciudad-de-coria-dentro-de-la-extremadura-de-la-hispania-romana\/"},"wordCount":378,"publisher":{"@id":"https:\/\/coria.org\/ayuntamiento\/#organization"},"image":{"@id":"https:\/\/coria.org\/ayuntamiento\/index.php\/2020\/06\/15\/la-ciudad-de-coria-dentro-de-la-extremadura-de-la-hispania-romana\/#primaryimage"},"thumbnailUrl":"https:\/\/coria.org\/ayuntamiento\/wp-content\/uploads\/2020\/06\/Hispania-Romana.jpg","keywords":["coria","extremadura"],"articleSection":["Noticias"],"inLanguage":"es"},{"@type":"WebPage","@id":"https:\/\/coria.org\/ayuntamiento\/index.php\/2020\/06\/15\/la-ciudad-de-coria-dentro-de-la-extremadura-de-la-hispania-romana\/","url":"https:\/\/coria.org\/ayuntamiento\/index.php\/2020\/06\/15\/la-ciudad-de-coria-dentro-de-la-extremadura-de-la-hispania-romana\/","name":"La Ciudad de Coria dentro de la Extremadura de la Hispania Romana - Ayuntamiento de Coria","isPartOf":{"@id":"https:\/\/coria.org\/ayuntamiento\/#website"},"primaryImageOfPage":{"@id":"https:\/\/coria.org\/ayuntamiento\/index.php\/2020\/06\/15\/la-ciudad-de-coria-dentro-de-la-extremadura-de-la-hispania-romana\/#primaryimage"},"image":{"@id":"https:\/\/coria.org\/ayuntamiento\/index.php\/2020\/06\/15\/la-ciudad-de-coria-dentro-de-la-extremadura-de-la-hispania-romana\/#primaryimage"},"thumbnailUrl":"https:\/\/coria.org\/ayuntamiento\/wp-content\/uploads\/2020\/06\/Hispania-Romana.jpg","datePublished":"2020-06-15T00:00:00+00:00","dateModified":"2024-03-04T12:36:39+00:00","breadcrumb":{"@id":"https:\/\/coria.org\/ayuntamiento\/index.php\/2020\/06\/15\/la-ciudad-de-coria-dentro-de-la-extremadura-de-la-hispania-romana\/#breadcrumb"},"inLanguage":"es","potentialAction":[{"@type":"ReadAction","target":["https:\/\/coria.org\/ayuntamiento\/index.php\/2020\/06\/15\/la-ciudad-de-coria-dentro-de-la-extremadura-de-la-hispania-romana\/"]}]},{"@type":"ImageObject","inLanguage":"es","@id":"https:\/\/coria.org\/ayuntamiento\/index.php\/2020\/06\/15\/la-ciudad-de-coria-dentro-de-la-extremadura-de-la-hispania-romana\/#primaryimage","url":"https:\/\/coria.org\/ayuntamiento\/wp-content\/uploads\/2020\/06\/Hispania-Romana.jpg","contentUrl":"https:\/\/coria.org\/ayuntamiento\/wp-content\/uploads\/2020\/06\/Hispania-Romana.jpg","width":1290,"height":709},{"@type":"BreadcrumbList","@id":"https:\/\/coria.org\/ayuntamiento\/index.php\/2020\/06\/15\/la-ciudad-de-coria-dentro-de-la-extremadura-de-la-hispania-romana\/#breadcrumb","itemListElement":[{"@type":"ListItem","position":1,"name":"Inicio","item":"https:\/\/coria.org\/ayuntamiento\/"},{"@type":"ListItem","position":2,"name":"La Ciudad de Coria dentro de la Extremadura de la Hispania Romana"}]},{"@type":"WebSite","@id":"https:\/\/coria.org\/ayuntamiento\/#website","url":"https:\/\/coria.org\/ayuntamiento\/","name":"Ayuntamiento de Coria","description":"Web oficial del Ayuntamiento de Coria","publisher":{"@id":"https:\/\/coria.org\/ayuntamiento\/#organization"},"alternateName":"Web Oficial del Ayuntamiento de Coria","potentialAction":[{"@type":"SearchAction","target":{"@type":"EntryPoint","urlTemplate":"https:\/\/coria.org\/ayuntamiento\/?s={search_term_string}"},"query-input":{"@type":"PropertyValueSpecification","valueRequired":true,"valueName":"search_term_string"}}],"inLanguage":"es"},{"@type":"Organization","@id":"https:\/\/coria.org\/ayuntamiento\/#organization","name":"Ayuntamiento de Coria","alternateName":"Ayto de Coria","url":"https:\/\/coria.org\/ayuntamiento\/","logo":{"@type":"ImageObject","inLanguage":"es","@id":"https:\/\/coria.org\/ayuntamiento\/#\/schema\/logo\/image\/","url":"https:\/\/coria.org\/ayuntamiento\/wp-content\/uploads\/2020\/12\/escudo-ayuntamiento-coria.png","contentUrl":"https:\/\/coria.org\/ayuntamiento\/wp-content\/uploads\/2020\/12\/escudo-ayuntamiento-coria.png","width":511,"height":240,"caption":"Ayuntamiento de Coria"},"image":{"@id":"https:\/\/coria.org\/ayuntamiento\/#\/schema\/logo\/image\/"},"sameAs":["https:\/\/www.facebook.com\/Ayuntamiento.de.Coria","https:\/\/x.com\/Ayto_de_Coria","https:\/\/www.instagram.com\/coria.ayuntamiento\/","https:\/\/www.youtube.com\/user\/AYUNTAMIENTOCORIA"]},{"@type":"Person","@id":"https:\/\/coria.org\/ayuntamiento\/#\/schema\/person\/8bd589f0e13e8ae5aa06def7a599d622","name":"ayuntamiento","image":{"@type":"ImageObject","inLanguage":"es","@id":"https:\/\/secure.gravatar.com\/avatar\/966e5ed73cad334adda5c87f49f2547f7082f7292c1b627cbb548744383b391c?s=96&d=mm&r=g","url":"https:\/\/secure.gravatar.com\/avatar\/966e5ed73cad334adda5c87f49f2547f7082f7292c1b627cbb548744383b391c?s=96&d=mm&r=g","contentUrl":"https:\/\/secure.gravatar.com\/avatar\/966e5ed73cad334adda5c87f49f2547f7082f7292c1b627cbb548744383b391c?s=96&d=mm&r=g","caption":"ayuntamiento"}}]}},"uagb_featured_image_src":{"full":["https:\/\/coria.org\/ayuntamiento\/wp-content\/uploads\/2020\/06\/Hispania-Romana.jpg",1290,709,false],"thumbnail":["https:\/\/coria.org\/ayuntamiento\/wp-content\/uploads\/2020\/06\/Hispania-Romana-150x150.jpg",150,150,true],"medium":["https:\/\/coria.org\/ayuntamiento\/wp-content\/uploads\/2020\/06\/Hispania-Romana-300x165.jpg",300,165,true],"medium_large":["https:\/\/coria.org\/ayuntamiento\/wp-content\/uploads\/2020\/06\/Hispania-Romana-768x422.jpg",768,422,true],"large":["https:\/\/coria.org\/ayuntamiento\/wp-content\/uploads\/2020\/06\/Hispania-Romana-1024x563.jpg",1024,563,true],"thumblist":["https:\/\/coria.org\/ayuntamiento\/wp-content\/uploads\/2020\/06\/Hispania-Romana-300x300.jpg",300,300,true],"thumbrelated":["https:\/\/coria.org\/ayuntamiento\/wp-content\/uploads\/2020\/06\/Hispania-Romana-500x500.jpg",500,500,true],"meccarouselthumb":["https:\/\/coria.org\/ayuntamiento\/wp-content\/uploads\/2020\/06\/Hispania-Romana-474x324.jpg",474,324,true],"gridsquare":["https:\/\/coria.org\/ayuntamiento\/wp-content\/uploads\/2020\/06\/Hispania-Romana-391x260.jpg",391,260,true],"tileview":["https:\/\/coria.org\/ayuntamiento\/wp-content\/uploads\/2020\/06\/Hispania-Romana-300x400.jpg",300,400,true],"1536x1536":["https:\/\/coria.org\/ayuntamiento\/wp-content\/uploads\/2020\/06\/Hispania-Romana.jpg",1290,709,false],"2048x2048":["https:\/\/coria.org\/ayuntamiento\/wp-content\/uploads\/2020\/06\/Hispania-Romana.jpg",1290,709,false]},"uagb_author_info":{"display_name":"ayuntamiento","author_link":"https:\/\/coria.org\/ayuntamiento\/index.php\/author\/ayuntamiento\/"},"uagb_comment_info":0,"uagb_excerpt":"Recuerdos pasados de la historia cauriense descritos en las cicatrices de las piedras de los sillares de las vetusta Muralla Romana que la cercan, hasta el punto de ser considerada una de las fortalezas mejor conservadas, en su conjunto, de entre todas las halladas en el resto de Europa, lo que la convierten en una&hellip;","_links":{"self":[{"href":"https:\/\/coria.org\/ayuntamiento\/index.php\/wp-json\/wp\/v2\/posts\/23909","targetHints":{"allow":["GET"]}}],"collection":[{"href":"https:\/\/coria.org\/ayuntamiento\/index.php\/wp-json\/wp\/v2\/posts"}],"about":[{"href":"https:\/\/coria.org\/ayuntamiento\/index.php\/wp-json\/wp\/v2\/types\/post"}],"author":[{"embeddable":true,"href":"https:\/\/coria.org\/ayuntamiento\/index.php\/wp-json\/wp\/v2\/users\/2"}],"replies":[{"embeddable":true,"href":"https:\/\/coria.org\/ayuntamiento\/index.php\/wp-json\/wp\/v2\/comments?post=23909"}],"version-history":[{"count":0,"href":"https:\/\/coria.org\/ayuntamiento\/index.php\/wp-json\/wp\/v2\/posts\/23909\/revisions"}],"wp:featuredmedia":[{"embeddable":true,"href":"https:\/\/coria.org\/ayuntamiento\/index.php\/wp-json\/wp\/v2\/media\/59542"}],"wp:attachment":[{"href":"https:\/\/coria.org\/ayuntamiento\/index.php\/wp-json\/wp\/v2\/media?parent=23909"}],"wp:term":[{"taxonomy":"category","embeddable":true,"href":"https:\/\/coria.org\/ayuntamiento\/index.php\/wp-json\/wp\/v2\/categories?post=23909"},{"taxonomy":"post_tag","embeddable":true,"href":"https:\/\/coria.org\/ayuntamiento\/index.php\/wp-json\/wp\/v2\/tags?post=23909"}],"curies":[{"name":"wp","href":"https:\/\/api.w.org\/{rel}","templated":true}]}}