{"id":23795,"date":"2020-11-23T00:00:00","date_gmt":"2020-11-23T00:00:00","guid":{"rendered":"https:\/\/ayuntamiento.coriaenimagenes.com\/acto-de-clausura-de-las-escuelas-profesionales-coria-2019\/"},"modified":"2024-02-15T11:01:21","modified_gmt":"2024-02-15T10:01:21","slug":"acto-de-clausura-de-las-escuelas-profesionales-coria-2019","status":"publish","type":"post","link":"https:\/\/coria.org\/ayuntamiento\/index.php\/2020\/11\/23\/acto-de-clausura-de-las-escuelas-profesionales-coria-2019\/","title":{"rendered":"Acto de clausura de las Escuelas Profesionales Coria 2019"},"content":{"rendered":"\n<p><b>El Alcalde de Coria, Jos\u00e9 Manuel Garc\u00eda Ballestero, junto a los concejales de Infraestructuras y Turismo, Juan Jos\u00e9 Alc\u00f3n Gazapo y Almudena Domingo Pirrongelli, y el Director de las Escuelas Profesionales Coria 2019, Pedro S\u00e1nchez-Oca\u00f1a S\u00e1nchez-Oca\u00f1a, han clausurado en la ma\u00f1ana de este lunes las escuelas profesionales, que durante un a\u00f1o han formado a un total de 30 alumnos, en las especialidades de  Soldadura con Electrodo y Revestido y TIC y Operaciones B\u00e1sicas  en el Montaje y Mantenimiento de Instalaciones de Energ\u00edas Renovables.<\/b><b>\n<\/b><\/p>\n\n\n<figure class=\"wp-block-post-featured-image\"><img loading=\"lazy\" decoding=\"async\" width=\"1920\" height=\"1280\" src=\"https:\/\/coria.org\/ayuntamiento\/wp-content\/uploads\/2020\/11\/escuela-2020.jpg\" class=\"attachment-post-thumbnail size-post-thumbnail wp-post-image\" alt=\"\" style=\"object-fit:cover;\" srcset=\"https:\/\/coria.org\/ayuntamiento\/wp-content\/uploads\/2020\/11\/escuela-2020.jpg 1920w, https:\/\/coria.org\/ayuntamiento\/wp-content\/uploads\/2020\/11\/escuela-2020-300x200.jpg 300w, https:\/\/coria.org\/ayuntamiento\/wp-content\/uploads\/2020\/11\/escuela-2020-1024x683.jpg 1024w, https:\/\/coria.org\/ayuntamiento\/wp-content\/uploads\/2020\/11\/escuela-2020-768x512.jpg 768w, https:\/\/coria.org\/ayuntamiento\/wp-content\/uploads\/2020\/11\/escuela-2020-391x260.jpg 391w, https:\/\/coria.org\/ayuntamiento\/wp-content\/uploads\/2020\/11\/escuela-2020-1536x1024.jpg 1536w\" sizes=\"auto, (max-width: 1920px) 100vw, 1920px\" \/><\/figure>\n\n\n<p>Durante el acto de clausura, el Director del Programa de la Escuela Profesional Coria 2019, ha felicitado a los alumnos por su ejemplar comportamiento y superaci\u00f3n del curso. Les ha deseado mucha suerte y espera que tengan muchas posibilidades para encontrar trabajo lo antes posible como muchos de sus compa\u00f1eros. Ha manifestado que, \u00absolo hacen falta ganas porque los conocimientos ya los hab\u00e9is adquirido\u00bb.<\/p>\n\n\n\n<p>El Director tambi\u00e9n ha tenido palabras de agradecimiento y felicitaciones para el equipo docente, agradeci\u00e9ndoles el inter\u00e9s mostrado durante un a\u00f1o que ha sido duro. Ha finalizado agradeciendo al promotor de las escuelas profesionales, el Ayuntamiento de Coria, por llevar a cabo este proyecto animando a seguir con este tipo de formaciones tan necesarias.<\/p>\n\n\n\n<p>Por su parte, el Alcalde ha agradecido el gran trabajo realizado por todo el equipo de formaci\u00f3n. \u00abSe ha conseguido hacer equipo y eso no es f\u00e1cil\u00bb. \u00abHa sido un a\u00f1o muy dif\u00edcil y a\u00fan as\u00ed, el equipo se ha superado y ha conseguido dar toda la formaci\u00f3n a pesar de las circunstancias tan complicadas que nos ha tocado vivir\u00bb.<\/p>\n\n\n\n<p>El primer edil ha manifestado que es un esfuerzo importante el que la administraci\u00f3n local hace, \u00absiempre hemos apostado por la cualificaci\u00f3n y la formaci\u00f3n y seguiremos haci\u00e9ndolo para que esa formaci\u00f3n llegue a cuantas mas personas mejor\u00bb. <\/p>\n\n\n\n<p>Adem\u00e1s, se ha dirigido a los alumnos para felicitarles y les ha deseado todo tipo de \u00e9xitos en su nueva etapa, la que no ser\u00e1 f\u00e1cil porque el mercado laboral es muy competitivo pero al que llegar\u00e1n con esfuerzo y trabajo. \u00abCerr\u00e1is una etapa y vais a comenzar otra m\u00e1s dif\u00edcil para emprender un proyecto de vida mejor\u00bb.<\/p>\n\n\n\n<p>\u00abAfortunadamente, algunos compa\u00f1eros vuestros se han incorporado al mercado laboral y yo espero que vosotros tambi\u00e9n lo hag\u00e1is. Es un reto dif\u00edcil pero hab\u00e9is dado un paso muy importante y ya ten\u00e9is vuestra formaci\u00f3n\u00bb, ha dicho.<\/p>\n\n\n\n<p>Ballestero ha finalizado diciendo que, \u00abgracias por todo lo que hab\u00e9is hecho. Sabemos que ha sido un esfuerzo muy grande. Esta experiencia humana servir\u00e1 para crecer laboral y personalmente. Os deseo mucha suerte. A nosotros nos produce una satisfacci\u00f3n enorme cuando nos dicen que alguno de vosotros se ha incorporado al mercado laboral. Muchas gracias, \u00e1nimo y suerte a todos\u00bb.<\/p>\n\n\n\n<p><strong>Trabajos realizados por los alumnos<\/strong><\/p>\n\n\n\n<p>Los alumnos han puesto en pr\u00e1ctica sus conocimientos del curso en algunos de los trabajos de utilidad p\u00fablica realizados en la Ciudad, caso es, en la especialidad de \u00abSoldadura con Electrodo y Revestido y TIC\u00bb, donde los alumnos han actuado en la avenida Monse\u00f1or Riberi instalando un vallado en los cruces de intersecciones con las calles perpendiculares a ella, con una valla de 1,35 m de alto con soporte anclaje al pavimento del acerado, y entramado de tubo protector y separador de la v\u00eda y la acera.<\/p>\n\n\n\n<p>Otra de las actuaciones ha sido en la pista deportiva situada en Rinc\u00f3n del Obispo donde han instalado un vallado perimentral. Realizaci\u00f3n de los bastidores empleando t\u00e9cnicas de soldado TIC.<\/p>\n\n\n\n<p>Adem\u00e1s, los alumnos de esta especialidad han trabajado en la instalaci\u00f3n del vallado perimetral en la pista deportiva situada en las instalaciones deportivas del Paseo de la Isla.<\/p>\n\n\n\n<p>Los alumnos de la especialidad de \u00abOperaciones B\u00e1sicas en el Montaje y Mantenimiento de Instalaciones de Energ\u00edas Renovables\u00bb, han trabajado en la instalaci\u00f3n del sistema de iluminaci\u00f3n exterior e interior con fuente de energ\u00eda fotovoltaica por carecer de ella en varias zonas de la ciudad. Asimismo han ejecutado trabajos de instalaci\u00f3n del sistema de iluminaci\u00f3n exterior e interior con fuente de energ\u00eda e\u00f3lica como ayuda a las placas solares y la instalaci\u00f3n de un sistema de generaci\u00f3n de agua caliente mediante placa termosolar en las pistas deportivas de Coria. <\/p>\n","protected":false},"excerpt":{"rendered":"<p>El Alcalde de Coria, Jos\u00e9 Manuel Garc\u00eda Ballestero, junto a los concejales de Infraestructuras y Turismo, Juan Jos\u00e9 Alc\u00f3n Gazapo y Almudena Domingo Pirrongelli, y el Director de las Escuelas Profesionales Coria 2019, Pedro S\u00e1nchez-Oca\u00f1a S\u00e1nchez-Oca\u00f1a, han clausurado en la ma\u00f1ana de este lunes las escuelas profesionales, que durante un a\u00f1o han formado a un [&hellip;]<\/p>\n","protected":false},"author":2,"featured_media":58404,"comment_status":"closed","ping_status":"closed","sticky":false,"template":"","format":"standard","meta":{"_uag_custom_page_level_css":"","footnotes":""},"categories":[2],"tags":[3,4],"class_list":["post-23795","post","type-post","status-publish","format-standard","has-post-thumbnail","hentry","category-noticias","tag-coria","tag-extremadura"],"yoast_head":"<!-- This site is optimized with the Yoast SEO plugin v27.4 - https:\/\/yoast.com\/product\/yoast-seo-wordpress\/ -->\n<title>Acto de clausura de las Escuelas Profesionales Coria 2019 - Ayuntamiento de Coria<\/title>\n<meta name=\"robots\" content=\"index, follow, max-snippet:-1, max-image-preview:large, max-video-preview:-1\" \/>\n<link rel=\"canonical\" href=\"https:\/\/coria.org\/ayuntamiento\/index.php\/2020\/11\/23\/acto-de-clausura-de-las-escuelas-profesionales-coria-2019\/\" \/>\n<meta property=\"og:locale\" content=\"es_ES\" \/>\n<meta property=\"og:type\" content=\"article\" \/>\n<meta property=\"og:title\" content=\"Acto de clausura de las Escuelas Profesionales Coria 2019 - Ayuntamiento de Coria\" \/>\n<meta property=\"og:description\" content=\"El Alcalde de Coria, Jos\u00e9 Manuel Garc\u00eda Ballestero, junto a los concejales de Infraestructuras y Turismo, Juan Jos\u00e9 Alc\u00f3n Gazapo y Almudena Domingo Pirrongelli, y el Director de las Escuelas Profesionales Coria 2019, Pedro S\u00e1nchez-Oca\u00f1a S\u00e1nchez-Oca\u00f1a, han clausurado en la ma\u00f1ana de este lunes las escuelas profesionales, que durante un a\u00f1o han formado a un [&hellip;]\" \/>\n<meta property=\"og:url\" content=\"https:\/\/coria.org\/ayuntamiento\/index.php\/2020\/11\/23\/acto-de-clausura-de-las-escuelas-profesionales-coria-2019\/\" \/>\n<meta property=\"og:site_name\" content=\"Ayuntamiento de Coria\" \/>\n<meta property=\"article:publisher\" content=\"https:\/\/www.facebook.com\/Ayuntamiento.de.Coria\" \/>\n<meta property=\"article:published_time\" content=\"2020-11-23T00:00:00+00:00\" \/>\n<meta property=\"article:modified_time\" content=\"2024-02-15T10:01:21+00:00\" \/>\n<meta property=\"og:image\" content=\"https:\/\/coria.org\/ayuntamiento\/wp-content\/uploads\/2020\/11\/escuela-2020.jpg\" \/>\n\t<meta property=\"og:image:width\" content=\"1920\" \/>\n\t<meta property=\"og:image:height\" content=\"1280\" \/>\n\t<meta property=\"og:image:type\" content=\"image\/jpeg\" \/>\n<meta name=\"author\" content=\"ayuntamiento\" \/>\n<meta name=\"twitter:card\" content=\"summary_large_image\" \/>\n<meta name=\"twitter:creator\" content=\"@Ayto_de_Coria\" \/>\n<meta name=\"twitter:site\" content=\"@Ayto_de_Coria\" \/>\n<meta name=\"twitter:label1\" content=\"Escrito por\" \/>\n\t<meta name=\"twitter:data1\" content=\"ayuntamiento\" \/>\n\t<meta name=\"twitter:label2\" content=\"Tiempo de lectura\" \/>\n\t<meta name=\"twitter:data2\" content=\"4 minutos\" \/>\n<script type=\"application\/ld+json\" class=\"yoast-schema-graph\">{\"@context\":\"https:\\\/\\\/schema.org\",\"@graph\":[{\"@type\":\"Article\",\"@id\":\"https:\\\/\\\/coria.org\\\/ayuntamiento\\\/index.php\\\/2020\\\/11\\\/23\\\/acto-de-clausura-de-las-escuelas-profesionales-coria-2019\\\/#article\",\"isPartOf\":{\"@id\":\"https:\\\/\\\/coria.org\\\/ayuntamiento\\\/index.php\\\/2020\\\/11\\\/23\\\/acto-de-clausura-de-las-escuelas-profesionales-coria-2019\\\/\"},\"author\":{\"name\":\"ayuntamiento\",\"@id\":\"https:\\\/\\\/coria.org\\\/ayuntamiento\\\/#\\\/schema\\\/person\\\/8bd589f0e13e8ae5aa06def7a599d622\"},\"headline\":\"Acto de clausura de las Escuelas Profesionales Coria 2019\",\"datePublished\":\"2020-11-23T00:00:00+00:00\",\"dateModified\":\"2024-02-15T10:01:21+00:00\",\"mainEntityOfPage\":{\"@id\":\"https:\\\/\\\/coria.org\\\/ayuntamiento\\\/index.php\\\/2020\\\/11\\\/23\\\/acto-de-clausura-de-las-escuelas-profesionales-coria-2019\\\/\"},\"wordCount\":759,\"publisher\":{\"@id\":\"https:\\\/\\\/coria.org\\\/ayuntamiento\\\/#organization\"},\"image\":{\"@id\":\"https:\\\/\\\/coria.org\\\/ayuntamiento\\\/index.php\\\/2020\\\/11\\\/23\\\/acto-de-clausura-de-las-escuelas-profesionales-coria-2019\\\/#primaryimage\"},\"thumbnailUrl\":\"https:\\\/\\\/coria.org\\\/ayuntamiento\\\/wp-content\\\/uploads\\\/2020\\\/11\\\/escuela-2020.jpg\",\"keywords\":[\"coria\",\"extremadura\"],\"articleSection\":[\"Noticias\"],\"inLanguage\":\"es\"},{\"@type\":\"WebPage\",\"@id\":\"https:\\\/\\\/coria.org\\\/ayuntamiento\\\/index.php\\\/2020\\\/11\\\/23\\\/acto-de-clausura-de-las-escuelas-profesionales-coria-2019\\\/\",\"url\":\"https:\\\/\\\/coria.org\\\/ayuntamiento\\\/index.php\\\/2020\\\/11\\\/23\\\/acto-de-clausura-de-las-escuelas-profesionales-coria-2019\\\/\",\"name\":\"Acto de clausura de las Escuelas Profesionales Coria 2019 - Ayuntamiento de Coria\",\"isPartOf\":{\"@id\":\"https:\\\/\\\/coria.org\\\/ayuntamiento\\\/#website\"},\"primaryImageOfPage\":{\"@id\":\"https:\\\/\\\/coria.org\\\/ayuntamiento\\\/index.php\\\/2020\\\/11\\\/23\\\/acto-de-clausura-de-las-escuelas-profesionales-coria-2019\\\/#primaryimage\"},\"image\":{\"@id\":\"https:\\\/\\\/coria.org\\\/ayuntamiento\\\/index.php\\\/2020\\\/11\\\/23\\\/acto-de-clausura-de-las-escuelas-profesionales-coria-2019\\\/#primaryimage\"},\"thumbnailUrl\":\"https:\\\/\\\/coria.org\\\/ayuntamiento\\\/wp-content\\\/uploads\\\/2020\\\/11\\\/escuela-2020.jpg\",\"datePublished\":\"2020-11-23T00:00:00+00:00\",\"dateModified\":\"2024-02-15T10:01:21+00:00\",\"breadcrumb\":{\"@id\":\"https:\\\/\\\/coria.org\\\/ayuntamiento\\\/index.php\\\/2020\\\/11\\\/23\\\/acto-de-clausura-de-las-escuelas-profesionales-coria-2019\\\/#breadcrumb\"},\"inLanguage\":\"es\",\"potentialAction\":[{\"@type\":\"ReadAction\",\"target\":[\"https:\\\/\\\/coria.org\\\/ayuntamiento\\\/index.php\\\/2020\\\/11\\\/23\\\/acto-de-clausura-de-las-escuelas-profesionales-coria-2019\\\/\"]}]},{\"@type\":\"ImageObject\",\"inLanguage\":\"es\",\"@id\":\"https:\\\/\\\/coria.org\\\/ayuntamiento\\\/index.php\\\/2020\\\/11\\\/23\\\/acto-de-clausura-de-las-escuelas-profesionales-coria-2019\\\/#primaryimage\",\"url\":\"https:\\\/\\\/coria.org\\\/ayuntamiento\\\/wp-content\\\/uploads\\\/2020\\\/11\\\/escuela-2020.jpg\",\"contentUrl\":\"https:\\\/\\\/coria.org\\\/ayuntamiento\\\/wp-content\\\/uploads\\\/2020\\\/11\\\/escuela-2020.jpg\",\"width\":1920,\"height\":1280},{\"@type\":\"BreadcrumbList\",\"@id\":\"https:\\\/\\\/coria.org\\\/ayuntamiento\\\/index.php\\\/2020\\\/11\\\/23\\\/acto-de-clausura-de-las-escuelas-profesionales-coria-2019\\\/#breadcrumb\",\"itemListElement\":[{\"@type\":\"ListItem\",\"position\":1,\"name\":\"Inicio\",\"item\":\"https:\\\/\\\/coria.org\\\/ayuntamiento\\\/\"},{\"@type\":\"ListItem\",\"position\":2,\"name\":\"Acto de clausura de las Escuelas Profesionales Coria 2019\"}]},{\"@type\":\"WebSite\",\"@id\":\"https:\\\/\\\/coria.org\\\/ayuntamiento\\\/#website\",\"url\":\"https:\\\/\\\/coria.org\\\/ayuntamiento\\\/\",\"name\":\"Ayuntamiento de Coria\",\"description\":\"Web oficial del Ayuntamiento de Coria\",\"publisher\":{\"@id\":\"https:\\\/\\\/coria.org\\\/ayuntamiento\\\/#organization\"},\"alternateName\":\"Web Oficial del Ayuntamiento de Coria\",\"potentialAction\":[{\"@type\":\"SearchAction\",\"target\":{\"@type\":\"EntryPoint\",\"urlTemplate\":\"https:\\\/\\\/coria.org\\\/ayuntamiento\\\/?s={search_term_string}\"},\"query-input\":{\"@type\":\"PropertyValueSpecification\",\"valueRequired\":true,\"valueName\":\"search_term_string\"}}],\"inLanguage\":\"es\"},{\"@type\":\"Organization\",\"@id\":\"https:\\\/\\\/coria.org\\\/ayuntamiento\\\/#organization\",\"name\":\"Ayuntamiento de Coria\",\"alternateName\":\"Ayto de Coria\",\"url\":\"https:\\\/\\\/coria.org\\\/ayuntamiento\\\/\",\"logo\":{\"@type\":\"ImageObject\",\"inLanguage\":\"es\",\"@id\":\"https:\\\/\\\/coria.org\\\/ayuntamiento\\\/#\\\/schema\\\/logo\\\/image\\\/\",\"url\":\"https:\\\/\\\/coria.org\\\/ayuntamiento\\\/wp-content\\\/uploads\\\/2020\\\/12\\\/escudo-ayuntamiento-coria.png\",\"contentUrl\":\"https:\\\/\\\/coria.org\\\/ayuntamiento\\\/wp-content\\\/uploads\\\/2020\\\/12\\\/escudo-ayuntamiento-coria.png\",\"width\":511,\"height\":240,\"caption\":\"Ayuntamiento de Coria\"},\"image\":{\"@id\":\"https:\\\/\\\/coria.org\\\/ayuntamiento\\\/#\\\/schema\\\/logo\\\/image\\\/\"},\"sameAs\":[\"https:\\\/\\\/www.facebook.com\\\/Ayuntamiento.de.Coria\",\"https:\\\/\\\/x.com\\\/Ayto_de_Coria\",\"https:\\\/\\\/www.instagram.com\\\/coria.ayuntamiento\\\/\",\"https:\\\/\\\/www.youtube.com\\\/user\\\/AYUNTAMIENTOCORIA\"]},{\"@type\":\"Person\",\"@id\":\"https:\\\/\\\/coria.org\\\/ayuntamiento\\\/#\\\/schema\\\/person\\\/8bd589f0e13e8ae5aa06def7a599d622\",\"name\":\"ayuntamiento\",\"image\":{\"@type\":\"ImageObject\",\"inLanguage\":\"es\",\"@id\":\"https:\\\/\\\/secure.gravatar.com\\\/avatar\\\/966e5ed73cad334adda5c87f49f2547f7082f7292c1b627cbb548744383b391c?s=96&d=mm&r=g\",\"url\":\"https:\\\/\\\/secure.gravatar.com\\\/avatar\\\/966e5ed73cad334adda5c87f49f2547f7082f7292c1b627cbb548744383b391c?s=96&d=mm&r=g\",\"contentUrl\":\"https:\\\/\\\/secure.gravatar.com\\\/avatar\\\/966e5ed73cad334adda5c87f49f2547f7082f7292c1b627cbb548744383b391c?s=96&d=mm&r=g\",\"caption\":\"ayuntamiento\"}}]}<\/script>\n<!-- \/ Yoast SEO plugin. -->","yoast_head_json":{"title":"Acto de clausura de las Escuelas Profesionales Coria 2019 - Ayuntamiento de Coria","robots":{"index":"index","follow":"follow","max-snippet":"max-snippet:-1","max-image-preview":"max-image-preview:large","max-video-preview":"max-video-preview:-1"},"canonical":"https:\/\/coria.org\/ayuntamiento\/index.php\/2020\/11\/23\/acto-de-clausura-de-las-escuelas-profesionales-coria-2019\/","og_locale":"es_ES","og_type":"article","og_title":"Acto de clausura de las Escuelas Profesionales Coria 2019 - Ayuntamiento de Coria","og_description":"El Alcalde de Coria, Jos\u00e9 Manuel Garc\u00eda Ballestero, junto a los concejales de Infraestructuras y Turismo, Juan Jos\u00e9 Alc\u00f3n Gazapo y Almudena Domingo Pirrongelli, y el Director de las Escuelas Profesionales Coria 2019, Pedro S\u00e1nchez-Oca\u00f1a S\u00e1nchez-Oca\u00f1a, han clausurado en la ma\u00f1ana de este lunes las escuelas profesionales, que durante un a\u00f1o han formado a un [&hellip;]","og_url":"https:\/\/coria.org\/ayuntamiento\/index.php\/2020\/11\/23\/acto-de-clausura-de-las-escuelas-profesionales-coria-2019\/","og_site_name":"Ayuntamiento de Coria","article_publisher":"https:\/\/www.facebook.com\/Ayuntamiento.de.Coria","article_published_time":"2020-11-23T00:00:00+00:00","article_modified_time":"2024-02-15T10:01:21+00:00","og_image":[{"width":1920,"height":1280,"url":"https:\/\/coria.org\/ayuntamiento\/wp-content\/uploads\/2020\/11\/escuela-2020.jpg","type":"image\/jpeg"}],"author":"ayuntamiento","twitter_card":"summary_large_image","twitter_creator":"@Ayto_de_Coria","twitter_site":"@Ayto_de_Coria","twitter_misc":{"Escrito por":"ayuntamiento","Tiempo de lectura":"4 minutos"},"schema":{"@context":"https:\/\/schema.org","@graph":[{"@type":"Article","@id":"https:\/\/coria.org\/ayuntamiento\/index.php\/2020\/11\/23\/acto-de-clausura-de-las-escuelas-profesionales-coria-2019\/#article","isPartOf":{"@id":"https:\/\/coria.org\/ayuntamiento\/index.php\/2020\/11\/23\/acto-de-clausura-de-las-escuelas-profesionales-coria-2019\/"},"author":{"name":"ayuntamiento","@id":"https:\/\/coria.org\/ayuntamiento\/#\/schema\/person\/8bd589f0e13e8ae5aa06def7a599d622"},"headline":"Acto de clausura de las Escuelas Profesionales Coria 2019","datePublished":"2020-11-23T00:00:00+00:00","dateModified":"2024-02-15T10:01:21+00:00","mainEntityOfPage":{"@id":"https:\/\/coria.org\/ayuntamiento\/index.php\/2020\/11\/23\/acto-de-clausura-de-las-escuelas-profesionales-coria-2019\/"},"wordCount":759,"publisher":{"@id":"https:\/\/coria.org\/ayuntamiento\/#organization"},"image":{"@id":"https:\/\/coria.org\/ayuntamiento\/index.php\/2020\/11\/23\/acto-de-clausura-de-las-escuelas-profesionales-coria-2019\/#primaryimage"},"thumbnailUrl":"https:\/\/coria.org\/ayuntamiento\/wp-content\/uploads\/2020\/11\/escuela-2020.jpg","keywords":["coria","extremadura"],"articleSection":["Noticias"],"inLanguage":"es"},{"@type":"WebPage","@id":"https:\/\/coria.org\/ayuntamiento\/index.php\/2020\/11\/23\/acto-de-clausura-de-las-escuelas-profesionales-coria-2019\/","url":"https:\/\/coria.org\/ayuntamiento\/index.php\/2020\/11\/23\/acto-de-clausura-de-las-escuelas-profesionales-coria-2019\/","name":"Acto de clausura de las Escuelas Profesionales Coria 2019 - Ayuntamiento de Coria","isPartOf":{"@id":"https:\/\/coria.org\/ayuntamiento\/#website"},"primaryImageOfPage":{"@id":"https:\/\/coria.org\/ayuntamiento\/index.php\/2020\/11\/23\/acto-de-clausura-de-las-escuelas-profesionales-coria-2019\/#primaryimage"},"image":{"@id":"https:\/\/coria.org\/ayuntamiento\/index.php\/2020\/11\/23\/acto-de-clausura-de-las-escuelas-profesionales-coria-2019\/#primaryimage"},"thumbnailUrl":"https:\/\/coria.org\/ayuntamiento\/wp-content\/uploads\/2020\/11\/escuela-2020.jpg","datePublished":"2020-11-23T00:00:00+00:00","dateModified":"2024-02-15T10:01:21+00:00","breadcrumb":{"@id":"https:\/\/coria.org\/ayuntamiento\/index.php\/2020\/11\/23\/acto-de-clausura-de-las-escuelas-profesionales-coria-2019\/#breadcrumb"},"inLanguage":"es","potentialAction":[{"@type":"ReadAction","target":["https:\/\/coria.org\/ayuntamiento\/index.php\/2020\/11\/23\/acto-de-clausura-de-las-escuelas-profesionales-coria-2019\/"]}]},{"@type":"ImageObject","inLanguage":"es","@id":"https:\/\/coria.org\/ayuntamiento\/index.php\/2020\/11\/23\/acto-de-clausura-de-las-escuelas-profesionales-coria-2019\/#primaryimage","url":"https:\/\/coria.org\/ayuntamiento\/wp-content\/uploads\/2020\/11\/escuela-2020.jpg","contentUrl":"https:\/\/coria.org\/ayuntamiento\/wp-content\/uploads\/2020\/11\/escuela-2020.jpg","width":1920,"height":1280},{"@type":"BreadcrumbList","@id":"https:\/\/coria.org\/ayuntamiento\/index.php\/2020\/11\/23\/acto-de-clausura-de-las-escuelas-profesionales-coria-2019\/#breadcrumb","itemListElement":[{"@type":"ListItem","position":1,"name":"Inicio","item":"https:\/\/coria.org\/ayuntamiento\/"},{"@type":"ListItem","position":2,"name":"Acto de clausura de las Escuelas Profesionales Coria 2019"}]},{"@type":"WebSite","@id":"https:\/\/coria.org\/ayuntamiento\/#website","url":"https:\/\/coria.org\/ayuntamiento\/","name":"Ayuntamiento de Coria","description":"Web oficial del Ayuntamiento de Coria","publisher":{"@id":"https:\/\/coria.org\/ayuntamiento\/#organization"},"alternateName":"Web Oficial del Ayuntamiento de Coria","potentialAction":[{"@type":"SearchAction","target":{"@type":"EntryPoint","urlTemplate":"https:\/\/coria.org\/ayuntamiento\/?s={search_term_string}"},"query-input":{"@type":"PropertyValueSpecification","valueRequired":true,"valueName":"search_term_string"}}],"inLanguage":"es"},{"@type":"Organization","@id":"https:\/\/coria.org\/ayuntamiento\/#organization","name":"Ayuntamiento de Coria","alternateName":"Ayto de Coria","url":"https:\/\/coria.org\/ayuntamiento\/","logo":{"@type":"ImageObject","inLanguage":"es","@id":"https:\/\/coria.org\/ayuntamiento\/#\/schema\/logo\/image\/","url":"https:\/\/coria.org\/ayuntamiento\/wp-content\/uploads\/2020\/12\/escudo-ayuntamiento-coria.png","contentUrl":"https:\/\/coria.org\/ayuntamiento\/wp-content\/uploads\/2020\/12\/escudo-ayuntamiento-coria.png","width":511,"height":240,"caption":"Ayuntamiento de Coria"},"image":{"@id":"https:\/\/coria.org\/ayuntamiento\/#\/schema\/logo\/image\/"},"sameAs":["https:\/\/www.facebook.com\/Ayuntamiento.de.Coria","https:\/\/x.com\/Ayto_de_Coria","https:\/\/www.instagram.com\/coria.ayuntamiento\/","https:\/\/www.youtube.com\/user\/AYUNTAMIENTOCORIA"]},{"@type":"Person","@id":"https:\/\/coria.org\/ayuntamiento\/#\/schema\/person\/8bd589f0e13e8ae5aa06def7a599d622","name":"ayuntamiento","image":{"@type":"ImageObject","inLanguage":"es","@id":"https:\/\/secure.gravatar.com\/avatar\/966e5ed73cad334adda5c87f49f2547f7082f7292c1b627cbb548744383b391c?s=96&d=mm&r=g","url":"https:\/\/secure.gravatar.com\/avatar\/966e5ed73cad334adda5c87f49f2547f7082f7292c1b627cbb548744383b391c?s=96&d=mm&r=g","contentUrl":"https:\/\/secure.gravatar.com\/avatar\/966e5ed73cad334adda5c87f49f2547f7082f7292c1b627cbb548744383b391c?s=96&d=mm&r=g","caption":"ayuntamiento"}}]}},"uagb_featured_image_src":{"full":["https:\/\/coria.org\/ayuntamiento\/wp-content\/uploads\/2020\/11\/escuela-2020.jpg",1920,1280,false],"thumbnail":["https:\/\/coria.org\/ayuntamiento\/wp-content\/uploads\/2020\/11\/escuela-2020-150x150.jpg",150,150,true],"medium":["https:\/\/coria.org\/ayuntamiento\/wp-content\/uploads\/2020\/11\/escuela-2020-300x200.jpg",300,200,true],"medium_large":["https:\/\/coria.org\/ayuntamiento\/wp-content\/uploads\/2020\/11\/escuela-2020-768x512.jpg",768,512,true],"large":["https:\/\/coria.org\/ayuntamiento\/wp-content\/uploads\/2020\/11\/escuela-2020-1024x683.jpg",1024,683,true],"thumblist":["https:\/\/coria.org\/ayuntamiento\/wp-content\/uploads\/2020\/11\/escuela-2020-300x300.jpg",300,300,true],"thumbrelated":["https:\/\/coria.org\/ayuntamiento\/wp-content\/uploads\/2020\/11\/escuela-2020-500x500.jpg",500,500,true],"meccarouselthumb":["https:\/\/coria.org\/ayuntamiento\/wp-content\/uploads\/2020\/11\/escuela-2020-474x324.jpg",474,324,true],"gridsquare":["https:\/\/coria.org\/ayuntamiento\/wp-content\/uploads\/2020\/11\/escuela-2020-391x260.jpg",391,260,true],"tileview":["https:\/\/coria.org\/ayuntamiento\/wp-content\/uploads\/2020\/11\/escuela-2020-300x400.jpg",300,400,true],"1536x1536":["https:\/\/coria.org\/ayuntamiento\/wp-content\/uploads\/2020\/11\/escuela-2020-1536x1024.jpg",1536,1024,true],"2048x2048":["https:\/\/coria.org\/ayuntamiento\/wp-content\/uploads\/2020\/11\/escuela-2020.jpg",1920,1280,false]},"uagb_author_info":{"display_name":"ayuntamiento","author_link":"https:\/\/coria.org\/ayuntamiento\/index.php\/author\/ayuntamiento\/"},"uagb_comment_info":0,"uagb_excerpt":"El Alcalde de Coria, Jos\u00e9 Manuel Garc\u00eda Ballestero, junto a los concejales de Infraestructuras y Turismo, Juan Jos\u00e9 Alc\u00f3n Gazapo y Almudena Domingo Pirrongelli, y el Director de las Escuelas Profesionales Coria 2019, Pedro S\u00e1nchez-Oca\u00f1a S\u00e1nchez-Oca\u00f1a, han clausurado en la ma\u00f1ana de este lunes las escuelas profesionales, que durante un a\u00f1o han formado a un&hellip;","_links":{"self":[{"href":"https:\/\/coria.org\/ayuntamiento\/index.php\/wp-json\/wp\/v2\/posts\/23795","targetHints":{"allow":["GET"]}}],"collection":[{"href":"https:\/\/coria.org\/ayuntamiento\/index.php\/wp-json\/wp\/v2\/posts"}],"about":[{"href":"https:\/\/coria.org\/ayuntamiento\/index.php\/wp-json\/wp\/v2\/types\/post"}],"author":[{"embeddable":true,"href":"https:\/\/coria.org\/ayuntamiento\/index.php\/wp-json\/wp\/v2\/users\/2"}],"replies":[{"embeddable":true,"href":"https:\/\/coria.org\/ayuntamiento\/index.php\/wp-json\/wp\/v2\/comments?post=23795"}],"version-history":[{"count":0,"href":"https:\/\/coria.org\/ayuntamiento\/index.php\/wp-json\/wp\/v2\/posts\/23795\/revisions"}],"wp:featuredmedia":[{"embeddable":true,"href":"https:\/\/coria.org\/ayuntamiento\/index.php\/wp-json\/wp\/v2\/media\/58404"}],"wp:attachment":[{"href":"https:\/\/coria.org\/ayuntamiento\/index.php\/wp-json\/wp\/v2\/media?parent=23795"}],"wp:term":[{"taxonomy":"category","embeddable":true,"href":"https:\/\/coria.org\/ayuntamiento\/index.php\/wp-json\/wp\/v2\/categories?post=23795"},{"taxonomy":"post_tag","embeddable":true,"href":"https:\/\/coria.org\/ayuntamiento\/index.php\/wp-json\/wp\/v2\/tags?post=23795"}],"curies":[{"name":"wp","href":"https:\/\/api.w.org\/{rel}","templated":true}]}}