{"id":23794,"date":"2020-11-24T00:00:00","date_gmt":"2020-11-24T00:00:00","guid":{"rendered":"https:\/\/ayuntamiento.coriaenimagenes.com\/el-ayuntamiento-contratara-a-35-personas-dentro-del-programa-empleo-experiencia-2020\/"},"modified":"2024-02-15T10:15:14","modified_gmt":"2024-02-15T09:15:14","slug":"el-ayuntamiento-contratara-a-35-personas-dentro-del-programa-empleo-experiencia-2020","status":"publish","type":"post","link":"https:\/\/coria.org\/ayuntamiento\/index.php\/2020\/11\/24\/el-ayuntamiento-contratara-a-35-personas-dentro-del-programa-empleo-experiencia-2020\/","title":{"rendered":"El Ayuntamiento contratar\u00e1 a 35 personas dentro del Programa Empleo Experiencia 2020"},"content":{"rendered":"\n<p><b>El Ayuntamiento de Coria, en los pr\u00f3ximos d\u00edas iniciar\u00e1 el proceso selectivo para la contrataci\u00f3n de 35 puestos de trabajo con cargo a la subvenci\u00f3n Fomento Empleo Experiencia 2020 de la Comunidad Aut\u00f3noma de Extremadura.<\/b><b>\n<\/b><\/p>\n\n\n<figure class=\"wp-block-post-featured-image\"><img loading=\"lazy\" decoding=\"async\" width=\"1024\" height=\"576\" src=\"https:\/\/coria.org\/ayuntamiento\/wp-content\/uploads\/2022\/02\/image-186.jpeg\" class=\"attachment-post-thumbnail size-post-thumbnail wp-post-image\" alt=\"\" style=\"object-fit:cover;\" srcset=\"https:\/\/coria.org\/ayuntamiento\/wp-content\/uploads\/2022\/02\/image-186.jpeg 1024w, https:\/\/coria.org\/ayuntamiento\/wp-content\/uploads\/2022\/02\/image-186-300x169.jpeg 300w, https:\/\/coria.org\/ayuntamiento\/wp-content\/uploads\/2022\/02\/image-186-768x432.jpeg 768w\" sizes=\"auto, (max-width: 1024px) 100vw, 1024px\" \/><\/figure>\n\n\n<p>El proceso comenzar\u00e1 con el env\u00edo de ofertas al SEXPE y ser\u00e1n preseleccionados siguiendo la siguiente prioridad: ser demandantes de primer empleo, desempleados de larga duraci\u00f3n y resto de demandantes.<\/p>\n\n\n\n<p>Los contratos ser\u00e1n de seis meses a tiempo parcial y los puestos ser\u00e1n los siguientes:<\/p>\n\n\n\n<p>8 peones de servicios m\u00faltiples (1 discapacidad).<br>4 peones de jardiner\u00eda.<br>10 peones de construcci\u00f3n (1 discapacidad).<br>1 pe\u00f3n de carpinter\u00eda.<br>1 pe\u00f3n de cerrajer\u00eda.<br>1 arquitecto t\u00e9cnico.<br>4 puestos para centros de recreo (1 discapacidad).<br>1 auxiliar de turismo.<br>1 auxiliar de juventud.<br>1 auxiliar administrativo.<br>1 empleado de bibliotecas y archivos.<br>2 dinamizadores culturales.<\/p>\n","protected":false},"excerpt":{"rendered":"<p>El Ayuntamiento de Coria, en los pr\u00f3ximos d\u00edas iniciar\u00e1 el proceso selectivo para la contrataci\u00f3n de 35 puestos de trabajo con cargo a la subvenci\u00f3n Fomento Empleo Experiencia 2020 de la Comunidad Aut\u00f3noma de Extremadura. El proceso comenzar\u00e1 con el env\u00edo de ofertas al SEXPE y ser\u00e1n preseleccionados siguiendo la siguiente prioridad: ser demandantes de [&hellip;]<\/p>\n","protected":false},"author":2,"featured_media":28085,"comment_status":"closed","ping_status":"closed","sticky":false,"template":"","format":"standard","meta":{"_uag_custom_page_level_css":"","footnotes":""},"categories":[2],"tags":[3,4],"class_list":["post-23794","post","type-post","status-publish","format-standard","has-post-thumbnail","hentry","category-noticias","tag-coria","tag-extremadura"],"yoast_head":"<!-- This site is optimized with the Yoast SEO plugin v27.4 - https:\/\/yoast.com\/product\/yoast-seo-wordpress\/ -->\n<title>El Ayuntamiento contratar\u00e1 a 35 personas dentro del Programa Empleo Experiencia 2020 - Ayuntamiento de Coria<\/title>\n<meta name=\"robots\" content=\"index, follow, max-snippet:-1, max-image-preview:large, max-video-preview:-1\" \/>\n<link rel=\"canonical\" href=\"https:\/\/coria.org\/ayuntamiento\/index.php\/2020\/11\/24\/el-ayuntamiento-contratara-a-35-personas-dentro-del-programa-empleo-experiencia-2020\/\" \/>\n<meta property=\"og:locale\" content=\"es_ES\" \/>\n<meta property=\"og:type\" content=\"article\" \/>\n<meta property=\"og:title\" content=\"El Ayuntamiento contratar\u00e1 a 35 personas dentro del Programa Empleo Experiencia 2020 - Ayuntamiento de Coria\" \/>\n<meta property=\"og:description\" content=\"El Ayuntamiento de Coria, en los pr\u00f3ximos d\u00edas iniciar\u00e1 el proceso selectivo para la contrataci\u00f3n de 35 puestos de trabajo con cargo a la subvenci\u00f3n Fomento Empleo Experiencia 2020 de la Comunidad Aut\u00f3noma de Extremadura. El proceso comenzar\u00e1 con el env\u00edo de ofertas al SEXPE y ser\u00e1n preseleccionados siguiendo la siguiente prioridad: ser demandantes de [&hellip;]\" \/>\n<meta property=\"og:url\" content=\"https:\/\/coria.org\/ayuntamiento\/index.php\/2020\/11\/24\/el-ayuntamiento-contratara-a-35-personas-dentro-del-programa-empleo-experiencia-2020\/\" \/>\n<meta property=\"og:site_name\" content=\"Ayuntamiento de Coria\" \/>\n<meta property=\"article:publisher\" content=\"https:\/\/www.facebook.com\/Ayuntamiento.de.Coria\" \/>\n<meta property=\"article:published_time\" content=\"2020-11-24T00:00:00+00:00\" \/>\n<meta property=\"article:modified_time\" content=\"2024-02-15T09:15:14+00:00\" \/>\n<meta property=\"og:image\" content=\"https:\/\/coria.org\/ayuntamiento\/wp-content\/uploads\/2022\/02\/image-186.jpeg\" \/>\n\t<meta property=\"og:image:width\" content=\"1024\" \/>\n\t<meta property=\"og:image:height\" content=\"576\" \/>\n\t<meta property=\"og:image:type\" content=\"image\/jpeg\" \/>\n<meta name=\"author\" content=\"ayuntamiento\" \/>\n<meta name=\"twitter:card\" content=\"summary_large_image\" \/>\n<meta name=\"twitter:creator\" content=\"@Ayto_de_Coria\" \/>\n<meta name=\"twitter:site\" content=\"@Ayto_de_Coria\" \/>\n<meta name=\"twitter:label1\" content=\"Escrito por\" \/>\n\t<meta name=\"twitter:data1\" content=\"ayuntamiento\" \/>\n\t<meta name=\"twitter:label2\" content=\"Tiempo de lectura\" \/>\n\t<meta name=\"twitter:data2\" content=\"1 minuto\" \/>\n<script type=\"application\/ld+json\" class=\"yoast-schema-graph\">{\"@context\":\"https:\\\/\\\/schema.org\",\"@graph\":[{\"@type\":\"Article\",\"@id\":\"https:\\\/\\\/coria.org\\\/ayuntamiento\\\/index.php\\\/2020\\\/11\\\/24\\\/el-ayuntamiento-contratara-a-35-personas-dentro-del-programa-empleo-experiencia-2020\\\/#article\",\"isPartOf\":{\"@id\":\"https:\\\/\\\/coria.org\\\/ayuntamiento\\\/index.php\\\/2020\\\/11\\\/24\\\/el-ayuntamiento-contratara-a-35-personas-dentro-del-programa-empleo-experiencia-2020\\\/\"},\"author\":{\"name\":\"ayuntamiento\",\"@id\":\"https:\\\/\\\/coria.org\\\/ayuntamiento\\\/#\\\/schema\\\/person\\\/8bd589f0e13e8ae5aa06def7a599d622\"},\"headline\":\"El Ayuntamiento contratar\u00e1 a 35 personas dentro del Programa Empleo Experiencia 2020\",\"datePublished\":\"2020-11-24T00:00:00+00:00\",\"dateModified\":\"2024-02-15T09:15:14+00:00\",\"mainEntityOfPage\":{\"@id\":\"https:\\\/\\\/coria.org\\\/ayuntamiento\\\/index.php\\\/2020\\\/11\\\/24\\\/el-ayuntamiento-contratara-a-35-personas-dentro-del-programa-empleo-experiencia-2020\\\/\"},\"wordCount\":147,\"publisher\":{\"@id\":\"https:\\\/\\\/coria.org\\\/ayuntamiento\\\/#organization\"},\"image\":{\"@id\":\"https:\\\/\\\/coria.org\\\/ayuntamiento\\\/index.php\\\/2020\\\/11\\\/24\\\/el-ayuntamiento-contratara-a-35-personas-dentro-del-programa-empleo-experiencia-2020\\\/#primaryimage\"},\"thumbnailUrl\":\"https:\\\/\\\/coria.org\\\/ayuntamiento\\\/wp-content\\\/uploads\\\/2022\\\/02\\\/image-186.jpeg\",\"keywords\":[\"coria\",\"extremadura\"],\"articleSection\":[\"Noticias\"],\"inLanguage\":\"es\"},{\"@type\":\"WebPage\",\"@id\":\"https:\\\/\\\/coria.org\\\/ayuntamiento\\\/index.php\\\/2020\\\/11\\\/24\\\/el-ayuntamiento-contratara-a-35-personas-dentro-del-programa-empleo-experiencia-2020\\\/\",\"url\":\"https:\\\/\\\/coria.org\\\/ayuntamiento\\\/index.php\\\/2020\\\/11\\\/24\\\/el-ayuntamiento-contratara-a-35-personas-dentro-del-programa-empleo-experiencia-2020\\\/\",\"name\":\"El Ayuntamiento contratar\u00e1 a 35 personas dentro del Programa Empleo Experiencia 2020 - Ayuntamiento de Coria\",\"isPartOf\":{\"@id\":\"https:\\\/\\\/coria.org\\\/ayuntamiento\\\/#website\"},\"primaryImageOfPage\":{\"@id\":\"https:\\\/\\\/coria.org\\\/ayuntamiento\\\/index.php\\\/2020\\\/11\\\/24\\\/el-ayuntamiento-contratara-a-35-personas-dentro-del-programa-empleo-experiencia-2020\\\/#primaryimage\"},\"image\":{\"@id\":\"https:\\\/\\\/coria.org\\\/ayuntamiento\\\/index.php\\\/2020\\\/11\\\/24\\\/el-ayuntamiento-contratara-a-35-personas-dentro-del-programa-empleo-experiencia-2020\\\/#primaryimage\"},\"thumbnailUrl\":\"https:\\\/\\\/coria.org\\\/ayuntamiento\\\/wp-content\\\/uploads\\\/2022\\\/02\\\/image-186.jpeg\",\"datePublished\":\"2020-11-24T00:00:00+00:00\",\"dateModified\":\"2024-02-15T09:15:14+00:00\",\"breadcrumb\":{\"@id\":\"https:\\\/\\\/coria.org\\\/ayuntamiento\\\/index.php\\\/2020\\\/11\\\/24\\\/el-ayuntamiento-contratara-a-35-personas-dentro-del-programa-empleo-experiencia-2020\\\/#breadcrumb\"},\"inLanguage\":\"es\",\"potentialAction\":[{\"@type\":\"ReadAction\",\"target\":[\"https:\\\/\\\/coria.org\\\/ayuntamiento\\\/index.php\\\/2020\\\/11\\\/24\\\/el-ayuntamiento-contratara-a-35-personas-dentro-del-programa-empleo-experiencia-2020\\\/\"]}]},{\"@type\":\"ImageObject\",\"inLanguage\":\"es\",\"@id\":\"https:\\\/\\\/coria.org\\\/ayuntamiento\\\/index.php\\\/2020\\\/11\\\/24\\\/el-ayuntamiento-contratara-a-35-personas-dentro-del-programa-empleo-experiencia-2020\\\/#primaryimage\",\"url\":\"https:\\\/\\\/coria.org\\\/ayuntamiento\\\/wp-content\\\/uploads\\\/2022\\\/02\\\/image-186.jpeg\",\"contentUrl\":\"https:\\\/\\\/coria.org\\\/ayuntamiento\\\/wp-content\\\/uploads\\\/2022\\\/02\\\/image-186.jpeg\",\"width\":1024,\"height\":576},{\"@type\":\"BreadcrumbList\",\"@id\":\"https:\\\/\\\/coria.org\\\/ayuntamiento\\\/index.php\\\/2020\\\/11\\\/24\\\/el-ayuntamiento-contratara-a-35-personas-dentro-del-programa-empleo-experiencia-2020\\\/#breadcrumb\",\"itemListElement\":[{\"@type\":\"ListItem\",\"position\":1,\"name\":\"Inicio\",\"item\":\"https:\\\/\\\/coria.org\\\/ayuntamiento\\\/\"},{\"@type\":\"ListItem\",\"position\":2,\"name\":\"El Ayuntamiento contratar\u00e1 a 35 personas dentro del Programa Empleo Experiencia 2020\"}]},{\"@type\":\"WebSite\",\"@id\":\"https:\\\/\\\/coria.org\\\/ayuntamiento\\\/#website\",\"url\":\"https:\\\/\\\/coria.org\\\/ayuntamiento\\\/\",\"name\":\"Ayuntamiento de Coria\",\"description\":\"Web oficial del Ayuntamiento de Coria\",\"publisher\":{\"@id\":\"https:\\\/\\\/coria.org\\\/ayuntamiento\\\/#organization\"},\"alternateName\":\"Web Oficial del Ayuntamiento de Coria\",\"potentialAction\":[{\"@type\":\"SearchAction\",\"target\":{\"@type\":\"EntryPoint\",\"urlTemplate\":\"https:\\\/\\\/coria.org\\\/ayuntamiento\\\/?s={search_term_string}\"},\"query-input\":{\"@type\":\"PropertyValueSpecification\",\"valueRequired\":true,\"valueName\":\"search_term_string\"}}],\"inLanguage\":\"es\"},{\"@type\":\"Organization\",\"@id\":\"https:\\\/\\\/coria.org\\\/ayuntamiento\\\/#organization\",\"name\":\"Ayuntamiento de Coria\",\"alternateName\":\"Ayto de Coria\",\"url\":\"https:\\\/\\\/coria.org\\\/ayuntamiento\\\/\",\"logo\":{\"@type\":\"ImageObject\",\"inLanguage\":\"es\",\"@id\":\"https:\\\/\\\/coria.org\\\/ayuntamiento\\\/#\\\/schema\\\/logo\\\/image\\\/\",\"url\":\"https:\\\/\\\/coria.org\\\/ayuntamiento\\\/wp-content\\\/uploads\\\/2020\\\/12\\\/escudo-ayuntamiento-coria.png\",\"contentUrl\":\"https:\\\/\\\/coria.org\\\/ayuntamiento\\\/wp-content\\\/uploads\\\/2020\\\/12\\\/escudo-ayuntamiento-coria.png\",\"width\":511,\"height\":240,\"caption\":\"Ayuntamiento de Coria\"},\"image\":{\"@id\":\"https:\\\/\\\/coria.org\\\/ayuntamiento\\\/#\\\/schema\\\/logo\\\/image\\\/\"},\"sameAs\":[\"https:\\\/\\\/www.facebook.com\\\/Ayuntamiento.de.Coria\",\"https:\\\/\\\/x.com\\\/Ayto_de_Coria\",\"https:\\\/\\\/www.instagram.com\\\/coria.ayuntamiento\\\/\",\"https:\\\/\\\/www.youtube.com\\\/user\\\/AYUNTAMIENTOCORIA\"]},{\"@type\":\"Person\",\"@id\":\"https:\\\/\\\/coria.org\\\/ayuntamiento\\\/#\\\/schema\\\/person\\\/8bd589f0e13e8ae5aa06def7a599d622\",\"name\":\"ayuntamiento\",\"image\":{\"@type\":\"ImageObject\",\"inLanguage\":\"es\",\"@id\":\"https:\\\/\\\/secure.gravatar.com\\\/avatar\\\/966e5ed73cad334adda5c87f49f2547f7082f7292c1b627cbb548744383b391c?s=96&d=mm&r=g\",\"url\":\"https:\\\/\\\/secure.gravatar.com\\\/avatar\\\/966e5ed73cad334adda5c87f49f2547f7082f7292c1b627cbb548744383b391c?s=96&d=mm&r=g\",\"contentUrl\":\"https:\\\/\\\/secure.gravatar.com\\\/avatar\\\/966e5ed73cad334adda5c87f49f2547f7082f7292c1b627cbb548744383b391c?s=96&d=mm&r=g\",\"caption\":\"ayuntamiento\"}}]}<\/script>\n<!-- \/ Yoast SEO plugin. -->","yoast_head_json":{"title":"El Ayuntamiento contratar\u00e1 a 35 personas dentro del Programa Empleo Experiencia 2020 - Ayuntamiento de Coria","robots":{"index":"index","follow":"follow","max-snippet":"max-snippet:-1","max-image-preview":"max-image-preview:large","max-video-preview":"max-video-preview:-1"},"canonical":"https:\/\/coria.org\/ayuntamiento\/index.php\/2020\/11\/24\/el-ayuntamiento-contratara-a-35-personas-dentro-del-programa-empleo-experiencia-2020\/","og_locale":"es_ES","og_type":"article","og_title":"El Ayuntamiento contratar\u00e1 a 35 personas dentro del Programa Empleo Experiencia 2020 - Ayuntamiento de Coria","og_description":"El Ayuntamiento de Coria, en los pr\u00f3ximos d\u00edas iniciar\u00e1 el proceso selectivo para la contrataci\u00f3n de 35 puestos de trabajo con cargo a la subvenci\u00f3n Fomento Empleo Experiencia 2020 de la Comunidad Aut\u00f3noma de Extremadura. El proceso comenzar\u00e1 con el env\u00edo de ofertas al SEXPE y ser\u00e1n preseleccionados siguiendo la siguiente prioridad: ser demandantes de [&hellip;]","og_url":"https:\/\/coria.org\/ayuntamiento\/index.php\/2020\/11\/24\/el-ayuntamiento-contratara-a-35-personas-dentro-del-programa-empleo-experiencia-2020\/","og_site_name":"Ayuntamiento de Coria","article_publisher":"https:\/\/www.facebook.com\/Ayuntamiento.de.Coria","article_published_time":"2020-11-24T00:00:00+00:00","article_modified_time":"2024-02-15T09:15:14+00:00","og_image":[{"width":1024,"height":576,"url":"https:\/\/coria.org\/ayuntamiento\/wp-content\/uploads\/2022\/02\/image-186.jpeg","type":"image\/jpeg"}],"author":"ayuntamiento","twitter_card":"summary_large_image","twitter_creator":"@Ayto_de_Coria","twitter_site":"@Ayto_de_Coria","twitter_misc":{"Escrito por":"ayuntamiento","Tiempo de lectura":"1 minuto"},"schema":{"@context":"https:\/\/schema.org","@graph":[{"@type":"Article","@id":"https:\/\/coria.org\/ayuntamiento\/index.php\/2020\/11\/24\/el-ayuntamiento-contratara-a-35-personas-dentro-del-programa-empleo-experiencia-2020\/#article","isPartOf":{"@id":"https:\/\/coria.org\/ayuntamiento\/index.php\/2020\/11\/24\/el-ayuntamiento-contratara-a-35-personas-dentro-del-programa-empleo-experiencia-2020\/"},"author":{"name":"ayuntamiento","@id":"https:\/\/coria.org\/ayuntamiento\/#\/schema\/person\/8bd589f0e13e8ae5aa06def7a599d622"},"headline":"El Ayuntamiento contratar\u00e1 a 35 personas dentro del Programa Empleo Experiencia 2020","datePublished":"2020-11-24T00:00:00+00:00","dateModified":"2024-02-15T09:15:14+00:00","mainEntityOfPage":{"@id":"https:\/\/coria.org\/ayuntamiento\/index.php\/2020\/11\/24\/el-ayuntamiento-contratara-a-35-personas-dentro-del-programa-empleo-experiencia-2020\/"},"wordCount":147,"publisher":{"@id":"https:\/\/coria.org\/ayuntamiento\/#organization"},"image":{"@id":"https:\/\/coria.org\/ayuntamiento\/index.php\/2020\/11\/24\/el-ayuntamiento-contratara-a-35-personas-dentro-del-programa-empleo-experiencia-2020\/#primaryimage"},"thumbnailUrl":"https:\/\/coria.org\/ayuntamiento\/wp-content\/uploads\/2022\/02\/image-186.jpeg","keywords":["coria","extremadura"],"articleSection":["Noticias"],"inLanguage":"es"},{"@type":"WebPage","@id":"https:\/\/coria.org\/ayuntamiento\/index.php\/2020\/11\/24\/el-ayuntamiento-contratara-a-35-personas-dentro-del-programa-empleo-experiencia-2020\/","url":"https:\/\/coria.org\/ayuntamiento\/index.php\/2020\/11\/24\/el-ayuntamiento-contratara-a-35-personas-dentro-del-programa-empleo-experiencia-2020\/","name":"El Ayuntamiento contratar\u00e1 a 35 personas dentro del Programa Empleo Experiencia 2020 - Ayuntamiento de Coria","isPartOf":{"@id":"https:\/\/coria.org\/ayuntamiento\/#website"},"primaryImageOfPage":{"@id":"https:\/\/coria.org\/ayuntamiento\/index.php\/2020\/11\/24\/el-ayuntamiento-contratara-a-35-personas-dentro-del-programa-empleo-experiencia-2020\/#primaryimage"},"image":{"@id":"https:\/\/coria.org\/ayuntamiento\/index.php\/2020\/11\/24\/el-ayuntamiento-contratara-a-35-personas-dentro-del-programa-empleo-experiencia-2020\/#primaryimage"},"thumbnailUrl":"https:\/\/coria.org\/ayuntamiento\/wp-content\/uploads\/2022\/02\/image-186.jpeg","datePublished":"2020-11-24T00:00:00+00:00","dateModified":"2024-02-15T09:15:14+00:00","breadcrumb":{"@id":"https:\/\/coria.org\/ayuntamiento\/index.php\/2020\/11\/24\/el-ayuntamiento-contratara-a-35-personas-dentro-del-programa-empleo-experiencia-2020\/#breadcrumb"},"inLanguage":"es","potentialAction":[{"@type":"ReadAction","target":["https:\/\/coria.org\/ayuntamiento\/index.php\/2020\/11\/24\/el-ayuntamiento-contratara-a-35-personas-dentro-del-programa-empleo-experiencia-2020\/"]}]},{"@type":"ImageObject","inLanguage":"es","@id":"https:\/\/coria.org\/ayuntamiento\/index.php\/2020\/11\/24\/el-ayuntamiento-contratara-a-35-personas-dentro-del-programa-empleo-experiencia-2020\/#primaryimage","url":"https:\/\/coria.org\/ayuntamiento\/wp-content\/uploads\/2022\/02\/image-186.jpeg","contentUrl":"https:\/\/coria.org\/ayuntamiento\/wp-content\/uploads\/2022\/02\/image-186.jpeg","width":1024,"height":576},{"@type":"BreadcrumbList","@id":"https:\/\/coria.org\/ayuntamiento\/index.php\/2020\/11\/24\/el-ayuntamiento-contratara-a-35-personas-dentro-del-programa-empleo-experiencia-2020\/#breadcrumb","itemListElement":[{"@type":"ListItem","position":1,"name":"Inicio","item":"https:\/\/coria.org\/ayuntamiento\/"},{"@type":"ListItem","position":2,"name":"El Ayuntamiento contratar\u00e1 a 35 personas dentro del Programa Empleo Experiencia 2020"}]},{"@type":"WebSite","@id":"https:\/\/coria.org\/ayuntamiento\/#website","url":"https:\/\/coria.org\/ayuntamiento\/","name":"Ayuntamiento de Coria","description":"Web oficial del Ayuntamiento de Coria","publisher":{"@id":"https:\/\/coria.org\/ayuntamiento\/#organization"},"alternateName":"Web Oficial del Ayuntamiento de Coria","potentialAction":[{"@type":"SearchAction","target":{"@type":"EntryPoint","urlTemplate":"https:\/\/coria.org\/ayuntamiento\/?s={search_term_string}"},"query-input":{"@type":"PropertyValueSpecification","valueRequired":true,"valueName":"search_term_string"}}],"inLanguage":"es"},{"@type":"Organization","@id":"https:\/\/coria.org\/ayuntamiento\/#organization","name":"Ayuntamiento de Coria","alternateName":"Ayto de Coria","url":"https:\/\/coria.org\/ayuntamiento\/","logo":{"@type":"ImageObject","inLanguage":"es","@id":"https:\/\/coria.org\/ayuntamiento\/#\/schema\/logo\/image\/","url":"https:\/\/coria.org\/ayuntamiento\/wp-content\/uploads\/2020\/12\/escudo-ayuntamiento-coria.png","contentUrl":"https:\/\/coria.org\/ayuntamiento\/wp-content\/uploads\/2020\/12\/escudo-ayuntamiento-coria.png","width":511,"height":240,"caption":"Ayuntamiento de Coria"},"image":{"@id":"https:\/\/coria.org\/ayuntamiento\/#\/schema\/logo\/image\/"},"sameAs":["https:\/\/www.facebook.com\/Ayuntamiento.de.Coria","https:\/\/x.com\/Ayto_de_Coria","https:\/\/www.instagram.com\/coria.ayuntamiento\/","https:\/\/www.youtube.com\/user\/AYUNTAMIENTOCORIA"]},{"@type":"Person","@id":"https:\/\/coria.org\/ayuntamiento\/#\/schema\/person\/8bd589f0e13e8ae5aa06def7a599d622","name":"ayuntamiento","image":{"@type":"ImageObject","inLanguage":"es","@id":"https:\/\/secure.gravatar.com\/avatar\/966e5ed73cad334adda5c87f49f2547f7082f7292c1b627cbb548744383b391c?s=96&d=mm&r=g","url":"https:\/\/secure.gravatar.com\/avatar\/966e5ed73cad334adda5c87f49f2547f7082f7292c1b627cbb548744383b391c?s=96&d=mm&r=g","contentUrl":"https:\/\/secure.gravatar.com\/avatar\/966e5ed73cad334adda5c87f49f2547f7082f7292c1b627cbb548744383b391c?s=96&d=mm&r=g","caption":"ayuntamiento"}}]}},"uagb_featured_image_src":{"full":["https:\/\/coria.org\/ayuntamiento\/wp-content\/uploads\/2022\/02\/image-186.jpeg",1024,576,false],"thumbnail":["https:\/\/coria.org\/ayuntamiento\/wp-content\/uploads\/2022\/02\/image-186-150x150.jpeg",150,150,true],"medium":["https:\/\/coria.org\/ayuntamiento\/wp-content\/uploads\/2022\/02\/image-186-300x169.jpeg",300,169,true],"medium_large":["https:\/\/coria.org\/ayuntamiento\/wp-content\/uploads\/2022\/02\/image-186-768x432.jpeg",768,432,true],"large":["https:\/\/coria.org\/ayuntamiento\/wp-content\/uploads\/2022\/02\/image-186.jpeg",1024,576,false],"thumblist":["https:\/\/coria.org\/ayuntamiento\/wp-content\/uploads\/2022\/02\/image-186.jpeg",300,169,false],"thumbrelated":["https:\/\/coria.org\/ayuntamiento\/wp-content\/uploads\/2022\/02\/image-186.jpeg",500,281,false],"meccarouselthumb":["https:\/\/coria.org\/ayuntamiento\/wp-content\/uploads\/2022\/02\/image-186.jpeg",474,267,false],"gridsquare":["https:\/\/coria.org\/ayuntamiento\/wp-content\/uploads\/2022\/02\/image-186.jpeg",391,220,false],"tileview":["https:\/\/coria.org\/ayuntamiento\/wp-content\/uploads\/2022\/02\/image-186.jpeg",300,169,false],"1536x1536":["https:\/\/coria.org\/ayuntamiento\/wp-content\/uploads\/2022\/02\/image-186.jpeg",1024,576,false],"2048x2048":["https:\/\/coria.org\/ayuntamiento\/wp-content\/uploads\/2022\/02\/image-186.jpeg",1024,576,false]},"uagb_author_info":{"display_name":"ayuntamiento","author_link":"https:\/\/coria.org\/ayuntamiento\/index.php\/author\/ayuntamiento\/"},"uagb_comment_info":0,"uagb_excerpt":"El Ayuntamiento de Coria, en los pr\u00f3ximos d\u00edas iniciar\u00e1 el proceso selectivo para la contrataci\u00f3n de 35 puestos de trabajo con cargo a la subvenci\u00f3n Fomento Empleo Experiencia 2020 de la Comunidad Aut\u00f3noma de Extremadura. El proceso comenzar\u00e1 con el env\u00edo de ofertas al SEXPE y ser\u00e1n preseleccionados siguiendo la siguiente prioridad: ser demandantes de&hellip;","_links":{"self":[{"href":"https:\/\/coria.org\/ayuntamiento\/index.php\/wp-json\/wp\/v2\/posts\/23794","targetHints":{"allow":["GET"]}}],"collection":[{"href":"https:\/\/coria.org\/ayuntamiento\/index.php\/wp-json\/wp\/v2\/posts"}],"about":[{"href":"https:\/\/coria.org\/ayuntamiento\/index.php\/wp-json\/wp\/v2\/types\/post"}],"author":[{"embeddable":true,"href":"https:\/\/coria.org\/ayuntamiento\/index.php\/wp-json\/wp\/v2\/users\/2"}],"replies":[{"embeddable":true,"href":"https:\/\/coria.org\/ayuntamiento\/index.php\/wp-json\/wp\/v2\/comments?post=23794"}],"version-history":[{"count":0,"href":"https:\/\/coria.org\/ayuntamiento\/index.php\/wp-json\/wp\/v2\/posts\/23794\/revisions"}],"wp:featuredmedia":[{"embeddable":true,"href":"https:\/\/coria.org\/ayuntamiento\/index.php\/wp-json\/wp\/v2\/media\/28085"}],"wp:attachment":[{"href":"https:\/\/coria.org\/ayuntamiento\/index.php\/wp-json\/wp\/v2\/media?parent=23794"}],"wp:term":[{"taxonomy":"category","embeddable":true,"href":"https:\/\/coria.org\/ayuntamiento\/index.php\/wp-json\/wp\/v2\/categories?post=23794"},{"taxonomy":"post_tag","embeddable":true,"href":"https:\/\/coria.org\/ayuntamiento\/index.php\/wp-json\/wp\/v2\/tags?post=23794"}],"curies":[{"name":"wp","href":"https:\/\/api.w.org\/{rel}","templated":true}]}}