{"id":23793,"date":"2020-11-25T00:00:00","date_gmt":"2020-11-25T00:00:00","guid":{"rendered":"https:\/\/ayuntamiento.coriaenimagenes.com\/presentacion-mural-dia-internacional-de-la-eliminacion-de-la-violencia-contra-la-mujer\/"},"modified":"2024-02-15T10:13:42","modified_gmt":"2024-02-15T09:13:42","slug":"presentacion-mural-dia-internacional-de-la-eliminacion-de-la-violencia-contra-la-mujer","status":"publish","type":"post","link":"https:\/\/coria.org\/ayuntamiento\/index.php\/2020\/11\/25\/presentacion-mural-dia-internacional-de-la-eliminacion-de-la-violencia-contra-la-mujer\/","title":{"rendered":"Presentaci\u00f3n Mural D\u00eda Internacional de la Eliminaci\u00f3n de la Violencia contra la Mujer"},"content":{"rendered":"\n<p><b>Esta ma\u00f1ana ha tenido lugar el acto de presentaci\u00f3n del Mural Art\u00edstico que se ha realizado en el t\u00fanel pr\u00f3ximo al Paseo de la Isla a cargo del Alcalde de Coria, Jos\u00e9 Manuel Garc\u00eda Ballestero y la Concejal, Almudena Domingo Pirrongelli.<\/b><b>\n<\/b><\/p>\n\n\n<figure class=\"wp-block-post-featured-image\"><img loading=\"lazy\" decoding=\"async\" width=\"2048\" height=\"1536\" src=\"https:\/\/coria.org\/ayuntamiento\/wp-content\/uploads\/2020\/11\/dia-violencia-2020.jpg\" class=\"attachment-post-thumbnail size-post-thumbnail wp-post-image\" alt=\"\" style=\"object-fit:cover;\" srcset=\"https:\/\/coria.org\/ayuntamiento\/wp-content\/uploads\/2020\/11\/dia-violencia-2020.jpg 2048w, https:\/\/coria.org\/ayuntamiento\/wp-content\/uploads\/2020\/11\/dia-violencia-2020-300x225.jpg 300w, https:\/\/coria.org\/ayuntamiento\/wp-content\/uploads\/2020\/11\/dia-violencia-2020-1024x768.jpg 1024w, https:\/\/coria.org\/ayuntamiento\/wp-content\/uploads\/2020\/11\/dia-violencia-2020-768x576.jpg 768w, https:\/\/coria.org\/ayuntamiento\/wp-content\/uploads\/2020\/11\/dia-violencia-2020-1536x1152.jpg 1536w\" sizes=\"auto, (max-width: 2048px) 100vw, 2048px\" \/><\/figure>\n\n\n<p>El primer edil ha explicado que la idea de realizar un mural ha sido para dar visibilidad y esperanza a todas las mujeres que sufren o han sufrido violencia de g\u00e9nero.<\/p>\n\n\n\n<p>La iniciativa surgi\u00f3 pensando en el entorno que envuelve tambi\u00e9n el paraje de Coria. Se pretend\u00eda mimetizar el t\u00fanel con la naturaleza, sin que perdiera su valor de mural sobre violencia de g\u00e9nero. As\u00ed, a Ms Blue se le ocurri\u00f3 hacer cactus, muchos cactus que simbolizaran las espinas que muchas mujeres llevan clavadas y tienen (o tenemos) que soportar a lo largo del camino.<\/p>\n\n\n\n<p>La artista que ha dise\u00f1ado y dibujado el mural, Ms Blue, ha afirmado que, \u00abno quer\u00eda que se limitase simplemente a quedarnos con la parte mala que ya tiene dicha violencia y que nos recuerdan todos los d\u00edas los medios de comunicaci\u00f3n, sino que pretend\u00eda dar un \u00e1pice de esperanza o luz a ese \u00abt\u00fanel\u00bb oscuro en el que muchas se encuentran pero del que se puede salir.<\/p>\n\n\n\n<figure class=\"wp-block-image alignleft size-full is-resized\"><a href=\"https:\/\/youtu.be\/p12E4tHi4xo?si=Rm9cLQO--d1RyYhz\" target=\"_blank\" rel=\"noreferrer noopener\"><img loading=\"lazy\" decoding=\"async\" width=\"1024\" height=\"576\" src=\"https:\/\/coria.org\/ayuntamiento\/wp-content\/uploads\/2020\/11\/you-violencia-2020.jpg\" alt=\"\" class=\"wp-image-58401\" style=\"width:461px;height:auto\" srcset=\"https:\/\/coria.org\/ayuntamiento\/wp-content\/uploads\/2020\/11\/you-violencia-2020.jpg 1024w, https:\/\/coria.org\/ayuntamiento\/wp-content\/uploads\/2020\/11\/you-violencia-2020-300x169.jpg 300w, https:\/\/coria.org\/ayuntamiento\/wp-content\/uploads\/2020\/11\/you-violencia-2020-768x432.jpg 768w\" sizes=\"auto, (max-width: 1024px) 100vw, 1024px\" \/><\/a><\/figure>\n\n\n\n<p>La artista ha destacado que se puede salir del \u00abt\u00fanel\u00bb porque no estamos solas, porque est\u00e1n con nosotras y porque cada vez la sociedad es m\u00e1s amable y compasiva (o eso quiero pensar yo), ha dicho.<\/p>\n\n\n\n<p>Por este motivo, el mural se ha rodeado de flores que son capaces de poner incluso en las puntas de los cactus, porque no importa lo que hay detr\u00e1s sino lo que hay delante y las ganas de superarlo.<\/p>\n\n\n\n<p>El acto ha finalizado con la lectura del manifiesto a cargo de la Presidenta de la Asociaci\u00f3n de Amas de Casa, Pilar Rodr\u00edguez Mart\u00edn y un minuto de silencio en memoria de las v\u00edctimas de violencia de g\u00e9nero.<\/p>\n\n\n\n<p>En dicho acto han estado presentes, concejales de la Corporaci\u00f3n Municipal, miembros de la mesa local de Violencia de G\u00e9nero, la Asociaci\u00f3n de Mujeres y de Amas de Casa, miembros de la Asociaci\u00f3n Rurex y el Servicio Social de Base del Ayuntamiento. <\/p>\n","protected":false},"excerpt":{"rendered":"<p>Esta ma\u00f1ana ha tenido lugar el acto de presentaci\u00f3n del Mural Art\u00edstico que se ha realizado en el t\u00fanel pr\u00f3ximo al Paseo de la Isla a cargo del Alcalde de Coria, Jos\u00e9 Manuel Garc\u00eda Ballestero y la Concejal, Almudena Domingo Pirrongelli. El primer edil ha explicado que la idea de realizar un mural ha sido [&hellip;]<\/p>\n","protected":false},"author":2,"featured_media":58399,"comment_status":"closed","ping_status":"closed","sticky":false,"template":"","format":"standard","meta":{"_uag_custom_page_level_css":"","footnotes":""},"categories":[2],"tags":[3,4],"class_list":["post-23793","post","type-post","status-publish","format-standard","has-post-thumbnail","hentry","category-noticias","tag-coria","tag-extremadura"],"yoast_head":"<!-- This site is optimized with the Yoast SEO plugin v27.4 - https:\/\/yoast.com\/product\/yoast-seo-wordpress\/ -->\n<title>Presentaci\u00f3n Mural D\u00eda Internacional de la Eliminaci\u00f3n de la Violencia contra la Mujer - Ayuntamiento de Coria<\/title>\n<meta name=\"robots\" content=\"index, follow, max-snippet:-1, max-image-preview:large, max-video-preview:-1\" \/>\n<link rel=\"canonical\" href=\"https:\/\/coria.org\/ayuntamiento\/index.php\/2020\/11\/25\/presentacion-mural-dia-internacional-de-la-eliminacion-de-la-violencia-contra-la-mujer\/\" \/>\n<meta property=\"og:locale\" content=\"es_ES\" \/>\n<meta property=\"og:type\" content=\"article\" \/>\n<meta property=\"og:title\" content=\"Presentaci\u00f3n Mural D\u00eda Internacional de la Eliminaci\u00f3n de la Violencia contra la Mujer - Ayuntamiento de Coria\" \/>\n<meta property=\"og:description\" content=\"Esta ma\u00f1ana ha tenido lugar el acto de presentaci\u00f3n del Mural Art\u00edstico que se ha realizado en el t\u00fanel pr\u00f3ximo al Paseo de la Isla a cargo del Alcalde de Coria, Jos\u00e9 Manuel Garc\u00eda Ballestero y la Concejal, Almudena Domingo Pirrongelli. El primer edil ha explicado que la idea de realizar un mural ha sido [&hellip;]\" \/>\n<meta property=\"og:url\" content=\"https:\/\/coria.org\/ayuntamiento\/index.php\/2020\/11\/25\/presentacion-mural-dia-internacional-de-la-eliminacion-de-la-violencia-contra-la-mujer\/\" \/>\n<meta property=\"og:site_name\" content=\"Ayuntamiento de Coria\" \/>\n<meta property=\"article:publisher\" content=\"https:\/\/www.facebook.com\/Ayuntamiento.de.Coria\" \/>\n<meta property=\"article:published_time\" content=\"2020-11-25T00:00:00+00:00\" \/>\n<meta property=\"article:modified_time\" content=\"2024-02-15T09:13:42+00:00\" \/>\n<meta property=\"og:image\" content=\"https:\/\/coria.org\/ayuntamiento\/wp-content\/uploads\/2020\/11\/dia-violencia-2020.jpg\" \/>\n\t<meta property=\"og:image:width\" content=\"2048\" \/>\n\t<meta property=\"og:image:height\" content=\"1536\" \/>\n\t<meta property=\"og:image:type\" content=\"image\/jpeg\" \/>\n<meta name=\"author\" content=\"ayuntamiento\" \/>\n<meta name=\"twitter:card\" content=\"summary_large_image\" \/>\n<meta name=\"twitter:creator\" content=\"@Ayto_de_Coria\" \/>\n<meta name=\"twitter:site\" content=\"@Ayto_de_Coria\" \/>\n<meta name=\"twitter:label1\" content=\"Escrito por\" \/>\n\t<meta name=\"twitter:data1\" content=\"ayuntamiento\" \/>\n\t<meta name=\"twitter:label2\" content=\"Tiempo de lectura\" \/>\n\t<meta name=\"twitter:data2\" content=\"2 minutos\" \/>\n<script type=\"application\/ld+json\" class=\"yoast-schema-graph\">{\"@context\":\"https:\\\/\\\/schema.org\",\"@graph\":[{\"@type\":\"Article\",\"@id\":\"https:\\\/\\\/coria.org\\\/ayuntamiento\\\/index.php\\\/2020\\\/11\\\/25\\\/presentacion-mural-dia-internacional-de-la-eliminacion-de-la-violencia-contra-la-mujer\\\/#article\",\"isPartOf\":{\"@id\":\"https:\\\/\\\/coria.org\\\/ayuntamiento\\\/index.php\\\/2020\\\/11\\\/25\\\/presentacion-mural-dia-internacional-de-la-eliminacion-de-la-violencia-contra-la-mujer\\\/\"},\"author\":{\"name\":\"ayuntamiento\",\"@id\":\"https:\\\/\\\/coria.org\\\/ayuntamiento\\\/#\\\/schema\\\/person\\\/8bd589f0e13e8ae5aa06def7a599d622\"},\"headline\":\"Presentaci\u00f3n Mural D\u00eda Internacional de la Eliminaci\u00f3n de la Violencia contra la Mujer\",\"datePublished\":\"2020-11-25T00:00:00+00:00\",\"dateModified\":\"2024-02-15T09:13:42+00:00\",\"mainEntityOfPage\":{\"@id\":\"https:\\\/\\\/coria.org\\\/ayuntamiento\\\/index.php\\\/2020\\\/11\\\/25\\\/presentacion-mural-dia-internacional-de-la-eliminacion-de-la-violencia-contra-la-mujer\\\/\"},\"wordCount\":405,\"publisher\":{\"@id\":\"https:\\\/\\\/coria.org\\\/ayuntamiento\\\/#organization\"},\"image\":{\"@id\":\"https:\\\/\\\/coria.org\\\/ayuntamiento\\\/index.php\\\/2020\\\/11\\\/25\\\/presentacion-mural-dia-internacional-de-la-eliminacion-de-la-violencia-contra-la-mujer\\\/#primaryimage\"},\"thumbnailUrl\":\"https:\\\/\\\/coria.org\\\/ayuntamiento\\\/wp-content\\\/uploads\\\/2020\\\/11\\\/dia-violencia-2020.jpg\",\"keywords\":[\"coria\",\"extremadura\"],\"articleSection\":[\"Noticias\"],\"inLanguage\":\"es\"},{\"@type\":\"WebPage\",\"@id\":\"https:\\\/\\\/coria.org\\\/ayuntamiento\\\/index.php\\\/2020\\\/11\\\/25\\\/presentacion-mural-dia-internacional-de-la-eliminacion-de-la-violencia-contra-la-mujer\\\/\",\"url\":\"https:\\\/\\\/coria.org\\\/ayuntamiento\\\/index.php\\\/2020\\\/11\\\/25\\\/presentacion-mural-dia-internacional-de-la-eliminacion-de-la-violencia-contra-la-mujer\\\/\",\"name\":\"Presentaci\u00f3n Mural D\u00eda Internacional de la Eliminaci\u00f3n de la Violencia contra la Mujer - Ayuntamiento de Coria\",\"isPartOf\":{\"@id\":\"https:\\\/\\\/coria.org\\\/ayuntamiento\\\/#website\"},\"primaryImageOfPage\":{\"@id\":\"https:\\\/\\\/coria.org\\\/ayuntamiento\\\/index.php\\\/2020\\\/11\\\/25\\\/presentacion-mural-dia-internacional-de-la-eliminacion-de-la-violencia-contra-la-mujer\\\/#primaryimage\"},\"image\":{\"@id\":\"https:\\\/\\\/coria.org\\\/ayuntamiento\\\/index.php\\\/2020\\\/11\\\/25\\\/presentacion-mural-dia-internacional-de-la-eliminacion-de-la-violencia-contra-la-mujer\\\/#primaryimage\"},\"thumbnailUrl\":\"https:\\\/\\\/coria.org\\\/ayuntamiento\\\/wp-content\\\/uploads\\\/2020\\\/11\\\/dia-violencia-2020.jpg\",\"datePublished\":\"2020-11-25T00:00:00+00:00\",\"dateModified\":\"2024-02-15T09:13:42+00:00\",\"breadcrumb\":{\"@id\":\"https:\\\/\\\/coria.org\\\/ayuntamiento\\\/index.php\\\/2020\\\/11\\\/25\\\/presentacion-mural-dia-internacional-de-la-eliminacion-de-la-violencia-contra-la-mujer\\\/#breadcrumb\"},\"inLanguage\":\"es\",\"potentialAction\":[{\"@type\":\"ReadAction\",\"target\":[\"https:\\\/\\\/coria.org\\\/ayuntamiento\\\/index.php\\\/2020\\\/11\\\/25\\\/presentacion-mural-dia-internacional-de-la-eliminacion-de-la-violencia-contra-la-mujer\\\/\"]}]},{\"@type\":\"ImageObject\",\"inLanguage\":\"es\",\"@id\":\"https:\\\/\\\/coria.org\\\/ayuntamiento\\\/index.php\\\/2020\\\/11\\\/25\\\/presentacion-mural-dia-internacional-de-la-eliminacion-de-la-violencia-contra-la-mujer\\\/#primaryimage\",\"url\":\"https:\\\/\\\/coria.org\\\/ayuntamiento\\\/wp-content\\\/uploads\\\/2020\\\/11\\\/dia-violencia-2020.jpg\",\"contentUrl\":\"https:\\\/\\\/coria.org\\\/ayuntamiento\\\/wp-content\\\/uploads\\\/2020\\\/11\\\/dia-violencia-2020.jpg\",\"width\":2048,\"height\":1536},{\"@type\":\"BreadcrumbList\",\"@id\":\"https:\\\/\\\/coria.org\\\/ayuntamiento\\\/index.php\\\/2020\\\/11\\\/25\\\/presentacion-mural-dia-internacional-de-la-eliminacion-de-la-violencia-contra-la-mujer\\\/#breadcrumb\",\"itemListElement\":[{\"@type\":\"ListItem\",\"position\":1,\"name\":\"Inicio\",\"item\":\"https:\\\/\\\/coria.org\\\/ayuntamiento\\\/\"},{\"@type\":\"ListItem\",\"position\":2,\"name\":\"Presentaci\u00f3n Mural D\u00eda Internacional de la Eliminaci\u00f3n de la Violencia contra la Mujer\"}]},{\"@type\":\"WebSite\",\"@id\":\"https:\\\/\\\/coria.org\\\/ayuntamiento\\\/#website\",\"url\":\"https:\\\/\\\/coria.org\\\/ayuntamiento\\\/\",\"name\":\"Ayuntamiento de Coria\",\"description\":\"Web oficial del Ayuntamiento de Coria\",\"publisher\":{\"@id\":\"https:\\\/\\\/coria.org\\\/ayuntamiento\\\/#organization\"},\"alternateName\":\"Web Oficial del Ayuntamiento de Coria\",\"potentialAction\":[{\"@type\":\"SearchAction\",\"target\":{\"@type\":\"EntryPoint\",\"urlTemplate\":\"https:\\\/\\\/coria.org\\\/ayuntamiento\\\/?s={search_term_string}\"},\"query-input\":{\"@type\":\"PropertyValueSpecification\",\"valueRequired\":true,\"valueName\":\"search_term_string\"}}],\"inLanguage\":\"es\"},{\"@type\":\"Organization\",\"@id\":\"https:\\\/\\\/coria.org\\\/ayuntamiento\\\/#organization\",\"name\":\"Ayuntamiento de Coria\",\"alternateName\":\"Ayto de Coria\",\"url\":\"https:\\\/\\\/coria.org\\\/ayuntamiento\\\/\",\"logo\":{\"@type\":\"ImageObject\",\"inLanguage\":\"es\",\"@id\":\"https:\\\/\\\/coria.org\\\/ayuntamiento\\\/#\\\/schema\\\/logo\\\/image\\\/\",\"url\":\"https:\\\/\\\/coria.org\\\/ayuntamiento\\\/wp-content\\\/uploads\\\/2020\\\/12\\\/escudo-ayuntamiento-coria.png\",\"contentUrl\":\"https:\\\/\\\/coria.org\\\/ayuntamiento\\\/wp-content\\\/uploads\\\/2020\\\/12\\\/escudo-ayuntamiento-coria.png\",\"width\":511,\"height\":240,\"caption\":\"Ayuntamiento de Coria\"},\"image\":{\"@id\":\"https:\\\/\\\/coria.org\\\/ayuntamiento\\\/#\\\/schema\\\/logo\\\/image\\\/\"},\"sameAs\":[\"https:\\\/\\\/www.facebook.com\\\/Ayuntamiento.de.Coria\",\"https:\\\/\\\/x.com\\\/Ayto_de_Coria\",\"https:\\\/\\\/www.instagram.com\\\/coria.ayuntamiento\\\/\",\"https:\\\/\\\/www.youtube.com\\\/user\\\/AYUNTAMIENTOCORIA\"]},{\"@type\":\"Person\",\"@id\":\"https:\\\/\\\/coria.org\\\/ayuntamiento\\\/#\\\/schema\\\/person\\\/8bd589f0e13e8ae5aa06def7a599d622\",\"name\":\"ayuntamiento\",\"image\":{\"@type\":\"ImageObject\",\"inLanguage\":\"es\",\"@id\":\"https:\\\/\\\/secure.gravatar.com\\\/avatar\\\/966e5ed73cad334adda5c87f49f2547f7082f7292c1b627cbb548744383b391c?s=96&d=mm&r=g\",\"url\":\"https:\\\/\\\/secure.gravatar.com\\\/avatar\\\/966e5ed73cad334adda5c87f49f2547f7082f7292c1b627cbb548744383b391c?s=96&d=mm&r=g\",\"contentUrl\":\"https:\\\/\\\/secure.gravatar.com\\\/avatar\\\/966e5ed73cad334adda5c87f49f2547f7082f7292c1b627cbb548744383b391c?s=96&d=mm&r=g\",\"caption\":\"ayuntamiento\"}}]}<\/script>\n<!-- \/ Yoast SEO plugin. -->","yoast_head_json":{"title":"Presentaci\u00f3n Mural D\u00eda Internacional de la Eliminaci\u00f3n de la Violencia contra la Mujer - Ayuntamiento de Coria","robots":{"index":"index","follow":"follow","max-snippet":"max-snippet:-1","max-image-preview":"max-image-preview:large","max-video-preview":"max-video-preview:-1"},"canonical":"https:\/\/coria.org\/ayuntamiento\/index.php\/2020\/11\/25\/presentacion-mural-dia-internacional-de-la-eliminacion-de-la-violencia-contra-la-mujer\/","og_locale":"es_ES","og_type":"article","og_title":"Presentaci\u00f3n Mural D\u00eda Internacional de la Eliminaci\u00f3n de la Violencia contra la Mujer - Ayuntamiento de Coria","og_description":"Esta ma\u00f1ana ha tenido lugar el acto de presentaci\u00f3n del Mural Art\u00edstico que se ha realizado en el t\u00fanel pr\u00f3ximo al Paseo de la Isla a cargo del Alcalde de Coria, Jos\u00e9 Manuel Garc\u00eda Ballestero y la Concejal, Almudena Domingo Pirrongelli. El primer edil ha explicado que la idea de realizar un mural ha sido [&hellip;]","og_url":"https:\/\/coria.org\/ayuntamiento\/index.php\/2020\/11\/25\/presentacion-mural-dia-internacional-de-la-eliminacion-de-la-violencia-contra-la-mujer\/","og_site_name":"Ayuntamiento de Coria","article_publisher":"https:\/\/www.facebook.com\/Ayuntamiento.de.Coria","article_published_time":"2020-11-25T00:00:00+00:00","article_modified_time":"2024-02-15T09:13:42+00:00","og_image":[{"width":2048,"height":1536,"url":"https:\/\/coria.org\/ayuntamiento\/wp-content\/uploads\/2020\/11\/dia-violencia-2020.jpg","type":"image\/jpeg"}],"author":"ayuntamiento","twitter_card":"summary_large_image","twitter_creator":"@Ayto_de_Coria","twitter_site":"@Ayto_de_Coria","twitter_misc":{"Escrito por":"ayuntamiento","Tiempo de lectura":"2 minutos"},"schema":{"@context":"https:\/\/schema.org","@graph":[{"@type":"Article","@id":"https:\/\/coria.org\/ayuntamiento\/index.php\/2020\/11\/25\/presentacion-mural-dia-internacional-de-la-eliminacion-de-la-violencia-contra-la-mujer\/#article","isPartOf":{"@id":"https:\/\/coria.org\/ayuntamiento\/index.php\/2020\/11\/25\/presentacion-mural-dia-internacional-de-la-eliminacion-de-la-violencia-contra-la-mujer\/"},"author":{"name":"ayuntamiento","@id":"https:\/\/coria.org\/ayuntamiento\/#\/schema\/person\/8bd589f0e13e8ae5aa06def7a599d622"},"headline":"Presentaci\u00f3n Mural D\u00eda Internacional de la Eliminaci\u00f3n de la Violencia contra la Mujer","datePublished":"2020-11-25T00:00:00+00:00","dateModified":"2024-02-15T09:13:42+00:00","mainEntityOfPage":{"@id":"https:\/\/coria.org\/ayuntamiento\/index.php\/2020\/11\/25\/presentacion-mural-dia-internacional-de-la-eliminacion-de-la-violencia-contra-la-mujer\/"},"wordCount":405,"publisher":{"@id":"https:\/\/coria.org\/ayuntamiento\/#organization"},"image":{"@id":"https:\/\/coria.org\/ayuntamiento\/index.php\/2020\/11\/25\/presentacion-mural-dia-internacional-de-la-eliminacion-de-la-violencia-contra-la-mujer\/#primaryimage"},"thumbnailUrl":"https:\/\/coria.org\/ayuntamiento\/wp-content\/uploads\/2020\/11\/dia-violencia-2020.jpg","keywords":["coria","extremadura"],"articleSection":["Noticias"],"inLanguage":"es"},{"@type":"WebPage","@id":"https:\/\/coria.org\/ayuntamiento\/index.php\/2020\/11\/25\/presentacion-mural-dia-internacional-de-la-eliminacion-de-la-violencia-contra-la-mujer\/","url":"https:\/\/coria.org\/ayuntamiento\/index.php\/2020\/11\/25\/presentacion-mural-dia-internacional-de-la-eliminacion-de-la-violencia-contra-la-mujer\/","name":"Presentaci\u00f3n Mural D\u00eda Internacional de la Eliminaci\u00f3n de la Violencia contra la Mujer - Ayuntamiento de Coria","isPartOf":{"@id":"https:\/\/coria.org\/ayuntamiento\/#website"},"primaryImageOfPage":{"@id":"https:\/\/coria.org\/ayuntamiento\/index.php\/2020\/11\/25\/presentacion-mural-dia-internacional-de-la-eliminacion-de-la-violencia-contra-la-mujer\/#primaryimage"},"image":{"@id":"https:\/\/coria.org\/ayuntamiento\/index.php\/2020\/11\/25\/presentacion-mural-dia-internacional-de-la-eliminacion-de-la-violencia-contra-la-mujer\/#primaryimage"},"thumbnailUrl":"https:\/\/coria.org\/ayuntamiento\/wp-content\/uploads\/2020\/11\/dia-violencia-2020.jpg","datePublished":"2020-11-25T00:00:00+00:00","dateModified":"2024-02-15T09:13:42+00:00","breadcrumb":{"@id":"https:\/\/coria.org\/ayuntamiento\/index.php\/2020\/11\/25\/presentacion-mural-dia-internacional-de-la-eliminacion-de-la-violencia-contra-la-mujer\/#breadcrumb"},"inLanguage":"es","potentialAction":[{"@type":"ReadAction","target":["https:\/\/coria.org\/ayuntamiento\/index.php\/2020\/11\/25\/presentacion-mural-dia-internacional-de-la-eliminacion-de-la-violencia-contra-la-mujer\/"]}]},{"@type":"ImageObject","inLanguage":"es","@id":"https:\/\/coria.org\/ayuntamiento\/index.php\/2020\/11\/25\/presentacion-mural-dia-internacional-de-la-eliminacion-de-la-violencia-contra-la-mujer\/#primaryimage","url":"https:\/\/coria.org\/ayuntamiento\/wp-content\/uploads\/2020\/11\/dia-violencia-2020.jpg","contentUrl":"https:\/\/coria.org\/ayuntamiento\/wp-content\/uploads\/2020\/11\/dia-violencia-2020.jpg","width":2048,"height":1536},{"@type":"BreadcrumbList","@id":"https:\/\/coria.org\/ayuntamiento\/index.php\/2020\/11\/25\/presentacion-mural-dia-internacional-de-la-eliminacion-de-la-violencia-contra-la-mujer\/#breadcrumb","itemListElement":[{"@type":"ListItem","position":1,"name":"Inicio","item":"https:\/\/coria.org\/ayuntamiento\/"},{"@type":"ListItem","position":2,"name":"Presentaci\u00f3n Mural D\u00eda Internacional de la Eliminaci\u00f3n de la Violencia contra la Mujer"}]},{"@type":"WebSite","@id":"https:\/\/coria.org\/ayuntamiento\/#website","url":"https:\/\/coria.org\/ayuntamiento\/","name":"Ayuntamiento de Coria","description":"Web oficial del Ayuntamiento de Coria","publisher":{"@id":"https:\/\/coria.org\/ayuntamiento\/#organization"},"alternateName":"Web Oficial del Ayuntamiento de Coria","potentialAction":[{"@type":"SearchAction","target":{"@type":"EntryPoint","urlTemplate":"https:\/\/coria.org\/ayuntamiento\/?s={search_term_string}"},"query-input":{"@type":"PropertyValueSpecification","valueRequired":true,"valueName":"search_term_string"}}],"inLanguage":"es"},{"@type":"Organization","@id":"https:\/\/coria.org\/ayuntamiento\/#organization","name":"Ayuntamiento de Coria","alternateName":"Ayto de Coria","url":"https:\/\/coria.org\/ayuntamiento\/","logo":{"@type":"ImageObject","inLanguage":"es","@id":"https:\/\/coria.org\/ayuntamiento\/#\/schema\/logo\/image\/","url":"https:\/\/coria.org\/ayuntamiento\/wp-content\/uploads\/2020\/12\/escudo-ayuntamiento-coria.png","contentUrl":"https:\/\/coria.org\/ayuntamiento\/wp-content\/uploads\/2020\/12\/escudo-ayuntamiento-coria.png","width":511,"height":240,"caption":"Ayuntamiento de Coria"},"image":{"@id":"https:\/\/coria.org\/ayuntamiento\/#\/schema\/logo\/image\/"},"sameAs":["https:\/\/www.facebook.com\/Ayuntamiento.de.Coria","https:\/\/x.com\/Ayto_de_Coria","https:\/\/www.instagram.com\/coria.ayuntamiento\/","https:\/\/www.youtube.com\/user\/AYUNTAMIENTOCORIA"]},{"@type":"Person","@id":"https:\/\/coria.org\/ayuntamiento\/#\/schema\/person\/8bd589f0e13e8ae5aa06def7a599d622","name":"ayuntamiento","image":{"@type":"ImageObject","inLanguage":"es","@id":"https:\/\/secure.gravatar.com\/avatar\/966e5ed73cad334adda5c87f49f2547f7082f7292c1b627cbb548744383b391c?s=96&d=mm&r=g","url":"https:\/\/secure.gravatar.com\/avatar\/966e5ed73cad334adda5c87f49f2547f7082f7292c1b627cbb548744383b391c?s=96&d=mm&r=g","contentUrl":"https:\/\/secure.gravatar.com\/avatar\/966e5ed73cad334adda5c87f49f2547f7082f7292c1b627cbb548744383b391c?s=96&d=mm&r=g","caption":"ayuntamiento"}}]}},"uagb_featured_image_src":{"full":["https:\/\/coria.org\/ayuntamiento\/wp-content\/uploads\/2020\/11\/dia-violencia-2020.jpg",2048,1536,false],"thumbnail":["https:\/\/coria.org\/ayuntamiento\/wp-content\/uploads\/2020\/11\/dia-violencia-2020-150x150.jpg",150,150,true],"medium":["https:\/\/coria.org\/ayuntamiento\/wp-content\/uploads\/2020\/11\/dia-violencia-2020-300x225.jpg",300,225,true],"medium_large":["https:\/\/coria.org\/ayuntamiento\/wp-content\/uploads\/2020\/11\/dia-violencia-2020-768x576.jpg",768,576,true],"large":["https:\/\/coria.org\/ayuntamiento\/wp-content\/uploads\/2020\/11\/dia-violencia-2020-1024x768.jpg",1024,768,true],"thumblist":["https:\/\/coria.org\/ayuntamiento\/wp-content\/uploads\/2020\/11\/dia-violencia-2020-300x300.jpg",300,300,true],"thumbrelated":["https:\/\/coria.org\/ayuntamiento\/wp-content\/uploads\/2020\/11\/dia-violencia-2020-500x500.jpg",500,500,true],"meccarouselthumb":["https:\/\/coria.org\/ayuntamiento\/wp-content\/uploads\/2020\/11\/dia-violencia-2020-474x324.jpg",474,324,true],"gridsquare":["https:\/\/coria.org\/ayuntamiento\/wp-content\/uploads\/2020\/11\/dia-violencia-2020-391x260.jpg",391,260,true],"tileview":["https:\/\/coria.org\/ayuntamiento\/wp-content\/uploads\/2020\/11\/dia-violencia-2020-300x400.jpg",300,400,true],"1536x1536":["https:\/\/coria.org\/ayuntamiento\/wp-content\/uploads\/2020\/11\/dia-violencia-2020-1536x1152.jpg",1536,1152,true],"2048x2048":["https:\/\/coria.org\/ayuntamiento\/wp-content\/uploads\/2020\/11\/dia-violencia-2020.jpg",2048,1536,false]},"uagb_author_info":{"display_name":"ayuntamiento","author_link":"https:\/\/coria.org\/ayuntamiento\/index.php\/author\/ayuntamiento\/"},"uagb_comment_info":0,"uagb_excerpt":"Esta ma\u00f1ana ha tenido lugar el acto de presentaci\u00f3n del Mural Art\u00edstico que se ha realizado en el t\u00fanel pr\u00f3ximo al Paseo de la Isla a cargo del Alcalde de Coria, Jos\u00e9 Manuel Garc\u00eda Ballestero y la Concejal, Almudena Domingo Pirrongelli. El primer edil ha explicado que la idea de realizar un mural ha sido&hellip;","_links":{"self":[{"href":"https:\/\/coria.org\/ayuntamiento\/index.php\/wp-json\/wp\/v2\/posts\/23793","targetHints":{"allow":["GET"]}}],"collection":[{"href":"https:\/\/coria.org\/ayuntamiento\/index.php\/wp-json\/wp\/v2\/posts"}],"about":[{"href":"https:\/\/coria.org\/ayuntamiento\/index.php\/wp-json\/wp\/v2\/types\/post"}],"author":[{"embeddable":true,"href":"https:\/\/coria.org\/ayuntamiento\/index.php\/wp-json\/wp\/v2\/users\/2"}],"replies":[{"embeddable":true,"href":"https:\/\/coria.org\/ayuntamiento\/index.php\/wp-json\/wp\/v2\/comments?post=23793"}],"version-history":[{"count":0,"href":"https:\/\/coria.org\/ayuntamiento\/index.php\/wp-json\/wp\/v2\/posts\/23793\/revisions"}],"wp:featuredmedia":[{"embeddable":true,"href":"https:\/\/coria.org\/ayuntamiento\/index.php\/wp-json\/wp\/v2\/media\/58399"}],"wp:attachment":[{"href":"https:\/\/coria.org\/ayuntamiento\/index.php\/wp-json\/wp\/v2\/media?parent=23793"}],"wp:term":[{"taxonomy":"category","embeddable":true,"href":"https:\/\/coria.org\/ayuntamiento\/index.php\/wp-json\/wp\/v2\/categories?post=23793"},{"taxonomy":"post_tag","embeddable":true,"href":"https:\/\/coria.org\/ayuntamiento\/index.php\/wp-json\/wp\/v2\/tags?post=23793"}],"curies":[{"name":"wp","href":"https:\/\/api.w.org\/{rel}","templated":true}]}}