{"id":23747,"date":"2021-02-03T00:00:00","date_gmt":"2021-02-02T23:00:00","guid":{"rendered":"https:\/\/ayuntamiento.coriaenimagenes.com\/el-ayuntamiento-estudia-posibles-modelos-de-gestion-para-el-centro-de-dia-ante-la-negativa-de-la-junta-de-extremadura-de-gestionarlo\/"},"modified":"2023-09-18T12:30:11","modified_gmt":"2023-09-18T10:30:11","slug":"el-ayuntamiento-estudia-posibles-modelos-de-gestion-para-el-centro-de-dia-ante-la-negativa-de-la-junta-de-extremadura-de-gestionarlo","status":"publish","type":"post","link":"https:\/\/coria.org\/ayuntamiento\/index.php\/2021\/02\/03\/el-ayuntamiento-estudia-posibles-modelos-de-gestion-para-el-centro-de-dia-ante-la-negativa-de-la-junta-de-extremadura-de-gestionarlo\/","title":{"rendered":"El Ayuntamiento estudia posibles modelos de gesti\u00f3n para el Centro de DIA ante la negativa de la Junta de Extremadura de gestionarlo"},"content":{"rendered":"\n<p><b>El Alcalde de Coria, Jos\u00e9 Manuel Garc\u00eda Ballestero, junto al Concejal de Obras e Infraestructuras, Juan Jos\u00e9 Alc\u00f3n Gazapo, ha visitado a primera hora de esta ma\u00f1ana, el futuro Centro de DIA de la localidad cauriense junto a la directora y el jefe de la obra, Victoria Holgado y Antonio Ortega, respectivamente y el director de ejecuci\u00f3n de obra y coordinador de seguridad y salud, Roberto Jim\u00e9nez.<\/b><\/p>\n\n\n<figure class=\"wp-block-post-featured-image\"><img loading=\"lazy\" decoding=\"async\" width=\"2560\" height=\"1920\" src=\"https:\/\/coria.org\/ayuntamiento\/wp-content\/uploads\/2021\/02\/IMG_9002-scaled-1.jpg\" class=\"attachment-post-thumbnail size-post-thumbnail wp-post-image\" alt=\"\" style=\"object-fit:cover;\" srcset=\"https:\/\/coria.org\/ayuntamiento\/wp-content\/uploads\/2021\/02\/IMG_9002-scaled-1.jpg 2560w, https:\/\/coria.org\/ayuntamiento\/wp-content\/uploads\/2021\/02\/IMG_9002-scaled-1-300x225.jpg 300w, https:\/\/coria.org\/ayuntamiento\/wp-content\/uploads\/2021\/02\/IMG_9002-scaled-1-1024x768.jpg 1024w, https:\/\/coria.org\/ayuntamiento\/wp-content\/uploads\/2021\/02\/IMG_9002-scaled-1-768x576.jpg 768w, https:\/\/coria.org\/ayuntamiento\/wp-content\/uploads\/2021\/02\/IMG_9002-scaled-1-1536x1152.jpg 1536w, https:\/\/coria.org\/ayuntamiento\/wp-content\/uploads\/2021\/02\/IMG_9002-scaled-1-2048x1536.jpg 2048w\" sizes=\"auto, (max-width: 2560px) 100vw, 2560px\" \/><\/figure>\n\n\n<p>Cabe recordar que, las obras en su segunda fase han consistido en la finalizaci\u00f3n del edificio, realizando las reparaciones necesarias debido al deterioro del paso de los a\u00f1os que ha estado cerrado. Adem\u00e1s, de la finalizaci\u00f3n de las instalaciones (fontaner\u00eda, electricidad, protecci\u00f3n contra incendios, climatizaci\u00f3n,\u0085), as\u00ed como los revestimientos y acabados al completo (pavimentos, alicatados, sanitarios, carpinter\u00edas, cerrajer\u00edas, pinturas\u0085).<\/p>\n\n\n\n<p>Por otro lado, hay que destacar el gran esfuerzo realizado por parte del Ayuntamiento para a\u00f1adir la instalaci\u00f3n de un sistema de ventilaci\u00f3n que renueve autom\u00e1ticamente el aire viciado del interior por uno limpio. Y la instalaci\u00f3n de un ascensor accesible.<\/p>\n\n\n\n<p>El presupuesto definitivo de las obras ha sido de 710.362,84 euros.<\/p>\n\n\n\n<p>El Alcalde ha manifestado que, se trata de un edificio que cuenta con m\u00e1s de 1.300 m\u00b2 construidos en 3 plantas, que comenz\u00f3 su construcci\u00f3n hace 12 a\u00f1os y s\u00f3lo en una primera fase sin saber c\u00f3mo, cuando y de qu\u00e9 manera se finalizar\u00eda, as\u00ed como tampoco ser\u00eda su modelo de gesti\u00f3n.<\/p>\n\n\n\n<p>Ballestero explica que, \u00abuna vez finalizada las obras, con mucho esfuerzo y acudiendo a subvenciones en concurrencia competitiva, y que no se quiso incluir en los presupuestos auton\u00f3micos, as\u00ed como la negativa de la Junta de Extremadura de hacerse cargo de la gesti\u00f3n, estamos estudiando posibles modelos de gesti\u00f3n donde todas las posibilidades est\u00e1n abiertas\u00bb, ha dicho.<\/p>\n","protected":false},"excerpt":{"rendered":"<p>El Alcalde de Coria, Jos\u00e9 Manuel Garc\u00eda Ballestero, junto al Concejal de Obras e Infraestructuras, Juan Jos\u00e9 Alc\u00f3n Gazapo, ha visitado a primera hora de esta ma\u00f1ana, el futuro Centro de DIA de la localidad cauriense junto a la directora y el jefe de la obra, Victoria Holgado y Antonio Ortega, respectivamente y el director [&hellip;]<\/p>\n","protected":false},"author":2,"featured_media":38548,"comment_status":"closed","ping_status":"closed","sticky":false,"template":"","format":"standard","meta":{"_uag_custom_page_level_css":"","footnotes":""},"categories":[2],"tags":[285,3,421,4,712],"class_list":["post-23747","post","type-post","status-publish","format-standard","has-post-thumbnail","hentry","category-noticias","tag-centro","tag-coria","tag-dia","tag-extremadura","tag-junta"],"yoast_head":"<!-- This site is optimized with the Yoast SEO plugin v27.4 - https:\/\/yoast.com\/product\/yoast-seo-wordpress\/ -->\n<title>El Ayuntamiento estudia posibles modelos de gesti\u00f3n para el Centro de DIA ante la negativa de la Junta de Extremadura de gestionarlo - Ayuntamiento de Coria<\/title>\n<meta name=\"robots\" content=\"index, follow, max-snippet:-1, max-image-preview:large, max-video-preview:-1\" \/>\n<link rel=\"canonical\" href=\"https:\/\/coria.org\/ayuntamiento\/index.php\/2021\/02\/03\/el-ayuntamiento-estudia-posibles-modelos-de-gestion-para-el-centro-de-dia-ante-la-negativa-de-la-junta-de-extremadura-de-gestionarlo\/\" \/>\n<meta property=\"og:locale\" content=\"es_ES\" \/>\n<meta property=\"og:type\" content=\"article\" \/>\n<meta property=\"og:title\" content=\"El Ayuntamiento estudia posibles modelos de gesti\u00f3n para el Centro de DIA ante la negativa de la Junta de Extremadura de gestionarlo - Ayuntamiento de Coria\" \/>\n<meta property=\"og:description\" content=\"El Alcalde de Coria, Jos\u00e9 Manuel Garc\u00eda Ballestero, junto al Concejal de Obras e Infraestructuras, Juan Jos\u00e9 Alc\u00f3n Gazapo, ha visitado a primera hora de esta ma\u00f1ana, el futuro Centro de DIA de la localidad cauriense junto a la directora y el jefe de la obra, Victoria Holgado y Antonio Ortega, respectivamente y el director [&hellip;]\" \/>\n<meta property=\"og:url\" content=\"https:\/\/coria.org\/ayuntamiento\/index.php\/2021\/02\/03\/el-ayuntamiento-estudia-posibles-modelos-de-gestion-para-el-centro-de-dia-ante-la-negativa-de-la-junta-de-extremadura-de-gestionarlo\/\" \/>\n<meta property=\"og:site_name\" content=\"Ayuntamiento de Coria\" \/>\n<meta property=\"article:publisher\" content=\"https:\/\/www.facebook.com\/Ayuntamiento.de.Coria\" \/>\n<meta property=\"article:published_time\" content=\"2021-02-02T23:00:00+00:00\" \/>\n<meta property=\"article:modified_time\" content=\"2023-09-18T10:30:11+00:00\" \/>\n<meta property=\"og:image\" content=\"https:\/\/coria.org\/ayuntamiento\/wp-content\/uploads\/2021\/02\/IMG_9002-scaled-1.jpg\" \/>\n\t<meta property=\"og:image:width\" content=\"2560\" \/>\n\t<meta property=\"og:image:height\" content=\"1920\" \/>\n\t<meta property=\"og:image:type\" content=\"image\/jpeg\" \/>\n<meta name=\"author\" content=\"ayuntamiento\" \/>\n<meta name=\"twitter:card\" content=\"summary_large_image\" \/>\n<meta name=\"twitter:creator\" content=\"@Ayto_de_Coria\" \/>\n<meta name=\"twitter:site\" content=\"@Ayto_de_Coria\" \/>\n<meta name=\"twitter:label1\" content=\"Escrito por\" \/>\n\t<meta name=\"twitter:data1\" content=\"ayuntamiento\" \/>\n\t<meta name=\"twitter:label2\" content=\"Tiempo de lectura\" \/>\n\t<meta name=\"twitter:data2\" content=\"2 minutos\" \/>\n<script type=\"application\/ld+json\" class=\"yoast-schema-graph\">{\"@context\":\"https:\\\/\\\/schema.org\",\"@graph\":[{\"@type\":\"Article\",\"@id\":\"https:\\\/\\\/coria.org\\\/ayuntamiento\\\/index.php\\\/2021\\\/02\\\/03\\\/el-ayuntamiento-estudia-posibles-modelos-de-gestion-para-el-centro-de-dia-ante-la-negativa-de-la-junta-de-extremadura-de-gestionarlo\\\/#article\",\"isPartOf\":{\"@id\":\"https:\\\/\\\/coria.org\\\/ayuntamiento\\\/index.php\\\/2021\\\/02\\\/03\\\/el-ayuntamiento-estudia-posibles-modelos-de-gestion-para-el-centro-de-dia-ante-la-negativa-de-la-junta-de-extremadura-de-gestionarlo\\\/\"},\"author\":{\"name\":\"ayuntamiento\",\"@id\":\"https:\\\/\\\/coria.org\\\/ayuntamiento\\\/#\\\/schema\\\/person\\\/8bd589f0e13e8ae5aa06def7a599d622\"},\"headline\":\"El Ayuntamiento estudia posibles modelos de gesti\u00f3n para el Centro de DIA ante la negativa de la Junta de Extremadura de gestionarlo\",\"datePublished\":\"2021-02-02T23:00:00+00:00\",\"dateModified\":\"2023-09-18T10:30:11+00:00\",\"mainEntityOfPage\":{\"@id\":\"https:\\\/\\\/coria.org\\\/ayuntamiento\\\/index.php\\\/2021\\\/02\\\/03\\\/el-ayuntamiento-estudia-posibles-modelos-de-gestion-para-el-centro-de-dia-ante-la-negativa-de-la-junta-de-extremadura-de-gestionarlo\\\/\"},\"wordCount\":337,\"publisher\":{\"@id\":\"https:\\\/\\\/coria.org\\\/ayuntamiento\\\/#organization\"},\"image\":{\"@id\":\"https:\\\/\\\/coria.org\\\/ayuntamiento\\\/index.php\\\/2021\\\/02\\\/03\\\/el-ayuntamiento-estudia-posibles-modelos-de-gestion-para-el-centro-de-dia-ante-la-negativa-de-la-junta-de-extremadura-de-gestionarlo\\\/#primaryimage\"},\"thumbnailUrl\":\"https:\\\/\\\/coria.org\\\/ayuntamiento\\\/wp-content\\\/uploads\\\/2021\\\/02\\\/IMG_9002-scaled-1.jpg\",\"keywords\":[\"centro\",\"coria\",\"dia\",\"extremadura\",\"junta\"],\"articleSection\":[\"Noticias\"],\"inLanguage\":\"es\"},{\"@type\":\"WebPage\",\"@id\":\"https:\\\/\\\/coria.org\\\/ayuntamiento\\\/index.php\\\/2021\\\/02\\\/03\\\/el-ayuntamiento-estudia-posibles-modelos-de-gestion-para-el-centro-de-dia-ante-la-negativa-de-la-junta-de-extremadura-de-gestionarlo\\\/\",\"url\":\"https:\\\/\\\/coria.org\\\/ayuntamiento\\\/index.php\\\/2021\\\/02\\\/03\\\/el-ayuntamiento-estudia-posibles-modelos-de-gestion-para-el-centro-de-dia-ante-la-negativa-de-la-junta-de-extremadura-de-gestionarlo\\\/\",\"name\":\"El Ayuntamiento estudia posibles modelos de gesti\u00f3n para el Centro de DIA ante la negativa de la Junta de Extremadura de gestionarlo - Ayuntamiento de Coria\",\"isPartOf\":{\"@id\":\"https:\\\/\\\/coria.org\\\/ayuntamiento\\\/#website\"},\"primaryImageOfPage\":{\"@id\":\"https:\\\/\\\/coria.org\\\/ayuntamiento\\\/index.php\\\/2021\\\/02\\\/03\\\/el-ayuntamiento-estudia-posibles-modelos-de-gestion-para-el-centro-de-dia-ante-la-negativa-de-la-junta-de-extremadura-de-gestionarlo\\\/#primaryimage\"},\"image\":{\"@id\":\"https:\\\/\\\/coria.org\\\/ayuntamiento\\\/index.php\\\/2021\\\/02\\\/03\\\/el-ayuntamiento-estudia-posibles-modelos-de-gestion-para-el-centro-de-dia-ante-la-negativa-de-la-junta-de-extremadura-de-gestionarlo\\\/#primaryimage\"},\"thumbnailUrl\":\"https:\\\/\\\/coria.org\\\/ayuntamiento\\\/wp-content\\\/uploads\\\/2021\\\/02\\\/IMG_9002-scaled-1.jpg\",\"datePublished\":\"2021-02-02T23:00:00+00:00\",\"dateModified\":\"2023-09-18T10:30:11+00:00\",\"breadcrumb\":{\"@id\":\"https:\\\/\\\/coria.org\\\/ayuntamiento\\\/index.php\\\/2021\\\/02\\\/03\\\/el-ayuntamiento-estudia-posibles-modelos-de-gestion-para-el-centro-de-dia-ante-la-negativa-de-la-junta-de-extremadura-de-gestionarlo\\\/#breadcrumb\"},\"inLanguage\":\"es\",\"potentialAction\":[{\"@type\":\"ReadAction\",\"target\":[\"https:\\\/\\\/coria.org\\\/ayuntamiento\\\/index.php\\\/2021\\\/02\\\/03\\\/el-ayuntamiento-estudia-posibles-modelos-de-gestion-para-el-centro-de-dia-ante-la-negativa-de-la-junta-de-extremadura-de-gestionarlo\\\/\"]}]},{\"@type\":\"ImageObject\",\"inLanguage\":\"es\",\"@id\":\"https:\\\/\\\/coria.org\\\/ayuntamiento\\\/index.php\\\/2021\\\/02\\\/03\\\/el-ayuntamiento-estudia-posibles-modelos-de-gestion-para-el-centro-de-dia-ante-la-negativa-de-la-junta-de-extremadura-de-gestionarlo\\\/#primaryimage\",\"url\":\"https:\\\/\\\/coria.org\\\/ayuntamiento\\\/wp-content\\\/uploads\\\/2021\\\/02\\\/IMG_9002-scaled-1.jpg\",\"contentUrl\":\"https:\\\/\\\/coria.org\\\/ayuntamiento\\\/wp-content\\\/uploads\\\/2021\\\/02\\\/IMG_9002-scaled-1.jpg\",\"width\":2560,\"height\":1920},{\"@type\":\"BreadcrumbList\",\"@id\":\"https:\\\/\\\/coria.org\\\/ayuntamiento\\\/index.php\\\/2021\\\/02\\\/03\\\/el-ayuntamiento-estudia-posibles-modelos-de-gestion-para-el-centro-de-dia-ante-la-negativa-de-la-junta-de-extremadura-de-gestionarlo\\\/#breadcrumb\",\"itemListElement\":[{\"@type\":\"ListItem\",\"position\":1,\"name\":\"Inicio\",\"item\":\"https:\\\/\\\/coria.org\\\/ayuntamiento\\\/\"},{\"@type\":\"ListItem\",\"position\":2,\"name\":\"El Ayuntamiento estudia posibles modelos de gesti\u00f3n para el Centro de DIA ante la negativa de la Junta de Extremadura de gestionarlo\"}]},{\"@type\":\"WebSite\",\"@id\":\"https:\\\/\\\/coria.org\\\/ayuntamiento\\\/#website\",\"url\":\"https:\\\/\\\/coria.org\\\/ayuntamiento\\\/\",\"name\":\"Ayuntamiento de Coria\",\"description\":\"Web oficial del Ayuntamiento de Coria\",\"publisher\":{\"@id\":\"https:\\\/\\\/coria.org\\\/ayuntamiento\\\/#organization\"},\"alternateName\":\"Web Oficial del Ayuntamiento de Coria\",\"potentialAction\":[{\"@type\":\"SearchAction\",\"target\":{\"@type\":\"EntryPoint\",\"urlTemplate\":\"https:\\\/\\\/coria.org\\\/ayuntamiento\\\/?s={search_term_string}\"},\"query-input\":{\"@type\":\"PropertyValueSpecification\",\"valueRequired\":true,\"valueName\":\"search_term_string\"}}],\"inLanguage\":\"es\"},{\"@type\":\"Organization\",\"@id\":\"https:\\\/\\\/coria.org\\\/ayuntamiento\\\/#organization\",\"name\":\"Ayuntamiento de Coria\",\"alternateName\":\"Ayto de Coria\",\"url\":\"https:\\\/\\\/coria.org\\\/ayuntamiento\\\/\",\"logo\":{\"@type\":\"ImageObject\",\"inLanguage\":\"es\",\"@id\":\"https:\\\/\\\/coria.org\\\/ayuntamiento\\\/#\\\/schema\\\/logo\\\/image\\\/\",\"url\":\"https:\\\/\\\/coria.org\\\/ayuntamiento\\\/wp-content\\\/uploads\\\/2020\\\/12\\\/escudo-ayuntamiento-coria.png\",\"contentUrl\":\"https:\\\/\\\/coria.org\\\/ayuntamiento\\\/wp-content\\\/uploads\\\/2020\\\/12\\\/escudo-ayuntamiento-coria.png\",\"width\":511,\"height\":240,\"caption\":\"Ayuntamiento de Coria\"},\"image\":{\"@id\":\"https:\\\/\\\/coria.org\\\/ayuntamiento\\\/#\\\/schema\\\/logo\\\/image\\\/\"},\"sameAs\":[\"https:\\\/\\\/www.facebook.com\\\/Ayuntamiento.de.Coria\",\"https:\\\/\\\/x.com\\\/Ayto_de_Coria\",\"https:\\\/\\\/www.instagram.com\\\/coria.ayuntamiento\\\/\",\"https:\\\/\\\/www.youtube.com\\\/user\\\/AYUNTAMIENTOCORIA\"]},{\"@type\":\"Person\",\"@id\":\"https:\\\/\\\/coria.org\\\/ayuntamiento\\\/#\\\/schema\\\/person\\\/8bd589f0e13e8ae5aa06def7a599d622\",\"name\":\"ayuntamiento\",\"image\":{\"@type\":\"ImageObject\",\"inLanguage\":\"es\",\"@id\":\"https:\\\/\\\/secure.gravatar.com\\\/avatar\\\/966e5ed73cad334adda5c87f49f2547f7082f7292c1b627cbb548744383b391c?s=96&d=mm&r=g\",\"url\":\"https:\\\/\\\/secure.gravatar.com\\\/avatar\\\/966e5ed73cad334adda5c87f49f2547f7082f7292c1b627cbb548744383b391c?s=96&d=mm&r=g\",\"contentUrl\":\"https:\\\/\\\/secure.gravatar.com\\\/avatar\\\/966e5ed73cad334adda5c87f49f2547f7082f7292c1b627cbb548744383b391c?s=96&d=mm&r=g\",\"caption\":\"ayuntamiento\"}}]}<\/script>\n<!-- \/ Yoast SEO plugin. -->","yoast_head_json":{"title":"El Ayuntamiento estudia posibles modelos de gesti\u00f3n para el Centro de DIA ante la negativa de la Junta de Extremadura de gestionarlo - Ayuntamiento de Coria","robots":{"index":"index","follow":"follow","max-snippet":"max-snippet:-1","max-image-preview":"max-image-preview:large","max-video-preview":"max-video-preview:-1"},"canonical":"https:\/\/coria.org\/ayuntamiento\/index.php\/2021\/02\/03\/el-ayuntamiento-estudia-posibles-modelos-de-gestion-para-el-centro-de-dia-ante-la-negativa-de-la-junta-de-extremadura-de-gestionarlo\/","og_locale":"es_ES","og_type":"article","og_title":"El Ayuntamiento estudia posibles modelos de gesti\u00f3n para el Centro de DIA ante la negativa de la Junta de Extremadura de gestionarlo - Ayuntamiento de Coria","og_description":"El Alcalde de Coria, Jos\u00e9 Manuel Garc\u00eda Ballestero, junto al Concejal de Obras e Infraestructuras, Juan Jos\u00e9 Alc\u00f3n Gazapo, ha visitado a primera hora de esta ma\u00f1ana, el futuro Centro de DIA de la localidad cauriense junto a la directora y el jefe de la obra, Victoria Holgado y Antonio Ortega, respectivamente y el director [&hellip;]","og_url":"https:\/\/coria.org\/ayuntamiento\/index.php\/2021\/02\/03\/el-ayuntamiento-estudia-posibles-modelos-de-gestion-para-el-centro-de-dia-ante-la-negativa-de-la-junta-de-extremadura-de-gestionarlo\/","og_site_name":"Ayuntamiento de Coria","article_publisher":"https:\/\/www.facebook.com\/Ayuntamiento.de.Coria","article_published_time":"2021-02-02T23:00:00+00:00","article_modified_time":"2023-09-18T10:30:11+00:00","og_image":[{"width":2560,"height":1920,"url":"https:\/\/coria.org\/ayuntamiento\/wp-content\/uploads\/2021\/02\/IMG_9002-scaled-1.jpg","type":"image\/jpeg"}],"author":"ayuntamiento","twitter_card":"summary_large_image","twitter_creator":"@Ayto_de_Coria","twitter_site":"@Ayto_de_Coria","twitter_misc":{"Escrito por":"ayuntamiento","Tiempo de lectura":"2 minutos"},"schema":{"@context":"https:\/\/schema.org","@graph":[{"@type":"Article","@id":"https:\/\/coria.org\/ayuntamiento\/index.php\/2021\/02\/03\/el-ayuntamiento-estudia-posibles-modelos-de-gestion-para-el-centro-de-dia-ante-la-negativa-de-la-junta-de-extremadura-de-gestionarlo\/#article","isPartOf":{"@id":"https:\/\/coria.org\/ayuntamiento\/index.php\/2021\/02\/03\/el-ayuntamiento-estudia-posibles-modelos-de-gestion-para-el-centro-de-dia-ante-la-negativa-de-la-junta-de-extremadura-de-gestionarlo\/"},"author":{"name":"ayuntamiento","@id":"https:\/\/coria.org\/ayuntamiento\/#\/schema\/person\/8bd589f0e13e8ae5aa06def7a599d622"},"headline":"El Ayuntamiento estudia posibles modelos de gesti\u00f3n para el Centro de DIA ante la negativa de la Junta de Extremadura de gestionarlo","datePublished":"2021-02-02T23:00:00+00:00","dateModified":"2023-09-18T10:30:11+00:00","mainEntityOfPage":{"@id":"https:\/\/coria.org\/ayuntamiento\/index.php\/2021\/02\/03\/el-ayuntamiento-estudia-posibles-modelos-de-gestion-para-el-centro-de-dia-ante-la-negativa-de-la-junta-de-extremadura-de-gestionarlo\/"},"wordCount":337,"publisher":{"@id":"https:\/\/coria.org\/ayuntamiento\/#organization"},"image":{"@id":"https:\/\/coria.org\/ayuntamiento\/index.php\/2021\/02\/03\/el-ayuntamiento-estudia-posibles-modelos-de-gestion-para-el-centro-de-dia-ante-la-negativa-de-la-junta-de-extremadura-de-gestionarlo\/#primaryimage"},"thumbnailUrl":"https:\/\/coria.org\/ayuntamiento\/wp-content\/uploads\/2021\/02\/IMG_9002-scaled-1.jpg","keywords":["centro","coria","dia","extremadura","junta"],"articleSection":["Noticias"],"inLanguage":"es"},{"@type":"WebPage","@id":"https:\/\/coria.org\/ayuntamiento\/index.php\/2021\/02\/03\/el-ayuntamiento-estudia-posibles-modelos-de-gestion-para-el-centro-de-dia-ante-la-negativa-de-la-junta-de-extremadura-de-gestionarlo\/","url":"https:\/\/coria.org\/ayuntamiento\/index.php\/2021\/02\/03\/el-ayuntamiento-estudia-posibles-modelos-de-gestion-para-el-centro-de-dia-ante-la-negativa-de-la-junta-de-extremadura-de-gestionarlo\/","name":"El Ayuntamiento estudia posibles modelos de gesti\u00f3n para el Centro de DIA ante la negativa de la Junta de Extremadura de gestionarlo - Ayuntamiento de Coria","isPartOf":{"@id":"https:\/\/coria.org\/ayuntamiento\/#website"},"primaryImageOfPage":{"@id":"https:\/\/coria.org\/ayuntamiento\/index.php\/2021\/02\/03\/el-ayuntamiento-estudia-posibles-modelos-de-gestion-para-el-centro-de-dia-ante-la-negativa-de-la-junta-de-extremadura-de-gestionarlo\/#primaryimage"},"image":{"@id":"https:\/\/coria.org\/ayuntamiento\/index.php\/2021\/02\/03\/el-ayuntamiento-estudia-posibles-modelos-de-gestion-para-el-centro-de-dia-ante-la-negativa-de-la-junta-de-extremadura-de-gestionarlo\/#primaryimage"},"thumbnailUrl":"https:\/\/coria.org\/ayuntamiento\/wp-content\/uploads\/2021\/02\/IMG_9002-scaled-1.jpg","datePublished":"2021-02-02T23:00:00+00:00","dateModified":"2023-09-18T10:30:11+00:00","breadcrumb":{"@id":"https:\/\/coria.org\/ayuntamiento\/index.php\/2021\/02\/03\/el-ayuntamiento-estudia-posibles-modelos-de-gestion-para-el-centro-de-dia-ante-la-negativa-de-la-junta-de-extremadura-de-gestionarlo\/#breadcrumb"},"inLanguage":"es","potentialAction":[{"@type":"ReadAction","target":["https:\/\/coria.org\/ayuntamiento\/index.php\/2021\/02\/03\/el-ayuntamiento-estudia-posibles-modelos-de-gestion-para-el-centro-de-dia-ante-la-negativa-de-la-junta-de-extremadura-de-gestionarlo\/"]}]},{"@type":"ImageObject","inLanguage":"es","@id":"https:\/\/coria.org\/ayuntamiento\/index.php\/2021\/02\/03\/el-ayuntamiento-estudia-posibles-modelos-de-gestion-para-el-centro-de-dia-ante-la-negativa-de-la-junta-de-extremadura-de-gestionarlo\/#primaryimage","url":"https:\/\/coria.org\/ayuntamiento\/wp-content\/uploads\/2021\/02\/IMG_9002-scaled-1.jpg","contentUrl":"https:\/\/coria.org\/ayuntamiento\/wp-content\/uploads\/2021\/02\/IMG_9002-scaled-1.jpg","width":2560,"height":1920},{"@type":"BreadcrumbList","@id":"https:\/\/coria.org\/ayuntamiento\/index.php\/2021\/02\/03\/el-ayuntamiento-estudia-posibles-modelos-de-gestion-para-el-centro-de-dia-ante-la-negativa-de-la-junta-de-extremadura-de-gestionarlo\/#breadcrumb","itemListElement":[{"@type":"ListItem","position":1,"name":"Inicio","item":"https:\/\/coria.org\/ayuntamiento\/"},{"@type":"ListItem","position":2,"name":"El Ayuntamiento estudia posibles modelos de gesti\u00f3n para el Centro de DIA ante la negativa de la Junta de Extremadura de gestionarlo"}]},{"@type":"WebSite","@id":"https:\/\/coria.org\/ayuntamiento\/#website","url":"https:\/\/coria.org\/ayuntamiento\/","name":"Ayuntamiento de Coria","description":"Web oficial del Ayuntamiento de Coria","publisher":{"@id":"https:\/\/coria.org\/ayuntamiento\/#organization"},"alternateName":"Web Oficial del Ayuntamiento de Coria","potentialAction":[{"@type":"SearchAction","target":{"@type":"EntryPoint","urlTemplate":"https:\/\/coria.org\/ayuntamiento\/?s={search_term_string}"},"query-input":{"@type":"PropertyValueSpecification","valueRequired":true,"valueName":"search_term_string"}}],"inLanguage":"es"},{"@type":"Organization","@id":"https:\/\/coria.org\/ayuntamiento\/#organization","name":"Ayuntamiento de Coria","alternateName":"Ayto de Coria","url":"https:\/\/coria.org\/ayuntamiento\/","logo":{"@type":"ImageObject","inLanguage":"es","@id":"https:\/\/coria.org\/ayuntamiento\/#\/schema\/logo\/image\/","url":"https:\/\/coria.org\/ayuntamiento\/wp-content\/uploads\/2020\/12\/escudo-ayuntamiento-coria.png","contentUrl":"https:\/\/coria.org\/ayuntamiento\/wp-content\/uploads\/2020\/12\/escudo-ayuntamiento-coria.png","width":511,"height":240,"caption":"Ayuntamiento de Coria"},"image":{"@id":"https:\/\/coria.org\/ayuntamiento\/#\/schema\/logo\/image\/"},"sameAs":["https:\/\/www.facebook.com\/Ayuntamiento.de.Coria","https:\/\/x.com\/Ayto_de_Coria","https:\/\/www.instagram.com\/coria.ayuntamiento\/","https:\/\/www.youtube.com\/user\/AYUNTAMIENTOCORIA"]},{"@type":"Person","@id":"https:\/\/coria.org\/ayuntamiento\/#\/schema\/person\/8bd589f0e13e8ae5aa06def7a599d622","name":"ayuntamiento","image":{"@type":"ImageObject","inLanguage":"es","@id":"https:\/\/secure.gravatar.com\/avatar\/966e5ed73cad334adda5c87f49f2547f7082f7292c1b627cbb548744383b391c?s=96&d=mm&r=g","url":"https:\/\/secure.gravatar.com\/avatar\/966e5ed73cad334adda5c87f49f2547f7082f7292c1b627cbb548744383b391c?s=96&d=mm&r=g","contentUrl":"https:\/\/secure.gravatar.com\/avatar\/966e5ed73cad334adda5c87f49f2547f7082f7292c1b627cbb548744383b391c?s=96&d=mm&r=g","caption":"ayuntamiento"}}]}},"uagb_featured_image_src":{"full":["https:\/\/coria.org\/ayuntamiento\/wp-content\/uploads\/2021\/02\/IMG_9002-scaled-1.jpg",2560,1920,false],"thumbnail":["https:\/\/coria.org\/ayuntamiento\/wp-content\/uploads\/2021\/02\/IMG_9002-scaled-1-150x150.jpg",150,150,true],"medium":["https:\/\/coria.org\/ayuntamiento\/wp-content\/uploads\/2021\/02\/IMG_9002-scaled-1-300x225.jpg",300,225,true],"medium_large":["https:\/\/coria.org\/ayuntamiento\/wp-content\/uploads\/2021\/02\/IMG_9002-scaled-1-768x576.jpg",768,576,true],"large":["https:\/\/coria.org\/ayuntamiento\/wp-content\/uploads\/2021\/02\/IMG_9002-scaled-1-1024x768.jpg",1024,768,true],"thumblist":["https:\/\/coria.org\/ayuntamiento\/wp-content\/uploads\/2021\/02\/IMG_9002-scaled-1.jpg",300,225,false],"thumbrelated":["https:\/\/coria.org\/ayuntamiento\/wp-content\/uploads\/2021\/02\/IMG_9002-scaled-1.jpg",500,375,false],"meccarouselthumb":["https:\/\/coria.org\/ayuntamiento\/wp-content\/uploads\/2021\/02\/IMG_9002-scaled-1.jpg",432,324,false],"gridsquare":["https:\/\/coria.org\/ayuntamiento\/wp-content\/uploads\/2021\/02\/IMG_9002-scaled-1.jpg",347,260,false],"tileview":["https:\/\/coria.org\/ayuntamiento\/wp-content\/uploads\/2021\/02\/IMG_9002-scaled-1.jpg",300,225,false],"1536x1536":["https:\/\/coria.org\/ayuntamiento\/wp-content\/uploads\/2021\/02\/IMG_9002-scaled-1-1536x1152.jpg",1536,1152,true],"2048x2048":["https:\/\/coria.org\/ayuntamiento\/wp-content\/uploads\/2021\/02\/IMG_9002-scaled-1-2048x1536.jpg",2048,1536,true]},"uagb_author_info":{"display_name":"ayuntamiento","author_link":"https:\/\/coria.org\/ayuntamiento\/index.php\/author\/ayuntamiento\/"},"uagb_comment_info":0,"uagb_excerpt":"El Alcalde de Coria, Jos\u00e9 Manuel Garc\u00eda Ballestero, junto al Concejal de Obras e Infraestructuras, Juan Jos\u00e9 Alc\u00f3n Gazapo, ha visitado a primera hora de esta ma\u00f1ana, el futuro Centro de DIA de la localidad cauriense junto a la directora y el jefe de la obra, Victoria Holgado y Antonio Ortega, respectivamente y el director&hellip;","_links":{"self":[{"href":"https:\/\/coria.org\/ayuntamiento\/index.php\/wp-json\/wp\/v2\/posts\/23747","targetHints":{"allow":["GET"]}}],"collection":[{"href":"https:\/\/coria.org\/ayuntamiento\/index.php\/wp-json\/wp\/v2\/posts"}],"about":[{"href":"https:\/\/coria.org\/ayuntamiento\/index.php\/wp-json\/wp\/v2\/types\/post"}],"author":[{"embeddable":true,"href":"https:\/\/coria.org\/ayuntamiento\/index.php\/wp-json\/wp\/v2\/users\/2"}],"replies":[{"embeddable":true,"href":"https:\/\/coria.org\/ayuntamiento\/index.php\/wp-json\/wp\/v2\/comments?post=23747"}],"version-history":[{"count":0,"href":"https:\/\/coria.org\/ayuntamiento\/index.php\/wp-json\/wp\/v2\/posts\/23747\/revisions"}],"wp:featuredmedia":[{"embeddable":true,"href":"https:\/\/coria.org\/ayuntamiento\/index.php\/wp-json\/wp\/v2\/media\/38548"}],"wp:attachment":[{"href":"https:\/\/coria.org\/ayuntamiento\/index.php\/wp-json\/wp\/v2\/media?parent=23747"}],"wp:term":[{"taxonomy":"category","embeddable":true,"href":"https:\/\/coria.org\/ayuntamiento\/index.php\/wp-json\/wp\/v2\/categories?post=23747"},{"taxonomy":"post_tag","embeddable":true,"href":"https:\/\/coria.org\/ayuntamiento\/index.php\/wp-json\/wp\/v2\/tags?post=23747"}],"curies":[{"name":"wp","href":"https:\/\/api.w.org\/{rel}","templated":true}]}}