{"id":23736,"date":"2021-02-18T00:00:00","date_gmt":"2021-02-17T23:00:00","guid":{"rendered":"https:\/\/ayuntamiento.coriaenimagenes.com\/documental-y-web-para-la-difusion-sobre-el-mantel-sagrado-de-coria\/"},"modified":"2023-09-18T12:30:09","modified_gmt":"2023-09-18T10:30:09","slug":"documental-y-web-para-la-difusion-sobre-el-mantel-sagrado-de-coria","status":"publish","type":"post","link":"https:\/\/coria.org\/ayuntamiento\/index.php\/2021\/02\/18\/documental-y-web-para-la-difusion-sobre-el-mantel-sagrado-de-coria\/","title":{"rendered":"Documental y web para la difusi\u00f3n sobre el Mantel Sagrado de Coria"},"content":{"rendered":"\n<p><b>El Cabildo de la Catedral de la Di\u00f3cesis de Coria-C\u00e1ceres ha lanzado un nuevo proyecto de difusi\u00f3n de la reliquia del Mantel Sagrado de Coria que incluye una nueva web en varios idiomas, un canal con videos informativos y un documental para televisi\u00f3n con producci\u00f3n internacional.<\/b><\/p>\n\n\n<figure class=\"wp-block-post-featured-image\"><img loading=\"lazy\" decoding=\"async\" width=\"800\" height=\"580\" src=\"https:\/\/coria.org\/ayuntamiento\/wp-content\/uploads\/2021\/02\/20210216_mantelsagrado_coria.jpg\" class=\"attachment-post-thumbnail size-post-thumbnail wp-post-image\" alt=\"\" style=\"object-fit:cover;\" srcset=\"https:\/\/coria.org\/ayuntamiento\/wp-content\/uploads\/2021\/02\/20210216_mantelsagrado_coria.jpg 800w, https:\/\/coria.org\/ayuntamiento\/wp-content\/uploads\/2021\/02\/20210216_mantelsagrado_coria-300x218.jpg 300w, https:\/\/coria.org\/ayuntamiento\/wp-content\/uploads\/2021\/02\/20210216_mantelsagrado_coria-768x557.jpg 768w\" sizes=\"auto, (max-width: 800px) 100vw, 800px\" \/><\/figure>\n\n\n<p>Desde hace unos a\u00f1os, se est\u00e1n realizando estudios arqueol\u00f3gicos y emp\u00edricos, para validar el fundamento de esta tradici\u00f3n; si el pa\u00f1o viene de tierras palestinas y tiene dos mil a\u00f1os. Para dar a conocer lo que sabemos y fomentar el conocimiento del Mantel, el Cabildo ha puesto en marcha un plan de comunicaci\u00f3n que cuenta con varias herramientas:<\/p>\n\n\n\n<p>&#8211; Una p\u00e1gina web en varios idiomas, realizada con apoyo de la Diputaci\u00f3n de C\u00e1ceres:<a href=\"http:\/\/www.mantelsagradodecoria.com\">www.mantelsagradodecoria.com<\/a><\/p>\n\n\n\n<p>&#8211; Un canal de videos, en la propia web, en ingl\u00e9s y espa\u00f1ol, que cont\u00f3 con el impulso inicial de la Direcci\u00f3n General de Turismo de la Junta de Extremadura.<\/p>\n\n\n\n<p>&#8211; Un documental para televisi\u00f3n, con producci\u00f3n internacional.<\/p>\n\n\n\n<p>Para la realizaci\u00f3n de este documental de una hora de duraci\u00f3n, el equipo de producci\u00f3n se ha desplazado a Israel, Estados Unidos, Italia y a distintas localizaciones de la geograf\u00eda espa\u00f1ola. En Roma se entrevist\u00f3 al cardenal Robert Sarah, prefecto de la Congregaci\u00f3n para el Culto Divino y la Disciplina de los sacramentos. Y entre los cient\u00edficos nacionales e internacionales destacamos al doctor John Jackson, tambi\u00e9n investigador de relieve sobre la S\u00e1bana Santa de Tur\u00edn.<\/p>\n\n\n\n<p>Tres son los contenidos que podemos descubrir en este trabajo: acercarnos a la naturaleza de la reliquia y su relaci\u00f3n con la \u00daltima Cena y la Eucarist\u00eda; ubicarla en su contexto hist\u00f3rico y mostrar el conocimiento cient\u00edfico de la misma a partir de las \u00faltimas investigaciones. Por eso, se responde a varias preguntas que el p\u00fablico necesitar\u00e1 conocer para captar la importancia del objeto: \u00bfQu\u00e9 es una reliquia? \u00bfQu\u00e9 relaci\u00f3n tiene esta reliquia con otras? \u00bfQu\u00e9 evoca sobre la Eucarist\u00eda y su instituci\u00f3n? \u00bfQu\u00e9 tiene de singular esta reliquia?<\/p>\n\n\n\n<p>M\u00e1s informaci\u00f3n sobre el documental en:<a href=\"http:\/\/www.documentalmanteldecoria.com\">www.documentalmanteldecoria.com<\/a><\/p>\n","protected":false},"excerpt":{"rendered":"<p>El Cabildo de la Catedral de la Di\u00f3cesis de Coria-C\u00e1ceres ha lanzado un nuevo proyecto de difusi\u00f3n de la reliquia del Mantel Sagrado de Coria que incluye una nueva web en varios idiomas, un canal con videos informativos y un documental para televisi\u00f3n con producci\u00f3n internacional. Desde hace unos a\u00f1os, se est\u00e1n realizando estudios arqueol\u00f3gicos [&hellip;]<\/p>\n","protected":false},"author":2,"featured_media":38510,"comment_status":"closed","ping_status":"closed","sticky":false,"template":"","format":"standard","meta":{"_uag_custom_page_level_css":"","footnotes":""},"categories":[2],"tags":[283,3,444,4,769,1120,1271,1332],"class_list":["post-23736","post","type-post","status-publish","format-standard","has-post-thumbnail","hentry","category-noticias","tag-cena","tag-coria","tag-documental","tag-extremadura","tag-mantel","tag-sagrado","tag-ultima","tag-web"],"yoast_head":"<!-- This site is optimized with the Yoast SEO plugin v27.4 - https:\/\/yoast.com\/product\/yoast-seo-wordpress\/ -->\n<title>Documental y web para la difusi\u00f3n sobre el Mantel Sagrado de Coria - Ayuntamiento de Coria<\/title>\n<meta name=\"robots\" content=\"index, follow, max-snippet:-1, max-image-preview:large, max-video-preview:-1\" \/>\n<link rel=\"canonical\" href=\"https:\/\/coria.org\/ayuntamiento\/index.php\/2021\/02\/18\/documental-y-web-para-la-difusion-sobre-el-mantel-sagrado-de-coria\/\" \/>\n<meta property=\"og:locale\" content=\"es_ES\" \/>\n<meta property=\"og:type\" content=\"article\" \/>\n<meta property=\"og:title\" content=\"Documental y web para la difusi\u00f3n sobre el Mantel Sagrado de Coria - Ayuntamiento de Coria\" \/>\n<meta property=\"og:description\" content=\"El Cabildo de la Catedral de la Di\u00f3cesis de Coria-C\u00e1ceres ha lanzado un nuevo proyecto de difusi\u00f3n de la reliquia del Mantel Sagrado de Coria que incluye una nueva web en varios idiomas, un canal con videos informativos y un documental para televisi\u00f3n con producci\u00f3n internacional. Desde hace unos a\u00f1os, se est\u00e1n realizando estudios arqueol\u00f3gicos [&hellip;]\" \/>\n<meta property=\"og:url\" content=\"https:\/\/coria.org\/ayuntamiento\/index.php\/2021\/02\/18\/documental-y-web-para-la-difusion-sobre-el-mantel-sagrado-de-coria\/\" \/>\n<meta property=\"og:site_name\" content=\"Ayuntamiento de Coria\" \/>\n<meta property=\"article:publisher\" content=\"https:\/\/www.facebook.com\/Ayuntamiento.de.Coria\" \/>\n<meta property=\"article:published_time\" content=\"2021-02-17T23:00:00+00:00\" \/>\n<meta property=\"article:modified_time\" content=\"2023-09-18T10:30:09+00:00\" \/>\n<meta property=\"og:image\" content=\"https:\/\/coria.org\/ayuntamiento\/wp-content\/uploads\/2021\/02\/20210216_mantelsagrado_coria.jpg\" \/>\n\t<meta property=\"og:image:width\" content=\"800\" \/>\n\t<meta property=\"og:image:height\" content=\"580\" \/>\n\t<meta property=\"og:image:type\" content=\"image\/jpeg\" \/>\n<meta name=\"author\" content=\"ayuntamiento\" \/>\n<meta name=\"twitter:card\" content=\"summary_large_image\" \/>\n<meta name=\"twitter:creator\" content=\"@Ayto_de_Coria\" \/>\n<meta name=\"twitter:site\" content=\"@Ayto_de_Coria\" \/>\n<meta name=\"twitter:label1\" content=\"Escrito por\" \/>\n\t<meta name=\"twitter:data1\" content=\"ayuntamiento\" \/>\n\t<meta name=\"twitter:label2\" content=\"Tiempo de lectura\" \/>\n\t<meta name=\"twitter:data2\" content=\"2 minutos\" \/>\n<script type=\"application\/ld+json\" class=\"yoast-schema-graph\">{\"@context\":\"https:\\\/\\\/schema.org\",\"@graph\":[{\"@type\":\"Article\",\"@id\":\"https:\\\/\\\/coria.org\\\/ayuntamiento\\\/index.php\\\/2021\\\/02\\\/18\\\/documental-y-web-para-la-difusion-sobre-el-mantel-sagrado-de-coria\\\/#article\",\"isPartOf\":{\"@id\":\"https:\\\/\\\/coria.org\\\/ayuntamiento\\\/index.php\\\/2021\\\/02\\\/18\\\/documental-y-web-para-la-difusion-sobre-el-mantel-sagrado-de-coria\\\/\"},\"author\":{\"name\":\"ayuntamiento\",\"@id\":\"https:\\\/\\\/coria.org\\\/ayuntamiento\\\/#\\\/schema\\\/person\\\/8bd589f0e13e8ae5aa06def7a599d622\"},\"headline\":\"Documental y web para la difusi\u00f3n sobre el Mantel Sagrado de Coria\",\"datePublished\":\"2021-02-17T23:00:00+00:00\",\"dateModified\":\"2023-09-18T10:30:09+00:00\",\"mainEntityOfPage\":{\"@id\":\"https:\\\/\\\/coria.org\\\/ayuntamiento\\\/index.php\\\/2021\\\/02\\\/18\\\/documental-y-web-para-la-difusion-sobre-el-mantel-sagrado-de-coria\\\/\"},\"wordCount\":387,\"publisher\":{\"@id\":\"https:\\\/\\\/coria.org\\\/ayuntamiento\\\/#organization\"},\"image\":{\"@id\":\"https:\\\/\\\/coria.org\\\/ayuntamiento\\\/index.php\\\/2021\\\/02\\\/18\\\/documental-y-web-para-la-difusion-sobre-el-mantel-sagrado-de-coria\\\/#primaryimage\"},\"thumbnailUrl\":\"https:\\\/\\\/coria.org\\\/ayuntamiento\\\/wp-content\\\/uploads\\\/2021\\\/02\\\/20210216_mantelsagrado_coria.jpg\",\"keywords\":[\"cena\",\"coria\",\"documental\",\"extremadura\",\"mantel\",\"sagrado\",\"ultima\",\"web\"],\"articleSection\":[\"Noticias\"],\"inLanguage\":\"es\"},{\"@type\":\"WebPage\",\"@id\":\"https:\\\/\\\/coria.org\\\/ayuntamiento\\\/index.php\\\/2021\\\/02\\\/18\\\/documental-y-web-para-la-difusion-sobre-el-mantel-sagrado-de-coria\\\/\",\"url\":\"https:\\\/\\\/coria.org\\\/ayuntamiento\\\/index.php\\\/2021\\\/02\\\/18\\\/documental-y-web-para-la-difusion-sobre-el-mantel-sagrado-de-coria\\\/\",\"name\":\"Documental y web para la difusi\u00f3n sobre el Mantel Sagrado de Coria - Ayuntamiento de Coria\",\"isPartOf\":{\"@id\":\"https:\\\/\\\/coria.org\\\/ayuntamiento\\\/#website\"},\"primaryImageOfPage\":{\"@id\":\"https:\\\/\\\/coria.org\\\/ayuntamiento\\\/index.php\\\/2021\\\/02\\\/18\\\/documental-y-web-para-la-difusion-sobre-el-mantel-sagrado-de-coria\\\/#primaryimage\"},\"image\":{\"@id\":\"https:\\\/\\\/coria.org\\\/ayuntamiento\\\/index.php\\\/2021\\\/02\\\/18\\\/documental-y-web-para-la-difusion-sobre-el-mantel-sagrado-de-coria\\\/#primaryimage\"},\"thumbnailUrl\":\"https:\\\/\\\/coria.org\\\/ayuntamiento\\\/wp-content\\\/uploads\\\/2021\\\/02\\\/20210216_mantelsagrado_coria.jpg\",\"datePublished\":\"2021-02-17T23:00:00+00:00\",\"dateModified\":\"2023-09-18T10:30:09+00:00\",\"breadcrumb\":{\"@id\":\"https:\\\/\\\/coria.org\\\/ayuntamiento\\\/index.php\\\/2021\\\/02\\\/18\\\/documental-y-web-para-la-difusion-sobre-el-mantel-sagrado-de-coria\\\/#breadcrumb\"},\"inLanguage\":\"es\",\"potentialAction\":[{\"@type\":\"ReadAction\",\"target\":[\"https:\\\/\\\/coria.org\\\/ayuntamiento\\\/index.php\\\/2021\\\/02\\\/18\\\/documental-y-web-para-la-difusion-sobre-el-mantel-sagrado-de-coria\\\/\"]}]},{\"@type\":\"ImageObject\",\"inLanguage\":\"es\",\"@id\":\"https:\\\/\\\/coria.org\\\/ayuntamiento\\\/index.php\\\/2021\\\/02\\\/18\\\/documental-y-web-para-la-difusion-sobre-el-mantel-sagrado-de-coria\\\/#primaryimage\",\"url\":\"https:\\\/\\\/coria.org\\\/ayuntamiento\\\/wp-content\\\/uploads\\\/2021\\\/02\\\/20210216_mantelsagrado_coria.jpg\",\"contentUrl\":\"https:\\\/\\\/coria.org\\\/ayuntamiento\\\/wp-content\\\/uploads\\\/2021\\\/02\\\/20210216_mantelsagrado_coria.jpg\",\"width\":800,\"height\":580},{\"@type\":\"BreadcrumbList\",\"@id\":\"https:\\\/\\\/coria.org\\\/ayuntamiento\\\/index.php\\\/2021\\\/02\\\/18\\\/documental-y-web-para-la-difusion-sobre-el-mantel-sagrado-de-coria\\\/#breadcrumb\",\"itemListElement\":[{\"@type\":\"ListItem\",\"position\":1,\"name\":\"Inicio\",\"item\":\"https:\\\/\\\/coria.org\\\/ayuntamiento\\\/\"},{\"@type\":\"ListItem\",\"position\":2,\"name\":\"Documental y web para la difusi\u00f3n sobre el Mantel Sagrado de Coria\"}]},{\"@type\":\"WebSite\",\"@id\":\"https:\\\/\\\/coria.org\\\/ayuntamiento\\\/#website\",\"url\":\"https:\\\/\\\/coria.org\\\/ayuntamiento\\\/\",\"name\":\"Ayuntamiento de Coria\",\"description\":\"Web oficial del Ayuntamiento de Coria\",\"publisher\":{\"@id\":\"https:\\\/\\\/coria.org\\\/ayuntamiento\\\/#organization\"},\"alternateName\":\"Web Oficial del Ayuntamiento de Coria\",\"potentialAction\":[{\"@type\":\"SearchAction\",\"target\":{\"@type\":\"EntryPoint\",\"urlTemplate\":\"https:\\\/\\\/coria.org\\\/ayuntamiento\\\/?s={search_term_string}\"},\"query-input\":{\"@type\":\"PropertyValueSpecification\",\"valueRequired\":true,\"valueName\":\"search_term_string\"}}],\"inLanguage\":\"es\"},{\"@type\":\"Organization\",\"@id\":\"https:\\\/\\\/coria.org\\\/ayuntamiento\\\/#organization\",\"name\":\"Ayuntamiento de Coria\",\"alternateName\":\"Ayto de Coria\",\"url\":\"https:\\\/\\\/coria.org\\\/ayuntamiento\\\/\",\"logo\":{\"@type\":\"ImageObject\",\"inLanguage\":\"es\",\"@id\":\"https:\\\/\\\/coria.org\\\/ayuntamiento\\\/#\\\/schema\\\/logo\\\/image\\\/\",\"url\":\"https:\\\/\\\/coria.org\\\/ayuntamiento\\\/wp-content\\\/uploads\\\/2020\\\/12\\\/escudo-ayuntamiento-coria.png\",\"contentUrl\":\"https:\\\/\\\/coria.org\\\/ayuntamiento\\\/wp-content\\\/uploads\\\/2020\\\/12\\\/escudo-ayuntamiento-coria.png\",\"width\":511,\"height\":240,\"caption\":\"Ayuntamiento de Coria\"},\"image\":{\"@id\":\"https:\\\/\\\/coria.org\\\/ayuntamiento\\\/#\\\/schema\\\/logo\\\/image\\\/\"},\"sameAs\":[\"https:\\\/\\\/www.facebook.com\\\/Ayuntamiento.de.Coria\",\"https:\\\/\\\/x.com\\\/Ayto_de_Coria\",\"https:\\\/\\\/www.instagram.com\\\/coria.ayuntamiento\\\/\",\"https:\\\/\\\/www.youtube.com\\\/user\\\/AYUNTAMIENTOCORIA\"]},{\"@type\":\"Person\",\"@id\":\"https:\\\/\\\/coria.org\\\/ayuntamiento\\\/#\\\/schema\\\/person\\\/8bd589f0e13e8ae5aa06def7a599d622\",\"name\":\"ayuntamiento\",\"image\":{\"@type\":\"ImageObject\",\"inLanguage\":\"es\",\"@id\":\"https:\\\/\\\/secure.gravatar.com\\\/avatar\\\/966e5ed73cad334adda5c87f49f2547f7082f7292c1b627cbb548744383b391c?s=96&d=mm&r=g\",\"url\":\"https:\\\/\\\/secure.gravatar.com\\\/avatar\\\/966e5ed73cad334adda5c87f49f2547f7082f7292c1b627cbb548744383b391c?s=96&d=mm&r=g\",\"contentUrl\":\"https:\\\/\\\/secure.gravatar.com\\\/avatar\\\/966e5ed73cad334adda5c87f49f2547f7082f7292c1b627cbb548744383b391c?s=96&d=mm&r=g\",\"caption\":\"ayuntamiento\"}}]}<\/script>\n<!-- \/ Yoast SEO plugin. -->","yoast_head_json":{"title":"Documental y web para la difusi\u00f3n sobre el Mantel Sagrado de Coria - Ayuntamiento de Coria","robots":{"index":"index","follow":"follow","max-snippet":"max-snippet:-1","max-image-preview":"max-image-preview:large","max-video-preview":"max-video-preview:-1"},"canonical":"https:\/\/coria.org\/ayuntamiento\/index.php\/2021\/02\/18\/documental-y-web-para-la-difusion-sobre-el-mantel-sagrado-de-coria\/","og_locale":"es_ES","og_type":"article","og_title":"Documental y web para la difusi\u00f3n sobre el Mantel Sagrado de Coria - Ayuntamiento de Coria","og_description":"El Cabildo de la Catedral de la Di\u00f3cesis de Coria-C\u00e1ceres ha lanzado un nuevo proyecto de difusi\u00f3n de la reliquia del Mantel Sagrado de Coria que incluye una nueva web en varios idiomas, un canal con videos informativos y un documental para televisi\u00f3n con producci\u00f3n internacional. Desde hace unos a\u00f1os, se est\u00e1n realizando estudios arqueol\u00f3gicos [&hellip;]","og_url":"https:\/\/coria.org\/ayuntamiento\/index.php\/2021\/02\/18\/documental-y-web-para-la-difusion-sobre-el-mantel-sagrado-de-coria\/","og_site_name":"Ayuntamiento de Coria","article_publisher":"https:\/\/www.facebook.com\/Ayuntamiento.de.Coria","article_published_time":"2021-02-17T23:00:00+00:00","article_modified_time":"2023-09-18T10:30:09+00:00","og_image":[{"width":800,"height":580,"url":"https:\/\/coria.org\/ayuntamiento\/wp-content\/uploads\/2021\/02\/20210216_mantelsagrado_coria.jpg","type":"image\/jpeg"}],"author":"ayuntamiento","twitter_card":"summary_large_image","twitter_creator":"@Ayto_de_Coria","twitter_site":"@Ayto_de_Coria","twitter_misc":{"Escrito por":"ayuntamiento","Tiempo de lectura":"2 minutos"},"schema":{"@context":"https:\/\/schema.org","@graph":[{"@type":"Article","@id":"https:\/\/coria.org\/ayuntamiento\/index.php\/2021\/02\/18\/documental-y-web-para-la-difusion-sobre-el-mantel-sagrado-de-coria\/#article","isPartOf":{"@id":"https:\/\/coria.org\/ayuntamiento\/index.php\/2021\/02\/18\/documental-y-web-para-la-difusion-sobre-el-mantel-sagrado-de-coria\/"},"author":{"name":"ayuntamiento","@id":"https:\/\/coria.org\/ayuntamiento\/#\/schema\/person\/8bd589f0e13e8ae5aa06def7a599d622"},"headline":"Documental y web para la difusi\u00f3n sobre el Mantel Sagrado de Coria","datePublished":"2021-02-17T23:00:00+00:00","dateModified":"2023-09-18T10:30:09+00:00","mainEntityOfPage":{"@id":"https:\/\/coria.org\/ayuntamiento\/index.php\/2021\/02\/18\/documental-y-web-para-la-difusion-sobre-el-mantel-sagrado-de-coria\/"},"wordCount":387,"publisher":{"@id":"https:\/\/coria.org\/ayuntamiento\/#organization"},"image":{"@id":"https:\/\/coria.org\/ayuntamiento\/index.php\/2021\/02\/18\/documental-y-web-para-la-difusion-sobre-el-mantel-sagrado-de-coria\/#primaryimage"},"thumbnailUrl":"https:\/\/coria.org\/ayuntamiento\/wp-content\/uploads\/2021\/02\/20210216_mantelsagrado_coria.jpg","keywords":["cena","coria","documental","extremadura","mantel","sagrado","ultima","web"],"articleSection":["Noticias"],"inLanguage":"es"},{"@type":"WebPage","@id":"https:\/\/coria.org\/ayuntamiento\/index.php\/2021\/02\/18\/documental-y-web-para-la-difusion-sobre-el-mantel-sagrado-de-coria\/","url":"https:\/\/coria.org\/ayuntamiento\/index.php\/2021\/02\/18\/documental-y-web-para-la-difusion-sobre-el-mantel-sagrado-de-coria\/","name":"Documental y web para la difusi\u00f3n sobre el Mantel Sagrado de Coria - Ayuntamiento de Coria","isPartOf":{"@id":"https:\/\/coria.org\/ayuntamiento\/#website"},"primaryImageOfPage":{"@id":"https:\/\/coria.org\/ayuntamiento\/index.php\/2021\/02\/18\/documental-y-web-para-la-difusion-sobre-el-mantel-sagrado-de-coria\/#primaryimage"},"image":{"@id":"https:\/\/coria.org\/ayuntamiento\/index.php\/2021\/02\/18\/documental-y-web-para-la-difusion-sobre-el-mantel-sagrado-de-coria\/#primaryimage"},"thumbnailUrl":"https:\/\/coria.org\/ayuntamiento\/wp-content\/uploads\/2021\/02\/20210216_mantelsagrado_coria.jpg","datePublished":"2021-02-17T23:00:00+00:00","dateModified":"2023-09-18T10:30:09+00:00","breadcrumb":{"@id":"https:\/\/coria.org\/ayuntamiento\/index.php\/2021\/02\/18\/documental-y-web-para-la-difusion-sobre-el-mantel-sagrado-de-coria\/#breadcrumb"},"inLanguage":"es","potentialAction":[{"@type":"ReadAction","target":["https:\/\/coria.org\/ayuntamiento\/index.php\/2021\/02\/18\/documental-y-web-para-la-difusion-sobre-el-mantel-sagrado-de-coria\/"]}]},{"@type":"ImageObject","inLanguage":"es","@id":"https:\/\/coria.org\/ayuntamiento\/index.php\/2021\/02\/18\/documental-y-web-para-la-difusion-sobre-el-mantel-sagrado-de-coria\/#primaryimage","url":"https:\/\/coria.org\/ayuntamiento\/wp-content\/uploads\/2021\/02\/20210216_mantelsagrado_coria.jpg","contentUrl":"https:\/\/coria.org\/ayuntamiento\/wp-content\/uploads\/2021\/02\/20210216_mantelsagrado_coria.jpg","width":800,"height":580},{"@type":"BreadcrumbList","@id":"https:\/\/coria.org\/ayuntamiento\/index.php\/2021\/02\/18\/documental-y-web-para-la-difusion-sobre-el-mantel-sagrado-de-coria\/#breadcrumb","itemListElement":[{"@type":"ListItem","position":1,"name":"Inicio","item":"https:\/\/coria.org\/ayuntamiento\/"},{"@type":"ListItem","position":2,"name":"Documental y web para la difusi\u00f3n sobre el Mantel Sagrado de Coria"}]},{"@type":"WebSite","@id":"https:\/\/coria.org\/ayuntamiento\/#website","url":"https:\/\/coria.org\/ayuntamiento\/","name":"Ayuntamiento de Coria","description":"Web oficial del Ayuntamiento de Coria","publisher":{"@id":"https:\/\/coria.org\/ayuntamiento\/#organization"},"alternateName":"Web Oficial del Ayuntamiento de Coria","potentialAction":[{"@type":"SearchAction","target":{"@type":"EntryPoint","urlTemplate":"https:\/\/coria.org\/ayuntamiento\/?s={search_term_string}"},"query-input":{"@type":"PropertyValueSpecification","valueRequired":true,"valueName":"search_term_string"}}],"inLanguage":"es"},{"@type":"Organization","@id":"https:\/\/coria.org\/ayuntamiento\/#organization","name":"Ayuntamiento de Coria","alternateName":"Ayto de Coria","url":"https:\/\/coria.org\/ayuntamiento\/","logo":{"@type":"ImageObject","inLanguage":"es","@id":"https:\/\/coria.org\/ayuntamiento\/#\/schema\/logo\/image\/","url":"https:\/\/coria.org\/ayuntamiento\/wp-content\/uploads\/2020\/12\/escudo-ayuntamiento-coria.png","contentUrl":"https:\/\/coria.org\/ayuntamiento\/wp-content\/uploads\/2020\/12\/escudo-ayuntamiento-coria.png","width":511,"height":240,"caption":"Ayuntamiento de Coria"},"image":{"@id":"https:\/\/coria.org\/ayuntamiento\/#\/schema\/logo\/image\/"},"sameAs":["https:\/\/www.facebook.com\/Ayuntamiento.de.Coria","https:\/\/x.com\/Ayto_de_Coria","https:\/\/www.instagram.com\/coria.ayuntamiento\/","https:\/\/www.youtube.com\/user\/AYUNTAMIENTOCORIA"]},{"@type":"Person","@id":"https:\/\/coria.org\/ayuntamiento\/#\/schema\/person\/8bd589f0e13e8ae5aa06def7a599d622","name":"ayuntamiento","image":{"@type":"ImageObject","inLanguage":"es","@id":"https:\/\/secure.gravatar.com\/avatar\/966e5ed73cad334adda5c87f49f2547f7082f7292c1b627cbb548744383b391c?s=96&d=mm&r=g","url":"https:\/\/secure.gravatar.com\/avatar\/966e5ed73cad334adda5c87f49f2547f7082f7292c1b627cbb548744383b391c?s=96&d=mm&r=g","contentUrl":"https:\/\/secure.gravatar.com\/avatar\/966e5ed73cad334adda5c87f49f2547f7082f7292c1b627cbb548744383b391c?s=96&d=mm&r=g","caption":"ayuntamiento"}}]}},"uagb_featured_image_src":{"full":["https:\/\/coria.org\/ayuntamiento\/wp-content\/uploads\/2021\/02\/20210216_mantelsagrado_coria.jpg",800,580,false],"thumbnail":["https:\/\/coria.org\/ayuntamiento\/wp-content\/uploads\/2021\/02\/20210216_mantelsagrado_coria-150x150.jpg",150,150,true],"medium":["https:\/\/coria.org\/ayuntamiento\/wp-content\/uploads\/2021\/02\/20210216_mantelsagrado_coria-300x218.jpg",300,218,true],"medium_large":["https:\/\/coria.org\/ayuntamiento\/wp-content\/uploads\/2021\/02\/20210216_mantelsagrado_coria-768x557.jpg",768,557,true],"large":["https:\/\/coria.org\/ayuntamiento\/wp-content\/uploads\/2021\/02\/20210216_mantelsagrado_coria.jpg",800,580,false],"thumblist":["https:\/\/coria.org\/ayuntamiento\/wp-content\/uploads\/2021\/02\/20210216_mantelsagrado_coria.jpg",300,218,false],"thumbrelated":["https:\/\/coria.org\/ayuntamiento\/wp-content\/uploads\/2021\/02\/20210216_mantelsagrado_coria.jpg",500,363,false],"meccarouselthumb":["https:\/\/coria.org\/ayuntamiento\/wp-content\/uploads\/2021\/02\/20210216_mantelsagrado_coria.jpg",447,324,false],"gridsquare":["https:\/\/coria.org\/ayuntamiento\/wp-content\/uploads\/2021\/02\/20210216_mantelsagrado_coria.jpg",359,260,false],"tileview":["https:\/\/coria.org\/ayuntamiento\/wp-content\/uploads\/2021\/02\/20210216_mantelsagrado_coria.jpg",300,218,false],"1536x1536":["https:\/\/coria.org\/ayuntamiento\/wp-content\/uploads\/2021\/02\/20210216_mantelsagrado_coria.jpg",800,580,false],"2048x2048":["https:\/\/coria.org\/ayuntamiento\/wp-content\/uploads\/2021\/02\/20210216_mantelsagrado_coria.jpg",800,580,false]},"uagb_author_info":{"display_name":"ayuntamiento","author_link":"https:\/\/coria.org\/ayuntamiento\/index.php\/author\/ayuntamiento\/"},"uagb_comment_info":0,"uagb_excerpt":"El Cabildo de la Catedral de la Di\u00f3cesis de Coria-C\u00e1ceres ha lanzado un nuevo proyecto de difusi\u00f3n de la reliquia del Mantel Sagrado de Coria que incluye una nueva web en varios idiomas, un canal con videos informativos y un documental para televisi\u00f3n con producci\u00f3n internacional. Desde hace unos a\u00f1os, se est\u00e1n realizando estudios arqueol\u00f3gicos&hellip;","_links":{"self":[{"href":"https:\/\/coria.org\/ayuntamiento\/index.php\/wp-json\/wp\/v2\/posts\/23736","targetHints":{"allow":["GET"]}}],"collection":[{"href":"https:\/\/coria.org\/ayuntamiento\/index.php\/wp-json\/wp\/v2\/posts"}],"about":[{"href":"https:\/\/coria.org\/ayuntamiento\/index.php\/wp-json\/wp\/v2\/types\/post"}],"author":[{"embeddable":true,"href":"https:\/\/coria.org\/ayuntamiento\/index.php\/wp-json\/wp\/v2\/users\/2"}],"replies":[{"embeddable":true,"href":"https:\/\/coria.org\/ayuntamiento\/index.php\/wp-json\/wp\/v2\/comments?post=23736"}],"version-history":[{"count":0,"href":"https:\/\/coria.org\/ayuntamiento\/index.php\/wp-json\/wp\/v2\/posts\/23736\/revisions"}],"wp:featuredmedia":[{"embeddable":true,"href":"https:\/\/coria.org\/ayuntamiento\/index.php\/wp-json\/wp\/v2\/media\/38510"}],"wp:attachment":[{"href":"https:\/\/coria.org\/ayuntamiento\/index.php\/wp-json\/wp\/v2\/media?parent=23736"}],"wp:term":[{"taxonomy":"category","embeddable":true,"href":"https:\/\/coria.org\/ayuntamiento\/index.php\/wp-json\/wp\/v2\/categories?post=23736"},{"taxonomy":"post_tag","embeddable":true,"href":"https:\/\/coria.org\/ayuntamiento\/index.php\/wp-json\/wp\/v2\/tags?post=23736"}],"curies":[{"name":"wp","href":"https:\/\/api.w.org\/{rel}","templated":true}]}}