{"id":23734,"date":"2021-02-19T00:00:00","date_gmt":"2021-02-18T23:00:00","guid":{"rendered":"https:\/\/ayuntamiento.coriaenimagenes.com\/el-ayuntamiento-cauriense-solicita-la-escuela-profesional-dual-coria-2021-con-dos-modalidades\/"},"modified":"2023-09-18T12:30:09","modified_gmt":"2023-09-18T10:30:09","slug":"el-ayuntamiento-cauriense-solicita-la-escuela-profesional-dual-coria-2021-con-dos-modalidades","status":"publish","type":"post","link":"https:\/\/coria.org\/ayuntamiento\/index.php\/2021\/02\/19\/el-ayuntamiento-cauriense-solicita-la-escuela-profesional-dual-coria-2021-con-dos-modalidades\/","title":{"rendered":"El Ayuntamiento cauriense solicita la Escuela Profesional Dual Coria 2021 con dos modalidades"},"content":{"rendered":"\n<p><b>El Ayuntamiento de Coria ha solicitado a la Junta de Extremadura obtener la Escuela Profesional Dual Coria 2021 en dos modalidades de Soldadura con Electrodo y Revestido y TIC y Operaciones B\u00e1sicas en el Montaje y Mantenimiento de Instalaciones de Energ\u00edas Renovables. <\/b><\/p>\n\n\n<figure class=\"wp-block-post-featured-image\"><img loading=\"lazy\" decoding=\"async\" width=\"1599\" height=\"1066\" src=\"https:\/\/coria.org\/ayuntamiento\/wp-content\/uploads\/2021\/02\/IMG_0040.jpg\" class=\"attachment-post-thumbnail size-post-thumbnail wp-post-image\" alt=\"\" style=\"object-fit:cover;\" srcset=\"https:\/\/coria.org\/ayuntamiento\/wp-content\/uploads\/2021\/02\/IMG_0040.jpg 1599w, https:\/\/coria.org\/ayuntamiento\/wp-content\/uploads\/2021\/02\/IMG_0040-300x200.jpg 300w, https:\/\/coria.org\/ayuntamiento\/wp-content\/uploads\/2021\/02\/IMG_0040-1024x683.jpg 1024w, https:\/\/coria.org\/ayuntamiento\/wp-content\/uploads\/2021\/02\/IMG_0040-768x512.jpg 768w, https:\/\/coria.org\/ayuntamiento\/wp-content\/uploads\/2021\/02\/IMG_0040-1536x1024.jpg 1536w, https:\/\/coria.org\/ayuntamiento\/wp-content\/uploads\/2021\/02\/IMG_0040-1200x800.jpg 1200w\" sizes=\"auto, (max-width: 1599px) 100vw, 1599px\" \/><\/figure>\n\n\n<p>El objetivo de dicha escuela ser\u00e1 la formaci\u00f3n en ambas especialidades de un total de 30 alumnos, 15 en cada una de ellas e implementar varias actuaciones, obras y\/o servicios en la ciudad de Coria.<\/p>\n\n\n\n<p>Las personas interesadas en participar han de ser mayores de 18 a\u00f1os, estar inscritas en los Centros de Empleo del Servicio Extreme\u00f1o P\u00fablico de Empleo y, como novedad este a\u00f1o, que se encuentren desarrollando o hayan desarrollando en los \u00faltimos doce meses un itinerario individual y personalizado de empleo con el SEXPE o una entidad colaboradora, para aquellos que no lo tengan solo deber\u00e1n acercarse al Departamento de Orientaci\u00f3n del SEXPE, bajo cita previa a trav\u00e9s de whatsapp 644854299 e informarse, seg\u00fan apunta la Orden de 26 de noviembre de 2020, por la que se aprueban las bases reguladoras de la concesi\u00f3n de subvenciones destinadas a la financiaci\u00f3n del Programa de Escuelas Profesionales Duales de Empleo de Extremadura.<\/p>\n\n\n\n<p>Si la solicitud es aceptada finalmente para el Ayuntamiento cauriense, la Escuela Profesional tendr\u00eda como fecha prevista de inicio el 1 de junio 2021 con una duraci\u00f3n de 12 meses.<\/p>\n","protected":false},"excerpt":{"rendered":"<p>El Ayuntamiento de Coria ha solicitado a la Junta de Extremadura obtener la Escuela Profesional Dual Coria 2021 en dos modalidades de Soldadura con Electrodo y Revestido y TIC y Operaciones B\u00e1sicas en el Montaje y Mantenimiento de Instalaciones de Energ\u00edas Renovables. El objetivo de dicha escuela ser\u00e1 la formaci\u00f3n en ambas especialidades de un [&hellip;]<\/p>\n","protected":false},"author":2,"featured_media":38493,"comment_status":"closed","ping_status":"closed","sticky":false,"template":"","format":"standard","meta":{"_uag_custom_page_level_css":"","footnotes":""},"categories":[2],"tags":[3,509,4,1012],"class_list":["post-23734","post","type-post","status-publish","format-standard","has-post-thumbnail","hentry","category-noticias","tag-coria","tag-escuela","tag-extremadura","tag-profesional"],"yoast_head":"<!-- This site is optimized with the Yoast SEO plugin v27.4 - https:\/\/yoast.com\/product\/yoast-seo-wordpress\/ -->\n<title>El Ayuntamiento cauriense solicita la Escuela Profesional Dual Coria 2021 con dos modalidades - Ayuntamiento de Coria<\/title>\n<meta name=\"robots\" content=\"index, follow, max-snippet:-1, max-image-preview:large, max-video-preview:-1\" \/>\n<link rel=\"canonical\" href=\"https:\/\/coria.org\/ayuntamiento\/index.php\/2021\/02\/19\/el-ayuntamiento-cauriense-solicita-la-escuela-profesional-dual-coria-2021-con-dos-modalidades\/\" \/>\n<meta property=\"og:locale\" content=\"es_ES\" \/>\n<meta property=\"og:type\" content=\"article\" \/>\n<meta property=\"og:title\" content=\"El Ayuntamiento cauriense solicita la Escuela Profesional Dual Coria 2021 con dos modalidades - Ayuntamiento de Coria\" \/>\n<meta property=\"og:description\" content=\"El Ayuntamiento de Coria ha solicitado a la Junta de Extremadura obtener la Escuela Profesional Dual Coria 2021 en dos modalidades de Soldadura con Electrodo y Revestido y TIC y Operaciones B\u00e1sicas en el Montaje y Mantenimiento de Instalaciones de Energ\u00edas Renovables. El objetivo de dicha escuela ser\u00e1 la formaci\u00f3n en ambas especialidades de un [&hellip;]\" \/>\n<meta property=\"og:url\" content=\"https:\/\/coria.org\/ayuntamiento\/index.php\/2021\/02\/19\/el-ayuntamiento-cauriense-solicita-la-escuela-profesional-dual-coria-2021-con-dos-modalidades\/\" \/>\n<meta property=\"og:site_name\" content=\"Ayuntamiento de Coria\" \/>\n<meta property=\"article:publisher\" content=\"https:\/\/www.facebook.com\/Ayuntamiento.de.Coria\" \/>\n<meta property=\"article:published_time\" content=\"2021-02-18T23:00:00+00:00\" \/>\n<meta property=\"article:modified_time\" content=\"2023-09-18T10:30:09+00:00\" \/>\n<meta property=\"og:image\" content=\"https:\/\/coria.org\/ayuntamiento\/wp-content\/uploads\/2021\/02\/IMG_0040.jpg\" \/>\n\t<meta property=\"og:image:width\" content=\"1599\" \/>\n\t<meta property=\"og:image:height\" content=\"1066\" \/>\n\t<meta property=\"og:image:type\" content=\"image\/jpeg\" \/>\n<meta name=\"author\" content=\"ayuntamiento\" \/>\n<meta name=\"twitter:card\" content=\"summary_large_image\" \/>\n<meta name=\"twitter:creator\" content=\"@Ayto_de_Coria\" \/>\n<meta name=\"twitter:site\" content=\"@Ayto_de_Coria\" \/>\n<meta name=\"twitter:label1\" content=\"Escrito por\" \/>\n\t<meta name=\"twitter:data1\" content=\"ayuntamiento\" \/>\n\t<meta name=\"twitter:label2\" content=\"Tiempo de lectura\" \/>\n\t<meta name=\"twitter:data2\" content=\"1 minuto\" \/>\n<script type=\"application\/ld+json\" class=\"yoast-schema-graph\">{\"@context\":\"https:\\\/\\\/schema.org\",\"@graph\":[{\"@type\":\"Article\",\"@id\":\"https:\\\/\\\/coria.org\\\/ayuntamiento\\\/index.php\\\/2021\\\/02\\\/19\\\/el-ayuntamiento-cauriense-solicita-la-escuela-profesional-dual-coria-2021-con-dos-modalidades\\\/#article\",\"isPartOf\":{\"@id\":\"https:\\\/\\\/coria.org\\\/ayuntamiento\\\/index.php\\\/2021\\\/02\\\/19\\\/el-ayuntamiento-cauriense-solicita-la-escuela-profesional-dual-coria-2021-con-dos-modalidades\\\/\"},\"author\":{\"name\":\"ayuntamiento\",\"@id\":\"https:\\\/\\\/coria.org\\\/ayuntamiento\\\/#\\\/schema\\\/person\\\/8bd589f0e13e8ae5aa06def7a599d622\"},\"headline\":\"El Ayuntamiento cauriense solicita la Escuela Profesional Dual Coria 2021 con dos modalidades\",\"datePublished\":\"2021-02-18T23:00:00+00:00\",\"dateModified\":\"2023-09-18T10:30:09+00:00\",\"mainEntityOfPage\":{\"@id\":\"https:\\\/\\\/coria.org\\\/ayuntamiento\\\/index.php\\\/2021\\\/02\\\/19\\\/el-ayuntamiento-cauriense-solicita-la-escuela-profesional-dual-coria-2021-con-dos-modalidades\\\/\"},\"wordCount\":243,\"publisher\":{\"@id\":\"https:\\\/\\\/coria.org\\\/ayuntamiento\\\/#organization\"},\"image\":{\"@id\":\"https:\\\/\\\/coria.org\\\/ayuntamiento\\\/index.php\\\/2021\\\/02\\\/19\\\/el-ayuntamiento-cauriense-solicita-la-escuela-profesional-dual-coria-2021-con-dos-modalidades\\\/#primaryimage\"},\"thumbnailUrl\":\"https:\\\/\\\/coria.org\\\/ayuntamiento\\\/wp-content\\\/uploads\\\/2021\\\/02\\\/IMG_0040.jpg\",\"keywords\":[\"coria\",\"escuela\",\"extremadura\",\"profesional\"],\"articleSection\":[\"Noticias\"],\"inLanguage\":\"es\"},{\"@type\":\"WebPage\",\"@id\":\"https:\\\/\\\/coria.org\\\/ayuntamiento\\\/index.php\\\/2021\\\/02\\\/19\\\/el-ayuntamiento-cauriense-solicita-la-escuela-profesional-dual-coria-2021-con-dos-modalidades\\\/\",\"url\":\"https:\\\/\\\/coria.org\\\/ayuntamiento\\\/index.php\\\/2021\\\/02\\\/19\\\/el-ayuntamiento-cauriense-solicita-la-escuela-profesional-dual-coria-2021-con-dos-modalidades\\\/\",\"name\":\"El Ayuntamiento cauriense solicita la Escuela Profesional Dual Coria 2021 con dos modalidades - Ayuntamiento de Coria\",\"isPartOf\":{\"@id\":\"https:\\\/\\\/coria.org\\\/ayuntamiento\\\/#website\"},\"primaryImageOfPage\":{\"@id\":\"https:\\\/\\\/coria.org\\\/ayuntamiento\\\/index.php\\\/2021\\\/02\\\/19\\\/el-ayuntamiento-cauriense-solicita-la-escuela-profesional-dual-coria-2021-con-dos-modalidades\\\/#primaryimage\"},\"image\":{\"@id\":\"https:\\\/\\\/coria.org\\\/ayuntamiento\\\/index.php\\\/2021\\\/02\\\/19\\\/el-ayuntamiento-cauriense-solicita-la-escuela-profesional-dual-coria-2021-con-dos-modalidades\\\/#primaryimage\"},\"thumbnailUrl\":\"https:\\\/\\\/coria.org\\\/ayuntamiento\\\/wp-content\\\/uploads\\\/2021\\\/02\\\/IMG_0040.jpg\",\"datePublished\":\"2021-02-18T23:00:00+00:00\",\"dateModified\":\"2023-09-18T10:30:09+00:00\",\"breadcrumb\":{\"@id\":\"https:\\\/\\\/coria.org\\\/ayuntamiento\\\/index.php\\\/2021\\\/02\\\/19\\\/el-ayuntamiento-cauriense-solicita-la-escuela-profesional-dual-coria-2021-con-dos-modalidades\\\/#breadcrumb\"},\"inLanguage\":\"es\",\"potentialAction\":[{\"@type\":\"ReadAction\",\"target\":[\"https:\\\/\\\/coria.org\\\/ayuntamiento\\\/index.php\\\/2021\\\/02\\\/19\\\/el-ayuntamiento-cauriense-solicita-la-escuela-profesional-dual-coria-2021-con-dos-modalidades\\\/\"]}]},{\"@type\":\"ImageObject\",\"inLanguage\":\"es\",\"@id\":\"https:\\\/\\\/coria.org\\\/ayuntamiento\\\/index.php\\\/2021\\\/02\\\/19\\\/el-ayuntamiento-cauriense-solicita-la-escuela-profesional-dual-coria-2021-con-dos-modalidades\\\/#primaryimage\",\"url\":\"https:\\\/\\\/coria.org\\\/ayuntamiento\\\/wp-content\\\/uploads\\\/2021\\\/02\\\/IMG_0040.jpg\",\"contentUrl\":\"https:\\\/\\\/coria.org\\\/ayuntamiento\\\/wp-content\\\/uploads\\\/2021\\\/02\\\/IMG_0040.jpg\",\"width\":1599,\"height\":1066},{\"@type\":\"BreadcrumbList\",\"@id\":\"https:\\\/\\\/coria.org\\\/ayuntamiento\\\/index.php\\\/2021\\\/02\\\/19\\\/el-ayuntamiento-cauriense-solicita-la-escuela-profesional-dual-coria-2021-con-dos-modalidades\\\/#breadcrumb\",\"itemListElement\":[{\"@type\":\"ListItem\",\"position\":1,\"name\":\"Inicio\",\"item\":\"https:\\\/\\\/coria.org\\\/ayuntamiento\\\/\"},{\"@type\":\"ListItem\",\"position\":2,\"name\":\"El Ayuntamiento cauriense solicita la Escuela Profesional Dual Coria 2021 con dos modalidades\"}]},{\"@type\":\"WebSite\",\"@id\":\"https:\\\/\\\/coria.org\\\/ayuntamiento\\\/#website\",\"url\":\"https:\\\/\\\/coria.org\\\/ayuntamiento\\\/\",\"name\":\"Ayuntamiento de Coria\",\"description\":\"Web oficial del Ayuntamiento de Coria\",\"publisher\":{\"@id\":\"https:\\\/\\\/coria.org\\\/ayuntamiento\\\/#organization\"},\"alternateName\":\"Web Oficial del Ayuntamiento de Coria\",\"potentialAction\":[{\"@type\":\"SearchAction\",\"target\":{\"@type\":\"EntryPoint\",\"urlTemplate\":\"https:\\\/\\\/coria.org\\\/ayuntamiento\\\/?s={search_term_string}\"},\"query-input\":{\"@type\":\"PropertyValueSpecification\",\"valueRequired\":true,\"valueName\":\"search_term_string\"}}],\"inLanguage\":\"es\"},{\"@type\":\"Organization\",\"@id\":\"https:\\\/\\\/coria.org\\\/ayuntamiento\\\/#organization\",\"name\":\"Ayuntamiento de Coria\",\"alternateName\":\"Ayto de Coria\",\"url\":\"https:\\\/\\\/coria.org\\\/ayuntamiento\\\/\",\"logo\":{\"@type\":\"ImageObject\",\"inLanguage\":\"es\",\"@id\":\"https:\\\/\\\/coria.org\\\/ayuntamiento\\\/#\\\/schema\\\/logo\\\/image\\\/\",\"url\":\"https:\\\/\\\/coria.org\\\/ayuntamiento\\\/wp-content\\\/uploads\\\/2020\\\/12\\\/escudo-ayuntamiento-coria.png\",\"contentUrl\":\"https:\\\/\\\/coria.org\\\/ayuntamiento\\\/wp-content\\\/uploads\\\/2020\\\/12\\\/escudo-ayuntamiento-coria.png\",\"width\":511,\"height\":240,\"caption\":\"Ayuntamiento de Coria\"},\"image\":{\"@id\":\"https:\\\/\\\/coria.org\\\/ayuntamiento\\\/#\\\/schema\\\/logo\\\/image\\\/\"},\"sameAs\":[\"https:\\\/\\\/www.facebook.com\\\/Ayuntamiento.de.Coria\",\"https:\\\/\\\/x.com\\\/Ayto_de_Coria\",\"https:\\\/\\\/www.instagram.com\\\/coria.ayuntamiento\\\/\",\"https:\\\/\\\/www.youtube.com\\\/user\\\/AYUNTAMIENTOCORIA\"]},{\"@type\":\"Person\",\"@id\":\"https:\\\/\\\/coria.org\\\/ayuntamiento\\\/#\\\/schema\\\/person\\\/8bd589f0e13e8ae5aa06def7a599d622\",\"name\":\"ayuntamiento\",\"image\":{\"@type\":\"ImageObject\",\"inLanguage\":\"es\",\"@id\":\"https:\\\/\\\/secure.gravatar.com\\\/avatar\\\/966e5ed73cad334adda5c87f49f2547f7082f7292c1b627cbb548744383b391c?s=96&d=mm&r=g\",\"url\":\"https:\\\/\\\/secure.gravatar.com\\\/avatar\\\/966e5ed73cad334adda5c87f49f2547f7082f7292c1b627cbb548744383b391c?s=96&d=mm&r=g\",\"contentUrl\":\"https:\\\/\\\/secure.gravatar.com\\\/avatar\\\/966e5ed73cad334adda5c87f49f2547f7082f7292c1b627cbb548744383b391c?s=96&d=mm&r=g\",\"caption\":\"ayuntamiento\"}}]}<\/script>\n<!-- \/ Yoast SEO plugin. -->","yoast_head_json":{"title":"El Ayuntamiento cauriense solicita la Escuela Profesional Dual Coria 2021 con dos modalidades - Ayuntamiento de Coria","robots":{"index":"index","follow":"follow","max-snippet":"max-snippet:-1","max-image-preview":"max-image-preview:large","max-video-preview":"max-video-preview:-1"},"canonical":"https:\/\/coria.org\/ayuntamiento\/index.php\/2021\/02\/19\/el-ayuntamiento-cauriense-solicita-la-escuela-profesional-dual-coria-2021-con-dos-modalidades\/","og_locale":"es_ES","og_type":"article","og_title":"El Ayuntamiento cauriense solicita la Escuela Profesional Dual Coria 2021 con dos modalidades - Ayuntamiento de Coria","og_description":"El Ayuntamiento de Coria ha solicitado a la Junta de Extremadura obtener la Escuela Profesional Dual Coria 2021 en dos modalidades de Soldadura con Electrodo y Revestido y TIC y Operaciones B\u00e1sicas en el Montaje y Mantenimiento de Instalaciones de Energ\u00edas Renovables. El objetivo de dicha escuela ser\u00e1 la formaci\u00f3n en ambas especialidades de un [&hellip;]","og_url":"https:\/\/coria.org\/ayuntamiento\/index.php\/2021\/02\/19\/el-ayuntamiento-cauriense-solicita-la-escuela-profesional-dual-coria-2021-con-dos-modalidades\/","og_site_name":"Ayuntamiento de Coria","article_publisher":"https:\/\/www.facebook.com\/Ayuntamiento.de.Coria","article_published_time":"2021-02-18T23:00:00+00:00","article_modified_time":"2023-09-18T10:30:09+00:00","og_image":[{"width":1599,"height":1066,"url":"https:\/\/coria.org\/ayuntamiento\/wp-content\/uploads\/2021\/02\/IMG_0040.jpg","type":"image\/jpeg"}],"author":"ayuntamiento","twitter_card":"summary_large_image","twitter_creator":"@Ayto_de_Coria","twitter_site":"@Ayto_de_Coria","twitter_misc":{"Escrito por":"ayuntamiento","Tiempo de lectura":"1 minuto"},"schema":{"@context":"https:\/\/schema.org","@graph":[{"@type":"Article","@id":"https:\/\/coria.org\/ayuntamiento\/index.php\/2021\/02\/19\/el-ayuntamiento-cauriense-solicita-la-escuela-profesional-dual-coria-2021-con-dos-modalidades\/#article","isPartOf":{"@id":"https:\/\/coria.org\/ayuntamiento\/index.php\/2021\/02\/19\/el-ayuntamiento-cauriense-solicita-la-escuela-profesional-dual-coria-2021-con-dos-modalidades\/"},"author":{"name":"ayuntamiento","@id":"https:\/\/coria.org\/ayuntamiento\/#\/schema\/person\/8bd589f0e13e8ae5aa06def7a599d622"},"headline":"El Ayuntamiento cauriense solicita la Escuela Profesional Dual Coria 2021 con dos modalidades","datePublished":"2021-02-18T23:00:00+00:00","dateModified":"2023-09-18T10:30:09+00:00","mainEntityOfPage":{"@id":"https:\/\/coria.org\/ayuntamiento\/index.php\/2021\/02\/19\/el-ayuntamiento-cauriense-solicita-la-escuela-profesional-dual-coria-2021-con-dos-modalidades\/"},"wordCount":243,"publisher":{"@id":"https:\/\/coria.org\/ayuntamiento\/#organization"},"image":{"@id":"https:\/\/coria.org\/ayuntamiento\/index.php\/2021\/02\/19\/el-ayuntamiento-cauriense-solicita-la-escuela-profesional-dual-coria-2021-con-dos-modalidades\/#primaryimage"},"thumbnailUrl":"https:\/\/coria.org\/ayuntamiento\/wp-content\/uploads\/2021\/02\/IMG_0040.jpg","keywords":["coria","escuela","extremadura","profesional"],"articleSection":["Noticias"],"inLanguage":"es"},{"@type":"WebPage","@id":"https:\/\/coria.org\/ayuntamiento\/index.php\/2021\/02\/19\/el-ayuntamiento-cauriense-solicita-la-escuela-profesional-dual-coria-2021-con-dos-modalidades\/","url":"https:\/\/coria.org\/ayuntamiento\/index.php\/2021\/02\/19\/el-ayuntamiento-cauriense-solicita-la-escuela-profesional-dual-coria-2021-con-dos-modalidades\/","name":"El Ayuntamiento cauriense solicita la Escuela Profesional Dual Coria 2021 con dos modalidades - Ayuntamiento de Coria","isPartOf":{"@id":"https:\/\/coria.org\/ayuntamiento\/#website"},"primaryImageOfPage":{"@id":"https:\/\/coria.org\/ayuntamiento\/index.php\/2021\/02\/19\/el-ayuntamiento-cauriense-solicita-la-escuela-profesional-dual-coria-2021-con-dos-modalidades\/#primaryimage"},"image":{"@id":"https:\/\/coria.org\/ayuntamiento\/index.php\/2021\/02\/19\/el-ayuntamiento-cauriense-solicita-la-escuela-profesional-dual-coria-2021-con-dos-modalidades\/#primaryimage"},"thumbnailUrl":"https:\/\/coria.org\/ayuntamiento\/wp-content\/uploads\/2021\/02\/IMG_0040.jpg","datePublished":"2021-02-18T23:00:00+00:00","dateModified":"2023-09-18T10:30:09+00:00","breadcrumb":{"@id":"https:\/\/coria.org\/ayuntamiento\/index.php\/2021\/02\/19\/el-ayuntamiento-cauriense-solicita-la-escuela-profesional-dual-coria-2021-con-dos-modalidades\/#breadcrumb"},"inLanguage":"es","potentialAction":[{"@type":"ReadAction","target":["https:\/\/coria.org\/ayuntamiento\/index.php\/2021\/02\/19\/el-ayuntamiento-cauriense-solicita-la-escuela-profesional-dual-coria-2021-con-dos-modalidades\/"]}]},{"@type":"ImageObject","inLanguage":"es","@id":"https:\/\/coria.org\/ayuntamiento\/index.php\/2021\/02\/19\/el-ayuntamiento-cauriense-solicita-la-escuela-profesional-dual-coria-2021-con-dos-modalidades\/#primaryimage","url":"https:\/\/coria.org\/ayuntamiento\/wp-content\/uploads\/2021\/02\/IMG_0040.jpg","contentUrl":"https:\/\/coria.org\/ayuntamiento\/wp-content\/uploads\/2021\/02\/IMG_0040.jpg","width":1599,"height":1066},{"@type":"BreadcrumbList","@id":"https:\/\/coria.org\/ayuntamiento\/index.php\/2021\/02\/19\/el-ayuntamiento-cauriense-solicita-la-escuela-profesional-dual-coria-2021-con-dos-modalidades\/#breadcrumb","itemListElement":[{"@type":"ListItem","position":1,"name":"Inicio","item":"https:\/\/coria.org\/ayuntamiento\/"},{"@type":"ListItem","position":2,"name":"El Ayuntamiento cauriense solicita la Escuela Profesional Dual Coria 2021 con dos modalidades"}]},{"@type":"WebSite","@id":"https:\/\/coria.org\/ayuntamiento\/#website","url":"https:\/\/coria.org\/ayuntamiento\/","name":"Ayuntamiento de Coria","description":"Web oficial del Ayuntamiento de Coria","publisher":{"@id":"https:\/\/coria.org\/ayuntamiento\/#organization"},"alternateName":"Web Oficial del Ayuntamiento de Coria","potentialAction":[{"@type":"SearchAction","target":{"@type":"EntryPoint","urlTemplate":"https:\/\/coria.org\/ayuntamiento\/?s={search_term_string}"},"query-input":{"@type":"PropertyValueSpecification","valueRequired":true,"valueName":"search_term_string"}}],"inLanguage":"es"},{"@type":"Organization","@id":"https:\/\/coria.org\/ayuntamiento\/#organization","name":"Ayuntamiento de Coria","alternateName":"Ayto de Coria","url":"https:\/\/coria.org\/ayuntamiento\/","logo":{"@type":"ImageObject","inLanguage":"es","@id":"https:\/\/coria.org\/ayuntamiento\/#\/schema\/logo\/image\/","url":"https:\/\/coria.org\/ayuntamiento\/wp-content\/uploads\/2020\/12\/escudo-ayuntamiento-coria.png","contentUrl":"https:\/\/coria.org\/ayuntamiento\/wp-content\/uploads\/2020\/12\/escudo-ayuntamiento-coria.png","width":511,"height":240,"caption":"Ayuntamiento de Coria"},"image":{"@id":"https:\/\/coria.org\/ayuntamiento\/#\/schema\/logo\/image\/"},"sameAs":["https:\/\/www.facebook.com\/Ayuntamiento.de.Coria","https:\/\/x.com\/Ayto_de_Coria","https:\/\/www.instagram.com\/coria.ayuntamiento\/","https:\/\/www.youtube.com\/user\/AYUNTAMIENTOCORIA"]},{"@type":"Person","@id":"https:\/\/coria.org\/ayuntamiento\/#\/schema\/person\/8bd589f0e13e8ae5aa06def7a599d622","name":"ayuntamiento","image":{"@type":"ImageObject","inLanguage":"es","@id":"https:\/\/secure.gravatar.com\/avatar\/966e5ed73cad334adda5c87f49f2547f7082f7292c1b627cbb548744383b391c?s=96&d=mm&r=g","url":"https:\/\/secure.gravatar.com\/avatar\/966e5ed73cad334adda5c87f49f2547f7082f7292c1b627cbb548744383b391c?s=96&d=mm&r=g","contentUrl":"https:\/\/secure.gravatar.com\/avatar\/966e5ed73cad334adda5c87f49f2547f7082f7292c1b627cbb548744383b391c?s=96&d=mm&r=g","caption":"ayuntamiento"}}]}},"uagb_featured_image_src":{"full":["https:\/\/coria.org\/ayuntamiento\/wp-content\/uploads\/2021\/02\/IMG_0040.jpg",1599,1066,false],"thumbnail":["https:\/\/coria.org\/ayuntamiento\/wp-content\/uploads\/2021\/02\/IMG_0040-150x150.jpg",150,150,true],"medium":["https:\/\/coria.org\/ayuntamiento\/wp-content\/uploads\/2021\/02\/IMG_0040-300x200.jpg",300,200,true],"medium_large":["https:\/\/coria.org\/ayuntamiento\/wp-content\/uploads\/2021\/02\/IMG_0040-768x512.jpg",768,512,true],"large":["https:\/\/coria.org\/ayuntamiento\/wp-content\/uploads\/2021\/02\/IMG_0040-1024x683.jpg",1024,683,true],"thumblist":["https:\/\/coria.org\/ayuntamiento\/wp-content\/uploads\/2021\/02\/IMG_0040.jpg",300,200,false],"thumbrelated":["https:\/\/coria.org\/ayuntamiento\/wp-content\/uploads\/2021\/02\/IMG_0040.jpg",500,333,false],"meccarouselthumb":["https:\/\/coria.org\/ayuntamiento\/wp-content\/uploads\/2021\/02\/IMG_0040.jpg",474,316,false],"gridsquare":["https:\/\/coria.org\/ayuntamiento\/wp-content\/uploads\/2021\/02\/IMG_0040.jpg",391,260,false],"tileview":["https:\/\/coria.org\/ayuntamiento\/wp-content\/uploads\/2021\/02\/IMG_0040.jpg",300,200,false],"1536x1536":["https:\/\/coria.org\/ayuntamiento\/wp-content\/uploads\/2021\/02\/IMG_0040-1536x1024.jpg",1536,1024,true],"2048x2048":["https:\/\/coria.org\/ayuntamiento\/wp-content\/uploads\/2021\/02\/IMG_0040.jpg",1599,1066,false]},"uagb_author_info":{"display_name":"ayuntamiento","author_link":"https:\/\/coria.org\/ayuntamiento\/index.php\/author\/ayuntamiento\/"},"uagb_comment_info":0,"uagb_excerpt":"El Ayuntamiento de Coria ha solicitado a la Junta de Extremadura obtener la Escuela Profesional Dual Coria 2021 en dos modalidades de Soldadura con Electrodo y Revestido y TIC y Operaciones B\u00e1sicas en el Montaje y Mantenimiento de Instalaciones de Energ\u00edas Renovables. El objetivo de dicha escuela ser\u00e1 la formaci\u00f3n en ambas especialidades de un&hellip;","_links":{"self":[{"href":"https:\/\/coria.org\/ayuntamiento\/index.php\/wp-json\/wp\/v2\/posts\/23734","targetHints":{"allow":["GET"]}}],"collection":[{"href":"https:\/\/coria.org\/ayuntamiento\/index.php\/wp-json\/wp\/v2\/posts"}],"about":[{"href":"https:\/\/coria.org\/ayuntamiento\/index.php\/wp-json\/wp\/v2\/types\/post"}],"author":[{"embeddable":true,"href":"https:\/\/coria.org\/ayuntamiento\/index.php\/wp-json\/wp\/v2\/users\/2"}],"replies":[{"embeddable":true,"href":"https:\/\/coria.org\/ayuntamiento\/index.php\/wp-json\/wp\/v2\/comments?post=23734"}],"version-history":[{"count":0,"href":"https:\/\/coria.org\/ayuntamiento\/index.php\/wp-json\/wp\/v2\/posts\/23734\/revisions"}],"wp:featuredmedia":[{"embeddable":true,"href":"https:\/\/coria.org\/ayuntamiento\/index.php\/wp-json\/wp\/v2\/media\/38493"}],"wp:attachment":[{"href":"https:\/\/coria.org\/ayuntamiento\/index.php\/wp-json\/wp\/v2\/media?parent=23734"}],"wp:term":[{"taxonomy":"category","embeddable":true,"href":"https:\/\/coria.org\/ayuntamiento\/index.php\/wp-json\/wp\/v2\/categories?post=23734"},{"taxonomy":"post_tag","embeddable":true,"href":"https:\/\/coria.org\/ayuntamiento\/index.php\/wp-json\/wp\/v2\/tags?post=23734"}],"curies":[{"name":"wp","href":"https:\/\/api.w.org\/{rel}","templated":true}]}}