{"id":23705,"date":"2021-03-31T00:00:00","date_gmt":"2021-03-30T22:00:00","guid":{"rendered":"https:\/\/ayuntamiento.coriaenimagenes.com\/los-enseres-no-podran-depositarse-el-dia-1-de-abril-pero-si-los-dias-2-y-4\/"},"modified":"2024-02-20T14:37:55","modified_gmt":"2024-02-20T13:37:55","slug":"los-enseres-no-podran-depositarse-el-dia-1-de-abril-pero-si-los-dias-2-y-4","status":"publish","type":"post","link":"https:\/\/coria.org\/ayuntamiento\/index.php\/2021\/03\/31\/los-enseres-no-podran-depositarse-el-dia-1-de-abril-pero-si-los-dias-2-y-4\/","title":{"rendered":"Los enseres no podr\u00e1n depositarse el d\u00eda 1 de abril pero s\u00ed los d\u00edas 2 y 4"},"content":{"rendered":"\n<p><b>El Ayuntamiento de Coria recuerda que, con motivo de la festividad de Semana Santa, ma\u00f1ana jueves d\u00eda 1 de abril, coincidiendo con el Jueves Santo, queda prohibido depositar enseres en los contenedores de la ciudad.<\/b><\/p>\n\n\n\n<figure class=\"wp-block-image alignleft size-large is-resized\"><img decoding=\"async\" src=\"https:\/\/coria.org\/ayuntamiento\/wp-content\/uploads\/2022\/08\/ENSERES-EN-LA-CALLE.jpg\" alt=\"\" style=\"aspect-ratio:0.891640866873065;width:300px;height:auto\"\/><\/figure>\n\n\n\n<p>Asimismo, <strong>el consistorio informa que, los d\u00edas para el dep\u00f3sito de enseres ser\u00e1n el viernes d\u00eda 2 y el domingo d\u00eda 4 de abril, en horario de tarde, de 19:00 a 23:00 horas.<br><\/strong><br>Cabe recordar que, seg\u00fan la Ordenanza Reguladora N\u00ba1 de la Convivencia de la Ciudad de Coria, en su art\u00edculo 26.h), depositar residuos domiciliarios y asimilables a urbanos sin respetar los horarios establecidos tendr\u00e1n una <strong>sanci\u00f3n leve de multa de hasta 150 euros<\/strong>.<\/p>\n\n\n\n<p>Por tanto, Polic\u00eda Local de Coria llevar\u00e1 un control exhaustivo el d\u00eda 1 de abril para evitar que los contenedores se llenen de enseres. El Ayuntamiento lleva realizando desde hace alg\u00fan tiempo importantes esfuerzos para conseguir una ciudad m\u00e1s limpia, pero todo ello resultar\u00e1 est\u00e9ril si no se cuenta con la colaboraci\u00f3n y buena voluntad de todos los vecinos, por lo que se apela al sentido com\u00fan y a la buena disposici\u00f3n de toda la ciudadan\u00eda para lograr una ciudad m\u00e1s limpia.<\/p>\n","protected":false},"excerpt":{"rendered":"<p>El Ayuntamiento de Coria recuerda que, con motivo de la festividad de Semana Santa, ma\u00f1ana jueves d\u00eda 1 de abril, coincidiendo con el Jueves Santo, queda prohibido depositar enseres en los contenedores de la ciudad. Asimismo, el consistorio informa que, los d\u00edas para el dep\u00f3sito de enseres ser\u00e1n el viernes d\u00eda 2 y el domingo [&hellip;]<\/p>\n","protected":false},"author":2,"featured_media":38391,"comment_status":"closed","ping_status":"closed","sticky":false,"template":"","format":"standard","meta":{"_uag_custom_page_level_css":"","footnotes":""},"categories":[2],"tags":[3,496,4],"class_list":["post-23705","post","type-post","status-publish","format-standard","has-post-thumbnail","hentry","category-noticias","tag-coria","tag-enseres","tag-extremadura"],"yoast_head":"<!-- This site is optimized with the Yoast SEO plugin v27.4 - https:\/\/yoast.com\/product\/yoast-seo-wordpress\/ -->\n<title>Los enseres no podr\u00e1n depositarse el d\u00eda 1 de abril pero s\u00ed los d\u00edas 2 y 4 - Ayuntamiento de Coria<\/title>\n<meta name=\"robots\" content=\"index, follow, max-snippet:-1, max-image-preview:large, max-video-preview:-1\" \/>\n<link rel=\"canonical\" href=\"https:\/\/coria.org\/ayuntamiento\/index.php\/2021\/03\/31\/los-enseres-no-podran-depositarse-el-dia-1-de-abril-pero-si-los-dias-2-y-4\/\" \/>\n<meta property=\"og:locale\" content=\"es_ES\" \/>\n<meta property=\"og:type\" content=\"article\" \/>\n<meta property=\"og:title\" content=\"Los enseres no podr\u00e1n depositarse el d\u00eda 1 de abril pero s\u00ed los d\u00edas 2 y 4 - Ayuntamiento de Coria\" \/>\n<meta property=\"og:description\" content=\"El Ayuntamiento de Coria recuerda que, con motivo de la festividad de Semana Santa, ma\u00f1ana jueves d\u00eda 1 de abril, coincidiendo con el Jueves Santo, queda prohibido depositar enseres en los contenedores de la ciudad. Asimismo, el consistorio informa que, los d\u00edas para el dep\u00f3sito de enseres ser\u00e1n el viernes d\u00eda 2 y el domingo [&hellip;]\" \/>\n<meta property=\"og:url\" content=\"https:\/\/coria.org\/ayuntamiento\/index.php\/2021\/03\/31\/los-enseres-no-podran-depositarse-el-dia-1-de-abril-pero-si-los-dias-2-y-4\/\" \/>\n<meta property=\"og:site_name\" content=\"Ayuntamiento de Coria\" \/>\n<meta property=\"article:publisher\" content=\"https:\/\/www.facebook.com\/Ayuntamiento.de.Coria\" \/>\n<meta property=\"article:published_time\" content=\"2021-03-30T22:00:00+00:00\" \/>\n<meta property=\"article:modified_time\" content=\"2024-02-20T13:37:55+00:00\" \/>\n<meta property=\"og:image\" content=\"https:\/\/coria.org\/ayuntamiento\/wp-content\/uploads\/2022\/08\/ENSERES-EN-LA-CALLE.jpg\" \/>\n\t<meta property=\"og:image:width\" content=\"768\" \/>\n\t<meta property=\"og:image:height\" content=\"861\" \/>\n\t<meta property=\"og:image:type\" content=\"image\/jpeg\" \/>\n<meta name=\"author\" content=\"ayuntamiento\" \/>\n<meta name=\"twitter:card\" content=\"summary_large_image\" \/>\n<meta name=\"twitter:creator\" content=\"@Ayto_de_Coria\" \/>\n<meta name=\"twitter:site\" content=\"@Ayto_de_Coria\" \/>\n<meta name=\"twitter:label1\" content=\"Escrito por\" \/>\n\t<meta name=\"twitter:data1\" content=\"ayuntamiento\" \/>\n\t<meta name=\"twitter:label2\" content=\"Tiempo de lectura\" \/>\n\t<meta name=\"twitter:data2\" content=\"1 minuto\" \/>\n<script type=\"application\/ld+json\" class=\"yoast-schema-graph\">{\"@context\":\"https:\\\/\\\/schema.org\",\"@graph\":[{\"@type\":\"Article\",\"@id\":\"https:\\\/\\\/coria.org\\\/ayuntamiento\\\/index.php\\\/2021\\\/03\\\/31\\\/los-enseres-no-podran-depositarse-el-dia-1-de-abril-pero-si-los-dias-2-y-4\\\/#article\",\"isPartOf\":{\"@id\":\"https:\\\/\\\/coria.org\\\/ayuntamiento\\\/index.php\\\/2021\\\/03\\\/31\\\/los-enseres-no-podran-depositarse-el-dia-1-de-abril-pero-si-los-dias-2-y-4\\\/\"},\"author\":{\"name\":\"ayuntamiento\",\"@id\":\"https:\\\/\\\/coria.org\\\/ayuntamiento\\\/#\\\/schema\\\/person\\\/8bd589f0e13e8ae5aa06def7a599d622\"},\"headline\":\"Los enseres no podr\u00e1n depositarse el d\u00eda 1 de abril pero s\u00ed los d\u00edas 2 y 4\",\"datePublished\":\"2021-03-30T22:00:00+00:00\",\"dateModified\":\"2024-02-20T13:37:55+00:00\",\"mainEntityOfPage\":{\"@id\":\"https:\\\/\\\/coria.org\\\/ayuntamiento\\\/index.php\\\/2021\\\/03\\\/31\\\/los-enseres-no-podran-depositarse-el-dia-1-de-abril-pero-si-los-dias-2-y-4\\\/\"},\"wordCount\":223,\"publisher\":{\"@id\":\"https:\\\/\\\/coria.org\\\/ayuntamiento\\\/#organization\"},\"image\":{\"@id\":\"https:\\\/\\\/coria.org\\\/ayuntamiento\\\/index.php\\\/2021\\\/03\\\/31\\\/los-enseres-no-podran-depositarse-el-dia-1-de-abril-pero-si-los-dias-2-y-4\\\/#primaryimage\"},\"thumbnailUrl\":\"https:\\\/\\\/coria.org\\\/ayuntamiento\\\/wp-content\\\/uploads\\\/2022\\\/08\\\/ENSERES-EN-LA-CALLE.jpg\",\"keywords\":[\"coria\",\"enseres\",\"extremadura\"],\"articleSection\":[\"Noticias\"],\"inLanguage\":\"es\"},{\"@type\":\"WebPage\",\"@id\":\"https:\\\/\\\/coria.org\\\/ayuntamiento\\\/index.php\\\/2021\\\/03\\\/31\\\/los-enseres-no-podran-depositarse-el-dia-1-de-abril-pero-si-los-dias-2-y-4\\\/\",\"url\":\"https:\\\/\\\/coria.org\\\/ayuntamiento\\\/index.php\\\/2021\\\/03\\\/31\\\/los-enseres-no-podran-depositarse-el-dia-1-de-abril-pero-si-los-dias-2-y-4\\\/\",\"name\":\"Los enseres no podr\u00e1n depositarse el d\u00eda 1 de abril pero s\u00ed los d\u00edas 2 y 4 - Ayuntamiento de Coria\",\"isPartOf\":{\"@id\":\"https:\\\/\\\/coria.org\\\/ayuntamiento\\\/#website\"},\"primaryImageOfPage\":{\"@id\":\"https:\\\/\\\/coria.org\\\/ayuntamiento\\\/index.php\\\/2021\\\/03\\\/31\\\/los-enseres-no-podran-depositarse-el-dia-1-de-abril-pero-si-los-dias-2-y-4\\\/#primaryimage\"},\"image\":{\"@id\":\"https:\\\/\\\/coria.org\\\/ayuntamiento\\\/index.php\\\/2021\\\/03\\\/31\\\/los-enseres-no-podran-depositarse-el-dia-1-de-abril-pero-si-los-dias-2-y-4\\\/#primaryimage\"},\"thumbnailUrl\":\"https:\\\/\\\/coria.org\\\/ayuntamiento\\\/wp-content\\\/uploads\\\/2022\\\/08\\\/ENSERES-EN-LA-CALLE.jpg\",\"datePublished\":\"2021-03-30T22:00:00+00:00\",\"dateModified\":\"2024-02-20T13:37:55+00:00\",\"breadcrumb\":{\"@id\":\"https:\\\/\\\/coria.org\\\/ayuntamiento\\\/index.php\\\/2021\\\/03\\\/31\\\/los-enseres-no-podran-depositarse-el-dia-1-de-abril-pero-si-los-dias-2-y-4\\\/#breadcrumb\"},\"inLanguage\":\"es\",\"potentialAction\":[{\"@type\":\"ReadAction\",\"target\":[\"https:\\\/\\\/coria.org\\\/ayuntamiento\\\/index.php\\\/2021\\\/03\\\/31\\\/los-enseres-no-podran-depositarse-el-dia-1-de-abril-pero-si-los-dias-2-y-4\\\/\"]}]},{\"@type\":\"ImageObject\",\"inLanguage\":\"es\",\"@id\":\"https:\\\/\\\/coria.org\\\/ayuntamiento\\\/index.php\\\/2021\\\/03\\\/31\\\/los-enseres-no-podran-depositarse-el-dia-1-de-abril-pero-si-los-dias-2-y-4\\\/#primaryimage\",\"url\":\"https:\\\/\\\/coria.org\\\/ayuntamiento\\\/wp-content\\\/uploads\\\/2022\\\/08\\\/ENSERES-EN-LA-CALLE.jpg\",\"contentUrl\":\"https:\\\/\\\/coria.org\\\/ayuntamiento\\\/wp-content\\\/uploads\\\/2022\\\/08\\\/ENSERES-EN-LA-CALLE.jpg\",\"width\":768,\"height\":861},{\"@type\":\"BreadcrumbList\",\"@id\":\"https:\\\/\\\/coria.org\\\/ayuntamiento\\\/index.php\\\/2021\\\/03\\\/31\\\/los-enseres-no-podran-depositarse-el-dia-1-de-abril-pero-si-los-dias-2-y-4\\\/#breadcrumb\",\"itemListElement\":[{\"@type\":\"ListItem\",\"position\":1,\"name\":\"Inicio\",\"item\":\"https:\\\/\\\/coria.org\\\/ayuntamiento\\\/\"},{\"@type\":\"ListItem\",\"position\":2,\"name\":\"Los enseres no podr\u00e1n depositarse el d\u00eda 1 de abril pero s\u00ed los d\u00edas 2 y 4\"}]},{\"@type\":\"WebSite\",\"@id\":\"https:\\\/\\\/coria.org\\\/ayuntamiento\\\/#website\",\"url\":\"https:\\\/\\\/coria.org\\\/ayuntamiento\\\/\",\"name\":\"Ayuntamiento de Coria\",\"description\":\"Web oficial del Ayuntamiento de Coria\",\"publisher\":{\"@id\":\"https:\\\/\\\/coria.org\\\/ayuntamiento\\\/#organization\"},\"alternateName\":\"Web Oficial del Ayuntamiento de Coria\",\"potentialAction\":[{\"@type\":\"SearchAction\",\"target\":{\"@type\":\"EntryPoint\",\"urlTemplate\":\"https:\\\/\\\/coria.org\\\/ayuntamiento\\\/?s={search_term_string}\"},\"query-input\":{\"@type\":\"PropertyValueSpecification\",\"valueRequired\":true,\"valueName\":\"search_term_string\"}}],\"inLanguage\":\"es\"},{\"@type\":\"Organization\",\"@id\":\"https:\\\/\\\/coria.org\\\/ayuntamiento\\\/#organization\",\"name\":\"Ayuntamiento de Coria\",\"alternateName\":\"Ayto de Coria\",\"url\":\"https:\\\/\\\/coria.org\\\/ayuntamiento\\\/\",\"logo\":{\"@type\":\"ImageObject\",\"inLanguage\":\"es\",\"@id\":\"https:\\\/\\\/coria.org\\\/ayuntamiento\\\/#\\\/schema\\\/logo\\\/image\\\/\",\"url\":\"https:\\\/\\\/coria.org\\\/ayuntamiento\\\/wp-content\\\/uploads\\\/2020\\\/12\\\/escudo-ayuntamiento-coria.png\",\"contentUrl\":\"https:\\\/\\\/coria.org\\\/ayuntamiento\\\/wp-content\\\/uploads\\\/2020\\\/12\\\/escudo-ayuntamiento-coria.png\",\"width\":511,\"height\":240,\"caption\":\"Ayuntamiento de Coria\"},\"image\":{\"@id\":\"https:\\\/\\\/coria.org\\\/ayuntamiento\\\/#\\\/schema\\\/logo\\\/image\\\/\"},\"sameAs\":[\"https:\\\/\\\/www.facebook.com\\\/Ayuntamiento.de.Coria\",\"https:\\\/\\\/x.com\\\/Ayto_de_Coria\",\"https:\\\/\\\/www.instagram.com\\\/coria.ayuntamiento\\\/\",\"https:\\\/\\\/www.youtube.com\\\/user\\\/AYUNTAMIENTOCORIA\"]},{\"@type\":\"Person\",\"@id\":\"https:\\\/\\\/coria.org\\\/ayuntamiento\\\/#\\\/schema\\\/person\\\/8bd589f0e13e8ae5aa06def7a599d622\",\"name\":\"ayuntamiento\",\"image\":{\"@type\":\"ImageObject\",\"inLanguage\":\"es\",\"@id\":\"https:\\\/\\\/secure.gravatar.com\\\/avatar\\\/966e5ed73cad334adda5c87f49f2547f7082f7292c1b627cbb548744383b391c?s=96&d=mm&r=g\",\"url\":\"https:\\\/\\\/secure.gravatar.com\\\/avatar\\\/966e5ed73cad334adda5c87f49f2547f7082f7292c1b627cbb548744383b391c?s=96&d=mm&r=g\",\"contentUrl\":\"https:\\\/\\\/secure.gravatar.com\\\/avatar\\\/966e5ed73cad334adda5c87f49f2547f7082f7292c1b627cbb548744383b391c?s=96&d=mm&r=g\",\"caption\":\"ayuntamiento\"}}]}<\/script>\n<!-- \/ Yoast SEO plugin. -->","yoast_head_json":{"title":"Los enseres no podr\u00e1n depositarse el d\u00eda 1 de abril pero s\u00ed los d\u00edas 2 y 4 - Ayuntamiento de Coria","robots":{"index":"index","follow":"follow","max-snippet":"max-snippet:-1","max-image-preview":"max-image-preview:large","max-video-preview":"max-video-preview:-1"},"canonical":"https:\/\/coria.org\/ayuntamiento\/index.php\/2021\/03\/31\/los-enseres-no-podran-depositarse-el-dia-1-de-abril-pero-si-los-dias-2-y-4\/","og_locale":"es_ES","og_type":"article","og_title":"Los enseres no podr\u00e1n depositarse el d\u00eda 1 de abril pero s\u00ed los d\u00edas 2 y 4 - Ayuntamiento de Coria","og_description":"El Ayuntamiento de Coria recuerda que, con motivo de la festividad de Semana Santa, ma\u00f1ana jueves d\u00eda 1 de abril, coincidiendo con el Jueves Santo, queda prohibido depositar enseres en los contenedores de la ciudad. Asimismo, el consistorio informa que, los d\u00edas para el dep\u00f3sito de enseres ser\u00e1n el viernes d\u00eda 2 y el domingo [&hellip;]","og_url":"https:\/\/coria.org\/ayuntamiento\/index.php\/2021\/03\/31\/los-enseres-no-podran-depositarse-el-dia-1-de-abril-pero-si-los-dias-2-y-4\/","og_site_name":"Ayuntamiento de Coria","article_publisher":"https:\/\/www.facebook.com\/Ayuntamiento.de.Coria","article_published_time":"2021-03-30T22:00:00+00:00","article_modified_time":"2024-02-20T13:37:55+00:00","og_image":[{"width":768,"height":861,"url":"https:\/\/coria.org\/ayuntamiento\/wp-content\/uploads\/2022\/08\/ENSERES-EN-LA-CALLE.jpg","type":"image\/jpeg"}],"author":"ayuntamiento","twitter_card":"summary_large_image","twitter_creator":"@Ayto_de_Coria","twitter_site":"@Ayto_de_Coria","twitter_misc":{"Escrito por":"ayuntamiento","Tiempo de lectura":"1 minuto"},"schema":{"@context":"https:\/\/schema.org","@graph":[{"@type":"Article","@id":"https:\/\/coria.org\/ayuntamiento\/index.php\/2021\/03\/31\/los-enseres-no-podran-depositarse-el-dia-1-de-abril-pero-si-los-dias-2-y-4\/#article","isPartOf":{"@id":"https:\/\/coria.org\/ayuntamiento\/index.php\/2021\/03\/31\/los-enseres-no-podran-depositarse-el-dia-1-de-abril-pero-si-los-dias-2-y-4\/"},"author":{"name":"ayuntamiento","@id":"https:\/\/coria.org\/ayuntamiento\/#\/schema\/person\/8bd589f0e13e8ae5aa06def7a599d622"},"headline":"Los enseres no podr\u00e1n depositarse el d\u00eda 1 de abril pero s\u00ed los d\u00edas 2 y 4","datePublished":"2021-03-30T22:00:00+00:00","dateModified":"2024-02-20T13:37:55+00:00","mainEntityOfPage":{"@id":"https:\/\/coria.org\/ayuntamiento\/index.php\/2021\/03\/31\/los-enseres-no-podran-depositarse-el-dia-1-de-abril-pero-si-los-dias-2-y-4\/"},"wordCount":223,"publisher":{"@id":"https:\/\/coria.org\/ayuntamiento\/#organization"},"image":{"@id":"https:\/\/coria.org\/ayuntamiento\/index.php\/2021\/03\/31\/los-enseres-no-podran-depositarse-el-dia-1-de-abril-pero-si-los-dias-2-y-4\/#primaryimage"},"thumbnailUrl":"https:\/\/coria.org\/ayuntamiento\/wp-content\/uploads\/2022\/08\/ENSERES-EN-LA-CALLE.jpg","keywords":["coria","enseres","extremadura"],"articleSection":["Noticias"],"inLanguage":"es"},{"@type":"WebPage","@id":"https:\/\/coria.org\/ayuntamiento\/index.php\/2021\/03\/31\/los-enseres-no-podran-depositarse-el-dia-1-de-abril-pero-si-los-dias-2-y-4\/","url":"https:\/\/coria.org\/ayuntamiento\/index.php\/2021\/03\/31\/los-enseres-no-podran-depositarse-el-dia-1-de-abril-pero-si-los-dias-2-y-4\/","name":"Los enseres no podr\u00e1n depositarse el d\u00eda 1 de abril pero s\u00ed los d\u00edas 2 y 4 - Ayuntamiento de Coria","isPartOf":{"@id":"https:\/\/coria.org\/ayuntamiento\/#website"},"primaryImageOfPage":{"@id":"https:\/\/coria.org\/ayuntamiento\/index.php\/2021\/03\/31\/los-enseres-no-podran-depositarse-el-dia-1-de-abril-pero-si-los-dias-2-y-4\/#primaryimage"},"image":{"@id":"https:\/\/coria.org\/ayuntamiento\/index.php\/2021\/03\/31\/los-enseres-no-podran-depositarse-el-dia-1-de-abril-pero-si-los-dias-2-y-4\/#primaryimage"},"thumbnailUrl":"https:\/\/coria.org\/ayuntamiento\/wp-content\/uploads\/2022\/08\/ENSERES-EN-LA-CALLE.jpg","datePublished":"2021-03-30T22:00:00+00:00","dateModified":"2024-02-20T13:37:55+00:00","breadcrumb":{"@id":"https:\/\/coria.org\/ayuntamiento\/index.php\/2021\/03\/31\/los-enseres-no-podran-depositarse-el-dia-1-de-abril-pero-si-los-dias-2-y-4\/#breadcrumb"},"inLanguage":"es","potentialAction":[{"@type":"ReadAction","target":["https:\/\/coria.org\/ayuntamiento\/index.php\/2021\/03\/31\/los-enseres-no-podran-depositarse-el-dia-1-de-abril-pero-si-los-dias-2-y-4\/"]}]},{"@type":"ImageObject","inLanguage":"es","@id":"https:\/\/coria.org\/ayuntamiento\/index.php\/2021\/03\/31\/los-enseres-no-podran-depositarse-el-dia-1-de-abril-pero-si-los-dias-2-y-4\/#primaryimage","url":"https:\/\/coria.org\/ayuntamiento\/wp-content\/uploads\/2022\/08\/ENSERES-EN-LA-CALLE.jpg","contentUrl":"https:\/\/coria.org\/ayuntamiento\/wp-content\/uploads\/2022\/08\/ENSERES-EN-LA-CALLE.jpg","width":768,"height":861},{"@type":"BreadcrumbList","@id":"https:\/\/coria.org\/ayuntamiento\/index.php\/2021\/03\/31\/los-enseres-no-podran-depositarse-el-dia-1-de-abril-pero-si-los-dias-2-y-4\/#breadcrumb","itemListElement":[{"@type":"ListItem","position":1,"name":"Inicio","item":"https:\/\/coria.org\/ayuntamiento\/"},{"@type":"ListItem","position":2,"name":"Los enseres no podr\u00e1n depositarse el d\u00eda 1 de abril pero s\u00ed los d\u00edas 2 y 4"}]},{"@type":"WebSite","@id":"https:\/\/coria.org\/ayuntamiento\/#website","url":"https:\/\/coria.org\/ayuntamiento\/","name":"Ayuntamiento de Coria","description":"Web oficial del Ayuntamiento de Coria","publisher":{"@id":"https:\/\/coria.org\/ayuntamiento\/#organization"},"alternateName":"Web Oficial del Ayuntamiento de Coria","potentialAction":[{"@type":"SearchAction","target":{"@type":"EntryPoint","urlTemplate":"https:\/\/coria.org\/ayuntamiento\/?s={search_term_string}"},"query-input":{"@type":"PropertyValueSpecification","valueRequired":true,"valueName":"search_term_string"}}],"inLanguage":"es"},{"@type":"Organization","@id":"https:\/\/coria.org\/ayuntamiento\/#organization","name":"Ayuntamiento de Coria","alternateName":"Ayto de Coria","url":"https:\/\/coria.org\/ayuntamiento\/","logo":{"@type":"ImageObject","inLanguage":"es","@id":"https:\/\/coria.org\/ayuntamiento\/#\/schema\/logo\/image\/","url":"https:\/\/coria.org\/ayuntamiento\/wp-content\/uploads\/2020\/12\/escudo-ayuntamiento-coria.png","contentUrl":"https:\/\/coria.org\/ayuntamiento\/wp-content\/uploads\/2020\/12\/escudo-ayuntamiento-coria.png","width":511,"height":240,"caption":"Ayuntamiento de Coria"},"image":{"@id":"https:\/\/coria.org\/ayuntamiento\/#\/schema\/logo\/image\/"},"sameAs":["https:\/\/www.facebook.com\/Ayuntamiento.de.Coria","https:\/\/x.com\/Ayto_de_Coria","https:\/\/www.instagram.com\/coria.ayuntamiento\/","https:\/\/www.youtube.com\/user\/AYUNTAMIENTOCORIA"]},{"@type":"Person","@id":"https:\/\/coria.org\/ayuntamiento\/#\/schema\/person\/8bd589f0e13e8ae5aa06def7a599d622","name":"ayuntamiento","image":{"@type":"ImageObject","inLanguage":"es","@id":"https:\/\/secure.gravatar.com\/avatar\/966e5ed73cad334adda5c87f49f2547f7082f7292c1b627cbb548744383b391c?s=96&d=mm&r=g","url":"https:\/\/secure.gravatar.com\/avatar\/966e5ed73cad334adda5c87f49f2547f7082f7292c1b627cbb548744383b391c?s=96&d=mm&r=g","contentUrl":"https:\/\/secure.gravatar.com\/avatar\/966e5ed73cad334adda5c87f49f2547f7082f7292c1b627cbb548744383b391c?s=96&d=mm&r=g","caption":"ayuntamiento"}}]}},"uagb_featured_image_src":{"full":["https:\/\/coria.org\/ayuntamiento\/wp-content\/uploads\/2022\/08\/ENSERES-EN-LA-CALLE.jpg",768,861,false],"thumbnail":["https:\/\/coria.org\/ayuntamiento\/wp-content\/uploads\/2022\/08\/ENSERES-EN-LA-CALLE-150x150.jpg",150,150,true],"medium":["https:\/\/coria.org\/ayuntamiento\/wp-content\/uploads\/2022\/08\/ENSERES-EN-LA-CALLE-268x300.jpg",268,300,true],"medium_large":["https:\/\/coria.org\/ayuntamiento\/wp-content\/uploads\/2022\/08\/ENSERES-EN-LA-CALLE.jpg",768,861,false],"large":["https:\/\/coria.org\/ayuntamiento\/wp-content\/uploads\/2022\/08\/ENSERES-EN-LA-CALLE.jpg",768,861,false],"thumblist":["https:\/\/coria.org\/ayuntamiento\/wp-content\/uploads\/2022\/08\/ENSERES-EN-LA-CALLE.jpg",268,300,false],"thumbrelated":["https:\/\/coria.org\/ayuntamiento\/wp-content\/uploads\/2022\/08\/ENSERES-EN-LA-CALLE.jpg",446,500,false],"meccarouselthumb":["https:\/\/coria.org\/ayuntamiento\/wp-content\/uploads\/2022\/08\/ENSERES-EN-LA-CALLE.jpg",289,324,false],"gridsquare":["https:\/\/coria.org\/ayuntamiento\/wp-content\/uploads\/2022\/08\/ENSERES-EN-LA-CALLE.jpg",232,260,false],"tileview":["https:\/\/coria.org\/ayuntamiento\/wp-content\/uploads\/2022\/08\/ENSERES-EN-LA-CALLE.jpg",300,336,false],"1536x1536":["https:\/\/coria.org\/ayuntamiento\/wp-content\/uploads\/2022\/08\/ENSERES-EN-LA-CALLE.jpg",768,861,false],"2048x2048":["https:\/\/coria.org\/ayuntamiento\/wp-content\/uploads\/2022\/08\/ENSERES-EN-LA-CALLE.jpg",768,861,false]},"uagb_author_info":{"display_name":"ayuntamiento","author_link":"https:\/\/coria.org\/ayuntamiento\/index.php\/author\/ayuntamiento\/"},"uagb_comment_info":0,"uagb_excerpt":"El Ayuntamiento de Coria recuerda que, con motivo de la festividad de Semana Santa, ma\u00f1ana jueves d\u00eda 1 de abril, coincidiendo con el Jueves Santo, queda prohibido depositar enseres en los contenedores de la ciudad. Asimismo, el consistorio informa que, los d\u00edas para el dep\u00f3sito de enseres ser\u00e1n el viernes d\u00eda 2 y el domingo&hellip;","_links":{"self":[{"href":"https:\/\/coria.org\/ayuntamiento\/index.php\/wp-json\/wp\/v2\/posts\/23705","targetHints":{"allow":["GET"]}}],"collection":[{"href":"https:\/\/coria.org\/ayuntamiento\/index.php\/wp-json\/wp\/v2\/posts"}],"about":[{"href":"https:\/\/coria.org\/ayuntamiento\/index.php\/wp-json\/wp\/v2\/types\/post"}],"author":[{"embeddable":true,"href":"https:\/\/coria.org\/ayuntamiento\/index.php\/wp-json\/wp\/v2\/users\/2"}],"replies":[{"embeddable":true,"href":"https:\/\/coria.org\/ayuntamiento\/index.php\/wp-json\/wp\/v2\/comments?post=23705"}],"version-history":[{"count":0,"href":"https:\/\/coria.org\/ayuntamiento\/index.php\/wp-json\/wp\/v2\/posts\/23705\/revisions"}],"wp:featuredmedia":[{"embeddable":true,"href":"https:\/\/coria.org\/ayuntamiento\/index.php\/wp-json\/wp\/v2\/media\/38391"}],"wp:attachment":[{"href":"https:\/\/coria.org\/ayuntamiento\/index.php\/wp-json\/wp\/v2\/media?parent=23705"}],"wp:term":[{"taxonomy":"category","embeddable":true,"href":"https:\/\/coria.org\/ayuntamiento\/index.php\/wp-json\/wp\/v2\/categories?post=23705"},{"taxonomy":"post_tag","embeddable":true,"href":"https:\/\/coria.org\/ayuntamiento\/index.php\/wp-json\/wp\/v2\/tags?post=23705"}],"curies":[{"name":"wp","href":"https:\/\/api.w.org\/{rel}","templated":true}]}}