{"id":23696,"date":"2021-04-15T00:00:00","date_gmt":"2021-04-14T22:00:00","guid":{"rendered":"https:\/\/ayuntamiento.coriaenimagenes.com\/el-ayuntamiento-suma-dos-nuevos-agentes-a-la-plantilla-de-la-policia-local-de-coria\/"},"modified":"2023-09-18T12:30:03","modified_gmt":"2023-09-18T10:30:03","slug":"el-ayuntamiento-suma-dos-nuevos-agentes-a-la-plantilla-de-la-policia-local-de-coria","status":"publish","type":"post","link":"https:\/\/coria.org\/ayuntamiento\/index.php\/2021\/04\/15\/el-ayuntamiento-suma-dos-nuevos-agentes-a-la-plantilla-de-la-policia-local-de-coria\/","title":{"rendered":"El Ayuntamiento suma dos nuevos agentes a la plantilla de la Polic\u00eda Local de Coria"},"content":{"rendered":"\n<p><b>Este jueves 15 de abril el cuerpo de Polic\u00eda Local ha celebrado la toma de posesi\u00f3n de sus dos nuevos agentes, C\u00e9sar Miguel Herrero Cotrina y Daniel Barruecos S\u00e1nchez durante un acto, que ha tenido lugar en el Ayuntamiento de Coria, presidido por el Alcalde de la Ciudad, Jos\u00e9 Manuel Garc\u00eda Ballestero y el Jefe de la Polic\u00eda Local, Javier Cuenca Iglesias.<\/b><\/p>\n\n\n<figure class=\"wp-block-post-featured-image\"><img loading=\"lazy\" decoding=\"async\" width=\"2560\" height=\"1920\" src=\"https:\/\/coria.org\/ayuntamiento\/wp-content\/uploads\/2021\/04\/TOMA-DE-POSESION-POLICIAS-scaled-1.jpg\" class=\"attachment-post-thumbnail size-post-thumbnail wp-post-image\" alt=\"\" style=\"object-fit:cover;\" srcset=\"https:\/\/coria.org\/ayuntamiento\/wp-content\/uploads\/2021\/04\/TOMA-DE-POSESION-POLICIAS-scaled-1.jpg 2560w, https:\/\/coria.org\/ayuntamiento\/wp-content\/uploads\/2021\/04\/TOMA-DE-POSESION-POLICIAS-scaled-1-300x225.jpg 300w, https:\/\/coria.org\/ayuntamiento\/wp-content\/uploads\/2021\/04\/TOMA-DE-POSESION-POLICIAS-scaled-1-1024x768.jpg 1024w, https:\/\/coria.org\/ayuntamiento\/wp-content\/uploads\/2021\/04\/TOMA-DE-POSESION-POLICIAS-scaled-1-768x576.jpg 768w, https:\/\/coria.org\/ayuntamiento\/wp-content\/uploads\/2021\/04\/TOMA-DE-POSESION-POLICIAS-scaled-1-1536x1152.jpg 1536w, https:\/\/coria.org\/ayuntamiento\/wp-content\/uploads\/2021\/04\/TOMA-DE-POSESION-POLICIAS-scaled-1-2048x1536.jpg 2048w\" sizes=\"auto, (max-width: 2560px) 100vw, 2560px\" \/><\/figure>\n\n\n<p>Estos dos agentes se suman a los dos que ya tomaron posesi\u00f3n de su cargo hace unos meses tras superar las pruebas del proceso selectivo durante 2020 para la provisi\u00f3n de cuatro plazas de Agentes de la polic\u00eda Local, por el sistema de oposici\u00f3n libre, de la plantilla de funcionarios de este Ayuntamiento.<\/p>\n\n\n\n<p>Los Agentes que hoy han tomado posesi\u00f3n de su cargo han superado el XXX Curso Selectivo de Formaci\u00f3n de la Polic\u00eda Local de Extremadura, celebrado en la Academia de Seguridad P\u00fablica de Extremadura, por lo que, la Alcald\u00eda le ha otorgado hoy el nombramiento como funcionarios de carrera en la categor\u00eda de Agentes de la Polic\u00eda Local, pertenecientes a la Escala de Administraci\u00f3n Especial, Subescala de Servicios Especiales, perteneciente al grupo C1.<\/p>\n\n\n\n<p>La plantilla de la Polic\u00eda Local de Coria cuenta desde hoy con 18 agentes que seguir\u00e1n prestando servicio activo en la localidad para seguir velando por la seguridad de todos los vecinos.<\/p>\n\n\n\n<p>Aprovechando la ocasi\u00f3n, el Alcalde ha tenido palabras de reconocimiento para los dos nuevos agentes y ha asegurado que realizar\u00e1n un gran trabajo junto al equipo de polic\u00edas que componen la comisar\u00eda de Coria. Tambi\u00e9n ha destacado la gran labor y el gran esfuerzo diario por parte de todos los agentes en estos tiempos tan dif\u00edciles que nos ha tocado vivir.<\/p>\n\n\n\n<p>En el acto de posesi\u00f3n los nuevos agentes han estado acompa\u00f1ados por sus familiares en un momento tan especial en una nueva etapa laboral de ambos que comienza ahora.<\/p>\n","protected":false},"excerpt":{"rendered":"<p>Este jueves 15 de abril el cuerpo de Polic\u00eda Local ha celebrado la toma de posesi\u00f3n de sus dos nuevos agentes, C\u00e9sar Miguel Herrero Cotrina y Daniel Barruecos S\u00e1nchez durante un acto, que ha tenido lugar en el Ayuntamiento de Coria, presidido por el Alcalde de la Ciudad, Jos\u00e9 Manuel Garc\u00eda Ballestero y el Jefe [&hellip;]<\/p>\n","protected":false},"author":2,"featured_media":38363,"comment_status":"closed","ping_status":"closed","sticky":false,"template":"","format":"standard","meta":{"_uag_custom_page_level_css":"","footnotes":""},"categories":[2],"tags":[75,3,4,752,879,980],"class_list":["post-23696","post","type-post","status-publish","format-standard","has-post-thumbnail","hentry","category-noticias","tag-agentes","tag-coria","tag-extremadura","tag-local","tag-nuevos","tag-policia"],"yoast_head":"<!-- This site is optimized with the Yoast SEO plugin v27.4 - https:\/\/yoast.com\/product\/yoast-seo-wordpress\/ -->\n<title>El Ayuntamiento suma dos nuevos agentes a la plantilla de la Polic\u00eda Local de Coria - Ayuntamiento de Coria<\/title>\n<meta name=\"robots\" content=\"index, follow, max-snippet:-1, max-image-preview:large, max-video-preview:-1\" \/>\n<link rel=\"canonical\" href=\"https:\/\/coria.org\/ayuntamiento\/index.php\/2021\/04\/15\/el-ayuntamiento-suma-dos-nuevos-agentes-a-la-plantilla-de-la-policia-local-de-coria\/\" \/>\n<meta property=\"og:locale\" content=\"es_ES\" \/>\n<meta property=\"og:type\" content=\"article\" \/>\n<meta property=\"og:title\" content=\"El Ayuntamiento suma dos nuevos agentes a la plantilla de la Polic\u00eda Local de Coria - Ayuntamiento de Coria\" \/>\n<meta property=\"og:description\" content=\"Este jueves 15 de abril el cuerpo de Polic\u00eda Local ha celebrado la toma de posesi\u00f3n de sus dos nuevos agentes, C\u00e9sar Miguel Herrero Cotrina y Daniel Barruecos S\u00e1nchez durante un acto, que ha tenido lugar en el Ayuntamiento de Coria, presidido por el Alcalde de la Ciudad, Jos\u00e9 Manuel Garc\u00eda Ballestero y el Jefe [&hellip;]\" \/>\n<meta property=\"og:url\" content=\"https:\/\/coria.org\/ayuntamiento\/index.php\/2021\/04\/15\/el-ayuntamiento-suma-dos-nuevos-agentes-a-la-plantilla-de-la-policia-local-de-coria\/\" \/>\n<meta property=\"og:site_name\" content=\"Ayuntamiento de Coria\" \/>\n<meta property=\"article:publisher\" content=\"https:\/\/www.facebook.com\/Ayuntamiento.de.Coria\" \/>\n<meta property=\"article:published_time\" content=\"2021-04-14T22:00:00+00:00\" \/>\n<meta property=\"article:modified_time\" content=\"2023-09-18T10:30:03+00:00\" \/>\n<meta property=\"og:image\" content=\"https:\/\/coria.org\/ayuntamiento\/wp-content\/uploads\/2021\/04\/TOMA-DE-POSESION-POLICIAS-scaled-1.jpg\" \/>\n\t<meta property=\"og:image:width\" content=\"2560\" \/>\n\t<meta property=\"og:image:height\" content=\"1920\" \/>\n\t<meta property=\"og:image:type\" content=\"image\/jpeg\" \/>\n<meta name=\"author\" content=\"ayuntamiento\" \/>\n<meta name=\"twitter:card\" content=\"summary_large_image\" \/>\n<meta name=\"twitter:creator\" content=\"@Ayto_de_Coria\" \/>\n<meta name=\"twitter:site\" content=\"@Ayto_de_Coria\" \/>\n<meta name=\"twitter:label1\" content=\"Escrito por\" \/>\n\t<meta name=\"twitter:data1\" content=\"ayuntamiento\" \/>\n\t<meta name=\"twitter:label2\" content=\"Tiempo de lectura\" \/>\n\t<meta name=\"twitter:data2\" content=\"2 minutos\" \/>\n<script type=\"application\/ld+json\" class=\"yoast-schema-graph\">{\"@context\":\"https:\\\/\\\/schema.org\",\"@graph\":[{\"@type\":\"Article\",\"@id\":\"https:\\\/\\\/coria.org\\\/ayuntamiento\\\/index.php\\\/2021\\\/04\\\/15\\\/el-ayuntamiento-suma-dos-nuevos-agentes-a-la-plantilla-de-la-policia-local-de-coria\\\/#article\",\"isPartOf\":{\"@id\":\"https:\\\/\\\/coria.org\\\/ayuntamiento\\\/index.php\\\/2021\\\/04\\\/15\\\/el-ayuntamiento-suma-dos-nuevos-agentes-a-la-plantilla-de-la-policia-local-de-coria\\\/\"},\"author\":{\"name\":\"ayuntamiento\",\"@id\":\"https:\\\/\\\/coria.org\\\/ayuntamiento\\\/#\\\/schema\\\/person\\\/8bd589f0e13e8ae5aa06def7a599d622\"},\"headline\":\"El Ayuntamiento suma dos nuevos agentes a la plantilla de la Polic\u00eda Local de Coria\",\"datePublished\":\"2021-04-14T22:00:00+00:00\",\"dateModified\":\"2023-09-18T10:30:03+00:00\",\"mainEntityOfPage\":{\"@id\":\"https:\\\/\\\/coria.org\\\/ayuntamiento\\\/index.php\\\/2021\\\/04\\\/15\\\/el-ayuntamiento-suma-dos-nuevos-agentes-a-la-plantilla-de-la-policia-local-de-coria\\\/\"},\"wordCount\":350,\"publisher\":{\"@id\":\"https:\\\/\\\/coria.org\\\/ayuntamiento\\\/#organization\"},\"image\":{\"@id\":\"https:\\\/\\\/coria.org\\\/ayuntamiento\\\/index.php\\\/2021\\\/04\\\/15\\\/el-ayuntamiento-suma-dos-nuevos-agentes-a-la-plantilla-de-la-policia-local-de-coria\\\/#primaryimage\"},\"thumbnailUrl\":\"https:\\\/\\\/coria.org\\\/ayuntamiento\\\/wp-content\\\/uploads\\\/2021\\\/04\\\/TOMA-DE-POSESION-POLICIAS-scaled-1.jpg\",\"keywords\":[\"agentes\",\"coria\",\"extremadura\",\"local\",\"nuevos\",\"policia\"],\"articleSection\":[\"Noticias\"],\"inLanguage\":\"es\"},{\"@type\":\"WebPage\",\"@id\":\"https:\\\/\\\/coria.org\\\/ayuntamiento\\\/index.php\\\/2021\\\/04\\\/15\\\/el-ayuntamiento-suma-dos-nuevos-agentes-a-la-plantilla-de-la-policia-local-de-coria\\\/\",\"url\":\"https:\\\/\\\/coria.org\\\/ayuntamiento\\\/index.php\\\/2021\\\/04\\\/15\\\/el-ayuntamiento-suma-dos-nuevos-agentes-a-la-plantilla-de-la-policia-local-de-coria\\\/\",\"name\":\"El Ayuntamiento suma dos nuevos agentes a la plantilla de la Polic\u00eda Local de Coria - Ayuntamiento de Coria\",\"isPartOf\":{\"@id\":\"https:\\\/\\\/coria.org\\\/ayuntamiento\\\/#website\"},\"primaryImageOfPage\":{\"@id\":\"https:\\\/\\\/coria.org\\\/ayuntamiento\\\/index.php\\\/2021\\\/04\\\/15\\\/el-ayuntamiento-suma-dos-nuevos-agentes-a-la-plantilla-de-la-policia-local-de-coria\\\/#primaryimage\"},\"image\":{\"@id\":\"https:\\\/\\\/coria.org\\\/ayuntamiento\\\/index.php\\\/2021\\\/04\\\/15\\\/el-ayuntamiento-suma-dos-nuevos-agentes-a-la-plantilla-de-la-policia-local-de-coria\\\/#primaryimage\"},\"thumbnailUrl\":\"https:\\\/\\\/coria.org\\\/ayuntamiento\\\/wp-content\\\/uploads\\\/2021\\\/04\\\/TOMA-DE-POSESION-POLICIAS-scaled-1.jpg\",\"datePublished\":\"2021-04-14T22:00:00+00:00\",\"dateModified\":\"2023-09-18T10:30:03+00:00\",\"breadcrumb\":{\"@id\":\"https:\\\/\\\/coria.org\\\/ayuntamiento\\\/index.php\\\/2021\\\/04\\\/15\\\/el-ayuntamiento-suma-dos-nuevos-agentes-a-la-plantilla-de-la-policia-local-de-coria\\\/#breadcrumb\"},\"inLanguage\":\"es\",\"potentialAction\":[{\"@type\":\"ReadAction\",\"target\":[\"https:\\\/\\\/coria.org\\\/ayuntamiento\\\/index.php\\\/2021\\\/04\\\/15\\\/el-ayuntamiento-suma-dos-nuevos-agentes-a-la-plantilla-de-la-policia-local-de-coria\\\/\"]}]},{\"@type\":\"ImageObject\",\"inLanguage\":\"es\",\"@id\":\"https:\\\/\\\/coria.org\\\/ayuntamiento\\\/index.php\\\/2021\\\/04\\\/15\\\/el-ayuntamiento-suma-dos-nuevos-agentes-a-la-plantilla-de-la-policia-local-de-coria\\\/#primaryimage\",\"url\":\"https:\\\/\\\/coria.org\\\/ayuntamiento\\\/wp-content\\\/uploads\\\/2021\\\/04\\\/TOMA-DE-POSESION-POLICIAS-scaled-1.jpg\",\"contentUrl\":\"https:\\\/\\\/coria.org\\\/ayuntamiento\\\/wp-content\\\/uploads\\\/2021\\\/04\\\/TOMA-DE-POSESION-POLICIAS-scaled-1.jpg\",\"width\":2560,\"height\":1920},{\"@type\":\"BreadcrumbList\",\"@id\":\"https:\\\/\\\/coria.org\\\/ayuntamiento\\\/index.php\\\/2021\\\/04\\\/15\\\/el-ayuntamiento-suma-dos-nuevos-agentes-a-la-plantilla-de-la-policia-local-de-coria\\\/#breadcrumb\",\"itemListElement\":[{\"@type\":\"ListItem\",\"position\":1,\"name\":\"Inicio\",\"item\":\"https:\\\/\\\/coria.org\\\/ayuntamiento\\\/\"},{\"@type\":\"ListItem\",\"position\":2,\"name\":\"El Ayuntamiento suma dos nuevos agentes a la plantilla de la Polic\u00eda Local de Coria\"}]},{\"@type\":\"WebSite\",\"@id\":\"https:\\\/\\\/coria.org\\\/ayuntamiento\\\/#website\",\"url\":\"https:\\\/\\\/coria.org\\\/ayuntamiento\\\/\",\"name\":\"Ayuntamiento de Coria\",\"description\":\"Web oficial del Ayuntamiento de Coria\",\"publisher\":{\"@id\":\"https:\\\/\\\/coria.org\\\/ayuntamiento\\\/#organization\"},\"alternateName\":\"Web Oficial del Ayuntamiento de Coria\",\"potentialAction\":[{\"@type\":\"SearchAction\",\"target\":{\"@type\":\"EntryPoint\",\"urlTemplate\":\"https:\\\/\\\/coria.org\\\/ayuntamiento\\\/?s={search_term_string}\"},\"query-input\":{\"@type\":\"PropertyValueSpecification\",\"valueRequired\":true,\"valueName\":\"search_term_string\"}}],\"inLanguage\":\"es\"},{\"@type\":\"Organization\",\"@id\":\"https:\\\/\\\/coria.org\\\/ayuntamiento\\\/#organization\",\"name\":\"Ayuntamiento de Coria\",\"alternateName\":\"Ayto de Coria\",\"url\":\"https:\\\/\\\/coria.org\\\/ayuntamiento\\\/\",\"logo\":{\"@type\":\"ImageObject\",\"inLanguage\":\"es\",\"@id\":\"https:\\\/\\\/coria.org\\\/ayuntamiento\\\/#\\\/schema\\\/logo\\\/image\\\/\",\"url\":\"https:\\\/\\\/coria.org\\\/ayuntamiento\\\/wp-content\\\/uploads\\\/2020\\\/12\\\/escudo-ayuntamiento-coria.png\",\"contentUrl\":\"https:\\\/\\\/coria.org\\\/ayuntamiento\\\/wp-content\\\/uploads\\\/2020\\\/12\\\/escudo-ayuntamiento-coria.png\",\"width\":511,\"height\":240,\"caption\":\"Ayuntamiento de Coria\"},\"image\":{\"@id\":\"https:\\\/\\\/coria.org\\\/ayuntamiento\\\/#\\\/schema\\\/logo\\\/image\\\/\"},\"sameAs\":[\"https:\\\/\\\/www.facebook.com\\\/Ayuntamiento.de.Coria\",\"https:\\\/\\\/x.com\\\/Ayto_de_Coria\",\"https:\\\/\\\/www.instagram.com\\\/coria.ayuntamiento\\\/\",\"https:\\\/\\\/www.youtube.com\\\/user\\\/AYUNTAMIENTOCORIA\"]},{\"@type\":\"Person\",\"@id\":\"https:\\\/\\\/coria.org\\\/ayuntamiento\\\/#\\\/schema\\\/person\\\/8bd589f0e13e8ae5aa06def7a599d622\",\"name\":\"ayuntamiento\",\"image\":{\"@type\":\"ImageObject\",\"inLanguage\":\"es\",\"@id\":\"https:\\\/\\\/secure.gravatar.com\\\/avatar\\\/966e5ed73cad334adda5c87f49f2547f7082f7292c1b627cbb548744383b391c?s=96&d=mm&r=g\",\"url\":\"https:\\\/\\\/secure.gravatar.com\\\/avatar\\\/966e5ed73cad334adda5c87f49f2547f7082f7292c1b627cbb548744383b391c?s=96&d=mm&r=g\",\"contentUrl\":\"https:\\\/\\\/secure.gravatar.com\\\/avatar\\\/966e5ed73cad334adda5c87f49f2547f7082f7292c1b627cbb548744383b391c?s=96&d=mm&r=g\",\"caption\":\"ayuntamiento\"}}]}<\/script>\n<!-- \/ Yoast SEO plugin. -->","yoast_head_json":{"title":"El Ayuntamiento suma dos nuevos agentes a la plantilla de la Polic\u00eda Local de Coria - Ayuntamiento de Coria","robots":{"index":"index","follow":"follow","max-snippet":"max-snippet:-1","max-image-preview":"max-image-preview:large","max-video-preview":"max-video-preview:-1"},"canonical":"https:\/\/coria.org\/ayuntamiento\/index.php\/2021\/04\/15\/el-ayuntamiento-suma-dos-nuevos-agentes-a-la-plantilla-de-la-policia-local-de-coria\/","og_locale":"es_ES","og_type":"article","og_title":"El Ayuntamiento suma dos nuevos agentes a la plantilla de la Polic\u00eda Local de Coria - Ayuntamiento de Coria","og_description":"Este jueves 15 de abril el cuerpo de Polic\u00eda Local ha celebrado la toma de posesi\u00f3n de sus dos nuevos agentes, C\u00e9sar Miguel Herrero Cotrina y Daniel Barruecos S\u00e1nchez durante un acto, que ha tenido lugar en el Ayuntamiento de Coria, presidido por el Alcalde de la Ciudad, Jos\u00e9 Manuel Garc\u00eda Ballestero y el Jefe [&hellip;]","og_url":"https:\/\/coria.org\/ayuntamiento\/index.php\/2021\/04\/15\/el-ayuntamiento-suma-dos-nuevos-agentes-a-la-plantilla-de-la-policia-local-de-coria\/","og_site_name":"Ayuntamiento de Coria","article_publisher":"https:\/\/www.facebook.com\/Ayuntamiento.de.Coria","article_published_time":"2021-04-14T22:00:00+00:00","article_modified_time":"2023-09-18T10:30:03+00:00","og_image":[{"width":2560,"height":1920,"url":"https:\/\/coria.org\/ayuntamiento\/wp-content\/uploads\/2021\/04\/TOMA-DE-POSESION-POLICIAS-scaled-1.jpg","type":"image\/jpeg"}],"author":"ayuntamiento","twitter_card":"summary_large_image","twitter_creator":"@Ayto_de_Coria","twitter_site":"@Ayto_de_Coria","twitter_misc":{"Escrito por":"ayuntamiento","Tiempo de lectura":"2 minutos"},"schema":{"@context":"https:\/\/schema.org","@graph":[{"@type":"Article","@id":"https:\/\/coria.org\/ayuntamiento\/index.php\/2021\/04\/15\/el-ayuntamiento-suma-dos-nuevos-agentes-a-la-plantilla-de-la-policia-local-de-coria\/#article","isPartOf":{"@id":"https:\/\/coria.org\/ayuntamiento\/index.php\/2021\/04\/15\/el-ayuntamiento-suma-dos-nuevos-agentes-a-la-plantilla-de-la-policia-local-de-coria\/"},"author":{"name":"ayuntamiento","@id":"https:\/\/coria.org\/ayuntamiento\/#\/schema\/person\/8bd589f0e13e8ae5aa06def7a599d622"},"headline":"El Ayuntamiento suma dos nuevos agentes a la plantilla de la Polic\u00eda Local de Coria","datePublished":"2021-04-14T22:00:00+00:00","dateModified":"2023-09-18T10:30:03+00:00","mainEntityOfPage":{"@id":"https:\/\/coria.org\/ayuntamiento\/index.php\/2021\/04\/15\/el-ayuntamiento-suma-dos-nuevos-agentes-a-la-plantilla-de-la-policia-local-de-coria\/"},"wordCount":350,"publisher":{"@id":"https:\/\/coria.org\/ayuntamiento\/#organization"},"image":{"@id":"https:\/\/coria.org\/ayuntamiento\/index.php\/2021\/04\/15\/el-ayuntamiento-suma-dos-nuevos-agentes-a-la-plantilla-de-la-policia-local-de-coria\/#primaryimage"},"thumbnailUrl":"https:\/\/coria.org\/ayuntamiento\/wp-content\/uploads\/2021\/04\/TOMA-DE-POSESION-POLICIAS-scaled-1.jpg","keywords":["agentes","coria","extremadura","local","nuevos","policia"],"articleSection":["Noticias"],"inLanguage":"es"},{"@type":"WebPage","@id":"https:\/\/coria.org\/ayuntamiento\/index.php\/2021\/04\/15\/el-ayuntamiento-suma-dos-nuevos-agentes-a-la-plantilla-de-la-policia-local-de-coria\/","url":"https:\/\/coria.org\/ayuntamiento\/index.php\/2021\/04\/15\/el-ayuntamiento-suma-dos-nuevos-agentes-a-la-plantilla-de-la-policia-local-de-coria\/","name":"El Ayuntamiento suma dos nuevos agentes a la plantilla de la Polic\u00eda Local de Coria - Ayuntamiento de Coria","isPartOf":{"@id":"https:\/\/coria.org\/ayuntamiento\/#website"},"primaryImageOfPage":{"@id":"https:\/\/coria.org\/ayuntamiento\/index.php\/2021\/04\/15\/el-ayuntamiento-suma-dos-nuevos-agentes-a-la-plantilla-de-la-policia-local-de-coria\/#primaryimage"},"image":{"@id":"https:\/\/coria.org\/ayuntamiento\/index.php\/2021\/04\/15\/el-ayuntamiento-suma-dos-nuevos-agentes-a-la-plantilla-de-la-policia-local-de-coria\/#primaryimage"},"thumbnailUrl":"https:\/\/coria.org\/ayuntamiento\/wp-content\/uploads\/2021\/04\/TOMA-DE-POSESION-POLICIAS-scaled-1.jpg","datePublished":"2021-04-14T22:00:00+00:00","dateModified":"2023-09-18T10:30:03+00:00","breadcrumb":{"@id":"https:\/\/coria.org\/ayuntamiento\/index.php\/2021\/04\/15\/el-ayuntamiento-suma-dos-nuevos-agentes-a-la-plantilla-de-la-policia-local-de-coria\/#breadcrumb"},"inLanguage":"es","potentialAction":[{"@type":"ReadAction","target":["https:\/\/coria.org\/ayuntamiento\/index.php\/2021\/04\/15\/el-ayuntamiento-suma-dos-nuevos-agentes-a-la-plantilla-de-la-policia-local-de-coria\/"]}]},{"@type":"ImageObject","inLanguage":"es","@id":"https:\/\/coria.org\/ayuntamiento\/index.php\/2021\/04\/15\/el-ayuntamiento-suma-dos-nuevos-agentes-a-la-plantilla-de-la-policia-local-de-coria\/#primaryimage","url":"https:\/\/coria.org\/ayuntamiento\/wp-content\/uploads\/2021\/04\/TOMA-DE-POSESION-POLICIAS-scaled-1.jpg","contentUrl":"https:\/\/coria.org\/ayuntamiento\/wp-content\/uploads\/2021\/04\/TOMA-DE-POSESION-POLICIAS-scaled-1.jpg","width":2560,"height":1920},{"@type":"BreadcrumbList","@id":"https:\/\/coria.org\/ayuntamiento\/index.php\/2021\/04\/15\/el-ayuntamiento-suma-dos-nuevos-agentes-a-la-plantilla-de-la-policia-local-de-coria\/#breadcrumb","itemListElement":[{"@type":"ListItem","position":1,"name":"Inicio","item":"https:\/\/coria.org\/ayuntamiento\/"},{"@type":"ListItem","position":2,"name":"El Ayuntamiento suma dos nuevos agentes a la plantilla de la Polic\u00eda Local de Coria"}]},{"@type":"WebSite","@id":"https:\/\/coria.org\/ayuntamiento\/#website","url":"https:\/\/coria.org\/ayuntamiento\/","name":"Ayuntamiento de Coria","description":"Web oficial del Ayuntamiento de Coria","publisher":{"@id":"https:\/\/coria.org\/ayuntamiento\/#organization"},"alternateName":"Web Oficial del Ayuntamiento de Coria","potentialAction":[{"@type":"SearchAction","target":{"@type":"EntryPoint","urlTemplate":"https:\/\/coria.org\/ayuntamiento\/?s={search_term_string}"},"query-input":{"@type":"PropertyValueSpecification","valueRequired":true,"valueName":"search_term_string"}}],"inLanguage":"es"},{"@type":"Organization","@id":"https:\/\/coria.org\/ayuntamiento\/#organization","name":"Ayuntamiento de Coria","alternateName":"Ayto de Coria","url":"https:\/\/coria.org\/ayuntamiento\/","logo":{"@type":"ImageObject","inLanguage":"es","@id":"https:\/\/coria.org\/ayuntamiento\/#\/schema\/logo\/image\/","url":"https:\/\/coria.org\/ayuntamiento\/wp-content\/uploads\/2020\/12\/escudo-ayuntamiento-coria.png","contentUrl":"https:\/\/coria.org\/ayuntamiento\/wp-content\/uploads\/2020\/12\/escudo-ayuntamiento-coria.png","width":511,"height":240,"caption":"Ayuntamiento de Coria"},"image":{"@id":"https:\/\/coria.org\/ayuntamiento\/#\/schema\/logo\/image\/"},"sameAs":["https:\/\/www.facebook.com\/Ayuntamiento.de.Coria","https:\/\/x.com\/Ayto_de_Coria","https:\/\/www.instagram.com\/coria.ayuntamiento\/","https:\/\/www.youtube.com\/user\/AYUNTAMIENTOCORIA"]},{"@type":"Person","@id":"https:\/\/coria.org\/ayuntamiento\/#\/schema\/person\/8bd589f0e13e8ae5aa06def7a599d622","name":"ayuntamiento","image":{"@type":"ImageObject","inLanguage":"es","@id":"https:\/\/secure.gravatar.com\/avatar\/966e5ed73cad334adda5c87f49f2547f7082f7292c1b627cbb548744383b391c?s=96&d=mm&r=g","url":"https:\/\/secure.gravatar.com\/avatar\/966e5ed73cad334adda5c87f49f2547f7082f7292c1b627cbb548744383b391c?s=96&d=mm&r=g","contentUrl":"https:\/\/secure.gravatar.com\/avatar\/966e5ed73cad334adda5c87f49f2547f7082f7292c1b627cbb548744383b391c?s=96&d=mm&r=g","caption":"ayuntamiento"}}]}},"uagb_featured_image_src":{"full":["https:\/\/coria.org\/ayuntamiento\/wp-content\/uploads\/2021\/04\/TOMA-DE-POSESION-POLICIAS-scaled-1.jpg",2560,1920,false],"thumbnail":["https:\/\/coria.org\/ayuntamiento\/wp-content\/uploads\/2021\/04\/TOMA-DE-POSESION-POLICIAS-scaled-1-150x150.jpg",150,150,true],"medium":["https:\/\/coria.org\/ayuntamiento\/wp-content\/uploads\/2021\/04\/TOMA-DE-POSESION-POLICIAS-scaled-1-300x225.jpg",300,225,true],"medium_large":["https:\/\/coria.org\/ayuntamiento\/wp-content\/uploads\/2021\/04\/TOMA-DE-POSESION-POLICIAS-scaled-1-768x576.jpg",768,576,true],"large":["https:\/\/coria.org\/ayuntamiento\/wp-content\/uploads\/2021\/04\/TOMA-DE-POSESION-POLICIAS-scaled-1-1024x768.jpg",1024,768,true],"thumblist":["https:\/\/coria.org\/ayuntamiento\/wp-content\/uploads\/2021\/04\/TOMA-DE-POSESION-POLICIAS-scaled-1.jpg",300,225,false],"thumbrelated":["https:\/\/coria.org\/ayuntamiento\/wp-content\/uploads\/2021\/04\/TOMA-DE-POSESION-POLICIAS-scaled-1.jpg",500,375,false],"meccarouselthumb":["https:\/\/coria.org\/ayuntamiento\/wp-content\/uploads\/2021\/04\/TOMA-DE-POSESION-POLICIAS-scaled-1.jpg",432,324,false],"gridsquare":["https:\/\/coria.org\/ayuntamiento\/wp-content\/uploads\/2021\/04\/TOMA-DE-POSESION-POLICIAS-scaled-1.jpg",347,260,false],"tileview":["https:\/\/coria.org\/ayuntamiento\/wp-content\/uploads\/2021\/04\/TOMA-DE-POSESION-POLICIAS-scaled-1.jpg",300,225,false],"1536x1536":["https:\/\/coria.org\/ayuntamiento\/wp-content\/uploads\/2021\/04\/TOMA-DE-POSESION-POLICIAS-scaled-1-1536x1152.jpg",1536,1152,true],"2048x2048":["https:\/\/coria.org\/ayuntamiento\/wp-content\/uploads\/2021\/04\/TOMA-DE-POSESION-POLICIAS-scaled-1-2048x1536.jpg",2048,1536,true]},"uagb_author_info":{"display_name":"ayuntamiento","author_link":"https:\/\/coria.org\/ayuntamiento\/index.php\/author\/ayuntamiento\/"},"uagb_comment_info":0,"uagb_excerpt":"Este jueves 15 de abril el cuerpo de Polic\u00eda Local ha celebrado la toma de posesi\u00f3n de sus dos nuevos agentes, C\u00e9sar Miguel Herrero Cotrina y Daniel Barruecos S\u00e1nchez durante un acto, que ha tenido lugar en el Ayuntamiento de Coria, presidido por el Alcalde de la Ciudad, Jos\u00e9 Manuel Garc\u00eda Ballestero y el Jefe&hellip;","_links":{"self":[{"href":"https:\/\/coria.org\/ayuntamiento\/index.php\/wp-json\/wp\/v2\/posts\/23696","targetHints":{"allow":["GET"]}}],"collection":[{"href":"https:\/\/coria.org\/ayuntamiento\/index.php\/wp-json\/wp\/v2\/posts"}],"about":[{"href":"https:\/\/coria.org\/ayuntamiento\/index.php\/wp-json\/wp\/v2\/types\/post"}],"author":[{"embeddable":true,"href":"https:\/\/coria.org\/ayuntamiento\/index.php\/wp-json\/wp\/v2\/users\/2"}],"replies":[{"embeddable":true,"href":"https:\/\/coria.org\/ayuntamiento\/index.php\/wp-json\/wp\/v2\/comments?post=23696"}],"version-history":[{"count":0,"href":"https:\/\/coria.org\/ayuntamiento\/index.php\/wp-json\/wp\/v2\/posts\/23696\/revisions"}],"wp:featuredmedia":[{"embeddable":true,"href":"https:\/\/coria.org\/ayuntamiento\/index.php\/wp-json\/wp\/v2\/media\/38363"}],"wp:attachment":[{"href":"https:\/\/coria.org\/ayuntamiento\/index.php\/wp-json\/wp\/v2\/media?parent=23696"}],"wp:term":[{"taxonomy":"category","embeddable":true,"href":"https:\/\/coria.org\/ayuntamiento\/index.php\/wp-json\/wp\/v2\/categories?post=23696"},{"taxonomy":"post_tag","embeddable":true,"href":"https:\/\/coria.org\/ayuntamiento\/index.php\/wp-json\/wp\/v2\/tags?post=23696"}],"curies":[{"name":"wp","href":"https:\/\/api.w.org\/{rel}","templated":true}]}}