{"id":23557,"date":"2021-09-30T00:00:00","date_gmt":"2021-09-30T00:00:00","guid":{"rendered":"https:\/\/ayuntamiento.coriaenimagenes.com\/el-ayuntamiento-de-coria-prepara-una-serie-de-medidas-ante-la-campana-de-ataques-de-adesval\/"},"modified":"2024-03-01T10:12:07","modified_gmt":"2024-03-01T09:12:07","slug":"el-ayuntamiento-de-coria-prepara-una-serie-de-medidas-ante-la-campana-de-ataques-de-adesval","status":"publish","type":"post","link":"https:\/\/coria.org\/ayuntamiento\/index.php\/2021\/09\/30\/el-ayuntamiento-de-coria-prepara-una-serie-de-medidas-ante-la-campana-de-ataques-de-adesval\/","title":{"rendered":"El Ayuntamiento de Coria prepara una serie de medidas ante la campa\u00f1a de ataques de ADESVAL"},"content":{"rendered":"\n<p><b>El Alcalde de la Ciudad de Coria, Jos\u00e9 Manuel Garc\u00eda Ballestero, ha comparecido en la ma\u00f1ana de este jueves ante los medios de comunicaci\u00f3n para dar a conocer las medidas que va a tomar el Ayuntamiento de la Ciudad tras la campa\u00f1a de ataques y amenazas sobre la retirada de los fondos de desarrollo rural de ADESVAL para los empresarios y emprendedores de la localidad, cuando el municipio no forme parte del grupo de acci\u00f3n.<\/b><\/p>\n\n\n<figure class=\"wp-block-post-featured-image\"><img loading=\"lazy\" decoding=\"async\" width=\"1280\" height=\"720\" src=\"https:\/\/coria.org\/ayuntamiento\/wp-content\/uploads\/2021\/09\/you.jpg\" class=\"attachment-post-thumbnail size-post-thumbnail wp-post-image\" alt=\"\" style=\"object-fit:cover;\" srcset=\"https:\/\/coria.org\/ayuntamiento\/wp-content\/uploads\/2021\/09\/you.jpg 1280w, https:\/\/coria.org\/ayuntamiento\/wp-content\/uploads\/2021\/09\/you-300x169.jpg 300w, https:\/\/coria.org\/ayuntamiento\/wp-content\/uploads\/2021\/09\/you-1024x576.jpg 1024w, https:\/\/coria.org\/ayuntamiento\/wp-content\/uploads\/2021\/09\/you-768x432.jpg 768w\" sizes=\"auto, (max-width: 1280px) 100vw, 1280px\" \/><\/figure>\n\n\n<p>Ante estas amenazas, el Ayuntamiento de la Ciudad de Coria prepara una bater\u00eda de medidas que empiezan por pedir responsabilidades al presidente de ADESVAL, tambi\u00e9n una queja en la Red Extreme\u00f1a de Desarrollo Rural (REDEX) para que su presidenta se retracte de las acusaciones vertidas en una rueda de prensa. A su vez, Ballestero destaca que la presidenta de REDEX debe mediar, conciliar y velar por el buen funcionamiento de las asociaciones de desarrollo. Tambi\u00e9n se van a presentar una serie de iniciativas en el Parlamento regional en sesi\u00f3n de control para que la Junta de Extremadura y la Consejer\u00eda de Agricultura se pronuncien sobre las acusaciones vertidas.<\/p>\n\n\n\n<p>El Alcalde, en su intervenci\u00f3n, tambi\u00e9n ha denunciado la politizaci\u00f3n y el uso partidista de la asociaci\u00f3n, que deja a un lado a empresarios y emprendedores, y pide responsabilidades desde la presidencia del grupo hasta cualquier otro cargo. A\u00f1ade que esta asociaci\u00f3n en Coria es un desastre, pues que adem\u00e1s de enfrentarse con las instituciones, su gesti\u00f3n es deficiente, puesto que solo se ha ejecutado un 15% del presupuesto destinado a la Ciudad en el periodo de 2014 a 2021.<\/p>\n\n\n\n<p>El primer edil pide tranquilidad a los empresarios caurienses, pues tanto \u00e9l mismo como el Ayuntamiento har\u00e1n que sus intereses se sientan respaldados y tambi\u00e9n ha felicitado a la Asociaci\u00f3n Empresarial de Coria y Comarca (ASECOC) y empresarios de la localidad \u00abpor estar donde tienen que estar\u00bb.<\/p>\n\n\n\n<p><iframe loading=\"lazy\" title=\"YouTube video player\" src=\"https:\/\/www.youtube-nocookie.com\/embed\/T4RBQ2-w-Fo\" allowfullscreen=\"allowfullscreen\" width=\"800\" height=\"600\" frameborder=\"0\"><\/iframe><\/p>\n","protected":false},"excerpt":{"rendered":"<p>El Alcalde de la Ciudad de Coria, Jos\u00e9 Manuel Garc\u00eda Ballestero, ha comparecido en la ma\u00f1ana de este jueves ante los medios de comunicaci\u00f3n para dar a conocer las medidas que va a tomar el Ayuntamiento de la Ciudad tras la campa\u00f1a de ataques y amenazas sobre la retirada de los fondos de desarrollo rural [&hellip;]<\/p>\n","protected":false},"author":2,"featured_media":37849,"comment_status":"closed","ping_status":"closed","sticky":false,"template":"","format":"standard","meta":{"_uag_custom_page_level_css":"","footnotes":""},"categories":[2],"tags":[62,3,4],"class_list":["post-23557","post","type-post","status-publish","format-standard","has-post-thumbnail","hentry","category-noticias","tag-adesval","tag-coria","tag-extremadura"],"yoast_head":"<!-- This site is optimized with the Yoast SEO plugin v27.4 - https:\/\/yoast.com\/product\/yoast-seo-wordpress\/ -->\n<title>El Ayuntamiento de Coria prepara una serie de medidas ante la campa\u00f1a de ataques de ADESVAL - Ayuntamiento de Coria<\/title>\n<meta name=\"robots\" content=\"index, follow, max-snippet:-1, max-image-preview:large, max-video-preview:-1\" \/>\n<link rel=\"canonical\" href=\"https:\/\/coria.org\/ayuntamiento\/index.php\/2021\/09\/30\/el-ayuntamiento-de-coria-prepara-una-serie-de-medidas-ante-la-campana-de-ataques-de-adesval\/\" \/>\n<meta property=\"og:locale\" content=\"es_ES\" \/>\n<meta property=\"og:type\" content=\"article\" \/>\n<meta property=\"og:title\" content=\"El Ayuntamiento de Coria prepara una serie de medidas ante la campa\u00f1a de ataques de ADESVAL - Ayuntamiento de Coria\" \/>\n<meta property=\"og:description\" content=\"El Alcalde de la Ciudad de Coria, Jos\u00e9 Manuel Garc\u00eda Ballestero, ha comparecido en la ma\u00f1ana de este jueves ante los medios de comunicaci\u00f3n para dar a conocer las medidas que va a tomar el Ayuntamiento de la Ciudad tras la campa\u00f1a de ataques y amenazas sobre la retirada de los fondos de desarrollo rural [&hellip;]\" \/>\n<meta property=\"og:url\" content=\"https:\/\/coria.org\/ayuntamiento\/index.php\/2021\/09\/30\/el-ayuntamiento-de-coria-prepara-una-serie-de-medidas-ante-la-campana-de-ataques-de-adesval\/\" \/>\n<meta property=\"og:site_name\" content=\"Ayuntamiento de Coria\" \/>\n<meta property=\"article:publisher\" content=\"https:\/\/www.facebook.com\/Ayuntamiento.de.Coria\" \/>\n<meta property=\"article:published_time\" content=\"2021-09-30T00:00:00+00:00\" \/>\n<meta property=\"article:modified_time\" content=\"2024-03-01T09:12:07+00:00\" \/>\n<meta property=\"og:image\" content=\"https:\/\/coria.org\/ayuntamiento\/wp-content\/uploads\/2021\/09\/you.jpg\" \/>\n\t<meta property=\"og:image:width\" content=\"1280\" \/>\n\t<meta property=\"og:image:height\" content=\"720\" \/>\n\t<meta property=\"og:image:type\" content=\"image\/jpeg\" \/>\n<meta name=\"author\" content=\"ayuntamiento\" \/>\n<meta name=\"twitter:card\" content=\"summary_large_image\" \/>\n<meta name=\"twitter:creator\" content=\"@Ayto_de_Coria\" \/>\n<meta name=\"twitter:site\" content=\"@Ayto_de_Coria\" \/>\n<meta name=\"twitter:label1\" content=\"Escrito por\" \/>\n\t<meta name=\"twitter:data1\" content=\"ayuntamiento\" \/>\n\t<meta name=\"twitter:label2\" content=\"Tiempo de lectura\" \/>\n\t<meta name=\"twitter:data2\" content=\"2 minutos\" \/>\n<script type=\"application\/ld+json\" class=\"yoast-schema-graph\">{\"@context\":\"https:\\\/\\\/schema.org\",\"@graph\":[{\"@type\":\"Article\",\"@id\":\"https:\\\/\\\/coria.org\\\/ayuntamiento\\\/index.php\\\/2021\\\/09\\\/30\\\/el-ayuntamiento-de-coria-prepara-una-serie-de-medidas-ante-la-campana-de-ataques-de-adesval\\\/#article\",\"isPartOf\":{\"@id\":\"https:\\\/\\\/coria.org\\\/ayuntamiento\\\/index.php\\\/2021\\\/09\\\/30\\\/el-ayuntamiento-de-coria-prepara-una-serie-de-medidas-ante-la-campana-de-ataques-de-adesval\\\/\"},\"author\":{\"name\":\"ayuntamiento\",\"@id\":\"https:\\\/\\\/coria.org\\\/ayuntamiento\\\/#\\\/schema\\\/person\\\/8bd589f0e13e8ae5aa06def7a599d622\"},\"headline\":\"El Ayuntamiento de Coria prepara una serie de medidas ante la campa\u00f1a de ataques de ADESVAL\",\"datePublished\":\"2021-09-30T00:00:00+00:00\",\"dateModified\":\"2024-03-01T09:12:07+00:00\",\"mainEntityOfPage\":{\"@id\":\"https:\\\/\\\/coria.org\\\/ayuntamiento\\\/index.php\\\/2021\\\/09\\\/30\\\/el-ayuntamiento-de-coria-prepara-una-serie-de-medidas-ante-la-campana-de-ataques-de-adesval\\\/\"},\"wordCount\":346,\"publisher\":{\"@id\":\"https:\\\/\\\/coria.org\\\/ayuntamiento\\\/#organization\"},\"image\":{\"@id\":\"https:\\\/\\\/coria.org\\\/ayuntamiento\\\/index.php\\\/2021\\\/09\\\/30\\\/el-ayuntamiento-de-coria-prepara-una-serie-de-medidas-ante-la-campana-de-ataques-de-adesval\\\/#primaryimage\"},\"thumbnailUrl\":\"https:\\\/\\\/coria.org\\\/ayuntamiento\\\/wp-content\\\/uploads\\\/2021\\\/09\\\/you.jpg\",\"keywords\":[\"adesval\",\"coria\",\"extremadura\"],\"articleSection\":[\"Noticias\"],\"inLanguage\":\"es\"},{\"@type\":\"WebPage\",\"@id\":\"https:\\\/\\\/coria.org\\\/ayuntamiento\\\/index.php\\\/2021\\\/09\\\/30\\\/el-ayuntamiento-de-coria-prepara-una-serie-de-medidas-ante-la-campana-de-ataques-de-adesval\\\/\",\"url\":\"https:\\\/\\\/coria.org\\\/ayuntamiento\\\/index.php\\\/2021\\\/09\\\/30\\\/el-ayuntamiento-de-coria-prepara-una-serie-de-medidas-ante-la-campana-de-ataques-de-adesval\\\/\",\"name\":\"El Ayuntamiento de Coria prepara una serie de medidas ante la campa\u00f1a de ataques de ADESVAL - Ayuntamiento de Coria\",\"isPartOf\":{\"@id\":\"https:\\\/\\\/coria.org\\\/ayuntamiento\\\/#website\"},\"primaryImageOfPage\":{\"@id\":\"https:\\\/\\\/coria.org\\\/ayuntamiento\\\/index.php\\\/2021\\\/09\\\/30\\\/el-ayuntamiento-de-coria-prepara-una-serie-de-medidas-ante-la-campana-de-ataques-de-adesval\\\/#primaryimage\"},\"image\":{\"@id\":\"https:\\\/\\\/coria.org\\\/ayuntamiento\\\/index.php\\\/2021\\\/09\\\/30\\\/el-ayuntamiento-de-coria-prepara-una-serie-de-medidas-ante-la-campana-de-ataques-de-adesval\\\/#primaryimage\"},\"thumbnailUrl\":\"https:\\\/\\\/coria.org\\\/ayuntamiento\\\/wp-content\\\/uploads\\\/2021\\\/09\\\/you.jpg\",\"datePublished\":\"2021-09-30T00:00:00+00:00\",\"dateModified\":\"2024-03-01T09:12:07+00:00\",\"breadcrumb\":{\"@id\":\"https:\\\/\\\/coria.org\\\/ayuntamiento\\\/index.php\\\/2021\\\/09\\\/30\\\/el-ayuntamiento-de-coria-prepara-una-serie-de-medidas-ante-la-campana-de-ataques-de-adesval\\\/#breadcrumb\"},\"inLanguage\":\"es\",\"potentialAction\":[{\"@type\":\"ReadAction\",\"target\":[\"https:\\\/\\\/coria.org\\\/ayuntamiento\\\/index.php\\\/2021\\\/09\\\/30\\\/el-ayuntamiento-de-coria-prepara-una-serie-de-medidas-ante-la-campana-de-ataques-de-adesval\\\/\"]}]},{\"@type\":\"ImageObject\",\"inLanguage\":\"es\",\"@id\":\"https:\\\/\\\/coria.org\\\/ayuntamiento\\\/index.php\\\/2021\\\/09\\\/30\\\/el-ayuntamiento-de-coria-prepara-una-serie-de-medidas-ante-la-campana-de-ataques-de-adesval\\\/#primaryimage\",\"url\":\"https:\\\/\\\/coria.org\\\/ayuntamiento\\\/wp-content\\\/uploads\\\/2021\\\/09\\\/you.jpg\",\"contentUrl\":\"https:\\\/\\\/coria.org\\\/ayuntamiento\\\/wp-content\\\/uploads\\\/2021\\\/09\\\/you.jpg\",\"width\":1280,\"height\":720},{\"@type\":\"BreadcrumbList\",\"@id\":\"https:\\\/\\\/coria.org\\\/ayuntamiento\\\/index.php\\\/2021\\\/09\\\/30\\\/el-ayuntamiento-de-coria-prepara-una-serie-de-medidas-ante-la-campana-de-ataques-de-adesval\\\/#breadcrumb\",\"itemListElement\":[{\"@type\":\"ListItem\",\"position\":1,\"name\":\"Inicio\",\"item\":\"https:\\\/\\\/coria.org\\\/ayuntamiento\\\/\"},{\"@type\":\"ListItem\",\"position\":2,\"name\":\"El Ayuntamiento de Coria prepara una serie de medidas ante la campa\u00f1a de ataques de ADESVAL\"}]},{\"@type\":\"WebSite\",\"@id\":\"https:\\\/\\\/coria.org\\\/ayuntamiento\\\/#website\",\"url\":\"https:\\\/\\\/coria.org\\\/ayuntamiento\\\/\",\"name\":\"Ayuntamiento de Coria\",\"description\":\"Web oficial del Ayuntamiento de Coria\",\"publisher\":{\"@id\":\"https:\\\/\\\/coria.org\\\/ayuntamiento\\\/#organization\"},\"alternateName\":\"Web Oficial del Ayuntamiento de Coria\",\"potentialAction\":[{\"@type\":\"SearchAction\",\"target\":{\"@type\":\"EntryPoint\",\"urlTemplate\":\"https:\\\/\\\/coria.org\\\/ayuntamiento\\\/?s={search_term_string}\"},\"query-input\":{\"@type\":\"PropertyValueSpecification\",\"valueRequired\":true,\"valueName\":\"search_term_string\"}}],\"inLanguage\":\"es\"},{\"@type\":\"Organization\",\"@id\":\"https:\\\/\\\/coria.org\\\/ayuntamiento\\\/#organization\",\"name\":\"Ayuntamiento de Coria\",\"alternateName\":\"Ayto de Coria\",\"url\":\"https:\\\/\\\/coria.org\\\/ayuntamiento\\\/\",\"logo\":{\"@type\":\"ImageObject\",\"inLanguage\":\"es\",\"@id\":\"https:\\\/\\\/coria.org\\\/ayuntamiento\\\/#\\\/schema\\\/logo\\\/image\\\/\",\"url\":\"https:\\\/\\\/coria.org\\\/ayuntamiento\\\/wp-content\\\/uploads\\\/2020\\\/12\\\/escudo-ayuntamiento-coria.png\",\"contentUrl\":\"https:\\\/\\\/coria.org\\\/ayuntamiento\\\/wp-content\\\/uploads\\\/2020\\\/12\\\/escudo-ayuntamiento-coria.png\",\"width\":511,\"height\":240,\"caption\":\"Ayuntamiento de Coria\"},\"image\":{\"@id\":\"https:\\\/\\\/coria.org\\\/ayuntamiento\\\/#\\\/schema\\\/logo\\\/image\\\/\"},\"sameAs\":[\"https:\\\/\\\/www.facebook.com\\\/Ayuntamiento.de.Coria\",\"https:\\\/\\\/x.com\\\/Ayto_de_Coria\",\"https:\\\/\\\/www.instagram.com\\\/coria.ayuntamiento\\\/\",\"https:\\\/\\\/www.youtube.com\\\/user\\\/AYUNTAMIENTOCORIA\"]},{\"@type\":\"Person\",\"@id\":\"https:\\\/\\\/coria.org\\\/ayuntamiento\\\/#\\\/schema\\\/person\\\/8bd589f0e13e8ae5aa06def7a599d622\",\"name\":\"ayuntamiento\",\"image\":{\"@type\":\"ImageObject\",\"inLanguage\":\"es\",\"@id\":\"https:\\\/\\\/secure.gravatar.com\\\/avatar\\\/966e5ed73cad334adda5c87f49f2547f7082f7292c1b627cbb548744383b391c?s=96&d=mm&r=g\",\"url\":\"https:\\\/\\\/secure.gravatar.com\\\/avatar\\\/966e5ed73cad334adda5c87f49f2547f7082f7292c1b627cbb548744383b391c?s=96&d=mm&r=g\",\"contentUrl\":\"https:\\\/\\\/secure.gravatar.com\\\/avatar\\\/966e5ed73cad334adda5c87f49f2547f7082f7292c1b627cbb548744383b391c?s=96&d=mm&r=g\",\"caption\":\"ayuntamiento\"}}]}<\/script>\n<!-- \/ Yoast SEO plugin. -->","yoast_head_json":{"title":"El Ayuntamiento de Coria prepara una serie de medidas ante la campa\u00f1a de ataques de ADESVAL - Ayuntamiento de Coria","robots":{"index":"index","follow":"follow","max-snippet":"max-snippet:-1","max-image-preview":"max-image-preview:large","max-video-preview":"max-video-preview:-1"},"canonical":"https:\/\/coria.org\/ayuntamiento\/index.php\/2021\/09\/30\/el-ayuntamiento-de-coria-prepara-una-serie-de-medidas-ante-la-campana-de-ataques-de-adesval\/","og_locale":"es_ES","og_type":"article","og_title":"El Ayuntamiento de Coria prepara una serie de medidas ante la campa\u00f1a de ataques de ADESVAL - Ayuntamiento de Coria","og_description":"El Alcalde de la Ciudad de Coria, Jos\u00e9 Manuel Garc\u00eda Ballestero, ha comparecido en la ma\u00f1ana de este jueves ante los medios de comunicaci\u00f3n para dar a conocer las medidas que va a tomar el Ayuntamiento de la Ciudad tras la campa\u00f1a de ataques y amenazas sobre la retirada de los fondos de desarrollo rural [&hellip;]","og_url":"https:\/\/coria.org\/ayuntamiento\/index.php\/2021\/09\/30\/el-ayuntamiento-de-coria-prepara-una-serie-de-medidas-ante-la-campana-de-ataques-de-adesval\/","og_site_name":"Ayuntamiento de Coria","article_publisher":"https:\/\/www.facebook.com\/Ayuntamiento.de.Coria","article_published_time":"2021-09-30T00:00:00+00:00","article_modified_time":"2024-03-01T09:12:07+00:00","og_image":[{"width":1280,"height":720,"url":"https:\/\/coria.org\/ayuntamiento\/wp-content\/uploads\/2021\/09\/you.jpg","type":"image\/jpeg"}],"author":"ayuntamiento","twitter_card":"summary_large_image","twitter_creator":"@Ayto_de_Coria","twitter_site":"@Ayto_de_Coria","twitter_misc":{"Escrito por":"ayuntamiento","Tiempo de lectura":"2 minutos"},"schema":{"@context":"https:\/\/schema.org","@graph":[{"@type":"Article","@id":"https:\/\/coria.org\/ayuntamiento\/index.php\/2021\/09\/30\/el-ayuntamiento-de-coria-prepara-una-serie-de-medidas-ante-la-campana-de-ataques-de-adesval\/#article","isPartOf":{"@id":"https:\/\/coria.org\/ayuntamiento\/index.php\/2021\/09\/30\/el-ayuntamiento-de-coria-prepara-una-serie-de-medidas-ante-la-campana-de-ataques-de-adesval\/"},"author":{"name":"ayuntamiento","@id":"https:\/\/coria.org\/ayuntamiento\/#\/schema\/person\/8bd589f0e13e8ae5aa06def7a599d622"},"headline":"El Ayuntamiento de Coria prepara una serie de medidas ante la campa\u00f1a de ataques de ADESVAL","datePublished":"2021-09-30T00:00:00+00:00","dateModified":"2024-03-01T09:12:07+00:00","mainEntityOfPage":{"@id":"https:\/\/coria.org\/ayuntamiento\/index.php\/2021\/09\/30\/el-ayuntamiento-de-coria-prepara-una-serie-de-medidas-ante-la-campana-de-ataques-de-adesval\/"},"wordCount":346,"publisher":{"@id":"https:\/\/coria.org\/ayuntamiento\/#organization"},"image":{"@id":"https:\/\/coria.org\/ayuntamiento\/index.php\/2021\/09\/30\/el-ayuntamiento-de-coria-prepara-una-serie-de-medidas-ante-la-campana-de-ataques-de-adesval\/#primaryimage"},"thumbnailUrl":"https:\/\/coria.org\/ayuntamiento\/wp-content\/uploads\/2021\/09\/you.jpg","keywords":["adesval","coria","extremadura"],"articleSection":["Noticias"],"inLanguage":"es"},{"@type":"WebPage","@id":"https:\/\/coria.org\/ayuntamiento\/index.php\/2021\/09\/30\/el-ayuntamiento-de-coria-prepara-una-serie-de-medidas-ante-la-campana-de-ataques-de-adesval\/","url":"https:\/\/coria.org\/ayuntamiento\/index.php\/2021\/09\/30\/el-ayuntamiento-de-coria-prepara-una-serie-de-medidas-ante-la-campana-de-ataques-de-adesval\/","name":"El Ayuntamiento de Coria prepara una serie de medidas ante la campa\u00f1a de ataques de ADESVAL - Ayuntamiento de Coria","isPartOf":{"@id":"https:\/\/coria.org\/ayuntamiento\/#website"},"primaryImageOfPage":{"@id":"https:\/\/coria.org\/ayuntamiento\/index.php\/2021\/09\/30\/el-ayuntamiento-de-coria-prepara-una-serie-de-medidas-ante-la-campana-de-ataques-de-adesval\/#primaryimage"},"image":{"@id":"https:\/\/coria.org\/ayuntamiento\/index.php\/2021\/09\/30\/el-ayuntamiento-de-coria-prepara-una-serie-de-medidas-ante-la-campana-de-ataques-de-adesval\/#primaryimage"},"thumbnailUrl":"https:\/\/coria.org\/ayuntamiento\/wp-content\/uploads\/2021\/09\/you.jpg","datePublished":"2021-09-30T00:00:00+00:00","dateModified":"2024-03-01T09:12:07+00:00","breadcrumb":{"@id":"https:\/\/coria.org\/ayuntamiento\/index.php\/2021\/09\/30\/el-ayuntamiento-de-coria-prepara-una-serie-de-medidas-ante-la-campana-de-ataques-de-adesval\/#breadcrumb"},"inLanguage":"es","potentialAction":[{"@type":"ReadAction","target":["https:\/\/coria.org\/ayuntamiento\/index.php\/2021\/09\/30\/el-ayuntamiento-de-coria-prepara-una-serie-de-medidas-ante-la-campana-de-ataques-de-adesval\/"]}]},{"@type":"ImageObject","inLanguage":"es","@id":"https:\/\/coria.org\/ayuntamiento\/index.php\/2021\/09\/30\/el-ayuntamiento-de-coria-prepara-una-serie-de-medidas-ante-la-campana-de-ataques-de-adesval\/#primaryimage","url":"https:\/\/coria.org\/ayuntamiento\/wp-content\/uploads\/2021\/09\/you.jpg","contentUrl":"https:\/\/coria.org\/ayuntamiento\/wp-content\/uploads\/2021\/09\/you.jpg","width":1280,"height":720},{"@type":"BreadcrumbList","@id":"https:\/\/coria.org\/ayuntamiento\/index.php\/2021\/09\/30\/el-ayuntamiento-de-coria-prepara-una-serie-de-medidas-ante-la-campana-de-ataques-de-adesval\/#breadcrumb","itemListElement":[{"@type":"ListItem","position":1,"name":"Inicio","item":"https:\/\/coria.org\/ayuntamiento\/"},{"@type":"ListItem","position":2,"name":"El Ayuntamiento de Coria prepara una serie de medidas ante la campa\u00f1a de ataques de ADESVAL"}]},{"@type":"WebSite","@id":"https:\/\/coria.org\/ayuntamiento\/#website","url":"https:\/\/coria.org\/ayuntamiento\/","name":"Ayuntamiento de Coria","description":"Web oficial del Ayuntamiento de Coria","publisher":{"@id":"https:\/\/coria.org\/ayuntamiento\/#organization"},"alternateName":"Web Oficial del Ayuntamiento de Coria","potentialAction":[{"@type":"SearchAction","target":{"@type":"EntryPoint","urlTemplate":"https:\/\/coria.org\/ayuntamiento\/?s={search_term_string}"},"query-input":{"@type":"PropertyValueSpecification","valueRequired":true,"valueName":"search_term_string"}}],"inLanguage":"es"},{"@type":"Organization","@id":"https:\/\/coria.org\/ayuntamiento\/#organization","name":"Ayuntamiento de Coria","alternateName":"Ayto de Coria","url":"https:\/\/coria.org\/ayuntamiento\/","logo":{"@type":"ImageObject","inLanguage":"es","@id":"https:\/\/coria.org\/ayuntamiento\/#\/schema\/logo\/image\/","url":"https:\/\/coria.org\/ayuntamiento\/wp-content\/uploads\/2020\/12\/escudo-ayuntamiento-coria.png","contentUrl":"https:\/\/coria.org\/ayuntamiento\/wp-content\/uploads\/2020\/12\/escudo-ayuntamiento-coria.png","width":511,"height":240,"caption":"Ayuntamiento de Coria"},"image":{"@id":"https:\/\/coria.org\/ayuntamiento\/#\/schema\/logo\/image\/"},"sameAs":["https:\/\/www.facebook.com\/Ayuntamiento.de.Coria","https:\/\/x.com\/Ayto_de_Coria","https:\/\/www.instagram.com\/coria.ayuntamiento\/","https:\/\/www.youtube.com\/user\/AYUNTAMIENTOCORIA"]},{"@type":"Person","@id":"https:\/\/coria.org\/ayuntamiento\/#\/schema\/person\/8bd589f0e13e8ae5aa06def7a599d622","name":"ayuntamiento","image":{"@type":"ImageObject","inLanguage":"es","@id":"https:\/\/secure.gravatar.com\/avatar\/966e5ed73cad334adda5c87f49f2547f7082f7292c1b627cbb548744383b391c?s=96&d=mm&r=g","url":"https:\/\/secure.gravatar.com\/avatar\/966e5ed73cad334adda5c87f49f2547f7082f7292c1b627cbb548744383b391c?s=96&d=mm&r=g","contentUrl":"https:\/\/secure.gravatar.com\/avatar\/966e5ed73cad334adda5c87f49f2547f7082f7292c1b627cbb548744383b391c?s=96&d=mm&r=g","caption":"ayuntamiento"}}]}},"uagb_featured_image_src":{"full":["https:\/\/coria.org\/ayuntamiento\/wp-content\/uploads\/2021\/09\/you.jpg",1280,720,false],"thumbnail":["https:\/\/coria.org\/ayuntamiento\/wp-content\/uploads\/2021\/09\/you-150x150.jpg",150,150,true],"medium":["https:\/\/coria.org\/ayuntamiento\/wp-content\/uploads\/2021\/09\/you-300x169.jpg",300,169,true],"medium_large":["https:\/\/coria.org\/ayuntamiento\/wp-content\/uploads\/2021\/09\/you-768x432.jpg",768,432,true],"large":["https:\/\/coria.org\/ayuntamiento\/wp-content\/uploads\/2021\/09\/you-1024x576.jpg",1024,576,true],"thumblist":["https:\/\/coria.org\/ayuntamiento\/wp-content\/uploads\/2021\/09\/you.jpg",300,169,false],"thumbrelated":["https:\/\/coria.org\/ayuntamiento\/wp-content\/uploads\/2021\/09\/you.jpg",500,281,false],"meccarouselthumb":["https:\/\/coria.org\/ayuntamiento\/wp-content\/uploads\/2021\/09\/you.jpg",474,267,false],"gridsquare":["https:\/\/coria.org\/ayuntamiento\/wp-content\/uploads\/2021\/09\/you.jpg",391,220,false],"tileview":["https:\/\/coria.org\/ayuntamiento\/wp-content\/uploads\/2021\/09\/you.jpg",300,169,false],"1536x1536":["https:\/\/coria.org\/ayuntamiento\/wp-content\/uploads\/2021\/09\/you.jpg",1280,720,false],"2048x2048":["https:\/\/coria.org\/ayuntamiento\/wp-content\/uploads\/2021\/09\/you.jpg",1280,720,false]},"uagb_author_info":{"display_name":"ayuntamiento","author_link":"https:\/\/coria.org\/ayuntamiento\/index.php\/author\/ayuntamiento\/"},"uagb_comment_info":0,"uagb_excerpt":"El Alcalde de la Ciudad de Coria, Jos\u00e9 Manuel Garc\u00eda Ballestero, ha comparecido en la ma\u00f1ana de este jueves ante los medios de comunicaci\u00f3n para dar a conocer las medidas que va a tomar el Ayuntamiento de la Ciudad tras la campa\u00f1a de ataques y amenazas sobre la retirada de los fondos de desarrollo rural&hellip;","_links":{"self":[{"href":"https:\/\/coria.org\/ayuntamiento\/index.php\/wp-json\/wp\/v2\/posts\/23557","targetHints":{"allow":["GET"]}}],"collection":[{"href":"https:\/\/coria.org\/ayuntamiento\/index.php\/wp-json\/wp\/v2\/posts"}],"about":[{"href":"https:\/\/coria.org\/ayuntamiento\/index.php\/wp-json\/wp\/v2\/types\/post"}],"author":[{"embeddable":true,"href":"https:\/\/coria.org\/ayuntamiento\/index.php\/wp-json\/wp\/v2\/users\/2"}],"replies":[{"embeddable":true,"href":"https:\/\/coria.org\/ayuntamiento\/index.php\/wp-json\/wp\/v2\/comments?post=23557"}],"version-history":[{"count":0,"href":"https:\/\/coria.org\/ayuntamiento\/index.php\/wp-json\/wp\/v2\/posts\/23557\/revisions"}],"wp:featuredmedia":[{"embeddable":true,"href":"https:\/\/coria.org\/ayuntamiento\/index.php\/wp-json\/wp\/v2\/media\/37849"}],"wp:attachment":[{"href":"https:\/\/coria.org\/ayuntamiento\/index.php\/wp-json\/wp\/v2\/media?parent=23557"}],"wp:term":[{"taxonomy":"category","embeddable":true,"href":"https:\/\/coria.org\/ayuntamiento\/index.php\/wp-json\/wp\/v2\/categories?post=23557"},{"taxonomy":"post_tag","embeddable":true,"href":"https:\/\/coria.org\/ayuntamiento\/index.php\/wp-json\/wp\/v2\/tags?post=23557"}],"curies":[{"name":"wp","href":"https:\/\/api.w.org\/{rel}","templated":true}]}}