{"id":23556,"date":"2021-10-01T00:00:00","date_gmt":"2021-10-01T00:00:00","guid":{"rendered":"https:\/\/ayuntamiento.coriaenimagenes.com\/la-ciudad-de-coria-cuenta-con-nuevo-mobiliario-urbano\/"},"modified":"2023-09-18T12:18:15","modified_gmt":"2023-09-18T10:18:15","slug":"la-ciudad-de-coria-cuenta-con-nuevo-mobiliario-urbano","status":"publish","type":"post","link":"https:\/\/coria.org\/ayuntamiento\/index.php\/2021\/10\/01\/la-ciudad-de-coria-cuenta-con-nuevo-mobiliario-urbano\/","title":{"rendered":"La Ciudad de Coria cuenta con nuevo mobiliario urbano"},"content":{"rendered":"\n<p><b>Se han colocado m\u00e1s de una veintena de papeleras en la Avenida Monse\u00f1or Riberi<\/b><\/p>\n\n\n<figure class=\"wp-block-post-featured-image\"><img loading=\"lazy\" decoding=\"async\" width=\"2560\" height=\"1920\" src=\"https:\/\/coria.org\/ayuntamiento\/wp-content\/uploads\/2021\/10\/IMG_20211001_131258-scaled-1.jpg\" class=\"attachment-post-thumbnail size-post-thumbnail wp-post-image\" alt=\"\" style=\"object-fit:cover;\" srcset=\"https:\/\/coria.org\/ayuntamiento\/wp-content\/uploads\/2021\/10\/IMG_20211001_131258-scaled-1.jpg 2560w, https:\/\/coria.org\/ayuntamiento\/wp-content\/uploads\/2021\/10\/IMG_20211001_131258-scaled-1-300x225.jpg 300w, https:\/\/coria.org\/ayuntamiento\/wp-content\/uploads\/2021\/10\/IMG_20211001_131258-scaled-1-1024x768.jpg 1024w, https:\/\/coria.org\/ayuntamiento\/wp-content\/uploads\/2021\/10\/IMG_20211001_131258-scaled-1-768x576.jpg 768w, https:\/\/coria.org\/ayuntamiento\/wp-content\/uploads\/2021\/10\/IMG_20211001_131258-scaled-1-1536x1152.jpg 1536w, https:\/\/coria.org\/ayuntamiento\/wp-content\/uploads\/2021\/10\/IMG_20211001_131258-scaled-1-2048x1536.jpg 2048w\" sizes=\"auto, (max-width: 2560px) 100vw, 2560px\" \/><\/figure>\n\n\n<p>Esta semana los operarios del Ayuntamiento han finalizado la colocaci\u00f3n del mobiliario urbano en la Avenida Monse\u00f1or Riberi. Tras la remodelaci\u00f3n de bancos para el descanso de los viandantes, esta arteria principal de la Ciudad cuenta con nuevas papeleras; 25 papeleras de hormig\u00f3n, con dos apartados, uno para desechos org\u00e1nicos en color azul y el apartado amarillo para envases. De esta forma, la Ciudad de Coria pretende sensibilizar a los ciudadanos con el reciclaje y el cuidado del medio ambiente.<\/p>\n\n\n\n<p>Todo este mobiliario urbano, junto a \u00e1rboles y farolas, se ubican en una banda de un ancho de 1,20 metros de la calzada, dejando el resto de acerado hasta los edificios libre de obst\u00e1culos para una fluida circulaci\u00f3n de los peatones.<\/p>\n\n\n\n<p>Estas obras de adecuaci\u00f3n y mejora en dicha avenida de nuestra Ciudad hacen que los acerados sean m\u00e1s amplios, con un ancho mayor a cuatro metros, ampli\u00e1ndolos en los cruces para mejorar la visibilidad del peat\u00f3n a la hora de cruzar.<\/p>\n\n\n\n<p>La colocaci\u00f3n de estas papeleras se une a las iniciativas por cuidar el medio ambiente, como al aumento de nuevos \u00e1rboles de porte medio y hoja caduca que permiten que el sol caliente las aceras y viviendas en invierno, y dar sombra durante los meses de verano.<\/p>\n\n\n\n<p>Con la colocaci\u00f3n de este nuevo mobiliario urbano concluyen las obras de adecuaci\u00f3n y mejora en esta avenida de nuestra localidad.<\/p>\n","protected":false},"excerpt":{"rendered":"<p>Se han colocado m\u00e1s de una veintena de papeleras en la Avenida Monse\u00f1or Riberi Esta semana los operarios del Ayuntamiento han finalizado la colocaci\u00f3n del mobiliario urbano en la Avenida Monse\u00f1or Riberi. Tras la remodelaci\u00f3n de bancos para el descanso de los viandantes, esta arteria principal de la Ciudad cuenta con nuevas papeleras; 25 papeleras [&hellip;]<\/p>\n","protected":false},"author":2,"featured_media":37842,"comment_status":"closed","ping_status":"closed","sticky":false,"template":"","format":"standard","meta":{"_uag_custom_page_level_css":"","footnotes":""},"categories":[2],"tags":[3,4,614,1090],"class_list":["post-23556","post","type-post","status-publish","format-standard","has-post-thumbnail","hentry","category-noticias","tag-coria","tag-extremadura","tag-glorieta","tag-riberi"],"yoast_head":"<!-- This site is optimized with the Yoast SEO plugin v27.4 - https:\/\/yoast.com\/product\/yoast-seo-wordpress\/ -->\n<title>La Ciudad de Coria cuenta con nuevo mobiliario urbano - Ayuntamiento de Coria<\/title>\n<meta name=\"robots\" content=\"index, follow, max-snippet:-1, max-image-preview:large, max-video-preview:-1\" \/>\n<link rel=\"canonical\" href=\"https:\/\/coria.org\/ayuntamiento\/index.php\/2021\/10\/01\/la-ciudad-de-coria-cuenta-con-nuevo-mobiliario-urbano\/\" \/>\n<meta property=\"og:locale\" content=\"es_ES\" \/>\n<meta property=\"og:type\" content=\"article\" \/>\n<meta property=\"og:title\" content=\"La Ciudad de Coria cuenta con nuevo mobiliario urbano - Ayuntamiento de Coria\" \/>\n<meta property=\"og:description\" content=\"Se han colocado m\u00e1s de una veintena de papeleras en la Avenida Monse\u00f1or Riberi Esta semana los operarios del Ayuntamiento han finalizado la colocaci\u00f3n del mobiliario urbano en la Avenida Monse\u00f1or Riberi. Tras la remodelaci\u00f3n de bancos para el descanso de los viandantes, esta arteria principal de la Ciudad cuenta con nuevas papeleras; 25 papeleras [&hellip;]\" \/>\n<meta property=\"og:url\" content=\"https:\/\/coria.org\/ayuntamiento\/index.php\/2021\/10\/01\/la-ciudad-de-coria-cuenta-con-nuevo-mobiliario-urbano\/\" \/>\n<meta property=\"og:site_name\" content=\"Ayuntamiento de Coria\" \/>\n<meta property=\"article:publisher\" content=\"https:\/\/www.facebook.com\/Ayuntamiento.de.Coria\" \/>\n<meta property=\"article:published_time\" content=\"2021-10-01T00:00:00+00:00\" \/>\n<meta property=\"article:modified_time\" content=\"2023-09-18T10:18:15+00:00\" \/>\n<meta property=\"og:image\" content=\"https:\/\/coria.org\/ayuntamiento\/wp-content\/uploads\/2021\/10\/IMG_20211001_131258-scaled-1.jpg\" \/>\n\t<meta property=\"og:image:width\" content=\"2560\" \/>\n\t<meta property=\"og:image:height\" content=\"1920\" \/>\n\t<meta property=\"og:image:type\" content=\"image\/jpeg\" \/>\n<meta name=\"author\" content=\"ayuntamiento\" \/>\n<meta name=\"twitter:card\" content=\"summary_large_image\" \/>\n<meta name=\"twitter:creator\" content=\"@Ayto_de_Coria\" \/>\n<meta name=\"twitter:site\" content=\"@Ayto_de_Coria\" \/>\n<meta name=\"twitter:label1\" content=\"Escrito por\" \/>\n\t<meta name=\"twitter:data1\" content=\"ayuntamiento\" \/>\n\t<meta name=\"twitter:label2\" content=\"Tiempo de lectura\" \/>\n\t<meta name=\"twitter:data2\" content=\"1 minuto\" \/>\n<script type=\"application\/ld+json\" class=\"yoast-schema-graph\">{\"@context\":\"https:\\\/\\\/schema.org\",\"@graph\":[{\"@type\":\"Article\",\"@id\":\"https:\\\/\\\/coria.org\\\/ayuntamiento\\\/index.php\\\/2021\\\/10\\\/01\\\/la-ciudad-de-coria-cuenta-con-nuevo-mobiliario-urbano\\\/#article\",\"isPartOf\":{\"@id\":\"https:\\\/\\\/coria.org\\\/ayuntamiento\\\/index.php\\\/2021\\\/10\\\/01\\\/la-ciudad-de-coria-cuenta-con-nuevo-mobiliario-urbano\\\/\"},\"author\":{\"name\":\"ayuntamiento\",\"@id\":\"https:\\\/\\\/coria.org\\\/ayuntamiento\\\/#\\\/schema\\\/person\\\/8bd589f0e13e8ae5aa06def7a599d622\"},\"headline\":\"La Ciudad de Coria cuenta con nuevo mobiliario urbano\",\"datePublished\":\"2021-10-01T00:00:00+00:00\",\"dateModified\":\"2023-09-18T10:18:15+00:00\",\"mainEntityOfPage\":{\"@id\":\"https:\\\/\\\/coria.org\\\/ayuntamiento\\\/index.php\\\/2021\\\/10\\\/01\\\/la-ciudad-de-coria-cuenta-con-nuevo-mobiliario-urbano\\\/\"},\"wordCount\":267,\"publisher\":{\"@id\":\"https:\\\/\\\/coria.org\\\/ayuntamiento\\\/#organization\"},\"image\":{\"@id\":\"https:\\\/\\\/coria.org\\\/ayuntamiento\\\/index.php\\\/2021\\\/10\\\/01\\\/la-ciudad-de-coria-cuenta-con-nuevo-mobiliario-urbano\\\/#primaryimage\"},\"thumbnailUrl\":\"https:\\\/\\\/coria.org\\\/ayuntamiento\\\/wp-content\\\/uploads\\\/2021\\\/10\\\/IMG_20211001_131258-scaled-1.jpg\",\"keywords\":[\"coria\",\"extremadura\",\"glorieta\",\"riberi\"],\"articleSection\":[\"Noticias\"],\"inLanguage\":\"es\"},{\"@type\":\"WebPage\",\"@id\":\"https:\\\/\\\/coria.org\\\/ayuntamiento\\\/index.php\\\/2021\\\/10\\\/01\\\/la-ciudad-de-coria-cuenta-con-nuevo-mobiliario-urbano\\\/\",\"url\":\"https:\\\/\\\/coria.org\\\/ayuntamiento\\\/index.php\\\/2021\\\/10\\\/01\\\/la-ciudad-de-coria-cuenta-con-nuevo-mobiliario-urbano\\\/\",\"name\":\"La Ciudad de Coria cuenta con nuevo mobiliario urbano - Ayuntamiento de Coria\",\"isPartOf\":{\"@id\":\"https:\\\/\\\/coria.org\\\/ayuntamiento\\\/#website\"},\"primaryImageOfPage\":{\"@id\":\"https:\\\/\\\/coria.org\\\/ayuntamiento\\\/index.php\\\/2021\\\/10\\\/01\\\/la-ciudad-de-coria-cuenta-con-nuevo-mobiliario-urbano\\\/#primaryimage\"},\"image\":{\"@id\":\"https:\\\/\\\/coria.org\\\/ayuntamiento\\\/index.php\\\/2021\\\/10\\\/01\\\/la-ciudad-de-coria-cuenta-con-nuevo-mobiliario-urbano\\\/#primaryimage\"},\"thumbnailUrl\":\"https:\\\/\\\/coria.org\\\/ayuntamiento\\\/wp-content\\\/uploads\\\/2021\\\/10\\\/IMG_20211001_131258-scaled-1.jpg\",\"datePublished\":\"2021-10-01T00:00:00+00:00\",\"dateModified\":\"2023-09-18T10:18:15+00:00\",\"breadcrumb\":{\"@id\":\"https:\\\/\\\/coria.org\\\/ayuntamiento\\\/index.php\\\/2021\\\/10\\\/01\\\/la-ciudad-de-coria-cuenta-con-nuevo-mobiliario-urbano\\\/#breadcrumb\"},\"inLanguage\":\"es\",\"potentialAction\":[{\"@type\":\"ReadAction\",\"target\":[\"https:\\\/\\\/coria.org\\\/ayuntamiento\\\/index.php\\\/2021\\\/10\\\/01\\\/la-ciudad-de-coria-cuenta-con-nuevo-mobiliario-urbano\\\/\"]}]},{\"@type\":\"ImageObject\",\"inLanguage\":\"es\",\"@id\":\"https:\\\/\\\/coria.org\\\/ayuntamiento\\\/index.php\\\/2021\\\/10\\\/01\\\/la-ciudad-de-coria-cuenta-con-nuevo-mobiliario-urbano\\\/#primaryimage\",\"url\":\"https:\\\/\\\/coria.org\\\/ayuntamiento\\\/wp-content\\\/uploads\\\/2021\\\/10\\\/IMG_20211001_131258-scaled-1.jpg\",\"contentUrl\":\"https:\\\/\\\/coria.org\\\/ayuntamiento\\\/wp-content\\\/uploads\\\/2021\\\/10\\\/IMG_20211001_131258-scaled-1.jpg\",\"width\":2560,\"height\":1920},{\"@type\":\"BreadcrumbList\",\"@id\":\"https:\\\/\\\/coria.org\\\/ayuntamiento\\\/index.php\\\/2021\\\/10\\\/01\\\/la-ciudad-de-coria-cuenta-con-nuevo-mobiliario-urbano\\\/#breadcrumb\",\"itemListElement\":[{\"@type\":\"ListItem\",\"position\":1,\"name\":\"Inicio\",\"item\":\"https:\\\/\\\/coria.org\\\/ayuntamiento\\\/\"},{\"@type\":\"ListItem\",\"position\":2,\"name\":\"La Ciudad de Coria cuenta con nuevo mobiliario urbano\"}]},{\"@type\":\"WebSite\",\"@id\":\"https:\\\/\\\/coria.org\\\/ayuntamiento\\\/#website\",\"url\":\"https:\\\/\\\/coria.org\\\/ayuntamiento\\\/\",\"name\":\"Ayuntamiento de Coria\",\"description\":\"Web oficial del Ayuntamiento de Coria\",\"publisher\":{\"@id\":\"https:\\\/\\\/coria.org\\\/ayuntamiento\\\/#organization\"},\"alternateName\":\"Web Oficial del Ayuntamiento de Coria\",\"potentialAction\":[{\"@type\":\"SearchAction\",\"target\":{\"@type\":\"EntryPoint\",\"urlTemplate\":\"https:\\\/\\\/coria.org\\\/ayuntamiento\\\/?s={search_term_string}\"},\"query-input\":{\"@type\":\"PropertyValueSpecification\",\"valueRequired\":true,\"valueName\":\"search_term_string\"}}],\"inLanguage\":\"es\"},{\"@type\":\"Organization\",\"@id\":\"https:\\\/\\\/coria.org\\\/ayuntamiento\\\/#organization\",\"name\":\"Ayuntamiento de Coria\",\"alternateName\":\"Ayto de Coria\",\"url\":\"https:\\\/\\\/coria.org\\\/ayuntamiento\\\/\",\"logo\":{\"@type\":\"ImageObject\",\"inLanguage\":\"es\",\"@id\":\"https:\\\/\\\/coria.org\\\/ayuntamiento\\\/#\\\/schema\\\/logo\\\/image\\\/\",\"url\":\"https:\\\/\\\/coria.org\\\/ayuntamiento\\\/wp-content\\\/uploads\\\/2020\\\/12\\\/escudo-ayuntamiento-coria.png\",\"contentUrl\":\"https:\\\/\\\/coria.org\\\/ayuntamiento\\\/wp-content\\\/uploads\\\/2020\\\/12\\\/escudo-ayuntamiento-coria.png\",\"width\":511,\"height\":240,\"caption\":\"Ayuntamiento de Coria\"},\"image\":{\"@id\":\"https:\\\/\\\/coria.org\\\/ayuntamiento\\\/#\\\/schema\\\/logo\\\/image\\\/\"},\"sameAs\":[\"https:\\\/\\\/www.facebook.com\\\/Ayuntamiento.de.Coria\",\"https:\\\/\\\/x.com\\\/Ayto_de_Coria\",\"https:\\\/\\\/www.instagram.com\\\/coria.ayuntamiento\\\/\",\"https:\\\/\\\/www.youtube.com\\\/user\\\/AYUNTAMIENTOCORIA\"]},{\"@type\":\"Person\",\"@id\":\"https:\\\/\\\/coria.org\\\/ayuntamiento\\\/#\\\/schema\\\/person\\\/8bd589f0e13e8ae5aa06def7a599d622\",\"name\":\"ayuntamiento\",\"image\":{\"@type\":\"ImageObject\",\"inLanguage\":\"es\",\"@id\":\"https:\\\/\\\/secure.gravatar.com\\\/avatar\\\/966e5ed73cad334adda5c87f49f2547f7082f7292c1b627cbb548744383b391c?s=96&d=mm&r=g\",\"url\":\"https:\\\/\\\/secure.gravatar.com\\\/avatar\\\/966e5ed73cad334adda5c87f49f2547f7082f7292c1b627cbb548744383b391c?s=96&d=mm&r=g\",\"contentUrl\":\"https:\\\/\\\/secure.gravatar.com\\\/avatar\\\/966e5ed73cad334adda5c87f49f2547f7082f7292c1b627cbb548744383b391c?s=96&d=mm&r=g\",\"caption\":\"ayuntamiento\"}}]}<\/script>\n<!-- \/ Yoast SEO plugin. -->","yoast_head_json":{"title":"La Ciudad de Coria cuenta con nuevo mobiliario urbano - Ayuntamiento de Coria","robots":{"index":"index","follow":"follow","max-snippet":"max-snippet:-1","max-image-preview":"max-image-preview:large","max-video-preview":"max-video-preview:-1"},"canonical":"https:\/\/coria.org\/ayuntamiento\/index.php\/2021\/10\/01\/la-ciudad-de-coria-cuenta-con-nuevo-mobiliario-urbano\/","og_locale":"es_ES","og_type":"article","og_title":"La Ciudad de Coria cuenta con nuevo mobiliario urbano - Ayuntamiento de Coria","og_description":"Se han colocado m\u00e1s de una veintena de papeleras en la Avenida Monse\u00f1or Riberi Esta semana los operarios del Ayuntamiento han finalizado la colocaci\u00f3n del mobiliario urbano en la Avenida Monse\u00f1or Riberi. Tras la remodelaci\u00f3n de bancos para el descanso de los viandantes, esta arteria principal de la Ciudad cuenta con nuevas papeleras; 25 papeleras [&hellip;]","og_url":"https:\/\/coria.org\/ayuntamiento\/index.php\/2021\/10\/01\/la-ciudad-de-coria-cuenta-con-nuevo-mobiliario-urbano\/","og_site_name":"Ayuntamiento de Coria","article_publisher":"https:\/\/www.facebook.com\/Ayuntamiento.de.Coria","article_published_time":"2021-10-01T00:00:00+00:00","article_modified_time":"2023-09-18T10:18:15+00:00","og_image":[{"width":2560,"height":1920,"url":"https:\/\/coria.org\/ayuntamiento\/wp-content\/uploads\/2021\/10\/IMG_20211001_131258-scaled-1.jpg","type":"image\/jpeg"}],"author":"ayuntamiento","twitter_card":"summary_large_image","twitter_creator":"@Ayto_de_Coria","twitter_site":"@Ayto_de_Coria","twitter_misc":{"Escrito por":"ayuntamiento","Tiempo de lectura":"1 minuto"},"schema":{"@context":"https:\/\/schema.org","@graph":[{"@type":"Article","@id":"https:\/\/coria.org\/ayuntamiento\/index.php\/2021\/10\/01\/la-ciudad-de-coria-cuenta-con-nuevo-mobiliario-urbano\/#article","isPartOf":{"@id":"https:\/\/coria.org\/ayuntamiento\/index.php\/2021\/10\/01\/la-ciudad-de-coria-cuenta-con-nuevo-mobiliario-urbano\/"},"author":{"name":"ayuntamiento","@id":"https:\/\/coria.org\/ayuntamiento\/#\/schema\/person\/8bd589f0e13e8ae5aa06def7a599d622"},"headline":"La Ciudad de Coria cuenta con nuevo mobiliario urbano","datePublished":"2021-10-01T00:00:00+00:00","dateModified":"2023-09-18T10:18:15+00:00","mainEntityOfPage":{"@id":"https:\/\/coria.org\/ayuntamiento\/index.php\/2021\/10\/01\/la-ciudad-de-coria-cuenta-con-nuevo-mobiliario-urbano\/"},"wordCount":267,"publisher":{"@id":"https:\/\/coria.org\/ayuntamiento\/#organization"},"image":{"@id":"https:\/\/coria.org\/ayuntamiento\/index.php\/2021\/10\/01\/la-ciudad-de-coria-cuenta-con-nuevo-mobiliario-urbano\/#primaryimage"},"thumbnailUrl":"https:\/\/coria.org\/ayuntamiento\/wp-content\/uploads\/2021\/10\/IMG_20211001_131258-scaled-1.jpg","keywords":["coria","extremadura","glorieta","riberi"],"articleSection":["Noticias"],"inLanguage":"es"},{"@type":"WebPage","@id":"https:\/\/coria.org\/ayuntamiento\/index.php\/2021\/10\/01\/la-ciudad-de-coria-cuenta-con-nuevo-mobiliario-urbano\/","url":"https:\/\/coria.org\/ayuntamiento\/index.php\/2021\/10\/01\/la-ciudad-de-coria-cuenta-con-nuevo-mobiliario-urbano\/","name":"La Ciudad de Coria cuenta con nuevo mobiliario urbano - Ayuntamiento de Coria","isPartOf":{"@id":"https:\/\/coria.org\/ayuntamiento\/#website"},"primaryImageOfPage":{"@id":"https:\/\/coria.org\/ayuntamiento\/index.php\/2021\/10\/01\/la-ciudad-de-coria-cuenta-con-nuevo-mobiliario-urbano\/#primaryimage"},"image":{"@id":"https:\/\/coria.org\/ayuntamiento\/index.php\/2021\/10\/01\/la-ciudad-de-coria-cuenta-con-nuevo-mobiliario-urbano\/#primaryimage"},"thumbnailUrl":"https:\/\/coria.org\/ayuntamiento\/wp-content\/uploads\/2021\/10\/IMG_20211001_131258-scaled-1.jpg","datePublished":"2021-10-01T00:00:00+00:00","dateModified":"2023-09-18T10:18:15+00:00","breadcrumb":{"@id":"https:\/\/coria.org\/ayuntamiento\/index.php\/2021\/10\/01\/la-ciudad-de-coria-cuenta-con-nuevo-mobiliario-urbano\/#breadcrumb"},"inLanguage":"es","potentialAction":[{"@type":"ReadAction","target":["https:\/\/coria.org\/ayuntamiento\/index.php\/2021\/10\/01\/la-ciudad-de-coria-cuenta-con-nuevo-mobiliario-urbano\/"]}]},{"@type":"ImageObject","inLanguage":"es","@id":"https:\/\/coria.org\/ayuntamiento\/index.php\/2021\/10\/01\/la-ciudad-de-coria-cuenta-con-nuevo-mobiliario-urbano\/#primaryimage","url":"https:\/\/coria.org\/ayuntamiento\/wp-content\/uploads\/2021\/10\/IMG_20211001_131258-scaled-1.jpg","contentUrl":"https:\/\/coria.org\/ayuntamiento\/wp-content\/uploads\/2021\/10\/IMG_20211001_131258-scaled-1.jpg","width":2560,"height":1920},{"@type":"BreadcrumbList","@id":"https:\/\/coria.org\/ayuntamiento\/index.php\/2021\/10\/01\/la-ciudad-de-coria-cuenta-con-nuevo-mobiliario-urbano\/#breadcrumb","itemListElement":[{"@type":"ListItem","position":1,"name":"Inicio","item":"https:\/\/coria.org\/ayuntamiento\/"},{"@type":"ListItem","position":2,"name":"La Ciudad de Coria cuenta con nuevo mobiliario urbano"}]},{"@type":"WebSite","@id":"https:\/\/coria.org\/ayuntamiento\/#website","url":"https:\/\/coria.org\/ayuntamiento\/","name":"Ayuntamiento de Coria","description":"Web oficial del Ayuntamiento de Coria","publisher":{"@id":"https:\/\/coria.org\/ayuntamiento\/#organization"},"alternateName":"Web Oficial del Ayuntamiento de Coria","potentialAction":[{"@type":"SearchAction","target":{"@type":"EntryPoint","urlTemplate":"https:\/\/coria.org\/ayuntamiento\/?s={search_term_string}"},"query-input":{"@type":"PropertyValueSpecification","valueRequired":true,"valueName":"search_term_string"}}],"inLanguage":"es"},{"@type":"Organization","@id":"https:\/\/coria.org\/ayuntamiento\/#organization","name":"Ayuntamiento de Coria","alternateName":"Ayto de Coria","url":"https:\/\/coria.org\/ayuntamiento\/","logo":{"@type":"ImageObject","inLanguage":"es","@id":"https:\/\/coria.org\/ayuntamiento\/#\/schema\/logo\/image\/","url":"https:\/\/coria.org\/ayuntamiento\/wp-content\/uploads\/2020\/12\/escudo-ayuntamiento-coria.png","contentUrl":"https:\/\/coria.org\/ayuntamiento\/wp-content\/uploads\/2020\/12\/escudo-ayuntamiento-coria.png","width":511,"height":240,"caption":"Ayuntamiento de Coria"},"image":{"@id":"https:\/\/coria.org\/ayuntamiento\/#\/schema\/logo\/image\/"},"sameAs":["https:\/\/www.facebook.com\/Ayuntamiento.de.Coria","https:\/\/x.com\/Ayto_de_Coria","https:\/\/www.instagram.com\/coria.ayuntamiento\/","https:\/\/www.youtube.com\/user\/AYUNTAMIENTOCORIA"]},{"@type":"Person","@id":"https:\/\/coria.org\/ayuntamiento\/#\/schema\/person\/8bd589f0e13e8ae5aa06def7a599d622","name":"ayuntamiento","image":{"@type":"ImageObject","inLanguage":"es","@id":"https:\/\/secure.gravatar.com\/avatar\/966e5ed73cad334adda5c87f49f2547f7082f7292c1b627cbb548744383b391c?s=96&d=mm&r=g","url":"https:\/\/secure.gravatar.com\/avatar\/966e5ed73cad334adda5c87f49f2547f7082f7292c1b627cbb548744383b391c?s=96&d=mm&r=g","contentUrl":"https:\/\/secure.gravatar.com\/avatar\/966e5ed73cad334adda5c87f49f2547f7082f7292c1b627cbb548744383b391c?s=96&d=mm&r=g","caption":"ayuntamiento"}}]}},"uagb_featured_image_src":{"full":["https:\/\/coria.org\/ayuntamiento\/wp-content\/uploads\/2021\/10\/IMG_20211001_131258-scaled-1.jpg",2560,1920,false],"thumbnail":["https:\/\/coria.org\/ayuntamiento\/wp-content\/uploads\/2021\/10\/IMG_20211001_131258-scaled-1-150x150.jpg",150,150,true],"medium":["https:\/\/coria.org\/ayuntamiento\/wp-content\/uploads\/2021\/10\/IMG_20211001_131258-scaled-1-300x225.jpg",300,225,true],"medium_large":["https:\/\/coria.org\/ayuntamiento\/wp-content\/uploads\/2021\/10\/IMG_20211001_131258-scaled-1-768x576.jpg",768,576,true],"large":["https:\/\/coria.org\/ayuntamiento\/wp-content\/uploads\/2021\/10\/IMG_20211001_131258-scaled-1-1024x768.jpg",1024,768,true],"thumblist":["https:\/\/coria.org\/ayuntamiento\/wp-content\/uploads\/2021\/10\/IMG_20211001_131258-scaled-1.jpg",300,225,false],"thumbrelated":["https:\/\/coria.org\/ayuntamiento\/wp-content\/uploads\/2021\/10\/IMG_20211001_131258-scaled-1.jpg",500,375,false],"meccarouselthumb":["https:\/\/coria.org\/ayuntamiento\/wp-content\/uploads\/2021\/10\/IMG_20211001_131258-scaled-1.jpg",432,324,false],"gridsquare":["https:\/\/coria.org\/ayuntamiento\/wp-content\/uploads\/2021\/10\/IMG_20211001_131258-scaled-1.jpg",347,260,false],"tileview":["https:\/\/coria.org\/ayuntamiento\/wp-content\/uploads\/2021\/10\/IMG_20211001_131258-scaled-1.jpg",300,225,false],"1536x1536":["https:\/\/coria.org\/ayuntamiento\/wp-content\/uploads\/2021\/10\/IMG_20211001_131258-scaled-1-1536x1152.jpg",1536,1152,true],"2048x2048":["https:\/\/coria.org\/ayuntamiento\/wp-content\/uploads\/2021\/10\/IMG_20211001_131258-scaled-1-2048x1536.jpg",2048,1536,true]},"uagb_author_info":{"display_name":"ayuntamiento","author_link":"https:\/\/coria.org\/ayuntamiento\/index.php\/author\/ayuntamiento\/"},"uagb_comment_info":0,"uagb_excerpt":"Se han colocado m\u00e1s de una veintena de papeleras en la Avenida Monse\u00f1or Riberi Esta semana los operarios del Ayuntamiento han finalizado la colocaci\u00f3n del mobiliario urbano en la Avenida Monse\u00f1or Riberi. Tras la remodelaci\u00f3n de bancos para el descanso de los viandantes, esta arteria principal de la Ciudad cuenta con nuevas papeleras; 25 papeleras&hellip;","_links":{"self":[{"href":"https:\/\/coria.org\/ayuntamiento\/index.php\/wp-json\/wp\/v2\/posts\/23556","targetHints":{"allow":["GET"]}}],"collection":[{"href":"https:\/\/coria.org\/ayuntamiento\/index.php\/wp-json\/wp\/v2\/posts"}],"about":[{"href":"https:\/\/coria.org\/ayuntamiento\/index.php\/wp-json\/wp\/v2\/types\/post"}],"author":[{"embeddable":true,"href":"https:\/\/coria.org\/ayuntamiento\/index.php\/wp-json\/wp\/v2\/users\/2"}],"replies":[{"embeddable":true,"href":"https:\/\/coria.org\/ayuntamiento\/index.php\/wp-json\/wp\/v2\/comments?post=23556"}],"version-history":[{"count":0,"href":"https:\/\/coria.org\/ayuntamiento\/index.php\/wp-json\/wp\/v2\/posts\/23556\/revisions"}],"wp:featuredmedia":[{"embeddable":true,"href":"https:\/\/coria.org\/ayuntamiento\/index.php\/wp-json\/wp\/v2\/media\/37842"}],"wp:attachment":[{"href":"https:\/\/coria.org\/ayuntamiento\/index.php\/wp-json\/wp\/v2\/media?parent=23556"}],"wp:term":[{"taxonomy":"category","embeddable":true,"href":"https:\/\/coria.org\/ayuntamiento\/index.php\/wp-json\/wp\/v2\/categories?post=23556"},{"taxonomy":"post_tag","embeddable":true,"href":"https:\/\/coria.org\/ayuntamiento\/index.php\/wp-json\/wp\/v2\/tags?post=23556"}],"curies":[{"name":"wp","href":"https:\/\/api.w.org\/{rel}","templated":true}]}}