{"id":23553,"date":"2021-10-04T00:00:00","date_gmt":"2021-10-04T00:00:00","guid":{"rendered":"https:\/\/ayuntamiento.coriaenimagenes.com\/el-ayuntamiento-de-coria-organiza-un-curso-de-prevencion-de-lesiones-deportivas\/"},"modified":"2024-02-20T13:10:41","modified_gmt":"2024-02-20T12:10:41","slug":"el-ayuntamiento-de-coria-organiza-un-curso-de-prevencion-de-lesiones-deportivas","status":"publish","type":"post","link":"https:\/\/coria.org\/ayuntamiento\/index.php\/2021\/10\/04\/el-ayuntamiento-de-coria-organiza-un-curso-de-prevencion-de-lesiones-deportivas\/","title":{"rendered":"El Ayuntamiento de Coria organiza un Curso de Prevenci\u00f3n de Lesiones Deportivas"},"content":{"rendered":"\n<p><b>El Ayuntamiento de Coria, a trav\u00e9s de la concejal\u00eda de Deportes, organiza un Curso de Prevenci\u00f3n de Lesiones Deportivas. Este curso est\u00e1 cofinanciado por la Estrategia de Promoci\u00f3n de la Salud y la Prevenci\u00f3n (EPSP) en la que participa la Ciudad de Coria. Esta actividad es una iniciativa conjunta de la Federaci\u00f3n de Municipios y Provincias (FEMP) y el Ministerio de Sanidad, mediante la Red de Ciudades Saludables (RECS) a la que pertenece nuestra localidad.<\/b><\/p>\n\n\n\n<figure class=\"wp-block-image alignleft size-large is-resized\"><img decoding=\"async\" src=\"https:\/\/coria.org\/ayuntamiento\/wp-content\/uploads\/2022\/07\/Cartel-Curso-Prevencion-Lesiones-Deportivas.jpg\" alt=\"\" style=\"width:285px;height:auto\"\/><\/figure>\n\n\n\n<p>Este curso, de plazas limitadas, est\u00e1 destinado a personas mayores de 18 a\u00f1os que comienzan a practicar deporte, y a monitores y t\u00e9cnicos de grupos deportivos. Esta actividad se va a desarrollar el pr\u00f3ximo s\u00e1bado 16 de octubre, pero al tener completo su aforo, se ha programado la fecha del 23 de octubre para otra jornada, para la que a\u00fan quedan plazas disponibles.<\/p>\n\n\n\n<p>La finalidad de esta actividad es abordar los conceptos te\u00f3ricos y pr\u00e1cticos fundamentales que se deben tener en cuenta para una correcta y adecuada planificaci\u00f3n a la hora de realizar un deporte, para as\u00ed prevenir tanto futuras lesiones como su tratamiento.<\/p>\n\n\n\n<p>Las personas que est\u00e9n interesadas en la realizaci\u00f3n de este curso pueden inscribirse mandando un correo electr\u00f3nico a <a href=\"mailto:deportescoria@coria.org\">deportescoria@coria.org<\/a> o llamando al 927.50.80.33.<\/p>\n\n\n\n<p>Para m\u00e1s informaci\u00f3n <a href=\"http:\/\/deportescoria.blogspot.com\">http:\/\/deportescoria.blogspot.com\/<\/a><\/p>\n","protected":false},"excerpt":{"rendered":"<p>El Ayuntamiento de Coria, a trav\u00e9s de la concejal\u00eda de Deportes, organiza un Curso de Prevenci\u00f3n de Lesiones Deportivas. Este curso est\u00e1 cofinanciado por la Estrategia de Promoci\u00f3n de la Salud y la Prevenci\u00f3n (EPSP) en la que participa la Ciudad de Coria. Esta actividad es una iniciativa conjunta de la Federaci\u00f3n de Municipios y [&hellip;]<\/p>\n","protected":false},"author":2,"featured_media":37836,"comment_status":"closed","ping_status":"closed","sticky":false,"template":"","format":"standard","meta":{"_uag_custom_page_level_css":"","footnotes":""},"categories":[2],"tags":[3,393,406,4,736],"class_list":["post-23553","post","type-post","status-publish","format-standard","has-post-thumbnail","hentry","category-noticias","tag-coria","tag-curso","tag-deportivas","tag-extremadura","tag-lesiones"],"yoast_head":"<!-- This site is optimized with the Yoast SEO plugin v27.5 - https:\/\/yoast.com\/product\/yoast-seo-wordpress\/ -->\n<title>El Ayuntamiento de Coria organiza un Curso de Prevenci\u00f3n de Lesiones Deportivas - Ayuntamiento de Coria<\/title>\n<meta name=\"robots\" content=\"index, follow, max-snippet:-1, max-image-preview:large, max-video-preview:-1\" \/>\n<link rel=\"canonical\" href=\"https:\/\/coria.org\/ayuntamiento\/index.php\/2021\/10\/04\/el-ayuntamiento-de-coria-organiza-un-curso-de-prevencion-de-lesiones-deportivas\/\" \/>\n<meta property=\"og:locale\" content=\"es_ES\" \/>\n<meta property=\"og:type\" content=\"article\" \/>\n<meta property=\"og:title\" content=\"El Ayuntamiento de Coria organiza un Curso de Prevenci\u00f3n de Lesiones Deportivas - Ayuntamiento de Coria\" \/>\n<meta property=\"og:description\" content=\"El Ayuntamiento de Coria, a trav\u00e9s de la concejal\u00eda de Deportes, organiza un Curso de Prevenci\u00f3n de Lesiones Deportivas. Este curso est\u00e1 cofinanciado por la Estrategia de Promoci\u00f3n de la Salud y la Prevenci\u00f3n (EPSP) en la que participa la Ciudad de Coria. Esta actividad es una iniciativa conjunta de la Federaci\u00f3n de Municipios y [&hellip;]\" \/>\n<meta property=\"og:url\" content=\"https:\/\/coria.org\/ayuntamiento\/index.php\/2021\/10\/04\/el-ayuntamiento-de-coria-organiza-un-curso-de-prevencion-de-lesiones-deportivas\/\" \/>\n<meta property=\"og:site_name\" content=\"Ayuntamiento de Coria\" \/>\n<meta property=\"article:publisher\" content=\"https:\/\/www.facebook.com\/Ayuntamiento.de.Coria\" \/>\n<meta property=\"article:published_time\" content=\"2021-10-04T00:00:00+00:00\" \/>\n<meta property=\"article:modified_time\" content=\"2024-02-20T12:10:41+00:00\" \/>\n<meta property=\"og:image\" content=\"https:\/\/coria.org\/ayuntamiento\/wp-content\/uploads\/2022\/07\/Cartel-Curso-Prevencion-Lesiones-Deportivas.jpg\" \/>\n\t<meta property=\"og:image:width\" content=\"482\" \/>\n\t<meta property=\"og:image:height\" content=\"600\" \/>\n\t<meta property=\"og:image:type\" content=\"image\/jpeg\" \/>\n<meta name=\"author\" content=\"ayuntamiento\" \/>\n<meta name=\"twitter:card\" content=\"summary_large_image\" \/>\n<meta name=\"twitter:creator\" content=\"@Ayto_de_Coria\" \/>\n<meta name=\"twitter:site\" content=\"@Ayto_de_Coria\" \/>\n<meta name=\"twitter:label1\" content=\"Escrito por\" \/>\n\t<meta name=\"twitter:data1\" content=\"ayuntamiento\" \/>\n\t<meta name=\"twitter:label2\" content=\"Tiempo de lectura\" \/>\n\t<meta name=\"twitter:data2\" content=\"1 minuto\" \/>\n<script type=\"application\/ld+json\" class=\"yoast-schema-graph\">{\"@context\":\"https:\\\/\\\/schema.org\",\"@graph\":[{\"@type\":\"Article\",\"@id\":\"https:\\\/\\\/coria.org\\\/ayuntamiento\\\/index.php\\\/2021\\\/10\\\/04\\\/el-ayuntamiento-de-coria-organiza-un-curso-de-prevencion-de-lesiones-deportivas\\\/#article\",\"isPartOf\":{\"@id\":\"https:\\\/\\\/coria.org\\\/ayuntamiento\\\/index.php\\\/2021\\\/10\\\/04\\\/el-ayuntamiento-de-coria-organiza-un-curso-de-prevencion-de-lesiones-deportivas\\\/\"},\"author\":{\"name\":\"ayuntamiento\",\"@id\":\"https:\\\/\\\/coria.org\\\/ayuntamiento\\\/#\\\/schema\\\/person\\\/8bd589f0e13e8ae5aa06def7a599d622\"},\"headline\":\"El Ayuntamiento de Coria organiza un Curso de Prevenci\u00f3n de Lesiones Deportivas\",\"datePublished\":\"2021-10-04T00:00:00+00:00\",\"dateModified\":\"2024-02-20T12:10:41+00:00\",\"mainEntityOfPage\":{\"@id\":\"https:\\\/\\\/coria.org\\\/ayuntamiento\\\/index.php\\\/2021\\\/10\\\/04\\\/el-ayuntamiento-de-coria-organiza-un-curso-de-prevencion-de-lesiones-deportivas\\\/\"},\"wordCount\":239,\"publisher\":{\"@id\":\"https:\\\/\\\/coria.org\\\/ayuntamiento\\\/#organization\"},\"image\":{\"@id\":\"https:\\\/\\\/coria.org\\\/ayuntamiento\\\/index.php\\\/2021\\\/10\\\/04\\\/el-ayuntamiento-de-coria-organiza-un-curso-de-prevencion-de-lesiones-deportivas\\\/#primaryimage\"},\"thumbnailUrl\":\"https:\\\/\\\/coria.org\\\/ayuntamiento\\\/wp-content\\\/uploads\\\/2022\\\/07\\\/Cartel-Curso-Prevencion-Lesiones-Deportivas.jpg\",\"keywords\":[\"coria\",\"curso\",\"deportivas\",\"extremadura\",\"lesiones\"],\"articleSection\":[\"Noticias\"],\"inLanguage\":\"es\"},{\"@type\":\"WebPage\",\"@id\":\"https:\\\/\\\/coria.org\\\/ayuntamiento\\\/index.php\\\/2021\\\/10\\\/04\\\/el-ayuntamiento-de-coria-organiza-un-curso-de-prevencion-de-lesiones-deportivas\\\/\",\"url\":\"https:\\\/\\\/coria.org\\\/ayuntamiento\\\/index.php\\\/2021\\\/10\\\/04\\\/el-ayuntamiento-de-coria-organiza-un-curso-de-prevencion-de-lesiones-deportivas\\\/\",\"name\":\"El Ayuntamiento de Coria organiza un Curso de Prevenci\u00f3n de Lesiones Deportivas - Ayuntamiento de Coria\",\"isPartOf\":{\"@id\":\"https:\\\/\\\/coria.org\\\/ayuntamiento\\\/#website\"},\"primaryImageOfPage\":{\"@id\":\"https:\\\/\\\/coria.org\\\/ayuntamiento\\\/index.php\\\/2021\\\/10\\\/04\\\/el-ayuntamiento-de-coria-organiza-un-curso-de-prevencion-de-lesiones-deportivas\\\/#primaryimage\"},\"image\":{\"@id\":\"https:\\\/\\\/coria.org\\\/ayuntamiento\\\/index.php\\\/2021\\\/10\\\/04\\\/el-ayuntamiento-de-coria-organiza-un-curso-de-prevencion-de-lesiones-deportivas\\\/#primaryimage\"},\"thumbnailUrl\":\"https:\\\/\\\/coria.org\\\/ayuntamiento\\\/wp-content\\\/uploads\\\/2022\\\/07\\\/Cartel-Curso-Prevencion-Lesiones-Deportivas.jpg\",\"datePublished\":\"2021-10-04T00:00:00+00:00\",\"dateModified\":\"2024-02-20T12:10:41+00:00\",\"breadcrumb\":{\"@id\":\"https:\\\/\\\/coria.org\\\/ayuntamiento\\\/index.php\\\/2021\\\/10\\\/04\\\/el-ayuntamiento-de-coria-organiza-un-curso-de-prevencion-de-lesiones-deportivas\\\/#breadcrumb\"},\"inLanguage\":\"es\",\"potentialAction\":[{\"@type\":\"ReadAction\",\"target\":[\"https:\\\/\\\/coria.org\\\/ayuntamiento\\\/index.php\\\/2021\\\/10\\\/04\\\/el-ayuntamiento-de-coria-organiza-un-curso-de-prevencion-de-lesiones-deportivas\\\/\"]}]},{\"@type\":\"ImageObject\",\"inLanguage\":\"es\",\"@id\":\"https:\\\/\\\/coria.org\\\/ayuntamiento\\\/index.php\\\/2021\\\/10\\\/04\\\/el-ayuntamiento-de-coria-organiza-un-curso-de-prevencion-de-lesiones-deportivas\\\/#primaryimage\",\"url\":\"https:\\\/\\\/coria.org\\\/ayuntamiento\\\/wp-content\\\/uploads\\\/2022\\\/07\\\/Cartel-Curso-Prevencion-Lesiones-Deportivas.jpg\",\"contentUrl\":\"https:\\\/\\\/coria.org\\\/ayuntamiento\\\/wp-content\\\/uploads\\\/2022\\\/07\\\/Cartel-Curso-Prevencion-Lesiones-Deportivas.jpg\",\"width\":482,\"height\":600},{\"@type\":\"BreadcrumbList\",\"@id\":\"https:\\\/\\\/coria.org\\\/ayuntamiento\\\/index.php\\\/2021\\\/10\\\/04\\\/el-ayuntamiento-de-coria-organiza-un-curso-de-prevencion-de-lesiones-deportivas\\\/#breadcrumb\",\"itemListElement\":[{\"@type\":\"ListItem\",\"position\":1,\"name\":\"Inicio\",\"item\":\"https:\\\/\\\/coria.org\\\/ayuntamiento\\\/\"},{\"@type\":\"ListItem\",\"position\":2,\"name\":\"El Ayuntamiento de Coria organiza un Curso de Prevenci\u00f3n de Lesiones Deportivas\"}]},{\"@type\":\"WebSite\",\"@id\":\"https:\\\/\\\/coria.org\\\/ayuntamiento\\\/#website\",\"url\":\"https:\\\/\\\/coria.org\\\/ayuntamiento\\\/\",\"name\":\"Ayuntamiento de Coria\",\"description\":\"Web oficial del Ayuntamiento de Coria\",\"publisher\":{\"@id\":\"https:\\\/\\\/coria.org\\\/ayuntamiento\\\/#organization\"},\"alternateName\":\"Web Oficial del Ayuntamiento de Coria\",\"potentialAction\":[{\"@type\":\"SearchAction\",\"target\":{\"@type\":\"EntryPoint\",\"urlTemplate\":\"https:\\\/\\\/coria.org\\\/ayuntamiento\\\/?s={search_term_string}\"},\"query-input\":{\"@type\":\"PropertyValueSpecification\",\"valueRequired\":true,\"valueName\":\"search_term_string\"}}],\"inLanguage\":\"es\"},{\"@type\":\"Organization\",\"@id\":\"https:\\\/\\\/coria.org\\\/ayuntamiento\\\/#organization\",\"name\":\"Ayuntamiento de Coria\",\"alternateName\":\"Ayto de Coria\",\"url\":\"https:\\\/\\\/coria.org\\\/ayuntamiento\\\/\",\"logo\":{\"@type\":\"ImageObject\",\"inLanguage\":\"es\",\"@id\":\"https:\\\/\\\/coria.org\\\/ayuntamiento\\\/#\\\/schema\\\/logo\\\/image\\\/\",\"url\":\"https:\\\/\\\/coria.org\\\/ayuntamiento\\\/wp-content\\\/uploads\\\/2020\\\/12\\\/escudo-ayuntamiento-coria.png\",\"contentUrl\":\"https:\\\/\\\/coria.org\\\/ayuntamiento\\\/wp-content\\\/uploads\\\/2020\\\/12\\\/escudo-ayuntamiento-coria.png\",\"width\":511,\"height\":240,\"caption\":\"Ayuntamiento de Coria\"},\"image\":{\"@id\":\"https:\\\/\\\/coria.org\\\/ayuntamiento\\\/#\\\/schema\\\/logo\\\/image\\\/\"},\"sameAs\":[\"https:\\\/\\\/www.facebook.com\\\/Ayuntamiento.de.Coria\",\"https:\\\/\\\/x.com\\\/Ayto_de_Coria\",\"https:\\\/\\\/www.instagram.com\\\/coria.ayuntamiento\\\/\",\"https:\\\/\\\/www.youtube.com\\\/user\\\/AYUNTAMIENTOCORIA\"]},{\"@type\":\"Person\",\"@id\":\"https:\\\/\\\/coria.org\\\/ayuntamiento\\\/#\\\/schema\\\/person\\\/8bd589f0e13e8ae5aa06def7a599d622\",\"name\":\"ayuntamiento\",\"image\":{\"@type\":\"ImageObject\",\"inLanguage\":\"es\",\"@id\":\"https:\\\/\\\/secure.gravatar.com\\\/avatar\\\/966e5ed73cad334adda5c87f49f2547f7082f7292c1b627cbb548744383b391c?s=96&d=mm&r=g\",\"url\":\"https:\\\/\\\/secure.gravatar.com\\\/avatar\\\/966e5ed73cad334adda5c87f49f2547f7082f7292c1b627cbb548744383b391c?s=96&d=mm&r=g\",\"contentUrl\":\"https:\\\/\\\/secure.gravatar.com\\\/avatar\\\/966e5ed73cad334adda5c87f49f2547f7082f7292c1b627cbb548744383b391c?s=96&d=mm&r=g\",\"caption\":\"ayuntamiento\"}}]}<\/script>\n<!-- \/ Yoast SEO plugin. -->","yoast_head_json":{"title":"El Ayuntamiento de Coria organiza un Curso de Prevenci\u00f3n de Lesiones Deportivas - Ayuntamiento de Coria","robots":{"index":"index","follow":"follow","max-snippet":"max-snippet:-1","max-image-preview":"max-image-preview:large","max-video-preview":"max-video-preview:-1"},"canonical":"https:\/\/coria.org\/ayuntamiento\/index.php\/2021\/10\/04\/el-ayuntamiento-de-coria-organiza-un-curso-de-prevencion-de-lesiones-deportivas\/","og_locale":"es_ES","og_type":"article","og_title":"El Ayuntamiento de Coria organiza un Curso de Prevenci\u00f3n de Lesiones Deportivas - Ayuntamiento de Coria","og_description":"El Ayuntamiento de Coria, a trav\u00e9s de la concejal\u00eda de Deportes, organiza un Curso de Prevenci\u00f3n de Lesiones Deportivas. Este curso est\u00e1 cofinanciado por la Estrategia de Promoci\u00f3n de la Salud y la Prevenci\u00f3n (EPSP) en la que participa la Ciudad de Coria. Esta actividad es una iniciativa conjunta de la Federaci\u00f3n de Municipios y [&hellip;]","og_url":"https:\/\/coria.org\/ayuntamiento\/index.php\/2021\/10\/04\/el-ayuntamiento-de-coria-organiza-un-curso-de-prevencion-de-lesiones-deportivas\/","og_site_name":"Ayuntamiento de Coria","article_publisher":"https:\/\/www.facebook.com\/Ayuntamiento.de.Coria","article_published_time":"2021-10-04T00:00:00+00:00","article_modified_time":"2024-02-20T12:10:41+00:00","og_image":[{"width":482,"height":600,"url":"https:\/\/coria.org\/ayuntamiento\/wp-content\/uploads\/2022\/07\/Cartel-Curso-Prevencion-Lesiones-Deportivas.jpg","type":"image\/jpeg"}],"author":"ayuntamiento","twitter_card":"summary_large_image","twitter_creator":"@Ayto_de_Coria","twitter_site":"@Ayto_de_Coria","twitter_misc":{"Escrito por":"ayuntamiento","Tiempo de lectura":"1 minuto"},"schema":{"@context":"https:\/\/schema.org","@graph":[{"@type":"Article","@id":"https:\/\/coria.org\/ayuntamiento\/index.php\/2021\/10\/04\/el-ayuntamiento-de-coria-organiza-un-curso-de-prevencion-de-lesiones-deportivas\/#article","isPartOf":{"@id":"https:\/\/coria.org\/ayuntamiento\/index.php\/2021\/10\/04\/el-ayuntamiento-de-coria-organiza-un-curso-de-prevencion-de-lesiones-deportivas\/"},"author":{"name":"ayuntamiento","@id":"https:\/\/coria.org\/ayuntamiento\/#\/schema\/person\/8bd589f0e13e8ae5aa06def7a599d622"},"headline":"El Ayuntamiento de Coria organiza un Curso de Prevenci\u00f3n de Lesiones Deportivas","datePublished":"2021-10-04T00:00:00+00:00","dateModified":"2024-02-20T12:10:41+00:00","mainEntityOfPage":{"@id":"https:\/\/coria.org\/ayuntamiento\/index.php\/2021\/10\/04\/el-ayuntamiento-de-coria-organiza-un-curso-de-prevencion-de-lesiones-deportivas\/"},"wordCount":239,"publisher":{"@id":"https:\/\/coria.org\/ayuntamiento\/#organization"},"image":{"@id":"https:\/\/coria.org\/ayuntamiento\/index.php\/2021\/10\/04\/el-ayuntamiento-de-coria-organiza-un-curso-de-prevencion-de-lesiones-deportivas\/#primaryimage"},"thumbnailUrl":"https:\/\/coria.org\/ayuntamiento\/wp-content\/uploads\/2022\/07\/Cartel-Curso-Prevencion-Lesiones-Deportivas.jpg","keywords":["coria","curso","deportivas","extremadura","lesiones"],"articleSection":["Noticias"],"inLanguage":"es"},{"@type":"WebPage","@id":"https:\/\/coria.org\/ayuntamiento\/index.php\/2021\/10\/04\/el-ayuntamiento-de-coria-organiza-un-curso-de-prevencion-de-lesiones-deportivas\/","url":"https:\/\/coria.org\/ayuntamiento\/index.php\/2021\/10\/04\/el-ayuntamiento-de-coria-organiza-un-curso-de-prevencion-de-lesiones-deportivas\/","name":"El Ayuntamiento de Coria organiza un Curso de Prevenci\u00f3n de Lesiones Deportivas - Ayuntamiento de Coria","isPartOf":{"@id":"https:\/\/coria.org\/ayuntamiento\/#website"},"primaryImageOfPage":{"@id":"https:\/\/coria.org\/ayuntamiento\/index.php\/2021\/10\/04\/el-ayuntamiento-de-coria-organiza-un-curso-de-prevencion-de-lesiones-deportivas\/#primaryimage"},"image":{"@id":"https:\/\/coria.org\/ayuntamiento\/index.php\/2021\/10\/04\/el-ayuntamiento-de-coria-organiza-un-curso-de-prevencion-de-lesiones-deportivas\/#primaryimage"},"thumbnailUrl":"https:\/\/coria.org\/ayuntamiento\/wp-content\/uploads\/2022\/07\/Cartel-Curso-Prevencion-Lesiones-Deportivas.jpg","datePublished":"2021-10-04T00:00:00+00:00","dateModified":"2024-02-20T12:10:41+00:00","breadcrumb":{"@id":"https:\/\/coria.org\/ayuntamiento\/index.php\/2021\/10\/04\/el-ayuntamiento-de-coria-organiza-un-curso-de-prevencion-de-lesiones-deportivas\/#breadcrumb"},"inLanguage":"es","potentialAction":[{"@type":"ReadAction","target":["https:\/\/coria.org\/ayuntamiento\/index.php\/2021\/10\/04\/el-ayuntamiento-de-coria-organiza-un-curso-de-prevencion-de-lesiones-deportivas\/"]}]},{"@type":"ImageObject","inLanguage":"es","@id":"https:\/\/coria.org\/ayuntamiento\/index.php\/2021\/10\/04\/el-ayuntamiento-de-coria-organiza-un-curso-de-prevencion-de-lesiones-deportivas\/#primaryimage","url":"https:\/\/coria.org\/ayuntamiento\/wp-content\/uploads\/2022\/07\/Cartel-Curso-Prevencion-Lesiones-Deportivas.jpg","contentUrl":"https:\/\/coria.org\/ayuntamiento\/wp-content\/uploads\/2022\/07\/Cartel-Curso-Prevencion-Lesiones-Deportivas.jpg","width":482,"height":600},{"@type":"BreadcrumbList","@id":"https:\/\/coria.org\/ayuntamiento\/index.php\/2021\/10\/04\/el-ayuntamiento-de-coria-organiza-un-curso-de-prevencion-de-lesiones-deportivas\/#breadcrumb","itemListElement":[{"@type":"ListItem","position":1,"name":"Inicio","item":"https:\/\/coria.org\/ayuntamiento\/"},{"@type":"ListItem","position":2,"name":"El Ayuntamiento de Coria organiza un Curso de Prevenci\u00f3n de Lesiones Deportivas"}]},{"@type":"WebSite","@id":"https:\/\/coria.org\/ayuntamiento\/#website","url":"https:\/\/coria.org\/ayuntamiento\/","name":"Ayuntamiento de Coria","description":"Web oficial del Ayuntamiento de Coria","publisher":{"@id":"https:\/\/coria.org\/ayuntamiento\/#organization"},"alternateName":"Web Oficial del Ayuntamiento de Coria","potentialAction":[{"@type":"SearchAction","target":{"@type":"EntryPoint","urlTemplate":"https:\/\/coria.org\/ayuntamiento\/?s={search_term_string}"},"query-input":{"@type":"PropertyValueSpecification","valueRequired":true,"valueName":"search_term_string"}}],"inLanguage":"es"},{"@type":"Organization","@id":"https:\/\/coria.org\/ayuntamiento\/#organization","name":"Ayuntamiento de Coria","alternateName":"Ayto de Coria","url":"https:\/\/coria.org\/ayuntamiento\/","logo":{"@type":"ImageObject","inLanguage":"es","@id":"https:\/\/coria.org\/ayuntamiento\/#\/schema\/logo\/image\/","url":"https:\/\/coria.org\/ayuntamiento\/wp-content\/uploads\/2020\/12\/escudo-ayuntamiento-coria.png","contentUrl":"https:\/\/coria.org\/ayuntamiento\/wp-content\/uploads\/2020\/12\/escudo-ayuntamiento-coria.png","width":511,"height":240,"caption":"Ayuntamiento de Coria"},"image":{"@id":"https:\/\/coria.org\/ayuntamiento\/#\/schema\/logo\/image\/"},"sameAs":["https:\/\/www.facebook.com\/Ayuntamiento.de.Coria","https:\/\/x.com\/Ayto_de_Coria","https:\/\/www.instagram.com\/coria.ayuntamiento\/","https:\/\/www.youtube.com\/user\/AYUNTAMIENTOCORIA"]},{"@type":"Person","@id":"https:\/\/coria.org\/ayuntamiento\/#\/schema\/person\/8bd589f0e13e8ae5aa06def7a599d622","name":"ayuntamiento","image":{"@type":"ImageObject","inLanguage":"es","@id":"https:\/\/secure.gravatar.com\/avatar\/966e5ed73cad334adda5c87f49f2547f7082f7292c1b627cbb548744383b391c?s=96&d=mm&r=g","url":"https:\/\/secure.gravatar.com\/avatar\/966e5ed73cad334adda5c87f49f2547f7082f7292c1b627cbb548744383b391c?s=96&d=mm&r=g","contentUrl":"https:\/\/secure.gravatar.com\/avatar\/966e5ed73cad334adda5c87f49f2547f7082f7292c1b627cbb548744383b391c?s=96&d=mm&r=g","caption":"ayuntamiento"}}]}},"uagb_featured_image_src":{"full":["https:\/\/coria.org\/ayuntamiento\/wp-content\/uploads\/2022\/07\/Cartel-Curso-Prevencion-Lesiones-Deportivas.jpg",482,600,false],"thumbnail":["https:\/\/coria.org\/ayuntamiento\/wp-content\/uploads\/2022\/07\/Cartel-Curso-Prevencion-Lesiones-Deportivas-150x150.jpg",150,150,true],"medium":["https:\/\/coria.org\/ayuntamiento\/wp-content\/uploads\/2022\/07\/Cartel-Curso-Prevencion-Lesiones-Deportivas-241x300.jpg",241,300,true],"medium_large":["https:\/\/coria.org\/ayuntamiento\/wp-content\/uploads\/2022\/07\/Cartel-Curso-Prevencion-Lesiones-Deportivas.jpg",482,600,false],"large":["https:\/\/coria.org\/ayuntamiento\/wp-content\/uploads\/2022\/07\/Cartel-Curso-Prevencion-Lesiones-Deportivas.jpg",482,600,false],"thumblist":["https:\/\/coria.org\/ayuntamiento\/wp-content\/uploads\/2022\/07\/Cartel-Curso-Prevencion-Lesiones-Deportivas.jpg",241,300,false],"thumbrelated":["https:\/\/coria.org\/ayuntamiento\/wp-content\/uploads\/2022\/07\/Cartel-Curso-Prevencion-Lesiones-Deportivas.jpg",402,500,false],"meccarouselthumb":["https:\/\/coria.org\/ayuntamiento\/wp-content\/uploads\/2022\/07\/Cartel-Curso-Prevencion-Lesiones-Deportivas.jpg",260,324,false],"gridsquare":["https:\/\/coria.org\/ayuntamiento\/wp-content\/uploads\/2022\/07\/Cartel-Curso-Prevencion-Lesiones-Deportivas.jpg",209,260,false],"tileview":["https:\/\/coria.org\/ayuntamiento\/wp-content\/uploads\/2022\/07\/Cartel-Curso-Prevencion-Lesiones-Deportivas.jpg",300,373,false],"1536x1536":["https:\/\/coria.org\/ayuntamiento\/wp-content\/uploads\/2022\/07\/Cartel-Curso-Prevencion-Lesiones-Deportivas.jpg",482,600,false],"2048x2048":["https:\/\/coria.org\/ayuntamiento\/wp-content\/uploads\/2022\/07\/Cartel-Curso-Prevencion-Lesiones-Deportivas.jpg",482,600,false]},"uagb_author_info":{"display_name":"ayuntamiento","author_link":"https:\/\/coria.org\/ayuntamiento\/index.php\/author\/ayuntamiento\/"},"uagb_comment_info":0,"uagb_excerpt":"El Ayuntamiento de Coria, a trav\u00e9s de la concejal\u00eda de Deportes, organiza un Curso de Prevenci\u00f3n de Lesiones Deportivas. Este curso est\u00e1 cofinanciado por la Estrategia de Promoci\u00f3n de la Salud y la Prevenci\u00f3n (EPSP) en la que participa la Ciudad de Coria. Esta actividad es una iniciativa conjunta de la Federaci\u00f3n de Municipios y&hellip;","_links":{"self":[{"href":"https:\/\/coria.org\/ayuntamiento\/index.php\/wp-json\/wp\/v2\/posts\/23553","targetHints":{"allow":["GET"]}}],"collection":[{"href":"https:\/\/coria.org\/ayuntamiento\/index.php\/wp-json\/wp\/v2\/posts"}],"about":[{"href":"https:\/\/coria.org\/ayuntamiento\/index.php\/wp-json\/wp\/v2\/types\/post"}],"author":[{"embeddable":true,"href":"https:\/\/coria.org\/ayuntamiento\/index.php\/wp-json\/wp\/v2\/users\/2"}],"replies":[{"embeddable":true,"href":"https:\/\/coria.org\/ayuntamiento\/index.php\/wp-json\/wp\/v2\/comments?post=23553"}],"version-history":[{"count":0,"href":"https:\/\/coria.org\/ayuntamiento\/index.php\/wp-json\/wp\/v2\/posts\/23553\/revisions"}],"wp:featuredmedia":[{"embeddable":true,"href":"https:\/\/coria.org\/ayuntamiento\/index.php\/wp-json\/wp\/v2\/media\/37836"}],"wp:attachment":[{"href":"https:\/\/coria.org\/ayuntamiento\/index.php\/wp-json\/wp\/v2\/media?parent=23553"}],"wp:term":[{"taxonomy":"category","embeddable":true,"href":"https:\/\/coria.org\/ayuntamiento\/index.php\/wp-json\/wp\/v2\/categories?post=23553"},{"taxonomy":"post_tag","embeddable":true,"href":"https:\/\/coria.org\/ayuntamiento\/index.php\/wp-json\/wp\/v2\/tags?post=23553"}],"curies":[{"name":"wp","href":"https:\/\/api.w.org\/{rel}","templated":true}]}}