{"id":23550,"date":"2021-10-07T00:00:00","date_gmt":"2021-10-07T00:00:00","guid":{"rendered":"https:\/\/ayuntamiento.coriaenimagenes.com\/el-pleno-del-ayuntamiento-aprueba-el-precio-publico-del-centro-de-desinfeccion-de-vehiculos\/"},"modified":"2023-09-18T12:18:14","modified_gmt":"2023-09-18T10:18:14","slug":"el-pleno-del-ayuntamiento-aprueba-el-precio-publico-del-centro-de-desinfeccion-de-vehiculos","status":"publish","type":"post","link":"https:\/\/coria.org\/ayuntamiento\/index.php\/2021\/10\/07\/el-pleno-del-ayuntamiento-aprueba-el-precio-publico-del-centro-de-desinfeccion-de-vehiculos\/","title":{"rendered":"El Pleno del Ayuntamiento aprueba el Precio P\u00fablico del Centro de Desinfecci\u00f3n de Veh\u00edculos"},"content":{"rendered":"\n<p><b>El Ayuntamiento de Coria ha aprobado en la sesi\u00f3n plenaria del mes de octubre el Precio P\u00fablico de las prestaciones del Centro de Desinfecci\u00f3n de Veh\u00edculos. Dicha medida sali\u00f3 adelante con los votos a favor del PP, Ciudadanos y Podemos, y la abstenci\u00f3n del PSOE.<\/b><\/p>\n\n\n<figure class=\"wp-block-post-featured-image\"><img loading=\"lazy\" decoding=\"async\" width=\"2560\" height=\"1920\" src=\"https:\/\/coria.org\/ayuntamiento\/wp-content\/uploads\/2021\/10\/IMG_20211004_202546-scaled-1.jpg\" class=\"attachment-post-thumbnail size-post-thumbnail wp-post-image\" alt=\"\" style=\"object-fit:cover;\" srcset=\"https:\/\/coria.org\/ayuntamiento\/wp-content\/uploads\/2021\/10\/IMG_20211004_202546-scaled-1.jpg 2560w, https:\/\/coria.org\/ayuntamiento\/wp-content\/uploads\/2021\/10\/IMG_20211004_202546-scaled-1-300x225.jpg 300w, https:\/\/coria.org\/ayuntamiento\/wp-content\/uploads\/2021\/10\/IMG_20211004_202546-scaled-1-1024x768.jpg 1024w, https:\/\/coria.org\/ayuntamiento\/wp-content\/uploads\/2021\/10\/IMG_20211004_202546-scaled-1-768x576.jpg 768w, https:\/\/coria.org\/ayuntamiento\/wp-content\/uploads\/2021\/10\/IMG_20211004_202546-scaled-1-1536x1152.jpg 1536w, https:\/\/coria.org\/ayuntamiento\/wp-content\/uploads\/2021\/10\/IMG_20211004_202546-scaled-1-2048x1536.jpg 2048w\" sizes=\"auto, (max-width: 2560px) 100vw, 2560px\" \/><\/figure>\n\n\n<p>El Precio P\u00fablico estar\u00e1 constituido por las tarifas siguientes: Los remolques peque\u00f1os de turismo y furgonetas con un peso menor a 750 kilos, 7\u009250 euros, los remolques grandes de m\u00e1s de 750 kilos de carga pagar\u00e1n 8\u009225 euros, los camiones peque\u00f1os de hasta 750 kilos de carga, furgonetas y furgones tendr\u00e1n un coste de 9 euros, y los camiones sin jaula pagar\u00e1n 11 euros.<br \/>En cuanto a camiones y sus correspondientes jaulas, la persona interesada deber\u00e1 abonar 15 euros por la desinfecci\u00f3n de un cami\u00f3n grande y un cami\u00f3n con jaula. Los tr\u00e1ileres con jaula y camiones de cuatro ejes abonar\u00e1n 30 euros, adem\u00e1s de abonar 20 euros por cada jaula del cami\u00f3n y 30 euros por cada jaula del tr\u00e1iler.<br \/>Esta ordenanza entrar\u00e1 en vigor seg\u00fan los plazos legales y una vez publicado en el Bolet\u00edn Oficial de la Provincia, y ser\u00e1 de aplicaci\u00f3n hasta su modificaci\u00f3n o derogaci\u00f3n.<\/p>\n\n\n\n<p>Desde el equipo de Gobierno se aclar\u00f3 que en las instalaciones contar\u00e1n con personal del Ayuntamiento, un hecho que no afectar\u00e1 al precio p\u00fablico.<\/p>\n\n\n\n<p>Este Centro de Desinfecci\u00f3n de Veh\u00edculos estar\u00e1 ubicado en el recinto del antiguo matadero, en el pol\u00edgono Los Rosales de la localidad.<\/p>\n","protected":false},"excerpt":{"rendered":"<p>El Ayuntamiento de Coria ha aprobado en la sesi\u00f3n plenaria del mes de octubre el Precio P\u00fablico de las prestaciones del Centro de Desinfecci\u00f3n de Veh\u00edculos. Dicha medida sali\u00f3 adelante con los votos a favor del PP, Ciudadanos y Podemos, y la abstenci\u00f3n del PSOE. El Precio P\u00fablico estar\u00e1 constituido por las tarifas siguientes: Los [&hellip;]<\/p>\n","protected":false},"author":2,"featured_media":37824,"comment_status":"closed","ping_status":"closed","sticky":false,"template":"","format":"standard","meta":{"_uag_custom_page_level_css":"","footnotes":""},"categories":[2],"tags":[285,3,416,4,994],"class_list":["post-23550","post","type-post","status-publish","format-standard","has-post-thumbnail","hentry","category-noticias","tag-centro","tag-coria","tag-desinfeccion","tag-extremadura","tag-precio"],"yoast_head":"<!-- This site is optimized with the Yoast SEO plugin v27.5 - https:\/\/yoast.com\/product\/yoast-seo-wordpress\/ -->\n<title>El Pleno del Ayuntamiento aprueba el Precio P\u00fablico del Centro de Desinfecci\u00f3n de Veh\u00edculos - Ayuntamiento de Coria<\/title>\n<meta name=\"robots\" content=\"index, follow, max-snippet:-1, max-image-preview:large, max-video-preview:-1\" \/>\n<link rel=\"canonical\" href=\"https:\/\/coria.org\/ayuntamiento\/index.php\/2021\/10\/07\/el-pleno-del-ayuntamiento-aprueba-el-precio-publico-del-centro-de-desinfeccion-de-vehiculos\/\" \/>\n<meta property=\"og:locale\" content=\"es_ES\" \/>\n<meta property=\"og:type\" content=\"article\" \/>\n<meta property=\"og:title\" content=\"El Pleno del Ayuntamiento aprueba el Precio P\u00fablico del Centro de Desinfecci\u00f3n de Veh\u00edculos - Ayuntamiento de Coria\" \/>\n<meta property=\"og:description\" content=\"El Ayuntamiento de Coria ha aprobado en la sesi\u00f3n plenaria del mes de octubre el Precio P\u00fablico de las prestaciones del Centro de Desinfecci\u00f3n de Veh\u00edculos. Dicha medida sali\u00f3 adelante con los votos a favor del PP, Ciudadanos y Podemos, y la abstenci\u00f3n del PSOE. El Precio P\u00fablico estar\u00e1 constituido por las tarifas siguientes: Los [&hellip;]\" \/>\n<meta property=\"og:url\" content=\"https:\/\/coria.org\/ayuntamiento\/index.php\/2021\/10\/07\/el-pleno-del-ayuntamiento-aprueba-el-precio-publico-del-centro-de-desinfeccion-de-vehiculos\/\" \/>\n<meta property=\"og:site_name\" content=\"Ayuntamiento de Coria\" \/>\n<meta property=\"article:publisher\" content=\"https:\/\/www.facebook.com\/Ayuntamiento.de.Coria\" \/>\n<meta property=\"article:published_time\" content=\"2021-10-07T00:00:00+00:00\" \/>\n<meta property=\"article:modified_time\" content=\"2023-09-18T10:18:14+00:00\" \/>\n<meta property=\"og:image\" content=\"https:\/\/coria.org\/ayuntamiento\/wp-content\/uploads\/2021\/10\/IMG_20211004_202546-scaled-1.jpg\" \/>\n\t<meta property=\"og:image:width\" content=\"2560\" \/>\n\t<meta property=\"og:image:height\" content=\"1920\" \/>\n\t<meta property=\"og:image:type\" content=\"image\/jpeg\" \/>\n<meta name=\"author\" content=\"ayuntamiento\" \/>\n<meta name=\"twitter:card\" content=\"summary_large_image\" \/>\n<meta name=\"twitter:creator\" content=\"@Ayto_de_Coria\" \/>\n<meta name=\"twitter:site\" content=\"@Ayto_de_Coria\" \/>\n<meta name=\"twitter:label1\" content=\"Escrito por\" \/>\n\t<meta name=\"twitter:data1\" content=\"ayuntamiento\" \/>\n\t<meta name=\"twitter:label2\" content=\"Tiempo de lectura\" \/>\n\t<meta name=\"twitter:data2\" content=\"1 minuto\" \/>\n<script type=\"application\/ld+json\" class=\"yoast-schema-graph\">{\"@context\":\"https:\\\/\\\/schema.org\",\"@graph\":[{\"@type\":\"Article\",\"@id\":\"https:\\\/\\\/coria.org\\\/ayuntamiento\\\/index.php\\\/2021\\\/10\\\/07\\\/el-pleno-del-ayuntamiento-aprueba-el-precio-publico-del-centro-de-desinfeccion-de-vehiculos\\\/#article\",\"isPartOf\":{\"@id\":\"https:\\\/\\\/coria.org\\\/ayuntamiento\\\/index.php\\\/2021\\\/10\\\/07\\\/el-pleno-del-ayuntamiento-aprueba-el-precio-publico-del-centro-de-desinfeccion-de-vehiculos\\\/\"},\"author\":{\"name\":\"ayuntamiento\",\"@id\":\"https:\\\/\\\/coria.org\\\/ayuntamiento\\\/#\\\/schema\\\/person\\\/8bd589f0e13e8ae5aa06def7a599d622\"},\"headline\":\"El Pleno del Ayuntamiento aprueba el Precio P\u00fablico del Centro de Desinfecci\u00f3n de Veh\u00edculos\",\"datePublished\":\"2021-10-07T00:00:00+00:00\",\"dateModified\":\"2023-09-18T10:18:14+00:00\",\"mainEntityOfPage\":{\"@id\":\"https:\\\/\\\/coria.org\\\/ayuntamiento\\\/index.php\\\/2021\\\/10\\\/07\\\/el-pleno-del-ayuntamiento-aprueba-el-precio-publico-del-centro-de-desinfeccion-de-vehiculos\\\/\"},\"wordCount\":277,\"publisher\":{\"@id\":\"https:\\\/\\\/coria.org\\\/ayuntamiento\\\/#organization\"},\"image\":{\"@id\":\"https:\\\/\\\/coria.org\\\/ayuntamiento\\\/index.php\\\/2021\\\/10\\\/07\\\/el-pleno-del-ayuntamiento-aprueba-el-precio-publico-del-centro-de-desinfeccion-de-vehiculos\\\/#primaryimage\"},\"thumbnailUrl\":\"https:\\\/\\\/coria.org\\\/ayuntamiento\\\/wp-content\\\/uploads\\\/2021\\\/10\\\/IMG_20211004_202546-scaled-1.jpg\",\"keywords\":[\"centro\",\"coria\",\"desinfeccion\",\"extremadura\",\"precio\"],\"articleSection\":[\"Noticias\"],\"inLanguage\":\"es\"},{\"@type\":\"WebPage\",\"@id\":\"https:\\\/\\\/coria.org\\\/ayuntamiento\\\/index.php\\\/2021\\\/10\\\/07\\\/el-pleno-del-ayuntamiento-aprueba-el-precio-publico-del-centro-de-desinfeccion-de-vehiculos\\\/\",\"url\":\"https:\\\/\\\/coria.org\\\/ayuntamiento\\\/index.php\\\/2021\\\/10\\\/07\\\/el-pleno-del-ayuntamiento-aprueba-el-precio-publico-del-centro-de-desinfeccion-de-vehiculos\\\/\",\"name\":\"El Pleno del Ayuntamiento aprueba el Precio P\u00fablico del Centro de Desinfecci\u00f3n de Veh\u00edculos - Ayuntamiento de Coria\",\"isPartOf\":{\"@id\":\"https:\\\/\\\/coria.org\\\/ayuntamiento\\\/#website\"},\"primaryImageOfPage\":{\"@id\":\"https:\\\/\\\/coria.org\\\/ayuntamiento\\\/index.php\\\/2021\\\/10\\\/07\\\/el-pleno-del-ayuntamiento-aprueba-el-precio-publico-del-centro-de-desinfeccion-de-vehiculos\\\/#primaryimage\"},\"image\":{\"@id\":\"https:\\\/\\\/coria.org\\\/ayuntamiento\\\/index.php\\\/2021\\\/10\\\/07\\\/el-pleno-del-ayuntamiento-aprueba-el-precio-publico-del-centro-de-desinfeccion-de-vehiculos\\\/#primaryimage\"},\"thumbnailUrl\":\"https:\\\/\\\/coria.org\\\/ayuntamiento\\\/wp-content\\\/uploads\\\/2021\\\/10\\\/IMG_20211004_202546-scaled-1.jpg\",\"datePublished\":\"2021-10-07T00:00:00+00:00\",\"dateModified\":\"2023-09-18T10:18:14+00:00\",\"breadcrumb\":{\"@id\":\"https:\\\/\\\/coria.org\\\/ayuntamiento\\\/index.php\\\/2021\\\/10\\\/07\\\/el-pleno-del-ayuntamiento-aprueba-el-precio-publico-del-centro-de-desinfeccion-de-vehiculos\\\/#breadcrumb\"},\"inLanguage\":\"es\",\"potentialAction\":[{\"@type\":\"ReadAction\",\"target\":[\"https:\\\/\\\/coria.org\\\/ayuntamiento\\\/index.php\\\/2021\\\/10\\\/07\\\/el-pleno-del-ayuntamiento-aprueba-el-precio-publico-del-centro-de-desinfeccion-de-vehiculos\\\/\"]}]},{\"@type\":\"ImageObject\",\"inLanguage\":\"es\",\"@id\":\"https:\\\/\\\/coria.org\\\/ayuntamiento\\\/index.php\\\/2021\\\/10\\\/07\\\/el-pleno-del-ayuntamiento-aprueba-el-precio-publico-del-centro-de-desinfeccion-de-vehiculos\\\/#primaryimage\",\"url\":\"https:\\\/\\\/coria.org\\\/ayuntamiento\\\/wp-content\\\/uploads\\\/2021\\\/10\\\/IMG_20211004_202546-scaled-1.jpg\",\"contentUrl\":\"https:\\\/\\\/coria.org\\\/ayuntamiento\\\/wp-content\\\/uploads\\\/2021\\\/10\\\/IMG_20211004_202546-scaled-1.jpg\",\"width\":2560,\"height\":1920},{\"@type\":\"BreadcrumbList\",\"@id\":\"https:\\\/\\\/coria.org\\\/ayuntamiento\\\/index.php\\\/2021\\\/10\\\/07\\\/el-pleno-del-ayuntamiento-aprueba-el-precio-publico-del-centro-de-desinfeccion-de-vehiculos\\\/#breadcrumb\",\"itemListElement\":[{\"@type\":\"ListItem\",\"position\":1,\"name\":\"Inicio\",\"item\":\"https:\\\/\\\/coria.org\\\/ayuntamiento\\\/\"},{\"@type\":\"ListItem\",\"position\":2,\"name\":\"El Pleno del Ayuntamiento aprueba el Precio P\u00fablico del Centro de Desinfecci\u00f3n de Veh\u00edculos\"}]},{\"@type\":\"WebSite\",\"@id\":\"https:\\\/\\\/coria.org\\\/ayuntamiento\\\/#website\",\"url\":\"https:\\\/\\\/coria.org\\\/ayuntamiento\\\/\",\"name\":\"Ayuntamiento de Coria\",\"description\":\"Web oficial del Ayuntamiento de Coria\",\"publisher\":{\"@id\":\"https:\\\/\\\/coria.org\\\/ayuntamiento\\\/#organization\"},\"alternateName\":\"Web Oficial del Ayuntamiento de Coria\",\"potentialAction\":[{\"@type\":\"SearchAction\",\"target\":{\"@type\":\"EntryPoint\",\"urlTemplate\":\"https:\\\/\\\/coria.org\\\/ayuntamiento\\\/?s={search_term_string}\"},\"query-input\":{\"@type\":\"PropertyValueSpecification\",\"valueRequired\":true,\"valueName\":\"search_term_string\"}}],\"inLanguage\":\"es\"},{\"@type\":\"Organization\",\"@id\":\"https:\\\/\\\/coria.org\\\/ayuntamiento\\\/#organization\",\"name\":\"Ayuntamiento de Coria\",\"alternateName\":\"Ayto de Coria\",\"url\":\"https:\\\/\\\/coria.org\\\/ayuntamiento\\\/\",\"logo\":{\"@type\":\"ImageObject\",\"inLanguage\":\"es\",\"@id\":\"https:\\\/\\\/coria.org\\\/ayuntamiento\\\/#\\\/schema\\\/logo\\\/image\\\/\",\"url\":\"https:\\\/\\\/coria.org\\\/ayuntamiento\\\/wp-content\\\/uploads\\\/2020\\\/12\\\/escudo-ayuntamiento-coria.png\",\"contentUrl\":\"https:\\\/\\\/coria.org\\\/ayuntamiento\\\/wp-content\\\/uploads\\\/2020\\\/12\\\/escudo-ayuntamiento-coria.png\",\"width\":511,\"height\":240,\"caption\":\"Ayuntamiento de Coria\"},\"image\":{\"@id\":\"https:\\\/\\\/coria.org\\\/ayuntamiento\\\/#\\\/schema\\\/logo\\\/image\\\/\"},\"sameAs\":[\"https:\\\/\\\/www.facebook.com\\\/Ayuntamiento.de.Coria\",\"https:\\\/\\\/x.com\\\/Ayto_de_Coria\",\"https:\\\/\\\/www.instagram.com\\\/coria.ayuntamiento\\\/\",\"https:\\\/\\\/www.youtube.com\\\/user\\\/AYUNTAMIENTOCORIA\"]},{\"@type\":\"Person\",\"@id\":\"https:\\\/\\\/coria.org\\\/ayuntamiento\\\/#\\\/schema\\\/person\\\/8bd589f0e13e8ae5aa06def7a599d622\",\"name\":\"ayuntamiento\",\"image\":{\"@type\":\"ImageObject\",\"inLanguage\":\"es\",\"@id\":\"https:\\\/\\\/secure.gravatar.com\\\/avatar\\\/966e5ed73cad334adda5c87f49f2547f7082f7292c1b627cbb548744383b391c?s=96&d=mm&r=g\",\"url\":\"https:\\\/\\\/secure.gravatar.com\\\/avatar\\\/966e5ed73cad334adda5c87f49f2547f7082f7292c1b627cbb548744383b391c?s=96&d=mm&r=g\",\"contentUrl\":\"https:\\\/\\\/secure.gravatar.com\\\/avatar\\\/966e5ed73cad334adda5c87f49f2547f7082f7292c1b627cbb548744383b391c?s=96&d=mm&r=g\",\"caption\":\"ayuntamiento\"}}]}<\/script>\n<!-- \/ Yoast SEO plugin. -->","yoast_head_json":{"title":"El Pleno del Ayuntamiento aprueba el Precio P\u00fablico del Centro de Desinfecci\u00f3n de Veh\u00edculos - Ayuntamiento de Coria","robots":{"index":"index","follow":"follow","max-snippet":"max-snippet:-1","max-image-preview":"max-image-preview:large","max-video-preview":"max-video-preview:-1"},"canonical":"https:\/\/coria.org\/ayuntamiento\/index.php\/2021\/10\/07\/el-pleno-del-ayuntamiento-aprueba-el-precio-publico-del-centro-de-desinfeccion-de-vehiculos\/","og_locale":"es_ES","og_type":"article","og_title":"El Pleno del Ayuntamiento aprueba el Precio P\u00fablico del Centro de Desinfecci\u00f3n de Veh\u00edculos - Ayuntamiento de Coria","og_description":"El Ayuntamiento de Coria ha aprobado en la sesi\u00f3n plenaria del mes de octubre el Precio P\u00fablico de las prestaciones del Centro de Desinfecci\u00f3n de Veh\u00edculos. Dicha medida sali\u00f3 adelante con los votos a favor del PP, Ciudadanos y Podemos, y la abstenci\u00f3n del PSOE. El Precio P\u00fablico estar\u00e1 constituido por las tarifas siguientes: Los [&hellip;]","og_url":"https:\/\/coria.org\/ayuntamiento\/index.php\/2021\/10\/07\/el-pleno-del-ayuntamiento-aprueba-el-precio-publico-del-centro-de-desinfeccion-de-vehiculos\/","og_site_name":"Ayuntamiento de Coria","article_publisher":"https:\/\/www.facebook.com\/Ayuntamiento.de.Coria","article_published_time":"2021-10-07T00:00:00+00:00","article_modified_time":"2023-09-18T10:18:14+00:00","og_image":[{"width":2560,"height":1920,"url":"https:\/\/coria.org\/ayuntamiento\/wp-content\/uploads\/2021\/10\/IMG_20211004_202546-scaled-1.jpg","type":"image\/jpeg"}],"author":"ayuntamiento","twitter_card":"summary_large_image","twitter_creator":"@Ayto_de_Coria","twitter_site":"@Ayto_de_Coria","twitter_misc":{"Escrito por":"ayuntamiento","Tiempo de lectura":"1 minuto"},"schema":{"@context":"https:\/\/schema.org","@graph":[{"@type":"Article","@id":"https:\/\/coria.org\/ayuntamiento\/index.php\/2021\/10\/07\/el-pleno-del-ayuntamiento-aprueba-el-precio-publico-del-centro-de-desinfeccion-de-vehiculos\/#article","isPartOf":{"@id":"https:\/\/coria.org\/ayuntamiento\/index.php\/2021\/10\/07\/el-pleno-del-ayuntamiento-aprueba-el-precio-publico-del-centro-de-desinfeccion-de-vehiculos\/"},"author":{"name":"ayuntamiento","@id":"https:\/\/coria.org\/ayuntamiento\/#\/schema\/person\/8bd589f0e13e8ae5aa06def7a599d622"},"headline":"El Pleno del Ayuntamiento aprueba el Precio P\u00fablico del Centro de Desinfecci\u00f3n de Veh\u00edculos","datePublished":"2021-10-07T00:00:00+00:00","dateModified":"2023-09-18T10:18:14+00:00","mainEntityOfPage":{"@id":"https:\/\/coria.org\/ayuntamiento\/index.php\/2021\/10\/07\/el-pleno-del-ayuntamiento-aprueba-el-precio-publico-del-centro-de-desinfeccion-de-vehiculos\/"},"wordCount":277,"publisher":{"@id":"https:\/\/coria.org\/ayuntamiento\/#organization"},"image":{"@id":"https:\/\/coria.org\/ayuntamiento\/index.php\/2021\/10\/07\/el-pleno-del-ayuntamiento-aprueba-el-precio-publico-del-centro-de-desinfeccion-de-vehiculos\/#primaryimage"},"thumbnailUrl":"https:\/\/coria.org\/ayuntamiento\/wp-content\/uploads\/2021\/10\/IMG_20211004_202546-scaled-1.jpg","keywords":["centro","coria","desinfeccion","extremadura","precio"],"articleSection":["Noticias"],"inLanguage":"es"},{"@type":"WebPage","@id":"https:\/\/coria.org\/ayuntamiento\/index.php\/2021\/10\/07\/el-pleno-del-ayuntamiento-aprueba-el-precio-publico-del-centro-de-desinfeccion-de-vehiculos\/","url":"https:\/\/coria.org\/ayuntamiento\/index.php\/2021\/10\/07\/el-pleno-del-ayuntamiento-aprueba-el-precio-publico-del-centro-de-desinfeccion-de-vehiculos\/","name":"El Pleno del Ayuntamiento aprueba el Precio P\u00fablico del Centro de Desinfecci\u00f3n de Veh\u00edculos - Ayuntamiento de Coria","isPartOf":{"@id":"https:\/\/coria.org\/ayuntamiento\/#website"},"primaryImageOfPage":{"@id":"https:\/\/coria.org\/ayuntamiento\/index.php\/2021\/10\/07\/el-pleno-del-ayuntamiento-aprueba-el-precio-publico-del-centro-de-desinfeccion-de-vehiculos\/#primaryimage"},"image":{"@id":"https:\/\/coria.org\/ayuntamiento\/index.php\/2021\/10\/07\/el-pleno-del-ayuntamiento-aprueba-el-precio-publico-del-centro-de-desinfeccion-de-vehiculos\/#primaryimage"},"thumbnailUrl":"https:\/\/coria.org\/ayuntamiento\/wp-content\/uploads\/2021\/10\/IMG_20211004_202546-scaled-1.jpg","datePublished":"2021-10-07T00:00:00+00:00","dateModified":"2023-09-18T10:18:14+00:00","breadcrumb":{"@id":"https:\/\/coria.org\/ayuntamiento\/index.php\/2021\/10\/07\/el-pleno-del-ayuntamiento-aprueba-el-precio-publico-del-centro-de-desinfeccion-de-vehiculos\/#breadcrumb"},"inLanguage":"es","potentialAction":[{"@type":"ReadAction","target":["https:\/\/coria.org\/ayuntamiento\/index.php\/2021\/10\/07\/el-pleno-del-ayuntamiento-aprueba-el-precio-publico-del-centro-de-desinfeccion-de-vehiculos\/"]}]},{"@type":"ImageObject","inLanguage":"es","@id":"https:\/\/coria.org\/ayuntamiento\/index.php\/2021\/10\/07\/el-pleno-del-ayuntamiento-aprueba-el-precio-publico-del-centro-de-desinfeccion-de-vehiculos\/#primaryimage","url":"https:\/\/coria.org\/ayuntamiento\/wp-content\/uploads\/2021\/10\/IMG_20211004_202546-scaled-1.jpg","contentUrl":"https:\/\/coria.org\/ayuntamiento\/wp-content\/uploads\/2021\/10\/IMG_20211004_202546-scaled-1.jpg","width":2560,"height":1920},{"@type":"BreadcrumbList","@id":"https:\/\/coria.org\/ayuntamiento\/index.php\/2021\/10\/07\/el-pleno-del-ayuntamiento-aprueba-el-precio-publico-del-centro-de-desinfeccion-de-vehiculos\/#breadcrumb","itemListElement":[{"@type":"ListItem","position":1,"name":"Inicio","item":"https:\/\/coria.org\/ayuntamiento\/"},{"@type":"ListItem","position":2,"name":"El Pleno del Ayuntamiento aprueba el Precio P\u00fablico del Centro de Desinfecci\u00f3n de Veh\u00edculos"}]},{"@type":"WebSite","@id":"https:\/\/coria.org\/ayuntamiento\/#website","url":"https:\/\/coria.org\/ayuntamiento\/","name":"Ayuntamiento de Coria","description":"Web oficial del Ayuntamiento de Coria","publisher":{"@id":"https:\/\/coria.org\/ayuntamiento\/#organization"},"alternateName":"Web Oficial del Ayuntamiento de Coria","potentialAction":[{"@type":"SearchAction","target":{"@type":"EntryPoint","urlTemplate":"https:\/\/coria.org\/ayuntamiento\/?s={search_term_string}"},"query-input":{"@type":"PropertyValueSpecification","valueRequired":true,"valueName":"search_term_string"}}],"inLanguage":"es"},{"@type":"Organization","@id":"https:\/\/coria.org\/ayuntamiento\/#organization","name":"Ayuntamiento de Coria","alternateName":"Ayto de Coria","url":"https:\/\/coria.org\/ayuntamiento\/","logo":{"@type":"ImageObject","inLanguage":"es","@id":"https:\/\/coria.org\/ayuntamiento\/#\/schema\/logo\/image\/","url":"https:\/\/coria.org\/ayuntamiento\/wp-content\/uploads\/2020\/12\/escudo-ayuntamiento-coria.png","contentUrl":"https:\/\/coria.org\/ayuntamiento\/wp-content\/uploads\/2020\/12\/escudo-ayuntamiento-coria.png","width":511,"height":240,"caption":"Ayuntamiento de Coria"},"image":{"@id":"https:\/\/coria.org\/ayuntamiento\/#\/schema\/logo\/image\/"},"sameAs":["https:\/\/www.facebook.com\/Ayuntamiento.de.Coria","https:\/\/x.com\/Ayto_de_Coria","https:\/\/www.instagram.com\/coria.ayuntamiento\/","https:\/\/www.youtube.com\/user\/AYUNTAMIENTOCORIA"]},{"@type":"Person","@id":"https:\/\/coria.org\/ayuntamiento\/#\/schema\/person\/8bd589f0e13e8ae5aa06def7a599d622","name":"ayuntamiento","image":{"@type":"ImageObject","inLanguage":"es","@id":"https:\/\/secure.gravatar.com\/avatar\/966e5ed73cad334adda5c87f49f2547f7082f7292c1b627cbb548744383b391c?s=96&d=mm&r=g","url":"https:\/\/secure.gravatar.com\/avatar\/966e5ed73cad334adda5c87f49f2547f7082f7292c1b627cbb548744383b391c?s=96&d=mm&r=g","contentUrl":"https:\/\/secure.gravatar.com\/avatar\/966e5ed73cad334adda5c87f49f2547f7082f7292c1b627cbb548744383b391c?s=96&d=mm&r=g","caption":"ayuntamiento"}}]}},"uagb_featured_image_src":{"full":["https:\/\/coria.org\/ayuntamiento\/wp-content\/uploads\/2021\/10\/IMG_20211004_202546-scaled-1.jpg",2560,1920,false],"thumbnail":["https:\/\/coria.org\/ayuntamiento\/wp-content\/uploads\/2021\/10\/IMG_20211004_202546-scaled-1-150x150.jpg",150,150,true],"medium":["https:\/\/coria.org\/ayuntamiento\/wp-content\/uploads\/2021\/10\/IMG_20211004_202546-scaled-1-300x225.jpg",300,225,true],"medium_large":["https:\/\/coria.org\/ayuntamiento\/wp-content\/uploads\/2021\/10\/IMG_20211004_202546-scaled-1-768x576.jpg",768,576,true],"large":["https:\/\/coria.org\/ayuntamiento\/wp-content\/uploads\/2021\/10\/IMG_20211004_202546-scaled-1-1024x768.jpg",1024,768,true],"thumblist":["https:\/\/coria.org\/ayuntamiento\/wp-content\/uploads\/2021\/10\/IMG_20211004_202546-scaled-1.jpg",300,225,false],"thumbrelated":["https:\/\/coria.org\/ayuntamiento\/wp-content\/uploads\/2021\/10\/IMG_20211004_202546-scaled-1.jpg",500,375,false],"meccarouselthumb":["https:\/\/coria.org\/ayuntamiento\/wp-content\/uploads\/2021\/10\/IMG_20211004_202546-scaled-1.jpg",432,324,false],"gridsquare":["https:\/\/coria.org\/ayuntamiento\/wp-content\/uploads\/2021\/10\/IMG_20211004_202546-scaled-1.jpg",347,260,false],"tileview":["https:\/\/coria.org\/ayuntamiento\/wp-content\/uploads\/2021\/10\/IMG_20211004_202546-scaled-1.jpg",300,225,false],"1536x1536":["https:\/\/coria.org\/ayuntamiento\/wp-content\/uploads\/2021\/10\/IMG_20211004_202546-scaled-1-1536x1152.jpg",1536,1152,true],"2048x2048":["https:\/\/coria.org\/ayuntamiento\/wp-content\/uploads\/2021\/10\/IMG_20211004_202546-scaled-1-2048x1536.jpg",2048,1536,true]},"uagb_author_info":{"display_name":"ayuntamiento","author_link":"https:\/\/coria.org\/ayuntamiento\/index.php\/author\/ayuntamiento\/"},"uagb_comment_info":0,"uagb_excerpt":"El Ayuntamiento de Coria ha aprobado en la sesi\u00f3n plenaria del mes de octubre el Precio P\u00fablico de las prestaciones del Centro de Desinfecci\u00f3n de Veh\u00edculos. Dicha medida sali\u00f3 adelante con los votos a favor del PP, Ciudadanos y Podemos, y la abstenci\u00f3n del PSOE. El Precio P\u00fablico estar\u00e1 constituido por las tarifas siguientes: Los&hellip;","_links":{"self":[{"href":"https:\/\/coria.org\/ayuntamiento\/index.php\/wp-json\/wp\/v2\/posts\/23550","targetHints":{"allow":["GET"]}}],"collection":[{"href":"https:\/\/coria.org\/ayuntamiento\/index.php\/wp-json\/wp\/v2\/posts"}],"about":[{"href":"https:\/\/coria.org\/ayuntamiento\/index.php\/wp-json\/wp\/v2\/types\/post"}],"author":[{"embeddable":true,"href":"https:\/\/coria.org\/ayuntamiento\/index.php\/wp-json\/wp\/v2\/users\/2"}],"replies":[{"embeddable":true,"href":"https:\/\/coria.org\/ayuntamiento\/index.php\/wp-json\/wp\/v2\/comments?post=23550"}],"version-history":[{"count":0,"href":"https:\/\/coria.org\/ayuntamiento\/index.php\/wp-json\/wp\/v2\/posts\/23550\/revisions"}],"wp:featuredmedia":[{"embeddable":true,"href":"https:\/\/coria.org\/ayuntamiento\/index.php\/wp-json\/wp\/v2\/media\/37824"}],"wp:attachment":[{"href":"https:\/\/coria.org\/ayuntamiento\/index.php\/wp-json\/wp\/v2\/media?parent=23550"}],"wp:term":[{"taxonomy":"category","embeddable":true,"href":"https:\/\/coria.org\/ayuntamiento\/index.php\/wp-json\/wp\/v2\/categories?post=23550"},{"taxonomy":"post_tag","embeddable":true,"href":"https:\/\/coria.org\/ayuntamiento\/index.php\/wp-json\/wp\/v2\/tags?post=23550"}],"curies":[{"name":"wp","href":"https:\/\/api.w.org\/{rel}","templated":true}]}}