{"id":23549,"date":"2021-10-08T00:00:00","date_gmt":"2021-10-08T00:00:00","guid":{"rendered":"https:\/\/ayuntamiento.coriaenimagenes.com\/la-asociacion-de-salud-mental-de-la-ciudad-de-coria-celebra-un-acto-en-conmemoracion-del-dia-mundial-de-la-salud-mental\/"},"modified":"2023-09-18T12:18:14","modified_gmt":"2023-09-18T10:18:14","slug":"la-asociacion-de-salud-mental-de-la-ciudad-de-coria-celebra-un-acto-en-conmemoracion-del-dia-mundial-de-la-salud-mental","status":"publish","type":"post","link":"https:\/\/coria.org\/ayuntamiento\/index.php\/2021\/10\/08\/la-asociacion-de-salud-mental-de-la-ciudad-de-coria-celebra-un-acto-en-conmemoracion-del-dia-mundial-de-la-salud-mental\/","title":{"rendered":"La Asociaci\u00f3n de Salud Mental de la Ciudad de Coria celebra un acto en conmemoraci\u00f3n del D\u00eda Mundial de la Salud Mental"},"content":{"rendered":"\n<p><b>En la ma\u00f1ana de hoy FEAFES Coria y Comarca ha conmemorado, junto al concejal de Juventud del Ayuntamiento de Coria, Alberto Jos\u00e9 D\u00edaz L\u00f3pez, el d\u00eda Mundial de la Salud Mental, que se celebrar\u00e1 el pr\u00f3ximo domingo 10 de octubre, para tratar de sensibilizar sobre la realidad de esta enfermedad. Durante el acto se han le\u00eddo varios manifiestos, tanto de directivos y usuarios de la asociaci\u00f3n.<\/b><\/p>\n\n\n<figure class=\"wp-block-post-featured-image\"><img loading=\"lazy\" decoding=\"async\" width=\"1200\" height=\"780\" src=\"https:\/\/coria.org\/ayuntamiento\/wp-content\/uploads\/2021\/10\/foto-1.jpg\" class=\"attachment-post-thumbnail size-post-thumbnail wp-post-image\" alt=\"\" style=\"object-fit:cover;\" srcset=\"https:\/\/coria.org\/ayuntamiento\/wp-content\/uploads\/2021\/10\/foto-1.jpg 1200w, https:\/\/coria.org\/ayuntamiento\/wp-content\/uploads\/2021\/10\/foto-1-300x195.jpg 300w, https:\/\/coria.org\/ayuntamiento\/wp-content\/uploads\/2021\/10\/foto-1-1024x666.jpg 1024w, https:\/\/coria.org\/ayuntamiento\/wp-content\/uploads\/2021\/10\/foto-1-768x499.jpg 768w\" sizes=\"auto, (max-width: 1200px) 100vw, 1200px\" \/><\/figure>\n\n\n<p>En representaci\u00f3n del Ayuntamiento de la Ciudad, el concejal de Juventud, Alberto Jos\u00e9 D\u00edaz L\u00f3pez, ofreci\u00f3 toda la colaboraci\u00f3n y solidaridad del Consistorio, y pas\u00f3 a leer el texto de proclamaci\u00f3n bajo el lema \u00abLa Salud Mental, un Derecho Necesario. Ma\u00f1ana puedes ser t\u00fa\u00bb.<\/p>\n\n\n\n<p>La presidenta de la Asociaci\u00f3n, Mar\u00eda Vaquero Redondo, hizo un repaso de todas las actividades que se han llevado a cabo en beneficio de las personas con enfermedades mentales, trabajando por la atenci\u00f3n a las familias y gestionando distintos recursos como programas formativos, todo ello desde la responsabilidad social y la colaboraci\u00f3n de personas voluntarias.<\/p>\n\n\n\n<p>Seguidamente, un usuario del Centro, Jos\u00e9 Manuel Rodr\u00edguez, dio lectura de otro manifiesto a favor de la inclusi\u00f3n de las personas con enfermedades mentales en la sociedad.<\/p>\n\n\n\n<p>El acto concluy\u00f3 con la entrega de un reconocimiento por parte de FEAFES Coria y Comarca al familiar de un usuario del Centro.<\/p>\n","protected":false},"excerpt":{"rendered":"<p>En la ma\u00f1ana de hoy FEAFES Coria y Comarca ha conmemorado, junto al concejal de Juventud del Ayuntamiento de Coria, Alberto Jos\u00e9 D\u00edaz L\u00f3pez, el d\u00eda Mundial de la Salud Mental, que se celebrar\u00e1 el pr\u00f3ximo domingo 10 de octubre, para tratar de sensibilizar sobre la realidad de esta enfermedad. Durante el acto se han [&hellip;]<\/p>\n","protected":false},"author":2,"featured_media":37819,"comment_status":"closed","ping_status":"closed","sticky":false,"template":"","format":"standard","meta":{"_uag_custom_page_level_css":"","footnotes":""},"categories":[2],"tags":[3,4,806,1123],"class_list":["post-23549","post","type-post","status-publish","format-standard","has-post-thumbnail","hentry","category-noticias","tag-coria","tag-extremadura","tag-mental","tag-salud"],"yoast_head":"<!-- This site is optimized with the Yoast SEO plugin v27.5 - https:\/\/yoast.com\/product\/yoast-seo-wordpress\/ -->\n<title>La Asociaci\u00f3n de Salud Mental de la Ciudad de Coria celebra un acto en conmemoraci\u00f3n del D\u00eda Mundial de la Salud Mental - Ayuntamiento de Coria<\/title>\n<meta name=\"robots\" content=\"index, follow, max-snippet:-1, max-image-preview:large, max-video-preview:-1\" \/>\n<link rel=\"canonical\" href=\"https:\/\/coria.org\/ayuntamiento\/index.php\/2021\/10\/08\/la-asociacion-de-salud-mental-de-la-ciudad-de-coria-celebra-un-acto-en-conmemoracion-del-dia-mundial-de-la-salud-mental\/\" \/>\n<meta property=\"og:locale\" content=\"es_ES\" \/>\n<meta property=\"og:type\" content=\"article\" \/>\n<meta property=\"og:title\" content=\"La Asociaci\u00f3n de Salud Mental de la Ciudad de Coria celebra un acto en conmemoraci\u00f3n del D\u00eda Mundial de la Salud Mental - Ayuntamiento de Coria\" \/>\n<meta property=\"og:description\" content=\"En la ma\u00f1ana de hoy FEAFES Coria y Comarca ha conmemorado, junto al concejal de Juventud del Ayuntamiento de Coria, Alberto Jos\u00e9 D\u00edaz L\u00f3pez, el d\u00eda Mundial de la Salud Mental, que se celebrar\u00e1 el pr\u00f3ximo domingo 10 de octubre, para tratar de sensibilizar sobre la realidad de esta enfermedad. Durante el acto se han [&hellip;]\" \/>\n<meta property=\"og:url\" content=\"https:\/\/coria.org\/ayuntamiento\/index.php\/2021\/10\/08\/la-asociacion-de-salud-mental-de-la-ciudad-de-coria-celebra-un-acto-en-conmemoracion-del-dia-mundial-de-la-salud-mental\/\" \/>\n<meta property=\"og:site_name\" content=\"Ayuntamiento de Coria\" \/>\n<meta property=\"article:publisher\" content=\"https:\/\/www.facebook.com\/Ayuntamiento.de.Coria\" \/>\n<meta property=\"article:published_time\" content=\"2021-10-08T00:00:00+00:00\" \/>\n<meta property=\"article:modified_time\" content=\"2023-09-18T10:18:14+00:00\" \/>\n<meta property=\"og:image\" content=\"https:\/\/coria.org\/ayuntamiento\/wp-content\/uploads\/2021\/10\/foto-1.jpg\" \/>\n\t<meta property=\"og:image:width\" content=\"1200\" \/>\n\t<meta property=\"og:image:height\" content=\"780\" \/>\n\t<meta property=\"og:image:type\" content=\"image\/jpeg\" \/>\n<meta name=\"author\" content=\"ayuntamiento\" \/>\n<meta name=\"twitter:card\" content=\"summary_large_image\" \/>\n<meta name=\"twitter:creator\" content=\"@Ayto_de_Coria\" \/>\n<meta name=\"twitter:site\" content=\"@Ayto_de_Coria\" \/>\n<meta name=\"twitter:label1\" content=\"Escrito por\" \/>\n\t<meta name=\"twitter:data1\" content=\"ayuntamiento\" \/>\n\t<meta name=\"twitter:label2\" content=\"Tiempo de lectura\" \/>\n\t<meta name=\"twitter:data2\" content=\"1 minuto\" \/>\n<script type=\"application\/ld+json\" class=\"yoast-schema-graph\">{\"@context\":\"https:\\\/\\\/schema.org\",\"@graph\":[{\"@type\":\"Article\",\"@id\":\"https:\\\/\\\/coria.org\\\/ayuntamiento\\\/index.php\\\/2021\\\/10\\\/08\\\/la-asociacion-de-salud-mental-de-la-ciudad-de-coria-celebra-un-acto-en-conmemoracion-del-dia-mundial-de-la-salud-mental\\\/#article\",\"isPartOf\":{\"@id\":\"https:\\\/\\\/coria.org\\\/ayuntamiento\\\/index.php\\\/2021\\\/10\\\/08\\\/la-asociacion-de-salud-mental-de-la-ciudad-de-coria-celebra-un-acto-en-conmemoracion-del-dia-mundial-de-la-salud-mental\\\/\"},\"author\":{\"name\":\"ayuntamiento\",\"@id\":\"https:\\\/\\\/coria.org\\\/ayuntamiento\\\/#\\\/schema\\\/person\\\/8bd589f0e13e8ae5aa06def7a599d622\"},\"headline\":\"La Asociaci\u00f3n de Salud Mental de la Ciudad de Coria celebra un acto en conmemoraci\u00f3n del D\u00eda Mundial de la Salud Mental\",\"datePublished\":\"2021-10-08T00:00:00+00:00\",\"dateModified\":\"2023-09-18T10:18:14+00:00\",\"mainEntityOfPage\":{\"@id\":\"https:\\\/\\\/coria.org\\\/ayuntamiento\\\/index.php\\\/2021\\\/10\\\/08\\\/la-asociacion-de-salud-mental-de-la-ciudad-de-coria-celebra-un-acto-en-conmemoracion-del-dia-mundial-de-la-salud-mental\\\/\"},\"wordCount\":258,\"publisher\":{\"@id\":\"https:\\\/\\\/coria.org\\\/ayuntamiento\\\/#organization\"},\"image\":{\"@id\":\"https:\\\/\\\/coria.org\\\/ayuntamiento\\\/index.php\\\/2021\\\/10\\\/08\\\/la-asociacion-de-salud-mental-de-la-ciudad-de-coria-celebra-un-acto-en-conmemoracion-del-dia-mundial-de-la-salud-mental\\\/#primaryimage\"},\"thumbnailUrl\":\"https:\\\/\\\/coria.org\\\/ayuntamiento\\\/wp-content\\\/uploads\\\/2021\\\/10\\\/foto-1.jpg\",\"keywords\":[\"coria\",\"extremadura\",\"mental\",\"salud\"],\"articleSection\":[\"Noticias\"],\"inLanguage\":\"es\"},{\"@type\":\"WebPage\",\"@id\":\"https:\\\/\\\/coria.org\\\/ayuntamiento\\\/index.php\\\/2021\\\/10\\\/08\\\/la-asociacion-de-salud-mental-de-la-ciudad-de-coria-celebra-un-acto-en-conmemoracion-del-dia-mundial-de-la-salud-mental\\\/\",\"url\":\"https:\\\/\\\/coria.org\\\/ayuntamiento\\\/index.php\\\/2021\\\/10\\\/08\\\/la-asociacion-de-salud-mental-de-la-ciudad-de-coria-celebra-un-acto-en-conmemoracion-del-dia-mundial-de-la-salud-mental\\\/\",\"name\":\"La Asociaci\u00f3n de Salud Mental de la Ciudad de Coria celebra un acto en conmemoraci\u00f3n del D\u00eda Mundial de la Salud Mental - Ayuntamiento de Coria\",\"isPartOf\":{\"@id\":\"https:\\\/\\\/coria.org\\\/ayuntamiento\\\/#website\"},\"primaryImageOfPage\":{\"@id\":\"https:\\\/\\\/coria.org\\\/ayuntamiento\\\/index.php\\\/2021\\\/10\\\/08\\\/la-asociacion-de-salud-mental-de-la-ciudad-de-coria-celebra-un-acto-en-conmemoracion-del-dia-mundial-de-la-salud-mental\\\/#primaryimage\"},\"image\":{\"@id\":\"https:\\\/\\\/coria.org\\\/ayuntamiento\\\/index.php\\\/2021\\\/10\\\/08\\\/la-asociacion-de-salud-mental-de-la-ciudad-de-coria-celebra-un-acto-en-conmemoracion-del-dia-mundial-de-la-salud-mental\\\/#primaryimage\"},\"thumbnailUrl\":\"https:\\\/\\\/coria.org\\\/ayuntamiento\\\/wp-content\\\/uploads\\\/2021\\\/10\\\/foto-1.jpg\",\"datePublished\":\"2021-10-08T00:00:00+00:00\",\"dateModified\":\"2023-09-18T10:18:14+00:00\",\"breadcrumb\":{\"@id\":\"https:\\\/\\\/coria.org\\\/ayuntamiento\\\/index.php\\\/2021\\\/10\\\/08\\\/la-asociacion-de-salud-mental-de-la-ciudad-de-coria-celebra-un-acto-en-conmemoracion-del-dia-mundial-de-la-salud-mental\\\/#breadcrumb\"},\"inLanguage\":\"es\",\"potentialAction\":[{\"@type\":\"ReadAction\",\"target\":[\"https:\\\/\\\/coria.org\\\/ayuntamiento\\\/index.php\\\/2021\\\/10\\\/08\\\/la-asociacion-de-salud-mental-de-la-ciudad-de-coria-celebra-un-acto-en-conmemoracion-del-dia-mundial-de-la-salud-mental\\\/\"]}]},{\"@type\":\"ImageObject\",\"inLanguage\":\"es\",\"@id\":\"https:\\\/\\\/coria.org\\\/ayuntamiento\\\/index.php\\\/2021\\\/10\\\/08\\\/la-asociacion-de-salud-mental-de-la-ciudad-de-coria-celebra-un-acto-en-conmemoracion-del-dia-mundial-de-la-salud-mental\\\/#primaryimage\",\"url\":\"https:\\\/\\\/coria.org\\\/ayuntamiento\\\/wp-content\\\/uploads\\\/2021\\\/10\\\/foto-1.jpg\",\"contentUrl\":\"https:\\\/\\\/coria.org\\\/ayuntamiento\\\/wp-content\\\/uploads\\\/2021\\\/10\\\/foto-1.jpg\",\"width\":1200,\"height\":780},{\"@type\":\"BreadcrumbList\",\"@id\":\"https:\\\/\\\/coria.org\\\/ayuntamiento\\\/index.php\\\/2021\\\/10\\\/08\\\/la-asociacion-de-salud-mental-de-la-ciudad-de-coria-celebra-un-acto-en-conmemoracion-del-dia-mundial-de-la-salud-mental\\\/#breadcrumb\",\"itemListElement\":[{\"@type\":\"ListItem\",\"position\":1,\"name\":\"Inicio\",\"item\":\"https:\\\/\\\/coria.org\\\/ayuntamiento\\\/\"},{\"@type\":\"ListItem\",\"position\":2,\"name\":\"La Asociaci\u00f3n de Salud Mental de la Ciudad de Coria celebra un acto en conmemoraci\u00f3n del D\u00eda Mundial de la Salud Mental\"}]},{\"@type\":\"WebSite\",\"@id\":\"https:\\\/\\\/coria.org\\\/ayuntamiento\\\/#website\",\"url\":\"https:\\\/\\\/coria.org\\\/ayuntamiento\\\/\",\"name\":\"Ayuntamiento de Coria\",\"description\":\"Web oficial del Ayuntamiento de Coria\",\"publisher\":{\"@id\":\"https:\\\/\\\/coria.org\\\/ayuntamiento\\\/#organization\"},\"alternateName\":\"Web Oficial del Ayuntamiento de Coria\",\"potentialAction\":[{\"@type\":\"SearchAction\",\"target\":{\"@type\":\"EntryPoint\",\"urlTemplate\":\"https:\\\/\\\/coria.org\\\/ayuntamiento\\\/?s={search_term_string}\"},\"query-input\":{\"@type\":\"PropertyValueSpecification\",\"valueRequired\":true,\"valueName\":\"search_term_string\"}}],\"inLanguage\":\"es\"},{\"@type\":\"Organization\",\"@id\":\"https:\\\/\\\/coria.org\\\/ayuntamiento\\\/#organization\",\"name\":\"Ayuntamiento de Coria\",\"alternateName\":\"Ayto de Coria\",\"url\":\"https:\\\/\\\/coria.org\\\/ayuntamiento\\\/\",\"logo\":{\"@type\":\"ImageObject\",\"inLanguage\":\"es\",\"@id\":\"https:\\\/\\\/coria.org\\\/ayuntamiento\\\/#\\\/schema\\\/logo\\\/image\\\/\",\"url\":\"https:\\\/\\\/coria.org\\\/ayuntamiento\\\/wp-content\\\/uploads\\\/2020\\\/12\\\/escudo-ayuntamiento-coria.png\",\"contentUrl\":\"https:\\\/\\\/coria.org\\\/ayuntamiento\\\/wp-content\\\/uploads\\\/2020\\\/12\\\/escudo-ayuntamiento-coria.png\",\"width\":511,\"height\":240,\"caption\":\"Ayuntamiento de Coria\"},\"image\":{\"@id\":\"https:\\\/\\\/coria.org\\\/ayuntamiento\\\/#\\\/schema\\\/logo\\\/image\\\/\"},\"sameAs\":[\"https:\\\/\\\/www.facebook.com\\\/Ayuntamiento.de.Coria\",\"https:\\\/\\\/x.com\\\/Ayto_de_Coria\",\"https:\\\/\\\/www.instagram.com\\\/coria.ayuntamiento\\\/\",\"https:\\\/\\\/www.youtube.com\\\/user\\\/AYUNTAMIENTOCORIA\"]},{\"@type\":\"Person\",\"@id\":\"https:\\\/\\\/coria.org\\\/ayuntamiento\\\/#\\\/schema\\\/person\\\/8bd589f0e13e8ae5aa06def7a599d622\",\"name\":\"ayuntamiento\",\"image\":{\"@type\":\"ImageObject\",\"inLanguage\":\"es\",\"@id\":\"https:\\\/\\\/secure.gravatar.com\\\/avatar\\\/966e5ed73cad334adda5c87f49f2547f7082f7292c1b627cbb548744383b391c?s=96&d=mm&r=g\",\"url\":\"https:\\\/\\\/secure.gravatar.com\\\/avatar\\\/966e5ed73cad334adda5c87f49f2547f7082f7292c1b627cbb548744383b391c?s=96&d=mm&r=g\",\"contentUrl\":\"https:\\\/\\\/secure.gravatar.com\\\/avatar\\\/966e5ed73cad334adda5c87f49f2547f7082f7292c1b627cbb548744383b391c?s=96&d=mm&r=g\",\"caption\":\"ayuntamiento\"}}]}<\/script>\n<!-- \/ Yoast SEO plugin. -->","yoast_head_json":{"title":"La Asociaci\u00f3n de Salud Mental de la Ciudad de Coria celebra un acto en conmemoraci\u00f3n del D\u00eda Mundial de la Salud Mental - Ayuntamiento de Coria","robots":{"index":"index","follow":"follow","max-snippet":"max-snippet:-1","max-image-preview":"max-image-preview:large","max-video-preview":"max-video-preview:-1"},"canonical":"https:\/\/coria.org\/ayuntamiento\/index.php\/2021\/10\/08\/la-asociacion-de-salud-mental-de-la-ciudad-de-coria-celebra-un-acto-en-conmemoracion-del-dia-mundial-de-la-salud-mental\/","og_locale":"es_ES","og_type":"article","og_title":"La Asociaci\u00f3n de Salud Mental de la Ciudad de Coria celebra un acto en conmemoraci\u00f3n del D\u00eda Mundial de la Salud Mental - Ayuntamiento de Coria","og_description":"En la ma\u00f1ana de hoy FEAFES Coria y Comarca ha conmemorado, junto al concejal de Juventud del Ayuntamiento de Coria, Alberto Jos\u00e9 D\u00edaz L\u00f3pez, el d\u00eda Mundial de la Salud Mental, que se celebrar\u00e1 el pr\u00f3ximo domingo 10 de octubre, para tratar de sensibilizar sobre la realidad de esta enfermedad. Durante el acto se han [&hellip;]","og_url":"https:\/\/coria.org\/ayuntamiento\/index.php\/2021\/10\/08\/la-asociacion-de-salud-mental-de-la-ciudad-de-coria-celebra-un-acto-en-conmemoracion-del-dia-mundial-de-la-salud-mental\/","og_site_name":"Ayuntamiento de Coria","article_publisher":"https:\/\/www.facebook.com\/Ayuntamiento.de.Coria","article_published_time":"2021-10-08T00:00:00+00:00","article_modified_time":"2023-09-18T10:18:14+00:00","og_image":[{"width":1200,"height":780,"url":"https:\/\/coria.org\/ayuntamiento\/wp-content\/uploads\/2021\/10\/foto-1.jpg","type":"image\/jpeg"}],"author":"ayuntamiento","twitter_card":"summary_large_image","twitter_creator":"@Ayto_de_Coria","twitter_site":"@Ayto_de_Coria","twitter_misc":{"Escrito por":"ayuntamiento","Tiempo de lectura":"1 minuto"},"schema":{"@context":"https:\/\/schema.org","@graph":[{"@type":"Article","@id":"https:\/\/coria.org\/ayuntamiento\/index.php\/2021\/10\/08\/la-asociacion-de-salud-mental-de-la-ciudad-de-coria-celebra-un-acto-en-conmemoracion-del-dia-mundial-de-la-salud-mental\/#article","isPartOf":{"@id":"https:\/\/coria.org\/ayuntamiento\/index.php\/2021\/10\/08\/la-asociacion-de-salud-mental-de-la-ciudad-de-coria-celebra-un-acto-en-conmemoracion-del-dia-mundial-de-la-salud-mental\/"},"author":{"name":"ayuntamiento","@id":"https:\/\/coria.org\/ayuntamiento\/#\/schema\/person\/8bd589f0e13e8ae5aa06def7a599d622"},"headline":"La Asociaci\u00f3n de Salud Mental de la Ciudad de Coria celebra un acto en conmemoraci\u00f3n del D\u00eda Mundial de la Salud Mental","datePublished":"2021-10-08T00:00:00+00:00","dateModified":"2023-09-18T10:18:14+00:00","mainEntityOfPage":{"@id":"https:\/\/coria.org\/ayuntamiento\/index.php\/2021\/10\/08\/la-asociacion-de-salud-mental-de-la-ciudad-de-coria-celebra-un-acto-en-conmemoracion-del-dia-mundial-de-la-salud-mental\/"},"wordCount":258,"publisher":{"@id":"https:\/\/coria.org\/ayuntamiento\/#organization"},"image":{"@id":"https:\/\/coria.org\/ayuntamiento\/index.php\/2021\/10\/08\/la-asociacion-de-salud-mental-de-la-ciudad-de-coria-celebra-un-acto-en-conmemoracion-del-dia-mundial-de-la-salud-mental\/#primaryimage"},"thumbnailUrl":"https:\/\/coria.org\/ayuntamiento\/wp-content\/uploads\/2021\/10\/foto-1.jpg","keywords":["coria","extremadura","mental","salud"],"articleSection":["Noticias"],"inLanguage":"es"},{"@type":"WebPage","@id":"https:\/\/coria.org\/ayuntamiento\/index.php\/2021\/10\/08\/la-asociacion-de-salud-mental-de-la-ciudad-de-coria-celebra-un-acto-en-conmemoracion-del-dia-mundial-de-la-salud-mental\/","url":"https:\/\/coria.org\/ayuntamiento\/index.php\/2021\/10\/08\/la-asociacion-de-salud-mental-de-la-ciudad-de-coria-celebra-un-acto-en-conmemoracion-del-dia-mundial-de-la-salud-mental\/","name":"La Asociaci\u00f3n de Salud Mental de la Ciudad de Coria celebra un acto en conmemoraci\u00f3n del D\u00eda Mundial de la Salud Mental - Ayuntamiento de Coria","isPartOf":{"@id":"https:\/\/coria.org\/ayuntamiento\/#website"},"primaryImageOfPage":{"@id":"https:\/\/coria.org\/ayuntamiento\/index.php\/2021\/10\/08\/la-asociacion-de-salud-mental-de-la-ciudad-de-coria-celebra-un-acto-en-conmemoracion-del-dia-mundial-de-la-salud-mental\/#primaryimage"},"image":{"@id":"https:\/\/coria.org\/ayuntamiento\/index.php\/2021\/10\/08\/la-asociacion-de-salud-mental-de-la-ciudad-de-coria-celebra-un-acto-en-conmemoracion-del-dia-mundial-de-la-salud-mental\/#primaryimage"},"thumbnailUrl":"https:\/\/coria.org\/ayuntamiento\/wp-content\/uploads\/2021\/10\/foto-1.jpg","datePublished":"2021-10-08T00:00:00+00:00","dateModified":"2023-09-18T10:18:14+00:00","breadcrumb":{"@id":"https:\/\/coria.org\/ayuntamiento\/index.php\/2021\/10\/08\/la-asociacion-de-salud-mental-de-la-ciudad-de-coria-celebra-un-acto-en-conmemoracion-del-dia-mundial-de-la-salud-mental\/#breadcrumb"},"inLanguage":"es","potentialAction":[{"@type":"ReadAction","target":["https:\/\/coria.org\/ayuntamiento\/index.php\/2021\/10\/08\/la-asociacion-de-salud-mental-de-la-ciudad-de-coria-celebra-un-acto-en-conmemoracion-del-dia-mundial-de-la-salud-mental\/"]}]},{"@type":"ImageObject","inLanguage":"es","@id":"https:\/\/coria.org\/ayuntamiento\/index.php\/2021\/10\/08\/la-asociacion-de-salud-mental-de-la-ciudad-de-coria-celebra-un-acto-en-conmemoracion-del-dia-mundial-de-la-salud-mental\/#primaryimage","url":"https:\/\/coria.org\/ayuntamiento\/wp-content\/uploads\/2021\/10\/foto-1.jpg","contentUrl":"https:\/\/coria.org\/ayuntamiento\/wp-content\/uploads\/2021\/10\/foto-1.jpg","width":1200,"height":780},{"@type":"BreadcrumbList","@id":"https:\/\/coria.org\/ayuntamiento\/index.php\/2021\/10\/08\/la-asociacion-de-salud-mental-de-la-ciudad-de-coria-celebra-un-acto-en-conmemoracion-del-dia-mundial-de-la-salud-mental\/#breadcrumb","itemListElement":[{"@type":"ListItem","position":1,"name":"Inicio","item":"https:\/\/coria.org\/ayuntamiento\/"},{"@type":"ListItem","position":2,"name":"La Asociaci\u00f3n de Salud Mental de la Ciudad de Coria celebra un acto en conmemoraci\u00f3n del D\u00eda Mundial de la Salud Mental"}]},{"@type":"WebSite","@id":"https:\/\/coria.org\/ayuntamiento\/#website","url":"https:\/\/coria.org\/ayuntamiento\/","name":"Ayuntamiento de Coria","description":"Web oficial del Ayuntamiento de Coria","publisher":{"@id":"https:\/\/coria.org\/ayuntamiento\/#organization"},"alternateName":"Web Oficial del Ayuntamiento de Coria","potentialAction":[{"@type":"SearchAction","target":{"@type":"EntryPoint","urlTemplate":"https:\/\/coria.org\/ayuntamiento\/?s={search_term_string}"},"query-input":{"@type":"PropertyValueSpecification","valueRequired":true,"valueName":"search_term_string"}}],"inLanguage":"es"},{"@type":"Organization","@id":"https:\/\/coria.org\/ayuntamiento\/#organization","name":"Ayuntamiento de Coria","alternateName":"Ayto de Coria","url":"https:\/\/coria.org\/ayuntamiento\/","logo":{"@type":"ImageObject","inLanguage":"es","@id":"https:\/\/coria.org\/ayuntamiento\/#\/schema\/logo\/image\/","url":"https:\/\/coria.org\/ayuntamiento\/wp-content\/uploads\/2020\/12\/escudo-ayuntamiento-coria.png","contentUrl":"https:\/\/coria.org\/ayuntamiento\/wp-content\/uploads\/2020\/12\/escudo-ayuntamiento-coria.png","width":511,"height":240,"caption":"Ayuntamiento de Coria"},"image":{"@id":"https:\/\/coria.org\/ayuntamiento\/#\/schema\/logo\/image\/"},"sameAs":["https:\/\/www.facebook.com\/Ayuntamiento.de.Coria","https:\/\/x.com\/Ayto_de_Coria","https:\/\/www.instagram.com\/coria.ayuntamiento\/","https:\/\/www.youtube.com\/user\/AYUNTAMIENTOCORIA"]},{"@type":"Person","@id":"https:\/\/coria.org\/ayuntamiento\/#\/schema\/person\/8bd589f0e13e8ae5aa06def7a599d622","name":"ayuntamiento","image":{"@type":"ImageObject","inLanguage":"es","@id":"https:\/\/secure.gravatar.com\/avatar\/966e5ed73cad334adda5c87f49f2547f7082f7292c1b627cbb548744383b391c?s=96&d=mm&r=g","url":"https:\/\/secure.gravatar.com\/avatar\/966e5ed73cad334adda5c87f49f2547f7082f7292c1b627cbb548744383b391c?s=96&d=mm&r=g","contentUrl":"https:\/\/secure.gravatar.com\/avatar\/966e5ed73cad334adda5c87f49f2547f7082f7292c1b627cbb548744383b391c?s=96&d=mm&r=g","caption":"ayuntamiento"}}]}},"uagb_featured_image_src":{"full":["https:\/\/coria.org\/ayuntamiento\/wp-content\/uploads\/2021\/10\/foto-1.jpg",1200,780,false],"thumbnail":["https:\/\/coria.org\/ayuntamiento\/wp-content\/uploads\/2021\/10\/foto-1-150x150.jpg",150,150,true],"medium":["https:\/\/coria.org\/ayuntamiento\/wp-content\/uploads\/2021\/10\/foto-1-300x195.jpg",300,195,true],"medium_large":["https:\/\/coria.org\/ayuntamiento\/wp-content\/uploads\/2021\/10\/foto-1-768x499.jpg",768,499,true],"large":["https:\/\/coria.org\/ayuntamiento\/wp-content\/uploads\/2021\/10\/foto-1-1024x666.jpg",1024,666,true],"thumblist":["https:\/\/coria.org\/ayuntamiento\/wp-content\/uploads\/2021\/10\/foto-1.jpg",300,195,false],"thumbrelated":["https:\/\/coria.org\/ayuntamiento\/wp-content\/uploads\/2021\/10\/foto-1.jpg",500,325,false],"meccarouselthumb":["https:\/\/coria.org\/ayuntamiento\/wp-content\/uploads\/2021\/10\/foto-1.jpg",474,308,false],"gridsquare":["https:\/\/coria.org\/ayuntamiento\/wp-content\/uploads\/2021\/10\/foto-1.jpg",391,254,false],"tileview":["https:\/\/coria.org\/ayuntamiento\/wp-content\/uploads\/2021\/10\/foto-1.jpg",300,195,false],"1536x1536":["https:\/\/coria.org\/ayuntamiento\/wp-content\/uploads\/2021\/10\/foto-1.jpg",1200,780,false],"2048x2048":["https:\/\/coria.org\/ayuntamiento\/wp-content\/uploads\/2021\/10\/foto-1.jpg",1200,780,false]},"uagb_author_info":{"display_name":"ayuntamiento","author_link":"https:\/\/coria.org\/ayuntamiento\/index.php\/author\/ayuntamiento\/"},"uagb_comment_info":0,"uagb_excerpt":"En la ma\u00f1ana de hoy FEAFES Coria y Comarca ha conmemorado, junto al concejal de Juventud del Ayuntamiento de Coria, Alberto Jos\u00e9 D\u00edaz L\u00f3pez, el d\u00eda Mundial de la Salud Mental, que se celebrar\u00e1 el pr\u00f3ximo domingo 10 de octubre, para tratar de sensibilizar sobre la realidad de esta enfermedad. Durante el acto se han&hellip;","_links":{"self":[{"href":"https:\/\/coria.org\/ayuntamiento\/index.php\/wp-json\/wp\/v2\/posts\/23549","targetHints":{"allow":["GET"]}}],"collection":[{"href":"https:\/\/coria.org\/ayuntamiento\/index.php\/wp-json\/wp\/v2\/posts"}],"about":[{"href":"https:\/\/coria.org\/ayuntamiento\/index.php\/wp-json\/wp\/v2\/types\/post"}],"author":[{"embeddable":true,"href":"https:\/\/coria.org\/ayuntamiento\/index.php\/wp-json\/wp\/v2\/users\/2"}],"replies":[{"embeddable":true,"href":"https:\/\/coria.org\/ayuntamiento\/index.php\/wp-json\/wp\/v2\/comments?post=23549"}],"version-history":[{"count":0,"href":"https:\/\/coria.org\/ayuntamiento\/index.php\/wp-json\/wp\/v2\/posts\/23549\/revisions"}],"wp:featuredmedia":[{"embeddable":true,"href":"https:\/\/coria.org\/ayuntamiento\/index.php\/wp-json\/wp\/v2\/media\/37819"}],"wp:attachment":[{"href":"https:\/\/coria.org\/ayuntamiento\/index.php\/wp-json\/wp\/v2\/media?parent=23549"}],"wp:term":[{"taxonomy":"category","embeddable":true,"href":"https:\/\/coria.org\/ayuntamiento\/index.php\/wp-json\/wp\/v2\/categories?post=23549"},{"taxonomy":"post_tag","embeddable":true,"href":"https:\/\/coria.org\/ayuntamiento\/index.php\/wp-json\/wp\/v2\/tags?post=23549"}],"curies":[{"name":"wp","href":"https:\/\/api.w.org\/{rel}","templated":true}]}}