{"id":23548,"date":"2021-10-08T00:00:00","date_gmt":"2021-10-08T00:00:00","guid":{"rendered":"https:\/\/ayuntamiento.coriaenimagenes.com\/el-ayuntamiento-de-coria-luce-un-lazo-rosa-para-dar-visibilidad-a-la-lucha-contra-el-cancer-de-mama\/"},"modified":"2023-09-18T12:18:14","modified_gmt":"2023-09-18T10:18:14","slug":"el-ayuntamiento-de-coria-luce-un-lazo-rosa-para-dar-visibilidad-a-la-lucha-contra-el-cancer-de-mama","status":"publish","type":"post","link":"https:\/\/coria.org\/ayuntamiento\/index.php\/2021\/10\/08\/el-ayuntamiento-de-coria-luce-un-lazo-rosa-para-dar-visibilidad-a-la-lucha-contra-el-cancer-de-mama\/","title":{"rendered":"El Ayuntamiento de Coria luce un lazo rosa para dar visibilidad a la lucha contra el c\u00e1ncer de mama"},"content":{"rendered":"\n<p><b>El Ayuntamiento de la Ciudad de Coria luce ya un lazo rosa para concienciar a la poblaci\u00f3n sobre la lucha del c\u00e1ncer de mama y conmemorar el D\u00eda Internacional del c\u00e1ncer de mama que se celebra el d\u00eda 19 de octubre.<\/b><\/p>\n\n\n<figure class=\"wp-block-post-featured-image\"><img loading=\"lazy\" decoding=\"async\" width=\"2560\" height=\"1920\" src=\"https:\/\/coria.org\/ayuntamiento\/wp-content\/uploads\/2021\/10\/IMG_20211008_101032-scaled-1.jpg\" class=\"attachment-post-thumbnail size-post-thumbnail wp-post-image\" alt=\"\" style=\"object-fit:cover;\" srcset=\"https:\/\/coria.org\/ayuntamiento\/wp-content\/uploads\/2021\/10\/IMG_20211008_101032-scaled-1.jpg 2560w, https:\/\/coria.org\/ayuntamiento\/wp-content\/uploads\/2021\/10\/IMG_20211008_101032-scaled-1-300x225.jpg 300w, https:\/\/coria.org\/ayuntamiento\/wp-content\/uploads\/2021\/10\/IMG_20211008_101032-scaled-1-1024x768.jpg 1024w, https:\/\/coria.org\/ayuntamiento\/wp-content\/uploads\/2021\/10\/IMG_20211008_101032-scaled-1-768x576.jpg 768w, https:\/\/coria.org\/ayuntamiento\/wp-content\/uploads\/2021\/10\/IMG_20211008_101032-scaled-1-1536x1152.jpg 1536w, https:\/\/coria.org\/ayuntamiento\/wp-content\/uploads\/2021\/10\/IMG_20211008_101032-scaled-1-2048x1536.jpg 2048w\" sizes=\"auto, (max-width: 2560px) 100vw, 2560px\" \/><\/figure>\n\n\n<p>Miembros de la delegaci\u00f3n local de la Asociaci\u00f3n Oncol\u00f3gica han sido las encargadas de colocar el lazo rosa en el balc\u00f3n del Ayuntamiento con el objeto de recordar la importancia en la detecci\u00f3n precoz de la lucha contra el c\u00e1ncer de mama.<\/p>\n\n\n\n<p>Con este gesto se pretende sensibilizar a la poblaci\u00f3n sobre la importancia de la investigaci\u00f3n y en el diagn\u00f3stico precoz en este tipo de c\u00e1ncer.<\/p>\n\n\n\n<p>Desde AOEX Coria, en colaboraci\u00f3n con el Ayuntamiento de Coria, han preparado una serie de actividades: los jueves 7, 14 y 21 de octubre la asociaci\u00f3n estar\u00e1 presente en el mercadillo semanal en una mesa informativa y un punto de inscripci\u00f3n para la Marcha Rosa, que este a\u00f1o volver\u00e1 a ser virtual con motivo de las medidas sanitarias contra el Covid-19.<br \/>El s\u00e1bado 16 de la Casa de Cultura de nuestra localidad acoger\u00e1 la actuaci\u00f3n de la artista local Diana Mart\u00edn. Una actividad que dar\u00e1 comienzo a las seis y media de la tarde, y cuya venta anticipada de entradas ser\u00e1 los d\u00edas 13 y 15 en la Casa de Cultura de siete y media a ocho y media de la tarde, y el mismo d\u00eda 16 dos horas antes del inicio del espect\u00e1culo. El coste de la entrada ser\u00e1 un donativo de 3 euros.<\/p>\n\n\n\n<p>El martes 19 de octubre, D\u00eda Internacional del C\u00e1ncer del Mama, la Casa de Cultura contar\u00e1 con una mesa conmemorativa a las seis de la tarde. Tambi\u00e9n, ese mismo d\u00eda, el Sal\u00f3n de Actos de la Casa de Cultura acoge una charla cuyo tema ser\u00e1 \u00abAutoexploraci\u00f3n mamaria y las emociones unidas al c\u00e1ncer\u00bb. Las ponentes de este encuentro ser\u00e1n Carmen Luis Mayoral, enfermera, Mar\u00eda J. Herrero S\u00e1nchez, psicoonc\u00f3loga, y M\u00f3nica Mor\u00e1n, paciente de c\u00e1ncer de mama.<br \/>Al finalizar el acto, se realizar\u00e1 la lectura del Manifiesto.<br \/>Finalmente el domingo 24 de octubre, la Casa de Cultura acoger\u00e1 un Festival de baile infantil de la agrupaci\u00f3n local \u00abTarantos de Argeme\u00bb. Una actividad que dar\u00e1 comienzo a las seis de la tarde, y cuya venta anticipada de entradas ser\u00e1 los d\u00edas 13 y 15 en la Casa de Cultura de siete y media a ocho y media de la tarde, y el mismo d\u00eda del espect\u00e1culo dos horas antes del inicio de la actuaci\u00f3n. El coste de la entrada ser\u00e1 un donativo de 3 euros.<\/p>\n","protected":false},"excerpt":{"rendered":"<p>El Ayuntamiento de la Ciudad de Coria luce ya un lazo rosa para concienciar a la poblaci\u00f3n sobre la lucha del c\u00e1ncer de mama y conmemorar el D\u00eda Internacional del c\u00e1ncer de mama que se celebra el d\u00eda 19 de octubre. Miembros de la delegaci\u00f3n local de la Asociaci\u00f3n Oncol\u00f3gica han sido las encargadas de [&hellip;]<\/p>\n","protected":false},"author":2,"featured_media":37813,"comment_status":"closed","ping_status":"closed","sticky":false,"template":"","format":"standard","meta":{"_uag_custom_page_level_css":"","footnotes":""},"categories":[2],"tags":[241,3,4,731,764,1103],"class_list":["post-23548","post","type-post","status-publish","format-standard","has-post-thumbnail","hentry","category-noticias","tag-cancer","tag-coria","tag-extremadura","tag-lazo","tag-mama","tag-rosa"],"yoast_head":"<!-- This site is optimized with the Yoast SEO plugin v27.5 - https:\/\/yoast.com\/product\/yoast-seo-wordpress\/ -->\n<title>El Ayuntamiento de Coria luce un lazo rosa para dar visibilidad a la lucha contra el c\u00e1ncer de mama - Ayuntamiento de Coria<\/title>\n<meta name=\"robots\" content=\"index, follow, max-snippet:-1, max-image-preview:large, max-video-preview:-1\" \/>\n<link rel=\"canonical\" href=\"https:\/\/coria.org\/ayuntamiento\/index.php\/2021\/10\/08\/el-ayuntamiento-de-coria-luce-un-lazo-rosa-para-dar-visibilidad-a-la-lucha-contra-el-cancer-de-mama\/\" \/>\n<meta property=\"og:locale\" content=\"es_ES\" \/>\n<meta property=\"og:type\" content=\"article\" \/>\n<meta property=\"og:title\" content=\"El Ayuntamiento de Coria luce un lazo rosa para dar visibilidad a la lucha contra el c\u00e1ncer de mama - Ayuntamiento de Coria\" \/>\n<meta property=\"og:description\" content=\"El Ayuntamiento de la Ciudad de Coria luce ya un lazo rosa para concienciar a la poblaci\u00f3n sobre la lucha del c\u00e1ncer de mama y conmemorar el D\u00eda Internacional del c\u00e1ncer de mama que se celebra el d\u00eda 19 de octubre. Miembros de la delegaci\u00f3n local de la Asociaci\u00f3n Oncol\u00f3gica han sido las encargadas de [&hellip;]\" \/>\n<meta property=\"og:url\" content=\"https:\/\/coria.org\/ayuntamiento\/index.php\/2021\/10\/08\/el-ayuntamiento-de-coria-luce-un-lazo-rosa-para-dar-visibilidad-a-la-lucha-contra-el-cancer-de-mama\/\" \/>\n<meta property=\"og:site_name\" content=\"Ayuntamiento de Coria\" \/>\n<meta property=\"article:publisher\" content=\"https:\/\/www.facebook.com\/Ayuntamiento.de.Coria\" \/>\n<meta property=\"article:published_time\" content=\"2021-10-08T00:00:00+00:00\" \/>\n<meta property=\"article:modified_time\" content=\"2023-09-18T10:18:14+00:00\" \/>\n<meta property=\"og:image\" content=\"https:\/\/coria.org\/ayuntamiento\/wp-content\/uploads\/2021\/10\/IMG_20211008_101032-scaled-1.jpg\" \/>\n\t<meta property=\"og:image:width\" content=\"2560\" \/>\n\t<meta property=\"og:image:height\" content=\"1920\" \/>\n\t<meta property=\"og:image:type\" content=\"image\/jpeg\" \/>\n<meta name=\"author\" content=\"ayuntamiento\" \/>\n<meta name=\"twitter:card\" content=\"summary_large_image\" \/>\n<meta name=\"twitter:creator\" content=\"@Ayto_de_Coria\" \/>\n<meta name=\"twitter:site\" content=\"@Ayto_de_Coria\" \/>\n<meta name=\"twitter:label1\" content=\"Escrito por\" \/>\n\t<meta name=\"twitter:data1\" content=\"ayuntamiento\" \/>\n\t<meta name=\"twitter:label2\" content=\"Tiempo de lectura\" \/>\n\t<meta name=\"twitter:data2\" content=\"2 minutos\" \/>\n<script type=\"application\/ld+json\" class=\"yoast-schema-graph\">{\"@context\":\"https:\\\/\\\/schema.org\",\"@graph\":[{\"@type\":\"Article\",\"@id\":\"https:\\\/\\\/coria.org\\\/ayuntamiento\\\/index.php\\\/2021\\\/10\\\/08\\\/el-ayuntamiento-de-coria-luce-un-lazo-rosa-para-dar-visibilidad-a-la-lucha-contra-el-cancer-de-mama\\\/#article\",\"isPartOf\":{\"@id\":\"https:\\\/\\\/coria.org\\\/ayuntamiento\\\/index.php\\\/2021\\\/10\\\/08\\\/el-ayuntamiento-de-coria-luce-un-lazo-rosa-para-dar-visibilidad-a-la-lucha-contra-el-cancer-de-mama\\\/\"},\"author\":{\"name\":\"ayuntamiento\",\"@id\":\"https:\\\/\\\/coria.org\\\/ayuntamiento\\\/#\\\/schema\\\/person\\\/8bd589f0e13e8ae5aa06def7a599d622\"},\"headline\":\"El Ayuntamiento de Coria luce un lazo rosa para dar visibilidad a la lucha contra el c\u00e1ncer de mama\",\"datePublished\":\"2021-10-08T00:00:00+00:00\",\"dateModified\":\"2023-09-18T10:18:14+00:00\",\"mainEntityOfPage\":{\"@id\":\"https:\\\/\\\/coria.org\\\/ayuntamiento\\\/index.php\\\/2021\\\/10\\\/08\\\/el-ayuntamiento-de-coria-luce-un-lazo-rosa-para-dar-visibilidad-a-la-lucha-contra-el-cancer-de-mama\\\/\"},\"wordCount\":476,\"publisher\":{\"@id\":\"https:\\\/\\\/coria.org\\\/ayuntamiento\\\/#organization\"},\"image\":{\"@id\":\"https:\\\/\\\/coria.org\\\/ayuntamiento\\\/index.php\\\/2021\\\/10\\\/08\\\/el-ayuntamiento-de-coria-luce-un-lazo-rosa-para-dar-visibilidad-a-la-lucha-contra-el-cancer-de-mama\\\/#primaryimage\"},\"thumbnailUrl\":\"https:\\\/\\\/coria.org\\\/ayuntamiento\\\/wp-content\\\/uploads\\\/2021\\\/10\\\/IMG_20211008_101032-scaled-1.jpg\",\"keywords\":[\"cancer\",\"coria\",\"extremadura\",\"lazo\",\"mama\",\"rosa\"],\"articleSection\":[\"Noticias\"],\"inLanguage\":\"es\"},{\"@type\":\"WebPage\",\"@id\":\"https:\\\/\\\/coria.org\\\/ayuntamiento\\\/index.php\\\/2021\\\/10\\\/08\\\/el-ayuntamiento-de-coria-luce-un-lazo-rosa-para-dar-visibilidad-a-la-lucha-contra-el-cancer-de-mama\\\/\",\"url\":\"https:\\\/\\\/coria.org\\\/ayuntamiento\\\/index.php\\\/2021\\\/10\\\/08\\\/el-ayuntamiento-de-coria-luce-un-lazo-rosa-para-dar-visibilidad-a-la-lucha-contra-el-cancer-de-mama\\\/\",\"name\":\"El Ayuntamiento de Coria luce un lazo rosa para dar visibilidad a la lucha contra el c\u00e1ncer de mama - Ayuntamiento de Coria\",\"isPartOf\":{\"@id\":\"https:\\\/\\\/coria.org\\\/ayuntamiento\\\/#website\"},\"primaryImageOfPage\":{\"@id\":\"https:\\\/\\\/coria.org\\\/ayuntamiento\\\/index.php\\\/2021\\\/10\\\/08\\\/el-ayuntamiento-de-coria-luce-un-lazo-rosa-para-dar-visibilidad-a-la-lucha-contra-el-cancer-de-mama\\\/#primaryimage\"},\"image\":{\"@id\":\"https:\\\/\\\/coria.org\\\/ayuntamiento\\\/index.php\\\/2021\\\/10\\\/08\\\/el-ayuntamiento-de-coria-luce-un-lazo-rosa-para-dar-visibilidad-a-la-lucha-contra-el-cancer-de-mama\\\/#primaryimage\"},\"thumbnailUrl\":\"https:\\\/\\\/coria.org\\\/ayuntamiento\\\/wp-content\\\/uploads\\\/2021\\\/10\\\/IMG_20211008_101032-scaled-1.jpg\",\"datePublished\":\"2021-10-08T00:00:00+00:00\",\"dateModified\":\"2023-09-18T10:18:14+00:00\",\"breadcrumb\":{\"@id\":\"https:\\\/\\\/coria.org\\\/ayuntamiento\\\/index.php\\\/2021\\\/10\\\/08\\\/el-ayuntamiento-de-coria-luce-un-lazo-rosa-para-dar-visibilidad-a-la-lucha-contra-el-cancer-de-mama\\\/#breadcrumb\"},\"inLanguage\":\"es\",\"potentialAction\":[{\"@type\":\"ReadAction\",\"target\":[\"https:\\\/\\\/coria.org\\\/ayuntamiento\\\/index.php\\\/2021\\\/10\\\/08\\\/el-ayuntamiento-de-coria-luce-un-lazo-rosa-para-dar-visibilidad-a-la-lucha-contra-el-cancer-de-mama\\\/\"]}]},{\"@type\":\"ImageObject\",\"inLanguage\":\"es\",\"@id\":\"https:\\\/\\\/coria.org\\\/ayuntamiento\\\/index.php\\\/2021\\\/10\\\/08\\\/el-ayuntamiento-de-coria-luce-un-lazo-rosa-para-dar-visibilidad-a-la-lucha-contra-el-cancer-de-mama\\\/#primaryimage\",\"url\":\"https:\\\/\\\/coria.org\\\/ayuntamiento\\\/wp-content\\\/uploads\\\/2021\\\/10\\\/IMG_20211008_101032-scaled-1.jpg\",\"contentUrl\":\"https:\\\/\\\/coria.org\\\/ayuntamiento\\\/wp-content\\\/uploads\\\/2021\\\/10\\\/IMG_20211008_101032-scaled-1.jpg\",\"width\":2560,\"height\":1920},{\"@type\":\"BreadcrumbList\",\"@id\":\"https:\\\/\\\/coria.org\\\/ayuntamiento\\\/index.php\\\/2021\\\/10\\\/08\\\/el-ayuntamiento-de-coria-luce-un-lazo-rosa-para-dar-visibilidad-a-la-lucha-contra-el-cancer-de-mama\\\/#breadcrumb\",\"itemListElement\":[{\"@type\":\"ListItem\",\"position\":1,\"name\":\"Inicio\",\"item\":\"https:\\\/\\\/coria.org\\\/ayuntamiento\\\/\"},{\"@type\":\"ListItem\",\"position\":2,\"name\":\"El Ayuntamiento de Coria luce un lazo rosa para dar visibilidad a la lucha contra el c\u00e1ncer de mama\"}]},{\"@type\":\"WebSite\",\"@id\":\"https:\\\/\\\/coria.org\\\/ayuntamiento\\\/#website\",\"url\":\"https:\\\/\\\/coria.org\\\/ayuntamiento\\\/\",\"name\":\"Ayuntamiento de Coria\",\"description\":\"Web oficial del Ayuntamiento de Coria\",\"publisher\":{\"@id\":\"https:\\\/\\\/coria.org\\\/ayuntamiento\\\/#organization\"},\"alternateName\":\"Web Oficial del Ayuntamiento de Coria\",\"potentialAction\":[{\"@type\":\"SearchAction\",\"target\":{\"@type\":\"EntryPoint\",\"urlTemplate\":\"https:\\\/\\\/coria.org\\\/ayuntamiento\\\/?s={search_term_string}\"},\"query-input\":{\"@type\":\"PropertyValueSpecification\",\"valueRequired\":true,\"valueName\":\"search_term_string\"}}],\"inLanguage\":\"es\"},{\"@type\":\"Organization\",\"@id\":\"https:\\\/\\\/coria.org\\\/ayuntamiento\\\/#organization\",\"name\":\"Ayuntamiento de Coria\",\"alternateName\":\"Ayto de Coria\",\"url\":\"https:\\\/\\\/coria.org\\\/ayuntamiento\\\/\",\"logo\":{\"@type\":\"ImageObject\",\"inLanguage\":\"es\",\"@id\":\"https:\\\/\\\/coria.org\\\/ayuntamiento\\\/#\\\/schema\\\/logo\\\/image\\\/\",\"url\":\"https:\\\/\\\/coria.org\\\/ayuntamiento\\\/wp-content\\\/uploads\\\/2020\\\/12\\\/escudo-ayuntamiento-coria.png\",\"contentUrl\":\"https:\\\/\\\/coria.org\\\/ayuntamiento\\\/wp-content\\\/uploads\\\/2020\\\/12\\\/escudo-ayuntamiento-coria.png\",\"width\":511,\"height\":240,\"caption\":\"Ayuntamiento de Coria\"},\"image\":{\"@id\":\"https:\\\/\\\/coria.org\\\/ayuntamiento\\\/#\\\/schema\\\/logo\\\/image\\\/\"},\"sameAs\":[\"https:\\\/\\\/www.facebook.com\\\/Ayuntamiento.de.Coria\",\"https:\\\/\\\/x.com\\\/Ayto_de_Coria\",\"https:\\\/\\\/www.instagram.com\\\/coria.ayuntamiento\\\/\",\"https:\\\/\\\/www.youtube.com\\\/user\\\/AYUNTAMIENTOCORIA\"]},{\"@type\":\"Person\",\"@id\":\"https:\\\/\\\/coria.org\\\/ayuntamiento\\\/#\\\/schema\\\/person\\\/8bd589f0e13e8ae5aa06def7a599d622\",\"name\":\"ayuntamiento\",\"image\":{\"@type\":\"ImageObject\",\"inLanguage\":\"es\",\"@id\":\"https:\\\/\\\/secure.gravatar.com\\\/avatar\\\/966e5ed73cad334adda5c87f49f2547f7082f7292c1b627cbb548744383b391c?s=96&d=mm&r=g\",\"url\":\"https:\\\/\\\/secure.gravatar.com\\\/avatar\\\/966e5ed73cad334adda5c87f49f2547f7082f7292c1b627cbb548744383b391c?s=96&d=mm&r=g\",\"contentUrl\":\"https:\\\/\\\/secure.gravatar.com\\\/avatar\\\/966e5ed73cad334adda5c87f49f2547f7082f7292c1b627cbb548744383b391c?s=96&d=mm&r=g\",\"caption\":\"ayuntamiento\"}}]}<\/script>\n<!-- \/ Yoast SEO plugin. -->","yoast_head_json":{"title":"El Ayuntamiento de Coria luce un lazo rosa para dar visibilidad a la lucha contra el c\u00e1ncer de mama - Ayuntamiento de Coria","robots":{"index":"index","follow":"follow","max-snippet":"max-snippet:-1","max-image-preview":"max-image-preview:large","max-video-preview":"max-video-preview:-1"},"canonical":"https:\/\/coria.org\/ayuntamiento\/index.php\/2021\/10\/08\/el-ayuntamiento-de-coria-luce-un-lazo-rosa-para-dar-visibilidad-a-la-lucha-contra-el-cancer-de-mama\/","og_locale":"es_ES","og_type":"article","og_title":"El Ayuntamiento de Coria luce un lazo rosa para dar visibilidad a la lucha contra el c\u00e1ncer de mama - Ayuntamiento de Coria","og_description":"El Ayuntamiento de la Ciudad de Coria luce ya un lazo rosa para concienciar a la poblaci\u00f3n sobre la lucha del c\u00e1ncer de mama y conmemorar el D\u00eda Internacional del c\u00e1ncer de mama que se celebra el d\u00eda 19 de octubre. Miembros de la delegaci\u00f3n local de la Asociaci\u00f3n Oncol\u00f3gica han sido las encargadas de [&hellip;]","og_url":"https:\/\/coria.org\/ayuntamiento\/index.php\/2021\/10\/08\/el-ayuntamiento-de-coria-luce-un-lazo-rosa-para-dar-visibilidad-a-la-lucha-contra-el-cancer-de-mama\/","og_site_name":"Ayuntamiento de Coria","article_publisher":"https:\/\/www.facebook.com\/Ayuntamiento.de.Coria","article_published_time":"2021-10-08T00:00:00+00:00","article_modified_time":"2023-09-18T10:18:14+00:00","og_image":[{"width":2560,"height":1920,"url":"https:\/\/coria.org\/ayuntamiento\/wp-content\/uploads\/2021\/10\/IMG_20211008_101032-scaled-1.jpg","type":"image\/jpeg"}],"author":"ayuntamiento","twitter_card":"summary_large_image","twitter_creator":"@Ayto_de_Coria","twitter_site":"@Ayto_de_Coria","twitter_misc":{"Escrito por":"ayuntamiento","Tiempo de lectura":"2 minutos"},"schema":{"@context":"https:\/\/schema.org","@graph":[{"@type":"Article","@id":"https:\/\/coria.org\/ayuntamiento\/index.php\/2021\/10\/08\/el-ayuntamiento-de-coria-luce-un-lazo-rosa-para-dar-visibilidad-a-la-lucha-contra-el-cancer-de-mama\/#article","isPartOf":{"@id":"https:\/\/coria.org\/ayuntamiento\/index.php\/2021\/10\/08\/el-ayuntamiento-de-coria-luce-un-lazo-rosa-para-dar-visibilidad-a-la-lucha-contra-el-cancer-de-mama\/"},"author":{"name":"ayuntamiento","@id":"https:\/\/coria.org\/ayuntamiento\/#\/schema\/person\/8bd589f0e13e8ae5aa06def7a599d622"},"headline":"El Ayuntamiento de Coria luce un lazo rosa para dar visibilidad a la lucha contra el c\u00e1ncer de mama","datePublished":"2021-10-08T00:00:00+00:00","dateModified":"2023-09-18T10:18:14+00:00","mainEntityOfPage":{"@id":"https:\/\/coria.org\/ayuntamiento\/index.php\/2021\/10\/08\/el-ayuntamiento-de-coria-luce-un-lazo-rosa-para-dar-visibilidad-a-la-lucha-contra-el-cancer-de-mama\/"},"wordCount":476,"publisher":{"@id":"https:\/\/coria.org\/ayuntamiento\/#organization"},"image":{"@id":"https:\/\/coria.org\/ayuntamiento\/index.php\/2021\/10\/08\/el-ayuntamiento-de-coria-luce-un-lazo-rosa-para-dar-visibilidad-a-la-lucha-contra-el-cancer-de-mama\/#primaryimage"},"thumbnailUrl":"https:\/\/coria.org\/ayuntamiento\/wp-content\/uploads\/2021\/10\/IMG_20211008_101032-scaled-1.jpg","keywords":["cancer","coria","extremadura","lazo","mama","rosa"],"articleSection":["Noticias"],"inLanguage":"es"},{"@type":"WebPage","@id":"https:\/\/coria.org\/ayuntamiento\/index.php\/2021\/10\/08\/el-ayuntamiento-de-coria-luce-un-lazo-rosa-para-dar-visibilidad-a-la-lucha-contra-el-cancer-de-mama\/","url":"https:\/\/coria.org\/ayuntamiento\/index.php\/2021\/10\/08\/el-ayuntamiento-de-coria-luce-un-lazo-rosa-para-dar-visibilidad-a-la-lucha-contra-el-cancer-de-mama\/","name":"El Ayuntamiento de Coria luce un lazo rosa para dar visibilidad a la lucha contra el c\u00e1ncer de mama - Ayuntamiento de Coria","isPartOf":{"@id":"https:\/\/coria.org\/ayuntamiento\/#website"},"primaryImageOfPage":{"@id":"https:\/\/coria.org\/ayuntamiento\/index.php\/2021\/10\/08\/el-ayuntamiento-de-coria-luce-un-lazo-rosa-para-dar-visibilidad-a-la-lucha-contra-el-cancer-de-mama\/#primaryimage"},"image":{"@id":"https:\/\/coria.org\/ayuntamiento\/index.php\/2021\/10\/08\/el-ayuntamiento-de-coria-luce-un-lazo-rosa-para-dar-visibilidad-a-la-lucha-contra-el-cancer-de-mama\/#primaryimage"},"thumbnailUrl":"https:\/\/coria.org\/ayuntamiento\/wp-content\/uploads\/2021\/10\/IMG_20211008_101032-scaled-1.jpg","datePublished":"2021-10-08T00:00:00+00:00","dateModified":"2023-09-18T10:18:14+00:00","breadcrumb":{"@id":"https:\/\/coria.org\/ayuntamiento\/index.php\/2021\/10\/08\/el-ayuntamiento-de-coria-luce-un-lazo-rosa-para-dar-visibilidad-a-la-lucha-contra-el-cancer-de-mama\/#breadcrumb"},"inLanguage":"es","potentialAction":[{"@type":"ReadAction","target":["https:\/\/coria.org\/ayuntamiento\/index.php\/2021\/10\/08\/el-ayuntamiento-de-coria-luce-un-lazo-rosa-para-dar-visibilidad-a-la-lucha-contra-el-cancer-de-mama\/"]}]},{"@type":"ImageObject","inLanguage":"es","@id":"https:\/\/coria.org\/ayuntamiento\/index.php\/2021\/10\/08\/el-ayuntamiento-de-coria-luce-un-lazo-rosa-para-dar-visibilidad-a-la-lucha-contra-el-cancer-de-mama\/#primaryimage","url":"https:\/\/coria.org\/ayuntamiento\/wp-content\/uploads\/2021\/10\/IMG_20211008_101032-scaled-1.jpg","contentUrl":"https:\/\/coria.org\/ayuntamiento\/wp-content\/uploads\/2021\/10\/IMG_20211008_101032-scaled-1.jpg","width":2560,"height":1920},{"@type":"BreadcrumbList","@id":"https:\/\/coria.org\/ayuntamiento\/index.php\/2021\/10\/08\/el-ayuntamiento-de-coria-luce-un-lazo-rosa-para-dar-visibilidad-a-la-lucha-contra-el-cancer-de-mama\/#breadcrumb","itemListElement":[{"@type":"ListItem","position":1,"name":"Inicio","item":"https:\/\/coria.org\/ayuntamiento\/"},{"@type":"ListItem","position":2,"name":"El Ayuntamiento de Coria luce un lazo rosa para dar visibilidad a la lucha contra el c\u00e1ncer de mama"}]},{"@type":"WebSite","@id":"https:\/\/coria.org\/ayuntamiento\/#website","url":"https:\/\/coria.org\/ayuntamiento\/","name":"Ayuntamiento de Coria","description":"Web oficial del Ayuntamiento de Coria","publisher":{"@id":"https:\/\/coria.org\/ayuntamiento\/#organization"},"alternateName":"Web Oficial del Ayuntamiento de Coria","potentialAction":[{"@type":"SearchAction","target":{"@type":"EntryPoint","urlTemplate":"https:\/\/coria.org\/ayuntamiento\/?s={search_term_string}"},"query-input":{"@type":"PropertyValueSpecification","valueRequired":true,"valueName":"search_term_string"}}],"inLanguage":"es"},{"@type":"Organization","@id":"https:\/\/coria.org\/ayuntamiento\/#organization","name":"Ayuntamiento de Coria","alternateName":"Ayto de Coria","url":"https:\/\/coria.org\/ayuntamiento\/","logo":{"@type":"ImageObject","inLanguage":"es","@id":"https:\/\/coria.org\/ayuntamiento\/#\/schema\/logo\/image\/","url":"https:\/\/coria.org\/ayuntamiento\/wp-content\/uploads\/2020\/12\/escudo-ayuntamiento-coria.png","contentUrl":"https:\/\/coria.org\/ayuntamiento\/wp-content\/uploads\/2020\/12\/escudo-ayuntamiento-coria.png","width":511,"height":240,"caption":"Ayuntamiento de Coria"},"image":{"@id":"https:\/\/coria.org\/ayuntamiento\/#\/schema\/logo\/image\/"},"sameAs":["https:\/\/www.facebook.com\/Ayuntamiento.de.Coria","https:\/\/x.com\/Ayto_de_Coria","https:\/\/www.instagram.com\/coria.ayuntamiento\/","https:\/\/www.youtube.com\/user\/AYUNTAMIENTOCORIA"]},{"@type":"Person","@id":"https:\/\/coria.org\/ayuntamiento\/#\/schema\/person\/8bd589f0e13e8ae5aa06def7a599d622","name":"ayuntamiento","image":{"@type":"ImageObject","inLanguage":"es","@id":"https:\/\/secure.gravatar.com\/avatar\/966e5ed73cad334adda5c87f49f2547f7082f7292c1b627cbb548744383b391c?s=96&d=mm&r=g","url":"https:\/\/secure.gravatar.com\/avatar\/966e5ed73cad334adda5c87f49f2547f7082f7292c1b627cbb548744383b391c?s=96&d=mm&r=g","contentUrl":"https:\/\/secure.gravatar.com\/avatar\/966e5ed73cad334adda5c87f49f2547f7082f7292c1b627cbb548744383b391c?s=96&d=mm&r=g","caption":"ayuntamiento"}}]}},"uagb_featured_image_src":{"full":["https:\/\/coria.org\/ayuntamiento\/wp-content\/uploads\/2021\/10\/IMG_20211008_101032-scaled-1.jpg",2560,1920,false],"thumbnail":["https:\/\/coria.org\/ayuntamiento\/wp-content\/uploads\/2021\/10\/IMG_20211008_101032-scaled-1-150x150.jpg",150,150,true],"medium":["https:\/\/coria.org\/ayuntamiento\/wp-content\/uploads\/2021\/10\/IMG_20211008_101032-scaled-1-300x225.jpg",300,225,true],"medium_large":["https:\/\/coria.org\/ayuntamiento\/wp-content\/uploads\/2021\/10\/IMG_20211008_101032-scaled-1-768x576.jpg",768,576,true],"large":["https:\/\/coria.org\/ayuntamiento\/wp-content\/uploads\/2021\/10\/IMG_20211008_101032-scaled-1-1024x768.jpg",1024,768,true],"thumblist":["https:\/\/coria.org\/ayuntamiento\/wp-content\/uploads\/2021\/10\/IMG_20211008_101032-scaled-1.jpg",300,225,false],"thumbrelated":["https:\/\/coria.org\/ayuntamiento\/wp-content\/uploads\/2021\/10\/IMG_20211008_101032-scaled-1.jpg",500,375,false],"meccarouselthumb":["https:\/\/coria.org\/ayuntamiento\/wp-content\/uploads\/2021\/10\/IMG_20211008_101032-scaled-1.jpg",432,324,false],"gridsquare":["https:\/\/coria.org\/ayuntamiento\/wp-content\/uploads\/2021\/10\/IMG_20211008_101032-scaled-1.jpg",347,260,false],"tileview":["https:\/\/coria.org\/ayuntamiento\/wp-content\/uploads\/2021\/10\/IMG_20211008_101032-scaled-1.jpg",300,225,false],"1536x1536":["https:\/\/coria.org\/ayuntamiento\/wp-content\/uploads\/2021\/10\/IMG_20211008_101032-scaled-1-1536x1152.jpg",1536,1152,true],"2048x2048":["https:\/\/coria.org\/ayuntamiento\/wp-content\/uploads\/2021\/10\/IMG_20211008_101032-scaled-1-2048x1536.jpg",2048,1536,true]},"uagb_author_info":{"display_name":"ayuntamiento","author_link":"https:\/\/coria.org\/ayuntamiento\/index.php\/author\/ayuntamiento\/"},"uagb_comment_info":0,"uagb_excerpt":"El Ayuntamiento de la Ciudad de Coria luce ya un lazo rosa para concienciar a la poblaci\u00f3n sobre la lucha del c\u00e1ncer de mama y conmemorar el D\u00eda Internacional del c\u00e1ncer de mama que se celebra el d\u00eda 19 de octubre. Miembros de la delegaci\u00f3n local de la Asociaci\u00f3n Oncol\u00f3gica han sido las encargadas de&hellip;","_links":{"self":[{"href":"https:\/\/coria.org\/ayuntamiento\/index.php\/wp-json\/wp\/v2\/posts\/23548","targetHints":{"allow":["GET"]}}],"collection":[{"href":"https:\/\/coria.org\/ayuntamiento\/index.php\/wp-json\/wp\/v2\/posts"}],"about":[{"href":"https:\/\/coria.org\/ayuntamiento\/index.php\/wp-json\/wp\/v2\/types\/post"}],"author":[{"embeddable":true,"href":"https:\/\/coria.org\/ayuntamiento\/index.php\/wp-json\/wp\/v2\/users\/2"}],"replies":[{"embeddable":true,"href":"https:\/\/coria.org\/ayuntamiento\/index.php\/wp-json\/wp\/v2\/comments?post=23548"}],"version-history":[{"count":0,"href":"https:\/\/coria.org\/ayuntamiento\/index.php\/wp-json\/wp\/v2\/posts\/23548\/revisions"}],"wp:featuredmedia":[{"embeddable":true,"href":"https:\/\/coria.org\/ayuntamiento\/index.php\/wp-json\/wp\/v2\/media\/37813"}],"wp:attachment":[{"href":"https:\/\/coria.org\/ayuntamiento\/index.php\/wp-json\/wp\/v2\/media?parent=23548"}],"wp:term":[{"taxonomy":"category","embeddable":true,"href":"https:\/\/coria.org\/ayuntamiento\/index.php\/wp-json\/wp\/v2\/categories?post=23548"},{"taxonomy":"post_tag","embeddable":true,"href":"https:\/\/coria.org\/ayuntamiento\/index.php\/wp-json\/wp\/v2\/tags?post=23548"}],"curies":[{"name":"wp","href":"https:\/\/api.w.org\/{rel}","templated":true}]}}