{"id":1643,"date":"2022-01-04T14:54:14","date_gmt":"2022-01-04T13:54:14","guid":{"rendered":"https:\/\/beta.coriaenimagenes.com\/?p=1643"},"modified":"2023-09-18T12:16:33","modified_gmt":"2023-09-18T10:16:33","slug":"sus-majestades-los-reyes-magos-de-oriente-recibiran-a-los-ninos-de-coria-en-el-pabellon-municipal-de-deportes","status":"publish","type":"post","link":"https:\/\/coria.org\/ayuntamiento\/index.php\/2022\/01\/04\/sus-majestades-los-reyes-magos-de-oriente-recibiran-a-los-ninos-de-coria-en-el-pabellon-municipal-de-deportes\/","title":{"rendered":"Sus Majestades Los Reyes Magos de Oriente recibir\u00e1n a los ni\u00f1os de Coria en el Pabell\u00f3n Municipal de Deportes"},"content":{"rendered":"\n<p>Tambi\u00e9n habr\u00e1 otra alternativa para los ni\u00f1os que no puedan acudir a la recepci\u00f3n real<\/p>\n\n\n\n<div class=\"wp-block-columns is-layout-flex wp-container-core-columns-is-layout-28f84493 wp-block-columns-is-layout-flex\">\n<div class=\"wp-block-column is-layout-flow wp-block-column-is-layout-flow\"><figure class=\"wp-block-post-featured-image\"><img loading=\"lazy\" decoding=\"async\" width=\"1530\" height=\"1904\" src=\"https:\/\/coria.org\/ayuntamiento\/wp-content\/uploads\/2022\/01\/cabalgata-2021.png\" class=\"attachment-post-thumbnail size-post-thumbnail wp-post-image\" alt=\"\" style=\"object-fit:cover;\" srcset=\"https:\/\/coria.org\/ayuntamiento\/wp-content\/uploads\/2022\/01\/cabalgata-2021.png 1530w, https:\/\/coria.org\/ayuntamiento\/wp-content\/uploads\/2022\/01\/cabalgata-2021-241x300.png 241w, https:\/\/coria.org\/ayuntamiento\/wp-content\/uploads\/2022\/01\/cabalgata-2021-823x1024.png 823w, https:\/\/coria.org\/ayuntamiento\/wp-content\/uploads\/2022\/01\/cabalgata-2021-768x956.png 768w, https:\/\/coria.org\/ayuntamiento\/wp-content\/uploads\/2022\/01\/cabalgata-2021-1234x1536.png 1234w\" sizes=\"auto, (max-width: 1530px) 100vw, 1530px\" \/><\/figure><\/div>\n\n\n\n<div class=\"wp-block-column is-layout-flow wp-block-column-is-layout-flow\">\n<p>Las previsiones de lluvia hacen que se modifiquen los planes iniciales de la Cabalgata de Melchor, Gaspar y Baltasar por las calles de nuestra Ciudad.<\/p>\n\n\n\n<p>Ante esta situaci\u00f3n, el Ayuntamiento de Coria ha organizado la recepci\u00f3n real en el Pabell\u00f3n Municipal de Deportes, a donde sus altezas reales llegar\u00e1n en microb\u00fas a las seis y media de la tarde.<\/p>\n\n\n\n<p>All\u00ed todos los ni\u00f1os recibir\u00e1n su regalo, en una fila \u00fanica, y pasar\u00e1n por los tres Reyes Magos de Oriente. Tambi\u00e9n habr\u00e1 un espect\u00e1culo de animaci\u00f3n infantil para aliviar la espera.<\/p>\n\n\n\n<p>En el caso de que haya ni\u00f1os que est\u00e9n en sus casas y no puedan acudir a la recepci\u00f3n, se ha habilitado el correo <a href=\"mailto:prensa@coria.org\">prensa@coria.org<\/a>&nbsp; para que los padres env\u00eden el nombre y apellidos de los ni\u00f1os, junto al n\u00famero de tel\u00e9fono, para que a las cinco de la tarde; Melchor, Gaspar y Baltasar saluden a los ni\u00f1os. Estos mensajes llegar\u00e1n a trav\u00e9s de un enlace de YouTube, que se les proporcionar\u00e1 v\u00eda WhatsApp.<\/p>\n\n\n\n<p>Los padres tienen hasta las 13:00 horas del d\u00eda 5 de enero para enviar los datos.<\/p>\n\n\n\n<p>SS.MM. Los Reyes Magos de Oriente en Puebla de Argeme y Rinc\u00f3n del Obispo<\/p>\n\n\n\n<p>Ante la presencia de lluvia durante el desarrollo de las actividades, tambi\u00e9n los Reyes Magos de Oriente modifican sus planes en las pedan\u00edas de Puebla de Argeme y Rinc\u00f3n del Obispo.<\/p>\n\n\n\n<p>Los ni\u00f1os de Puebla de Argeme podr\u00e1n ver a los Reyes Magos y recibir sus regalos en la Iglesia Nuestra Se\u00f1ora de Argeme a las seis y media de la tarde, al igual que en Rinc\u00f3n del Obispo; donde Melchor, Gaspar y Baltasar recibir\u00e1n a los ni\u00f1os a las seis y media en la Iglesia Parroquial San Jos\u00e9 Obrero, donde tambi\u00e9n har\u00e1n entrega de regalos.<\/p>\n<\/div>\n<\/div>\n","protected":false},"excerpt":{"rendered":"<p>Tambi\u00e9n habr\u00e1 otra alternativa para los ni\u00f1os que no puedan acudir a la recepci\u00f3n real Las previsiones de lluvia hacen que se modifiquen los planes iniciales de la Cabalgata de Melchor, Gaspar y Baltasar por las calles de nuestra Ciudad. Ante esta situaci\u00f3n, el Ayuntamiento de Coria ha organizado la recepci\u00f3n real en el Pabell\u00f3n [&hellip;]<\/p>\n","protected":false},"author":2,"featured_media":1644,"comment_status":"closed","ping_status":"closed","sticky":false,"template":"","format":"standard","meta":{"_uag_custom_page_level_css":"","footnotes":""},"categories":[2],"tags":[218,3,4],"class_list":["post-1643","post","type-post","status-publish","format-standard","has-post-thumbnail","hentry","category-noticias","tag-cabalgata","tag-coria","tag-extremadura"],"yoast_head":"<!-- This site is optimized with the Yoast SEO plugin v27.4 - https:\/\/yoast.com\/product\/yoast-seo-wordpress\/ -->\n<title>Sus Majestades Los Reyes Magos de Oriente recibir\u00e1n a los ni\u00f1os de Coria en el Pabell\u00f3n Municipal de Deportes - Ayuntamiento de Coria<\/title>\n<meta name=\"robots\" content=\"index, follow, max-snippet:-1, max-image-preview:large, max-video-preview:-1\" \/>\n<link rel=\"canonical\" href=\"https:\/\/coria.org\/ayuntamiento\/index.php\/2022\/01\/04\/sus-majestades-los-reyes-magos-de-oriente-recibiran-a-los-ninos-de-coria-en-el-pabellon-municipal-de-deportes\/\" \/>\n<meta property=\"og:locale\" content=\"es_ES\" \/>\n<meta property=\"og:type\" content=\"article\" \/>\n<meta property=\"og:title\" content=\"Sus Majestades Los Reyes Magos de Oriente recibir\u00e1n a los ni\u00f1os de Coria en el Pabell\u00f3n Municipal de Deportes - Ayuntamiento de Coria\" \/>\n<meta property=\"og:description\" content=\"Tambi\u00e9n habr\u00e1 otra alternativa para los ni\u00f1os que no puedan acudir a la recepci\u00f3n real Las previsiones de lluvia hacen que se modifiquen los planes iniciales de la Cabalgata de Melchor, Gaspar y Baltasar por las calles de nuestra Ciudad. Ante esta situaci\u00f3n, el Ayuntamiento de Coria ha organizado la recepci\u00f3n real en el Pabell\u00f3n [&hellip;]\" \/>\n<meta property=\"og:url\" content=\"https:\/\/coria.org\/ayuntamiento\/index.php\/2022\/01\/04\/sus-majestades-los-reyes-magos-de-oriente-recibiran-a-los-ninos-de-coria-en-el-pabellon-municipal-de-deportes\/\" \/>\n<meta property=\"og:site_name\" content=\"Ayuntamiento de Coria\" \/>\n<meta property=\"article:publisher\" content=\"https:\/\/www.facebook.com\/Ayuntamiento.de.Coria\" \/>\n<meta property=\"article:published_time\" content=\"2022-01-04T13:54:14+00:00\" \/>\n<meta property=\"article:modified_time\" content=\"2023-09-18T10:16:33+00:00\" \/>\n<meta property=\"og:image\" content=\"https:\/\/coria.org\/ayuntamiento\/wp-content\/uploads\/2022\/01\/cabalgata-2021.png\" \/>\n\t<meta property=\"og:image:width\" content=\"1530\" \/>\n\t<meta property=\"og:image:height\" content=\"1904\" \/>\n\t<meta property=\"og:image:type\" content=\"image\/png\" \/>\n<meta name=\"author\" content=\"ayuntamiento\" \/>\n<meta name=\"twitter:card\" content=\"summary_large_image\" \/>\n<meta name=\"twitter:creator\" content=\"@Ayto_de_Coria\" \/>\n<meta name=\"twitter:site\" content=\"@Ayto_de_Coria\" \/>\n<meta name=\"twitter:label1\" content=\"Escrito por\" \/>\n\t<meta name=\"twitter:data1\" content=\"ayuntamiento\" \/>\n\t<meta name=\"twitter:label2\" content=\"Tiempo de lectura\" \/>\n\t<meta name=\"twitter:data2\" content=\"2 minutos\" \/>\n<script type=\"application\/ld+json\" class=\"yoast-schema-graph\">{\"@context\":\"https:\\\/\\\/schema.org\",\"@graph\":[{\"@type\":\"Article\",\"@id\":\"https:\\\/\\\/coria.org\\\/ayuntamiento\\\/index.php\\\/2022\\\/01\\\/04\\\/sus-majestades-los-reyes-magos-de-oriente-recibiran-a-los-ninos-de-coria-en-el-pabellon-municipal-de-deportes\\\/#article\",\"isPartOf\":{\"@id\":\"https:\\\/\\\/coria.org\\\/ayuntamiento\\\/index.php\\\/2022\\\/01\\\/04\\\/sus-majestades-los-reyes-magos-de-oriente-recibiran-a-los-ninos-de-coria-en-el-pabellon-municipal-de-deportes\\\/\"},\"author\":{\"name\":\"ayuntamiento\",\"@id\":\"https:\\\/\\\/coria.org\\\/ayuntamiento\\\/#\\\/schema\\\/person\\\/8bd589f0e13e8ae5aa06def7a599d622\"},\"headline\":\"Sus Majestades Los Reyes Magos de Oriente recibir\u00e1n a los ni\u00f1os de Coria en el Pabell\u00f3n Municipal de Deportes\",\"datePublished\":\"2022-01-04T13:54:14+00:00\",\"dateModified\":\"2023-09-18T10:16:33+00:00\",\"mainEntityOfPage\":{\"@id\":\"https:\\\/\\\/coria.org\\\/ayuntamiento\\\/index.php\\\/2022\\\/01\\\/04\\\/sus-majestades-los-reyes-magos-de-oriente-recibiran-a-los-ninos-de-coria-en-el-pabellon-municipal-de-deportes\\\/\"},\"wordCount\":367,\"publisher\":{\"@id\":\"https:\\\/\\\/coria.org\\\/ayuntamiento\\\/#organization\"},\"image\":{\"@id\":\"https:\\\/\\\/coria.org\\\/ayuntamiento\\\/index.php\\\/2022\\\/01\\\/04\\\/sus-majestades-los-reyes-magos-de-oriente-recibiran-a-los-ninos-de-coria-en-el-pabellon-municipal-de-deportes\\\/#primaryimage\"},\"thumbnailUrl\":\"https:\\\/\\\/coria.org\\\/ayuntamiento\\\/wp-content\\\/uploads\\\/2022\\\/01\\\/cabalgata-2021.png\",\"keywords\":[\"cabalgata\",\"coria\",\"extremadura\"],\"articleSection\":[\"Noticias\"],\"inLanguage\":\"es\"},{\"@type\":\"WebPage\",\"@id\":\"https:\\\/\\\/coria.org\\\/ayuntamiento\\\/index.php\\\/2022\\\/01\\\/04\\\/sus-majestades-los-reyes-magos-de-oriente-recibiran-a-los-ninos-de-coria-en-el-pabellon-municipal-de-deportes\\\/\",\"url\":\"https:\\\/\\\/coria.org\\\/ayuntamiento\\\/index.php\\\/2022\\\/01\\\/04\\\/sus-majestades-los-reyes-magos-de-oriente-recibiran-a-los-ninos-de-coria-en-el-pabellon-municipal-de-deportes\\\/\",\"name\":\"Sus Majestades Los Reyes Magos de Oriente recibir\u00e1n a los ni\u00f1os de Coria en el Pabell\u00f3n Municipal de Deportes - Ayuntamiento de Coria\",\"isPartOf\":{\"@id\":\"https:\\\/\\\/coria.org\\\/ayuntamiento\\\/#website\"},\"primaryImageOfPage\":{\"@id\":\"https:\\\/\\\/coria.org\\\/ayuntamiento\\\/index.php\\\/2022\\\/01\\\/04\\\/sus-majestades-los-reyes-magos-de-oriente-recibiran-a-los-ninos-de-coria-en-el-pabellon-municipal-de-deportes\\\/#primaryimage\"},\"image\":{\"@id\":\"https:\\\/\\\/coria.org\\\/ayuntamiento\\\/index.php\\\/2022\\\/01\\\/04\\\/sus-majestades-los-reyes-magos-de-oriente-recibiran-a-los-ninos-de-coria-en-el-pabellon-municipal-de-deportes\\\/#primaryimage\"},\"thumbnailUrl\":\"https:\\\/\\\/coria.org\\\/ayuntamiento\\\/wp-content\\\/uploads\\\/2022\\\/01\\\/cabalgata-2021.png\",\"datePublished\":\"2022-01-04T13:54:14+00:00\",\"dateModified\":\"2023-09-18T10:16:33+00:00\",\"breadcrumb\":{\"@id\":\"https:\\\/\\\/coria.org\\\/ayuntamiento\\\/index.php\\\/2022\\\/01\\\/04\\\/sus-majestades-los-reyes-magos-de-oriente-recibiran-a-los-ninos-de-coria-en-el-pabellon-municipal-de-deportes\\\/#breadcrumb\"},\"inLanguage\":\"es\",\"potentialAction\":[{\"@type\":\"ReadAction\",\"target\":[\"https:\\\/\\\/coria.org\\\/ayuntamiento\\\/index.php\\\/2022\\\/01\\\/04\\\/sus-majestades-los-reyes-magos-de-oriente-recibiran-a-los-ninos-de-coria-en-el-pabellon-municipal-de-deportes\\\/\"]}]},{\"@type\":\"ImageObject\",\"inLanguage\":\"es\",\"@id\":\"https:\\\/\\\/coria.org\\\/ayuntamiento\\\/index.php\\\/2022\\\/01\\\/04\\\/sus-majestades-los-reyes-magos-de-oriente-recibiran-a-los-ninos-de-coria-en-el-pabellon-municipal-de-deportes\\\/#primaryimage\",\"url\":\"https:\\\/\\\/coria.org\\\/ayuntamiento\\\/wp-content\\\/uploads\\\/2022\\\/01\\\/cabalgata-2021.png\",\"contentUrl\":\"https:\\\/\\\/coria.org\\\/ayuntamiento\\\/wp-content\\\/uploads\\\/2022\\\/01\\\/cabalgata-2021.png\",\"width\":1530,\"height\":1904},{\"@type\":\"BreadcrumbList\",\"@id\":\"https:\\\/\\\/coria.org\\\/ayuntamiento\\\/index.php\\\/2022\\\/01\\\/04\\\/sus-majestades-los-reyes-magos-de-oriente-recibiran-a-los-ninos-de-coria-en-el-pabellon-municipal-de-deportes\\\/#breadcrumb\",\"itemListElement\":[{\"@type\":\"ListItem\",\"position\":1,\"name\":\"Inicio\",\"item\":\"https:\\\/\\\/coria.org\\\/ayuntamiento\\\/\"},{\"@type\":\"ListItem\",\"position\":2,\"name\":\"Sus Majestades Los Reyes Magos de Oriente recibir\u00e1n a los ni\u00f1os de Coria en el Pabell\u00f3n Municipal de Deportes\"}]},{\"@type\":\"WebSite\",\"@id\":\"https:\\\/\\\/coria.org\\\/ayuntamiento\\\/#website\",\"url\":\"https:\\\/\\\/coria.org\\\/ayuntamiento\\\/\",\"name\":\"Ayuntamiento de Coria\",\"description\":\"Web oficial del Ayuntamiento de Coria\",\"publisher\":{\"@id\":\"https:\\\/\\\/coria.org\\\/ayuntamiento\\\/#organization\"},\"alternateName\":\"Web Oficial del Ayuntamiento de Coria\",\"potentialAction\":[{\"@type\":\"SearchAction\",\"target\":{\"@type\":\"EntryPoint\",\"urlTemplate\":\"https:\\\/\\\/coria.org\\\/ayuntamiento\\\/?s={search_term_string}\"},\"query-input\":{\"@type\":\"PropertyValueSpecification\",\"valueRequired\":true,\"valueName\":\"search_term_string\"}}],\"inLanguage\":\"es\"},{\"@type\":\"Organization\",\"@id\":\"https:\\\/\\\/coria.org\\\/ayuntamiento\\\/#organization\",\"name\":\"Ayuntamiento de Coria\",\"alternateName\":\"Ayto de Coria\",\"url\":\"https:\\\/\\\/coria.org\\\/ayuntamiento\\\/\",\"logo\":{\"@type\":\"ImageObject\",\"inLanguage\":\"es\",\"@id\":\"https:\\\/\\\/coria.org\\\/ayuntamiento\\\/#\\\/schema\\\/logo\\\/image\\\/\",\"url\":\"https:\\\/\\\/coria.org\\\/ayuntamiento\\\/wp-content\\\/uploads\\\/2020\\\/12\\\/escudo-ayuntamiento-coria.png\",\"contentUrl\":\"https:\\\/\\\/coria.org\\\/ayuntamiento\\\/wp-content\\\/uploads\\\/2020\\\/12\\\/escudo-ayuntamiento-coria.png\",\"width\":511,\"height\":240,\"caption\":\"Ayuntamiento de Coria\"},\"image\":{\"@id\":\"https:\\\/\\\/coria.org\\\/ayuntamiento\\\/#\\\/schema\\\/logo\\\/image\\\/\"},\"sameAs\":[\"https:\\\/\\\/www.facebook.com\\\/Ayuntamiento.de.Coria\",\"https:\\\/\\\/x.com\\\/Ayto_de_Coria\",\"https:\\\/\\\/www.instagram.com\\\/coria.ayuntamiento\\\/\",\"https:\\\/\\\/www.youtube.com\\\/user\\\/AYUNTAMIENTOCORIA\"]},{\"@type\":\"Person\",\"@id\":\"https:\\\/\\\/coria.org\\\/ayuntamiento\\\/#\\\/schema\\\/person\\\/8bd589f0e13e8ae5aa06def7a599d622\",\"name\":\"ayuntamiento\",\"image\":{\"@type\":\"ImageObject\",\"inLanguage\":\"es\",\"@id\":\"https:\\\/\\\/secure.gravatar.com\\\/avatar\\\/966e5ed73cad334adda5c87f49f2547f7082f7292c1b627cbb548744383b391c?s=96&d=mm&r=g\",\"url\":\"https:\\\/\\\/secure.gravatar.com\\\/avatar\\\/966e5ed73cad334adda5c87f49f2547f7082f7292c1b627cbb548744383b391c?s=96&d=mm&r=g\",\"contentUrl\":\"https:\\\/\\\/secure.gravatar.com\\\/avatar\\\/966e5ed73cad334adda5c87f49f2547f7082f7292c1b627cbb548744383b391c?s=96&d=mm&r=g\",\"caption\":\"ayuntamiento\"}}]}<\/script>\n<!-- \/ Yoast SEO plugin. -->","yoast_head_json":{"title":"Sus Majestades Los Reyes Magos de Oriente recibir\u00e1n a los ni\u00f1os de Coria en el Pabell\u00f3n Municipal de Deportes - Ayuntamiento de Coria","robots":{"index":"index","follow":"follow","max-snippet":"max-snippet:-1","max-image-preview":"max-image-preview:large","max-video-preview":"max-video-preview:-1"},"canonical":"https:\/\/coria.org\/ayuntamiento\/index.php\/2022\/01\/04\/sus-majestades-los-reyes-magos-de-oriente-recibiran-a-los-ninos-de-coria-en-el-pabellon-municipal-de-deportes\/","og_locale":"es_ES","og_type":"article","og_title":"Sus Majestades Los Reyes Magos de Oriente recibir\u00e1n a los ni\u00f1os de Coria en el Pabell\u00f3n Municipal de Deportes - Ayuntamiento de Coria","og_description":"Tambi\u00e9n habr\u00e1 otra alternativa para los ni\u00f1os que no puedan acudir a la recepci\u00f3n real Las previsiones de lluvia hacen que se modifiquen los planes iniciales de la Cabalgata de Melchor, Gaspar y Baltasar por las calles de nuestra Ciudad. Ante esta situaci\u00f3n, el Ayuntamiento de Coria ha organizado la recepci\u00f3n real en el Pabell\u00f3n [&hellip;]","og_url":"https:\/\/coria.org\/ayuntamiento\/index.php\/2022\/01\/04\/sus-majestades-los-reyes-magos-de-oriente-recibiran-a-los-ninos-de-coria-en-el-pabellon-municipal-de-deportes\/","og_site_name":"Ayuntamiento de Coria","article_publisher":"https:\/\/www.facebook.com\/Ayuntamiento.de.Coria","article_published_time":"2022-01-04T13:54:14+00:00","article_modified_time":"2023-09-18T10:16:33+00:00","og_image":[{"width":1530,"height":1904,"url":"https:\/\/coria.org\/ayuntamiento\/wp-content\/uploads\/2022\/01\/cabalgata-2021.png","type":"image\/png"}],"author":"ayuntamiento","twitter_card":"summary_large_image","twitter_creator":"@Ayto_de_Coria","twitter_site":"@Ayto_de_Coria","twitter_misc":{"Escrito por":"ayuntamiento","Tiempo de lectura":"2 minutos"},"schema":{"@context":"https:\/\/schema.org","@graph":[{"@type":"Article","@id":"https:\/\/coria.org\/ayuntamiento\/index.php\/2022\/01\/04\/sus-majestades-los-reyes-magos-de-oriente-recibiran-a-los-ninos-de-coria-en-el-pabellon-municipal-de-deportes\/#article","isPartOf":{"@id":"https:\/\/coria.org\/ayuntamiento\/index.php\/2022\/01\/04\/sus-majestades-los-reyes-magos-de-oriente-recibiran-a-los-ninos-de-coria-en-el-pabellon-municipal-de-deportes\/"},"author":{"name":"ayuntamiento","@id":"https:\/\/coria.org\/ayuntamiento\/#\/schema\/person\/8bd589f0e13e8ae5aa06def7a599d622"},"headline":"Sus Majestades Los Reyes Magos de Oriente recibir\u00e1n a los ni\u00f1os de Coria en el Pabell\u00f3n Municipal de Deportes","datePublished":"2022-01-04T13:54:14+00:00","dateModified":"2023-09-18T10:16:33+00:00","mainEntityOfPage":{"@id":"https:\/\/coria.org\/ayuntamiento\/index.php\/2022\/01\/04\/sus-majestades-los-reyes-magos-de-oriente-recibiran-a-los-ninos-de-coria-en-el-pabellon-municipal-de-deportes\/"},"wordCount":367,"publisher":{"@id":"https:\/\/coria.org\/ayuntamiento\/#organization"},"image":{"@id":"https:\/\/coria.org\/ayuntamiento\/index.php\/2022\/01\/04\/sus-majestades-los-reyes-magos-de-oriente-recibiran-a-los-ninos-de-coria-en-el-pabellon-municipal-de-deportes\/#primaryimage"},"thumbnailUrl":"https:\/\/coria.org\/ayuntamiento\/wp-content\/uploads\/2022\/01\/cabalgata-2021.png","keywords":["cabalgata","coria","extremadura"],"articleSection":["Noticias"],"inLanguage":"es"},{"@type":"WebPage","@id":"https:\/\/coria.org\/ayuntamiento\/index.php\/2022\/01\/04\/sus-majestades-los-reyes-magos-de-oriente-recibiran-a-los-ninos-de-coria-en-el-pabellon-municipal-de-deportes\/","url":"https:\/\/coria.org\/ayuntamiento\/index.php\/2022\/01\/04\/sus-majestades-los-reyes-magos-de-oriente-recibiran-a-los-ninos-de-coria-en-el-pabellon-municipal-de-deportes\/","name":"Sus Majestades Los Reyes Magos de Oriente recibir\u00e1n a los ni\u00f1os de Coria en el Pabell\u00f3n Municipal de Deportes - Ayuntamiento de Coria","isPartOf":{"@id":"https:\/\/coria.org\/ayuntamiento\/#website"},"primaryImageOfPage":{"@id":"https:\/\/coria.org\/ayuntamiento\/index.php\/2022\/01\/04\/sus-majestades-los-reyes-magos-de-oriente-recibiran-a-los-ninos-de-coria-en-el-pabellon-municipal-de-deportes\/#primaryimage"},"image":{"@id":"https:\/\/coria.org\/ayuntamiento\/index.php\/2022\/01\/04\/sus-majestades-los-reyes-magos-de-oriente-recibiran-a-los-ninos-de-coria-en-el-pabellon-municipal-de-deportes\/#primaryimage"},"thumbnailUrl":"https:\/\/coria.org\/ayuntamiento\/wp-content\/uploads\/2022\/01\/cabalgata-2021.png","datePublished":"2022-01-04T13:54:14+00:00","dateModified":"2023-09-18T10:16:33+00:00","breadcrumb":{"@id":"https:\/\/coria.org\/ayuntamiento\/index.php\/2022\/01\/04\/sus-majestades-los-reyes-magos-de-oriente-recibiran-a-los-ninos-de-coria-en-el-pabellon-municipal-de-deportes\/#breadcrumb"},"inLanguage":"es","potentialAction":[{"@type":"ReadAction","target":["https:\/\/coria.org\/ayuntamiento\/index.php\/2022\/01\/04\/sus-majestades-los-reyes-magos-de-oriente-recibiran-a-los-ninos-de-coria-en-el-pabellon-municipal-de-deportes\/"]}]},{"@type":"ImageObject","inLanguage":"es","@id":"https:\/\/coria.org\/ayuntamiento\/index.php\/2022\/01\/04\/sus-majestades-los-reyes-magos-de-oriente-recibiran-a-los-ninos-de-coria-en-el-pabellon-municipal-de-deportes\/#primaryimage","url":"https:\/\/coria.org\/ayuntamiento\/wp-content\/uploads\/2022\/01\/cabalgata-2021.png","contentUrl":"https:\/\/coria.org\/ayuntamiento\/wp-content\/uploads\/2022\/01\/cabalgata-2021.png","width":1530,"height":1904},{"@type":"BreadcrumbList","@id":"https:\/\/coria.org\/ayuntamiento\/index.php\/2022\/01\/04\/sus-majestades-los-reyes-magos-de-oriente-recibiran-a-los-ninos-de-coria-en-el-pabellon-municipal-de-deportes\/#breadcrumb","itemListElement":[{"@type":"ListItem","position":1,"name":"Inicio","item":"https:\/\/coria.org\/ayuntamiento\/"},{"@type":"ListItem","position":2,"name":"Sus Majestades Los Reyes Magos de Oriente recibir\u00e1n a los ni\u00f1os de Coria en el Pabell\u00f3n Municipal de Deportes"}]},{"@type":"WebSite","@id":"https:\/\/coria.org\/ayuntamiento\/#website","url":"https:\/\/coria.org\/ayuntamiento\/","name":"Ayuntamiento de Coria","description":"Web oficial del Ayuntamiento de Coria","publisher":{"@id":"https:\/\/coria.org\/ayuntamiento\/#organization"},"alternateName":"Web Oficial del Ayuntamiento de Coria","potentialAction":[{"@type":"SearchAction","target":{"@type":"EntryPoint","urlTemplate":"https:\/\/coria.org\/ayuntamiento\/?s={search_term_string}"},"query-input":{"@type":"PropertyValueSpecification","valueRequired":true,"valueName":"search_term_string"}}],"inLanguage":"es"},{"@type":"Organization","@id":"https:\/\/coria.org\/ayuntamiento\/#organization","name":"Ayuntamiento de Coria","alternateName":"Ayto de Coria","url":"https:\/\/coria.org\/ayuntamiento\/","logo":{"@type":"ImageObject","inLanguage":"es","@id":"https:\/\/coria.org\/ayuntamiento\/#\/schema\/logo\/image\/","url":"https:\/\/coria.org\/ayuntamiento\/wp-content\/uploads\/2020\/12\/escudo-ayuntamiento-coria.png","contentUrl":"https:\/\/coria.org\/ayuntamiento\/wp-content\/uploads\/2020\/12\/escudo-ayuntamiento-coria.png","width":511,"height":240,"caption":"Ayuntamiento de Coria"},"image":{"@id":"https:\/\/coria.org\/ayuntamiento\/#\/schema\/logo\/image\/"},"sameAs":["https:\/\/www.facebook.com\/Ayuntamiento.de.Coria","https:\/\/x.com\/Ayto_de_Coria","https:\/\/www.instagram.com\/coria.ayuntamiento\/","https:\/\/www.youtube.com\/user\/AYUNTAMIENTOCORIA"]},{"@type":"Person","@id":"https:\/\/coria.org\/ayuntamiento\/#\/schema\/person\/8bd589f0e13e8ae5aa06def7a599d622","name":"ayuntamiento","image":{"@type":"ImageObject","inLanguage":"es","@id":"https:\/\/secure.gravatar.com\/avatar\/966e5ed73cad334adda5c87f49f2547f7082f7292c1b627cbb548744383b391c?s=96&d=mm&r=g","url":"https:\/\/secure.gravatar.com\/avatar\/966e5ed73cad334adda5c87f49f2547f7082f7292c1b627cbb548744383b391c?s=96&d=mm&r=g","contentUrl":"https:\/\/secure.gravatar.com\/avatar\/966e5ed73cad334adda5c87f49f2547f7082f7292c1b627cbb548744383b391c?s=96&d=mm&r=g","caption":"ayuntamiento"}}]}},"uagb_featured_image_src":{"full":["https:\/\/coria.org\/ayuntamiento\/wp-content\/uploads\/2022\/01\/cabalgata-2021.png",1530,1904,false],"thumbnail":["https:\/\/coria.org\/ayuntamiento\/wp-content\/uploads\/2022\/01\/cabalgata-2021-150x150.png",150,150,true],"medium":["https:\/\/coria.org\/ayuntamiento\/wp-content\/uploads\/2022\/01\/cabalgata-2021-241x300.png",241,300,true],"medium_large":["https:\/\/coria.org\/ayuntamiento\/wp-content\/uploads\/2022\/01\/cabalgata-2021-768x956.png",768,956,true],"large":["https:\/\/coria.org\/ayuntamiento\/wp-content\/uploads\/2022\/01\/cabalgata-2021-823x1024.png",823,1024,true],"thumblist":["https:\/\/coria.org\/ayuntamiento\/wp-content\/uploads\/2022\/01\/cabalgata-2021.png",241,300,false],"thumbrelated":["https:\/\/coria.org\/ayuntamiento\/wp-content\/uploads\/2022\/01\/cabalgata-2021.png",402,500,false],"meccarouselthumb":["https:\/\/coria.org\/ayuntamiento\/wp-content\/uploads\/2022\/01\/cabalgata-2021.png",260,324,false],"gridsquare":["https:\/\/coria.org\/ayuntamiento\/wp-content\/uploads\/2022\/01\/cabalgata-2021.png",209,260,false],"tileview":["https:\/\/coria.org\/ayuntamiento\/wp-content\/uploads\/2022\/01\/cabalgata-2021.png",300,373,false],"1536x1536":["https:\/\/coria.org\/ayuntamiento\/wp-content\/uploads\/2022\/01\/cabalgata-2021-1234x1536.png",1234,1536,true],"2048x2048":["https:\/\/coria.org\/ayuntamiento\/wp-content\/uploads\/2022\/01\/cabalgata-2021.png",1530,1904,false]},"uagb_author_info":{"display_name":"ayuntamiento","author_link":"https:\/\/coria.org\/ayuntamiento\/index.php\/author\/ayuntamiento\/"},"uagb_comment_info":0,"uagb_excerpt":"Tambi\u00e9n habr\u00e1 otra alternativa para los ni\u00f1os que no puedan acudir a la recepci\u00f3n real Las previsiones de lluvia hacen que se modifiquen los planes iniciales de la Cabalgata de Melchor, Gaspar y Baltasar por las calles de nuestra Ciudad. Ante esta situaci\u00f3n, el Ayuntamiento de Coria ha organizado la recepci\u00f3n real en el Pabell\u00f3n&hellip;","_links":{"self":[{"href":"https:\/\/coria.org\/ayuntamiento\/index.php\/wp-json\/wp\/v2\/posts\/1643","targetHints":{"allow":["GET"]}}],"collection":[{"href":"https:\/\/coria.org\/ayuntamiento\/index.php\/wp-json\/wp\/v2\/posts"}],"about":[{"href":"https:\/\/coria.org\/ayuntamiento\/index.php\/wp-json\/wp\/v2\/types\/post"}],"author":[{"embeddable":true,"href":"https:\/\/coria.org\/ayuntamiento\/index.php\/wp-json\/wp\/v2\/users\/2"}],"replies":[{"embeddable":true,"href":"https:\/\/coria.org\/ayuntamiento\/index.php\/wp-json\/wp\/v2\/comments?post=1643"}],"version-history":[{"count":0,"href":"https:\/\/coria.org\/ayuntamiento\/index.php\/wp-json\/wp\/v2\/posts\/1643\/revisions"}],"wp:featuredmedia":[{"embeddable":true,"href":"https:\/\/coria.org\/ayuntamiento\/index.php\/wp-json\/wp\/v2\/media\/1644"}],"wp:attachment":[{"href":"https:\/\/coria.org\/ayuntamiento\/index.php\/wp-json\/wp\/v2\/media?parent=1643"}],"wp:term":[{"taxonomy":"category","embeddable":true,"href":"https:\/\/coria.org\/ayuntamiento\/index.php\/wp-json\/wp\/v2\/categories?post=1643"},{"taxonomy":"post_tag","embeddable":true,"href":"https:\/\/coria.org\/ayuntamiento\/index.php\/wp-json\/wp\/v2\/tags?post=1643"}],"curies":[{"name":"wp","href":"https:\/\/api.w.org\/{rel}","templated":true}]}}