{"id":1637,"date":"2022-01-04T14:49:39","date_gmt":"2022-01-04T13:49:39","guid":{"rendered":"https:\/\/beta.coriaenimagenes.com\/?p=1637"},"modified":"2023-09-18T12:16:33","modified_gmt":"2023-09-18T10:16:33","slug":"la-ciudad-de-coria-volvio-a-acoger-su-tradicional-san-silvestre-navidena","status":"publish","type":"post","link":"https:\/\/coria.org\/ayuntamiento\/index.php\/2022\/01\/04\/la-ciudad-de-coria-volvio-a-acoger-su-tradicional-san-silvestre-navidena\/","title":{"rendered":"La Ciudad de Coria volvi\u00f3 a acoger su tradicional San Silvestre Navide\u00f1a"},"content":{"rendered":"\n<p>Despu\u00e9s del par\u00f3n de la edici\u00f3n anterior, y a pesar de la evoluci\u00f3n desfavorable de la pandemia, provocando la suspensi\u00f3n de una gran parte de pruebas a nivel regional, Coria volvi\u00f3 a acoger su tradicional SAN SILVESTRE NAVIDE\u00d1A, que en su edici\u00f3n XXIV reuni\u00f3 a 220 corredores con edades comprendidas entre los 2 y 65 a\u00f1os, procedentes de las localidades: BARCELONA, BERLIN, BILBAO, CALAHORRA, CASTELO BRANCO, CORIA, REINO UNIDO, IBIZA, MADRID, MONTEHERMOSO, PLASENCIA, TARRAGONA, TORRE DE DON MIGUEL y TORREJONCILLO.<\/p>\n\n\n<figure class=\"wp-block-post-featured-image\"><img loading=\"lazy\" decoding=\"async\" width=\"800\" height=\"450\" src=\"https:\/\/coria.org\/ayuntamiento\/wp-content\/uploads\/2022\/01\/Photo45.jpg\" class=\"attachment-post-thumbnail size-post-thumbnail wp-post-image\" alt=\"\" style=\"object-fit:cover;\" srcset=\"https:\/\/coria.org\/ayuntamiento\/wp-content\/uploads\/2022\/01\/Photo45.jpg 800w, https:\/\/coria.org\/ayuntamiento\/wp-content\/uploads\/2022\/01\/Photo45-300x169.jpg 300w, https:\/\/coria.org\/ayuntamiento\/wp-content\/uploads\/2022\/01\/Photo45-768x432.jpg 768w\" sizes=\"auto, (max-width: 800px) 100vw, 800px\" \/><\/figure>\n\n\n<p>Con un d\u00eda poco com\u00fan en esta \u00e9poca del a\u00f1o, con temperaturas propias de la primavera, a las 17:00 horas se daba comienzo la prueba en las carreras de los m\u00e1s peque\u00f1os aficionados al atletismo, en las categor\u00edas chupetes, pre-benjamin y benjam\u00edn, los cuales disfrutaron, junto con sus familiares, con todo el entusiasmo e ilusi\u00f3n en recorrer los pocos metros de distancia a lo largo del recorrido establecido, siendo el deleite y la admiraci\u00f3n de todo el p\u00fablico presente.<\/p>\n\n\n\n<p>A las 17:30 horas, llegaba el turno de la prueba reina, los 1.609 metros de la milla urbana, donde un centenar de corredores daban la salida con ganas de terminar el a\u00f1o de la mejor forma posible, haciendo deporte, y con la ilusi\u00f3n de poder disfrutar de esta pr\u00e1ctica deportiva que ha sido una de las mejores herramientas para sobrellevar con salud esta pesadilla de pandemia. Ni\u00f1os y veteranos, algunos de ellos disfrazados, hac\u00edan el recorrido de la milla, donde el atleta de la vecina localidad de Torrejoncillo DANIEL L\u00d3PEZ VERGEL, con un tiempo de 4 minutos 55 segundos, se proclamaba ganador absoluto de la prueba, sacando bastante ventaja al segundo FERNANDO DUARTE DE MATOS, prestigioso corredor que fue ganador de la primera media marat\u00f3n \u00abCiudad de Coria\u00bb (a\u00f1o 2008) procedente de la localidad de Castelo Branco, y seguido de Mario de la Vega San Miguel, de Plasencia.<\/p>\n\n\n\n<p>En la general femenina, CELIA MORENO SANTIBA\u00d1EZ del Club Andiajoa de Torrejoncillo se proclamaba campeona con un tiempo de 6 minutos 19 segundos, seguida de AURORA VAQUERO CALVO del Club Triatl\u00f3n Coria, y tercera IRENE S\u00c1NCHEZ del Club Atletismo Coria.<\/p>\n\n\n\n<p>Como entidad con mayor n\u00famero de participantes entrados en meta correspondi\u00f3 al colegio p\u00fablico CAMILO HERN\u00c1NDEZ.<\/p>\n\n\n\n<p>Agradecer como siempre, la colaboraci\u00f3n de las entidades Polic\u00eda Local, Protecci\u00f3n Civil, Cruz Roja, al voluntariado deportivo y a las diversas casas colaboradoras que hicieron posible el sorteo de regalos tras la entrega de premios.<\/p>\n","protected":false},"excerpt":{"rendered":"<p>Despu\u00e9s del par\u00f3n de la edici\u00f3n anterior, y a pesar de la evoluci\u00f3n desfavorable de la pandemia, provocando la suspensi\u00f3n de una gran parte de pruebas a nivel regional, Coria volvi\u00f3 a acoger su tradicional SAN SILVESTRE NAVIDE\u00d1A, que en su edici\u00f3n XXIV reuni\u00f3 a 220 corredores con edades comprendidas entre los 2 y 65 [&hellip;]<\/p>\n","protected":false},"author":2,"featured_media":1638,"comment_status":"closed","ping_status":"closed","sticky":false,"template":"","format":"standard","meta":{"_uag_custom_page_level_css":"","footnotes":""},"categories":[2],"tags":[3,4,1132],"class_list":["post-1637","post","type-post","status-publish","format-standard","has-post-thumbnail","hentry","category-noticias","tag-coria","tag-extremadura","tag-san-silvestre"],"yoast_head":"<!-- This site is optimized with the Yoast SEO plugin v27.4 - https:\/\/yoast.com\/product\/yoast-seo-wordpress\/ -->\n<title>La Ciudad de Coria volvi\u00f3 a acoger su tradicional San Silvestre Navide\u00f1a - Ayuntamiento de Coria<\/title>\n<meta name=\"robots\" content=\"index, follow, max-snippet:-1, max-image-preview:large, max-video-preview:-1\" \/>\n<link rel=\"canonical\" href=\"https:\/\/coria.org\/ayuntamiento\/index.php\/2022\/01\/04\/la-ciudad-de-coria-volvio-a-acoger-su-tradicional-san-silvestre-navidena\/\" \/>\n<meta property=\"og:locale\" content=\"es_ES\" \/>\n<meta property=\"og:type\" content=\"article\" \/>\n<meta property=\"og:title\" content=\"La Ciudad de Coria volvi\u00f3 a acoger su tradicional San Silvestre Navide\u00f1a - Ayuntamiento de Coria\" \/>\n<meta property=\"og:description\" content=\"Despu\u00e9s del par\u00f3n de la edici\u00f3n anterior, y a pesar de la evoluci\u00f3n desfavorable de la pandemia, provocando la suspensi\u00f3n de una gran parte de pruebas a nivel regional, Coria volvi\u00f3 a acoger su tradicional SAN SILVESTRE NAVIDE\u00d1A, que en su edici\u00f3n XXIV reuni\u00f3 a 220 corredores con edades comprendidas entre los 2 y 65 [&hellip;]\" \/>\n<meta property=\"og:url\" content=\"https:\/\/coria.org\/ayuntamiento\/index.php\/2022\/01\/04\/la-ciudad-de-coria-volvio-a-acoger-su-tradicional-san-silvestre-navidena\/\" \/>\n<meta property=\"og:site_name\" content=\"Ayuntamiento de Coria\" \/>\n<meta property=\"article:publisher\" content=\"https:\/\/www.facebook.com\/Ayuntamiento.de.Coria\" \/>\n<meta property=\"article:published_time\" content=\"2022-01-04T13:49:39+00:00\" \/>\n<meta property=\"article:modified_time\" content=\"2023-09-18T10:16:33+00:00\" \/>\n<meta property=\"og:image\" content=\"https:\/\/coria.org\/ayuntamiento\/wp-content\/uploads\/2022\/01\/Photo45.jpg\" \/>\n\t<meta property=\"og:image:width\" content=\"800\" \/>\n\t<meta property=\"og:image:height\" content=\"450\" \/>\n\t<meta property=\"og:image:type\" content=\"image\/jpeg\" \/>\n<meta name=\"author\" content=\"ayuntamiento\" \/>\n<meta name=\"twitter:card\" content=\"summary_large_image\" \/>\n<meta name=\"twitter:creator\" content=\"@Ayto_de_Coria\" \/>\n<meta name=\"twitter:site\" content=\"@Ayto_de_Coria\" \/>\n<meta name=\"twitter:label1\" content=\"Escrito por\" \/>\n\t<meta name=\"twitter:data1\" content=\"ayuntamiento\" \/>\n\t<meta name=\"twitter:label2\" content=\"Tiempo de lectura\" \/>\n\t<meta name=\"twitter:data2\" content=\"2 minutos\" \/>\n<script type=\"application\/ld+json\" class=\"yoast-schema-graph\">{\"@context\":\"https:\\\/\\\/schema.org\",\"@graph\":[{\"@type\":\"Article\",\"@id\":\"https:\\\/\\\/coria.org\\\/ayuntamiento\\\/index.php\\\/2022\\\/01\\\/04\\\/la-ciudad-de-coria-volvio-a-acoger-su-tradicional-san-silvestre-navidena\\\/#article\",\"isPartOf\":{\"@id\":\"https:\\\/\\\/coria.org\\\/ayuntamiento\\\/index.php\\\/2022\\\/01\\\/04\\\/la-ciudad-de-coria-volvio-a-acoger-su-tradicional-san-silvestre-navidena\\\/\"},\"author\":{\"name\":\"ayuntamiento\",\"@id\":\"https:\\\/\\\/coria.org\\\/ayuntamiento\\\/#\\\/schema\\\/person\\\/8bd589f0e13e8ae5aa06def7a599d622\"},\"headline\":\"La Ciudad de Coria volvi\u00f3 a acoger su tradicional San Silvestre Navide\u00f1a\",\"datePublished\":\"2022-01-04T13:49:39+00:00\",\"dateModified\":\"2023-09-18T10:16:33+00:00\",\"mainEntityOfPage\":{\"@id\":\"https:\\\/\\\/coria.org\\\/ayuntamiento\\\/index.php\\\/2022\\\/01\\\/04\\\/la-ciudad-de-coria-volvio-a-acoger-su-tradicional-san-silvestre-navidena\\\/\"},\"wordCount\":435,\"publisher\":{\"@id\":\"https:\\\/\\\/coria.org\\\/ayuntamiento\\\/#organization\"},\"image\":{\"@id\":\"https:\\\/\\\/coria.org\\\/ayuntamiento\\\/index.php\\\/2022\\\/01\\\/04\\\/la-ciudad-de-coria-volvio-a-acoger-su-tradicional-san-silvestre-navidena\\\/#primaryimage\"},\"thumbnailUrl\":\"https:\\\/\\\/coria.org\\\/ayuntamiento\\\/wp-content\\\/uploads\\\/2022\\\/01\\\/Photo45.jpg\",\"keywords\":[\"coria\",\"extremadura\",\"san silvestre\"],\"articleSection\":[\"Noticias\"],\"inLanguage\":\"es\"},{\"@type\":\"WebPage\",\"@id\":\"https:\\\/\\\/coria.org\\\/ayuntamiento\\\/index.php\\\/2022\\\/01\\\/04\\\/la-ciudad-de-coria-volvio-a-acoger-su-tradicional-san-silvestre-navidena\\\/\",\"url\":\"https:\\\/\\\/coria.org\\\/ayuntamiento\\\/index.php\\\/2022\\\/01\\\/04\\\/la-ciudad-de-coria-volvio-a-acoger-su-tradicional-san-silvestre-navidena\\\/\",\"name\":\"La Ciudad de Coria volvi\u00f3 a acoger su tradicional San Silvestre Navide\u00f1a - Ayuntamiento de Coria\",\"isPartOf\":{\"@id\":\"https:\\\/\\\/coria.org\\\/ayuntamiento\\\/#website\"},\"primaryImageOfPage\":{\"@id\":\"https:\\\/\\\/coria.org\\\/ayuntamiento\\\/index.php\\\/2022\\\/01\\\/04\\\/la-ciudad-de-coria-volvio-a-acoger-su-tradicional-san-silvestre-navidena\\\/#primaryimage\"},\"image\":{\"@id\":\"https:\\\/\\\/coria.org\\\/ayuntamiento\\\/index.php\\\/2022\\\/01\\\/04\\\/la-ciudad-de-coria-volvio-a-acoger-su-tradicional-san-silvestre-navidena\\\/#primaryimage\"},\"thumbnailUrl\":\"https:\\\/\\\/coria.org\\\/ayuntamiento\\\/wp-content\\\/uploads\\\/2022\\\/01\\\/Photo45.jpg\",\"datePublished\":\"2022-01-04T13:49:39+00:00\",\"dateModified\":\"2023-09-18T10:16:33+00:00\",\"breadcrumb\":{\"@id\":\"https:\\\/\\\/coria.org\\\/ayuntamiento\\\/index.php\\\/2022\\\/01\\\/04\\\/la-ciudad-de-coria-volvio-a-acoger-su-tradicional-san-silvestre-navidena\\\/#breadcrumb\"},\"inLanguage\":\"es\",\"potentialAction\":[{\"@type\":\"ReadAction\",\"target\":[\"https:\\\/\\\/coria.org\\\/ayuntamiento\\\/index.php\\\/2022\\\/01\\\/04\\\/la-ciudad-de-coria-volvio-a-acoger-su-tradicional-san-silvestre-navidena\\\/\"]}]},{\"@type\":\"ImageObject\",\"inLanguage\":\"es\",\"@id\":\"https:\\\/\\\/coria.org\\\/ayuntamiento\\\/index.php\\\/2022\\\/01\\\/04\\\/la-ciudad-de-coria-volvio-a-acoger-su-tradicional-san-silvestre-navidena\\\/#primaryimage\",\"url\":\"https:\\\/\\\/coria.org\\\/ayuntamiento\\\/wp-content\\\/uploads\\\/2022\\\/01\\\/Photo45.jpg\",\"contentUrl\":\"https:\\\/\\\/coria.org\\\/ayuntamiento\\\/wp-content\\\/uploads\\\/2022\\\/01\\\/Photo45.jpg\",\"width\":800,\"height\":450},{\"@type\":\"BreadcrumbList\",\"@id\":\"https:\\\/\\\/coria.org\\\/ayuntamiento\\\/index.php\\\/2022\\\/01\\\/04\\\/la-ciudad-de-coria-volvio-a-acoger-su-tradicional-san-silvestre-navidena\\\/#breadcrumb\",\"itemListElement\":[{\"@type\":\"ListItem\",\"position\":1,\"name\":\"Inicio\",\"item\":\"https:\\\/\\\/coria.org\\\/ayuntamiento\\\/\"},{\"@type\":\"ListItem\",\"position\":2,\"name\":\"La Ciudad de Coria volvi\u00f3 a acoger su tradicional San Silvestre Navide\u00f1a\"}]},{\"@type\":\"WebSite\",\"@id\":\"https:\\\/\\\/coria.org\\\/ayuntamiento\\\/#website\",\"url\":\"https:\\\/\\\/coria.org\\\/ayuntamiento\\\/\",\"name\":\"Ayuntamiento de Coria\",\"description\":\"Web oficial del Ayuntamiento de Coria\",\"publisher\":{\"@id\":\"https:\\\/\\\/coria.org\\\/ayuntamiento\\\/#organization\"},\"alternateName\":\"Web Oficial del Ayuntamiento de Coria\",\"potentialAction\":[{\"@type\":\"SearchAction\",\"target\":{\"@type\":\"EntryPoint\",\"urlTemplate\":\"https:\\\/\\\/coria.org\\\/ayuntamiento\\\/?s={search_term_string}\"},\"query-input\":{\"@type\":\"PropertyValueSpecification\",\"valueRequired\":true,\"valueName\":\"search_term_string\"}}],\"inLanguage\":\"es\"},{\"@type\":\"Organization\",\"@id\":\"https:\\\/\\\/coria.org\\\/ayuntamiento\\\/#organization\",\"name\":\"Ayuntamiento de Coria\",\"alternateName\":\"Ayto de Coria\",\"url\":\"https:\\\/\\\/coria.org\\\/ayuntamiento\\\/\",\"logo\":{\"@type\":\"ImageObject\",\"inLanguage\":\"es\",\"@id\":\"https:\\\/\\\/coria.org\\\/ayuntamiento\\\/#\\\/schema\\\/logo\\\/image\\\/\",\"url\":\"https:\\\/\\\/coria.org\\\/ayuntamiento\\\/wp-content\\\/uploads\\\/2020\\\/12\\\/escudo-ayuntamiento-coria.png\",\"contentUrl\":\"https:\\\/\\\/coria.org\\\/ayuntamiento\\\/wp-content\\\/uploads\\\/2020\\\/12\\\/escudo-ayuntamiento-coria.png\",\"width\":511,\"height\":240,\"caption\":\"Ayuntamiento de Coria\"},\"image\":{\"@id\":\"https:\\\/\\\/coria.org\\\/ayuntamiento\\\/#\\\/schema\\\/logo\\\/image\\\/\"},\"sameAs\":[\"https:\\\/\\\/www.facebook.com\\\/Ayuntamiento.de.Coria\",\"https:\\\/\\\/x.com\\\/Ayto_de_Coria\",\"https:\\\/\\\/www.instagram.com\\\/coria.ayuntamiento\\\/\",\"https:\\\/\\\/www.youtube.com\\\/user\\\/AYUNTAMIENTOCORIA\"]},{\"@type\":\"Person\",\"@id\":\"https:\\\/\\\/coria.org\\\/ayuntamiento\\\/#\\\/schema\\\/person\\\/8bd589f0e13e8ae5aa06def7a599d622\",\"name\":\"ayuntamiento\",\"image\":{\"@type\":\"ImageObject\",\"inLanguage\":\"es\",\"@id\":\"https:\\\/\\\/secure.gravatar.com\\\/avatar\\\/966e5ed73cad334adda5c87f49f2547f7082f7292c1b627cbb548744383b391c?s=96&d=mm&r=g\",\"url\":\"https:\\\/\\\/secure.gravatar.com\\\/avatar\\\/966e5ed73cad334adda5c87f49f2547f7082f7292c1b627cbb548744383b391c?s=96&d=mm&r=g\",\"contentUrl\":\"https:\\\/\\\/secure.gravatar.com\\\/avatar\\\/966e5ed73cad334adda5c87f49f2547f7082f7292c1b627cbb548744383b391c?s=96&d=mm&r=g\",\"caption\":\"ayuntamiento\"}}]}<\/script>\n<!-- \/ Yoast SEO plugin. -->","yoast_head_json":{"title":"La Ciudad de Coria volvi\u00f3 a acoger su tradicional San Silvestre Navide\u00f1a - Ayuntamiento de Coria","robots":{"index":"index","follow":"follow","max-snippet":"max-snippet:-1","max-image-preview":"max-image-preview:large","max-video-preview":"max-video-preview:-1"},"canonical":"https:\/\/coria.org\/ayuntamiento\/index.php\/2022\/01\/04\/la-ciudad-de-coria-volvio-a-acoger-su-tradicional-san-silvestre-navidena\/","og_locale":"es_ES","og_type":"article","og_title":"La Ciudad de Coria volvi\u00f3 a acoger su tradicional San Silvestre Navide\u00f1a - Ayuntamiento de Coria","og_description":"Despu\u00e9s del par\u00f3n de la edici\u00f3n anterior, y a pesar de la evoluci\u00f3n desfavorable de la pandemia, provocando la suspensi\u00f3n de una gran parte de pruebas a nivel regional, Coria volvi\u00f3 a acoger su tradicional SAN SILVESTRE NAVIDE\u00d1A, que en su edici\u00f3n XXIV reuni\u00f3 a 220 corredores con edades comprendidas entre los 2 y 65 [&hellip;]","og_url":"https:\/\/coria.org\/ayuntamiento\/index.php\/2022\/01\/04\/la-ciudad-de-coria-volvio-a-acoger-su-tradicional-san-silvestre-navidena\/","og_site_name":"Ayuntamiento de Coria","article_publisher":"https:\/\/www.facebook.com\/Ayuntamiento.de.Coria","article_published_time":"2022-01-04T13:49:39+00:00","article_modified_time":"2023-09-18T10:16:33+00:00","og_image":[{"width":800,"height":450,"url":"https:\/\/coria.org\/ayuntamiento\/wp-content\/uploads\/2022\/01\/Photo45.jpg","type":"image\/jpeg"}],"author":"ayuntamiento","twitter_card":"summary_large_image","twitter_creator":"@Ayto_de_Coria","twitter_site":"@Ayto_de_Coria","twitter_misc":{"Escrito por":"ayuntamiento","Tiempo de lectura":"2 minutos"},"schema":{"@context":"https:\/\/schema.org","@graph":[{"@type":"Article","@id":"https:\/\/coria.org\/ayuntamiento\/index.php\/2022\/01\/04\/la-ciudad-de-coria-volvio-a-acoger-su-tradicional-san-silvestre-navidena\/#article","isPartOf":{"@id":"https:\/\/coria.org\/ayuntamiento\/index.php\/2022\/01\/04\/la-ciudad-de-coria-volvio-a-acoger-su-tradicional-san-silvestre-navidena\/"},"author":{"name":"ayuntamiento","@id":"https:\/\/coria.org\/ayuntamiento\/#\/schema\/person\/8bd589f0e13e8ae5aa06def7a599d622"},"headline":"La Ciudad de Coria volvi\u00f3 a acoger su tradicional San Silvestre Navide\u00f1a","datePublished":"2022-01-04T13:49:39+00:00","dateModified":"2023-09-18T10:16:33+00:00","mainEntityOfPage":{"@id":"https:\/\/coria.org\/ayuntamiento\/index.php\/2022\/01\/04\/la-ciudad-de-coria-volvio-a-acoger-su-tradicional-san-silvestre-navidena\/"},"wordCount":435,"publisher":{"@id":"https:\/\/coria.org\/ayuntamiento\/#organization"},"image":{"@id":"https:\/\/coria.org\/ayuntamiento\/index.php\/2022\/01\/04\/la-ciudad-de-coria-volvio-a-acoger-su-tradicional-san-silvestre-navidena\/#primaryimage"},"thumbnailUrl":"https:\/\/coria.org\/ayuntamiento\/wp-content\/uploads\/2022\/01\/Photo45.jpg","keywords":["coria","extremadura","san silvestre"],"articleSection":["Noticias"],"inLanguage":"es"},{"@type":"WebPage","@id":"https:\/\/coria.org\/ayuntamiento\/index.php\/2022\/01\/04\/la-ciudad-de-coria-volvio-a-acoger-su-tradicional-san-silvestre-navidena\/","url":"https:\/\/coria.org\/ayuntamiento\/index.php\/2022\/01\/04\/la-ciudad-de-coria-volvio-a-acoger-su-tradicional-san-silvestre-navidena\/","name":"La Ciudad de Coria volvi\u00f3 a acoger su tradicional San Silvestre Navide\u00f1a - Ayuntamiento de Coria","isPartOf":{"@id":"https:\/\/coria.org\/ayuntamiento\/#website"},"primaryImageOfPage":{"@id":"https:\/\/coria.org\/ayuntamiento\/index.php\/2022\/01\/04\/la-ciudad-de-coria-volvio-a-acoger-su-tradicional-san-silvestre-navidena\/#primaryimage"},"image":{"@id":"https:\/\/coria.org\/ayuntamiento\/index.php\/2022\/01\/04\/la-ciudad-de-coria-volvio-a-acoger-su-tradicional-san-silvestre-navidena\/#primaryimage"},"thumbnailUrl":"https:\/\/coria.org\/ayuntamiento\/wp-content\/uploads\/2022\/01\/Photo45.jpg","datePublished":"2022-01-04T13:49:39+00:00","dateModified":"2023-09-18T10:16:33+00:00","breadcrumb":{"@id":"https:\/\/coria.org\/ayuntamiento\/index.php\/2022\/01\/04\/la-ciudad-de-coria-volvio-a-acoger-su-tradicional-san-silvestre-navidena\/#breadcrumb"},"inLanguage":"es","potentialAction":[{"@type":"ReadAction","target":["https:\/\/coria.org\/ayuntamiento\/index.php\/2022\/01\/04\/la-ciudad-de-coria-volvio-a-acoger-su-tradicional-san-silvestre-navidena\/"]}]},{"@type":"ImageObject","inLanguage":"es","@id":"https:\/\/coria.org\/ayuntamiento\/index.php\/2022\/01\/04\/la-ciudad-de-coria-volvio-a-acoger-su-tradicional-san-silvestre-navidena\/#primaryimage","url":"https:\/\/coria.org\/ayuntamiento\/wp-content\/uploads\/2022\/01\/Photo45.jpg","contentUrl":"https:\/\/coria.org\/ayuntamiento\/wp-content\/uploads\/2022\/01\/Photo45.jpg","width":800,"height":450},{"@type":"BreadcrumbList","@id":"https:\/\/coria.org\/ayuntamiento\/index.php\/2022\/01\/04\/la-ciudad-de-coria-volvio-a-acoger-su-tradicional-san-silvestre-navidena\/#breadcrumb","itemListElement":[{"@type":"ListItem","position":1,"name":"Inicio","item":"https:\/\/coria.org\/ayuntamiento\/"},{"@type":"ListItem","position":2,"name":"La Ciudad de Coria volvi\u00f3 a acoger su tradicional San Silvestre Navide\u00f1a"}]},{"@type":"WebSite","@id":"https:\/\/coria.org\/ayuntamiento\/#website","url":"https:\/\/coria.org\/ayuntamiento\/","name":"Ayuntamiento de Coria","description":"Web oficial del Ayuntamiento de Coria","publisher":{"@id":"https:\/\/coria.org\/ayuntamiento\/#organization"},"alternateName":"Web Oficial del Ayuntamiento de Coria","potentialAction":[{"@type":"SearchAction","target":{"@type":"EntryPoint","urlTemplate":"https:\/\/coria.org\/ayuntamiento\/?s={search_term_string}"},"query-input":{"@type":"PropertyValueSpecification","valueRequired":true,"valueName":"search_term_string"}}],"inLanguage":"es"},{"@type":"Organization","@id":"https:\/\/coria.org\/ayuntamiento\/#organization","name":"Ayuntamiento de Coria","alternateName":"Ayto de Coria","url":"https:\/\/coria.org\/ayuntamiento\/","logo":{"@type":"ImageObject","inLanguage":"es","@id":"https:\/\/coria.org\/ayuntamiento\/#\/schema\/logo\/image\/","url":"https:\/\/coria.org\/ayuntamiento\/wp-content\/uploads\/2020\/12\/escudo-ayuntamiento-coria.png","contentUrl":"https:\/\/coria.org\/ayuntamiento\/wp-content\/uploads\/2020\/12\/escudo-ayuntamiento-coria.png","width":511,"height":240,"caption":"Ayuntamiento de Coria"},"image":{"@id":"https:\/\/coria.org\/ayuntamiento\/#\/schema\/logo\/image\/"},"sameAs":["https:\/\/www.facebook.com\/Ayuntamiento.de.Coria","https:\/\/x.com\/Ayto_de_Coria","https:\/\/www.instagram.com\/coria.ayuntamiento\/","https:\/\/www.youtube.com\/user\/AYUNTAMIENTOCORIA"]},{"@type":"Person","@id":"https:\/\/coria.org\/ayuntamiento\/#\/schema\/person\/8bd589f0e13e8ae5aa06def7a599d622","name":"ayuntamiento","image":{"@type":"ImageObject","inLanguage":"es","@id":"https:\/\/secure.gravatar.com\/avatar\/966e5ed73cad334adda5c87f49f2547f7082f7292c1b627cbb548744383b391c?s=96&d=mm&r=g","url":"https:\/\/secure.gravatar.com\/avatar\/966e5ed73cad334adda5c87f49f2547f7082f7292c1b627cbb548744383b391c?s=96&d=mm&r=g","contentUrl":"https:\/\/secure.gravatar.com\/avatar\/966e5ed73cad334adda5c87f49f2547f7082f7292c1b627cbb548744383b391c?s=96&d=mm&r=g","caption":"ayuntamiento"}}]}},"uagb_featured_image_src":{"full":["https:\/\/coria.org\/ayuntamiento\/wp-content\/uploads\/2022\/01\/Photo45.jpg",800,450,false],"thumbnail":["https:\/\/coria.org\/ayuntamiento\/wp-content\/uploads\/2022\/01\/Photo45-150x150.jpg",150,150,true],"medium":["https:\/\/coria.org\/ayuntamiento\/wp-content\/uploads\/2022\/01\/Photo45-300x169.jpg",300,169,true],"medium_large":["https:\/\/coria.org\/ayuntamiento\/wp-content\/uploads\/2022\/01\/Photo45-768x432.jpg",768,432,true],"large":["https:\/\/coria.org\/ayuntamiento\/wp-content\/uploads\/2022\/01\/Photo45.jpg",800,450,false],"thumblist":["https:\/\/coria.org\/ayuntamiento\/wp-content\/uploads\/2022\/01\/Photo45.jpg",300,169,false],"thumbrelated":["https:\/\/coria.org\/ayuntamiento\/wp-content\/uploads\/2022\/01\/Photo45.jpg",500,281,false],"meccarouselthumb":["https:\/\/coria.org\/ayuntamiento\/wp-content\/uploads\/2022\/01\/Photo45.jpg",474,267,false],"gridsquare":["https:\/\/coria.org\/ayuntamiento\/wp-content\/uploads\/2022\/01\/Photo45.jpg",391,220,false],"tileview":["https:\/\/coria.org\/ayuntamiento\/wp-content\/uploads\/2022\/01\/Photo45.jpg",300,169,false],"1536x1536":["https:\/\/coria.org\/ayuntamiento\/wp-content\/uploads\/2022\/01\/Photo45.jpg",800,450,false],"2048x2048":["https:\/\/coria.org\/ayuntamiento\/wp-content\/uploads\/2022\/01\/Photo45.jpg",800,450,false]},"uagb_author_info":{"display_name":"ayuntamiento","author_link":"https:\/\/coria.org\/ayuntamiento\/index.php\/author\/ayuntamiento\/"},"uagb_comment_info":0,"uagb_excerpt":"Despu\u00e9s del par\u00f3n de la edici\u00f3n anterior, y a pesar de la evoluci\u00f3n desfavorable de la pandemia, provocando la suspensi\u00f3n de una gran parte de pruebas a nivel regional, Coria volvi\u00f3 a acoger su tradicional SAN SILVESTRE NAVIDE\u00d1A, que en su edici\u00f3n XXIV reuni\u00f3 a 220 corredores con edades comprendidas entre los 2 y 65&hellip;","_links":{"self":[{"href":"https:\/\/coria.org\/ayuntamiento\/index.php\/wp-json\/wp\/v2\/posts\/1637","targetHints":{"allow":["GET"]}}],"collection":[{"href":"https:\/\/coria.org\/ayuntamiento\/index.php\/wp-json\/wp\/v2\/posts"}],"about":[{"href":"https:\/\/coria.org\/ayuntamiento\/index.php\/wp-json\/wp\/v2\/types\/post"}],"author":[{"embeddable":true,"href":"https:\/\/coria.org\/ayuntamiento\/index.php\/wp-json\/wp\/v2\/users\/2"}],"replies":[{"embeddable":true,"href":"https:\/\/coria.org\/ayuntamiento\/index.php\/wp-json\/wp\/v2\/comments?post=1637"}],"version-history":[{"count":0,"href":"https:\/\/coria.org\/ayuntamiento\/index.php\/wp-json\/wp\/v2\/posts\/1637\/revisions"}],"wp:featuredmedia":[{"embeddable":true,"href":"https:\/\/coria.org\/ayuntamiento\/index.php\/wp-json\/wp\/v2\/media\/1638"}],"wp:attachment":[{"href":"https:\/\/coria.org\/ayuntamiento\/index.php\/wp-json\/wp\/v2\/media?parent=1637"}],"wp:term":[{"taxonomy":"category","embeddable":true,"href":"https:\/\/coria.org\/ayuntamiento\/index.php\/wp-json\/wp\/v2\/categories?post=1637"},{"taxonomy":"post_tag","embeddable":true,"href":"https:\/\/coria.org\/ayuntamiento\/index.php\/wp-json\/wp\/v2\/tags?post=1637"}],"curies":[{"name":"wp","href":"https:\/\/api.w.org\/{rel}","templated":true}]}}